{"id":33377,"date":"2017-07-04T10:07:20","date_gmt":"2017-07-04T14:07:20","guid":{"rendered":"http:\/\/uqactualite.odev.ca\/?p=33377"},"modified":"2017-07-04T10:07:20","modified_gmt":"2017-07-04T14:07:20","slug":"nikanite-presente-la-troisieme-edition-du-colloque-sur-la-perseverance-et-la-reussite-scolaires-chez-les-premiers-peuples","status":"publish","type":"post","link":"https:\/\/www.uqac.ca\/uqactualites\/2017\/07\/04\/nikanite-presente-la-troisieme-edition-du-colloque-sur-la-perseverance-et-la-reussite-scolaires-chez-les-premiers-peuples\/","title":{"rendered":"Nikanite pr\u00e9sente la troisi\u00e8me \u00e9dition du Colloque sur la pers\u00e9v\u00e9rance et la r\u00e9ussite scolaires chez les Premiers Peuples"},"content":{"rendered":"<p>Le Centre des Premi\u00e8res Nations Nikanite de l\u2019UQAC en collaboration avec le minist\u00e8re de l\u2019\u00c9ducation et de l\u2019Enseignement sup\u00e9rieur, le Secr\u00e9tariat aux affaires autochtones, Rio Tinto, Affaires autochtones et du Nord Canada de m\u00eame que la commission scolaire des Rives-du-Saguenay vous invitent \u00e0 participer \u00e0 la 3<sup>e<\/sup> \u00e9dition du Colloque sur la pers\u00e9v\u00e9rance et la r\u00e9ussite scolaires chez les Premiers Peuples, qui se d\u00e9roulera du 10 au 12 octobre 2017 au Hilton Qu\u00e9bec.<\/p>\n<p>Misant sur le th\u00e8me <em>Ensemble pour r\u00e9unir, ensemble pour r\u00e9ussir<\/em>, les comit\u00e9s organisateur et scientifique tiennent \u00e0 favoriser la rencontre entre Autochtones et non-Autochtones, de fa\u00e7on \u00e0 ce que la pr\u00e9vention, la mobilisation et le travail en \u00e9quipe soient au c\u0153ur des pr\u00e9occupations et \u00e0 ce que tous se sentent concern\u00e9s par la pers\u00e9v\u00e9rance et la r\u00e9ussite scolaires des Premiers Peuples. Les comit\u00e9s ont aussi voulu centrer la programmation du colloque sur la pratique afin de r\u00e9pondre aux besoins r\u00e9els exprim\u00e9s par des intervenants, des enseignants et des acteurs du milieu de l\u2019\u00e9ducation dont l\u2019enseignement aupr\u00e8s des Premiers Peuples est un enjeu crucial.<\/p>\n<p>La troisi\u00e8me \u00e9dition du Colloque sur la pers\u00e9v\u00e9rance et la r\u00e9ussite scolaires chez les Premiers Peuples, c\u2019est plus de 70 ateliers, en fran\u00e7ais et en anglais, des grandes conf\u00e9rences et des tables rondes, bref une programmation riche, diversifi\u00e9e et interactive; c\u2019est aussi une soir\u00e9e banquet pour souligner la pers\u00e9v\u00e9rance et la r\u00e9ussite scolaires chez les Premiers Peuples.<\/p>\n<p>Pour consulter la programmation ou pour vous inscrire, visitez notre site web \u00e0 l\u2019adresse suivante\u00a0: <a href=\"http:\/\/colloques.uqac.ca\/prscpp\/\">http:\/\/colloques.uqac.ca\/prscpp\/<\/a>. Enfin, pour \u00eatre au fait des derniers d\u00e9veloppements, n\u2019h\u00e9sitez pas \u00e0 aimer notre page Facebook (<a href=\"https:\/\/www.facebook.com\/Colloquenikanite\/\">https:\/\/www.facebook.com\/Colloquenikanite\/<\/a>).<\/p>\n<p>&nbsp;<\/p>\n<p><strong>Renseignements\u00a0:<br \/>\n<\/strong>Nathalie Carter, agente d\u2019information<br \/>\nCentre des Premi\u00e8res Nations Nikanite<br \/>\nUniversit\u00e9 du Qu\u00e9bec \u00e0 Chicoutimi<br \/>\n418\u00a0545-5011, poste 2324 &#8211; <a href=\"mailto:nathalie1_carter@uqac.ca\">nathalie1_carter@uqac.ca<\/a><\/p>\n","protected":false},"excerpt":{"rendered":"<p>Le Centre des Premi\u00e8res Nations Nikanite de l\u2019UQAC en collaboration avec le minist\u00e8re de l\u2019\u00c9ducation et de l\u2019Enseignement sup\u00e9rieur, le Secr\u00e9tariat aux affaires autochtones, Rio Tinto, Affaires autochtones et du Nord Canada de m\u00eame que la commission scolaire des Rives-du-Saguenay vous invitent \u00e0 participer \u00e0 la 3e \u00e9dition du Colloque sur la pers\u00e9v\u00e9rance et la [&hellip;]<\/p>\n","protected":false},"author":5,"featured_media":33387,"comment_status":"open","ping_status":"open","sticky":false,"template":"","format":"standard","meta":{"footnotes":""},"categories":[2,61],"tags":[],"yoast_head":"<!-- This site is optimized with the Yoast SEO plugin v24.2 - https:\/\/yoast.com\/wordpress\/plugins\/seo\/ -->\r\n<title>Nikanite pr\u00e9sente la troisi\u00e8me \u00e9dition du Colloque sur la pers\u00e9v\u00e9rance et la r\u00e9ussite scolaires chez les Premiers Peuples - UQACtualit\u00e9s<\/title>\r\n<meta name=\"robots\" content=\"index, follow, max-snippet:-1, max-image-preview:large, max-video-preview:-1\" \/>\r\n<link rel=\"canonical\" href=\"https:\/\/www.uqac.ca\/uqactualites\/2017\/07\/04\/nikanite-presente-la-troisieme-edition-du-colloque-sur-la-perseverance-et-la-reussite-scolaires-chez-les-premiers-peuples\/\" \/>\r\n<meta property=\"og:locale\" content=\"fr_CA\" \/>\r\n<meta property=\"og:type\" content=\"article\" \/>\r\n<meta property=\"og:title\" content=\"Nikanite pr\u00e9sente la troisi\u00e8me \u00e9dition du Colloque sur la pers\u00e9v\u00e9rance et la r\u00e9ussite scolaires chez les Premiers Peuples - UQACtualit\u00e9s\" \/>\r\n<meta property=\"og:description\" content=\"Le Centre des Premi\u00e8res Nations Nikanite de l\u2019UQAC en collaboration avec le minist\u00e8re de l\u2019\u00c9ducation et de l\u2019Enseignement sup\u00e9rieur, le Secr\u00e9tariat aux affaires autochtones, Rio Tinto, Affaires autochtones et du Nord Canada de m\u00eame que la commission scolaire des Rives-du-Saguenay vous invitent \u00e0 participer \u00e0 la 3e \u00e9dition du Colloque sur la pers\u00e9v\u00e9rance et la [&hellip;]\" \/>\r\n<meta property=\"og:url\" content=\"https:\/\/www.uqac.ca\/uqactualites\/2017\/07\/04\/nikanite-presente-la-troisieme-edition-du-colloque-sur-la-perseverance-et-la-reussite-scolaires-chez-les-premiers-peuples\/\" \/>\r\n<meta property=\"og:site_name\" content=\"UQACtualit\u00e9s\" \/>\r\n<meta property=\"article:published_time\" content=\"2017-07-04T14:07:20+00:00\" \/>\r\n<meta property=\"og:image\" content=\"https:\/\/www.uqac.ca\/uqactualites\/wp-content\/uploads\/2017\/07\/colloque_nikanite.jpg\" \/>\r\n\t<meta property=\"og:image:width\" content=\"1152\" \/>\r\n\t<meta property=\"og:image:height\" content=\"556\" \/>\r\n\t<meta property=\"og:image:type\" content=\"image\/jpeg\" \/>\r\n<meta name=\"author\" content=\"Service des communications et des relations publiques\" \/>\r\n<meta name=\"twitter:card\" content=\"summary_large_image\" \/>\r\n<meta name=\"twitter:label1\" content=\"\u00c9crit par\" \/>\n\t<meta name=\"twitter:data1\" content=\"Service des communications et des relations publiques\" \/>\n\t<meta name=\"twitter:label2\" content=\"Estimation du temps de lecture\" \/>\n\t<meta name=\"twitter:data2\" content=\"2 minutes\" \/>\r\n<script type=\"application\/ld+json\" class=\"yoast-schema-graph\">{\"@context\":\"https:\/\/schema.org\",\"@graph\":[{\"@type\":\"WebPage\",\"@id\":\"https:\/\/www.uqac.ca\/uqactualites\/2017\/07\/04\/nikanite-presente-la-troisieme-edition-du-colloque-sur-la-perseverance-et-la-reussite-scolaires-chez-les-premiers-peuples\/\",\"url\":\"https:\/\/www.uqac.ca\/uqactualites\/2017\/07\/04\/nikanite-presente-la-troisieme-edition-du-colloque-sur-la-perseverance-et-la-reussite-scolaires-chez-les-premiers-peuples\/\",\"name\":\"Nikanite pr\u00e9sente la troisi\u00e8me \u00e9dition du Colloque sur la pers\u00e9v\u00e9rance et la r\u00e9ussite scolaires chez les Premiers Peuples - UQACtualit\u00e9s\",\"isPartOf\":{\"@id\":\"https:\/\/www.uqac.ca\/uqactualites\/#website\"},\"primaryImageOfPage\":{\"@id\":\"https:\/\/www.uqac.ca\/uqactualites\/2017\/07\/04\/nikanite-presente-la-troisieme-edition-du-colloque-sur-la-perseverance-et-la-reussite-scolaires-chez-les-premiers-peuples\/#primaryimage\"},\"image\":{\"@id\":\"https:\/\/www.uqac.ca\/uqactualites\/2017\/07\/04\/nikanite-presente-la-troisieme-edition-du-colloque-sur-la-perseverance-et-la-reussite-scolaires-chez-les-premiers-peuples\/#primaryimage\"},\"thumbnailUrl\":\"https:\/\/www.uqac.ca\/uqactualites\/wp-content\/uploads\/2017\/07\/colloque_nikanite.jpg\",\"datePublished\":\"2017-07-04T14:07:20+00:00\",\"dateModified\":\"2017-07-04T14:07:20+00:00\",\"author\":{\"@id\":\"https:\/\/www.uqac.ca\/uqactualites\/#\/schema\/person\/366c45a0c4f0e677b41b4af5886e2018\"},\"breadcrumb\":{\"@id\":\"https:\/\/www.uqac.ca\/uqactualites\/2017\/07\/04\/nikanite-presente-la-troisieme-edition-du-colloque-sur-la-perseverance-et-la-reussite-scolaires-chez-les-premiers-peuples\/#breadcrumb\"},\"inLanguage\":\"fr-CA\",\"potentialAction\":[{\"@type\":\"ReadAction\",\"target\":[\"https:\/\/www.uqac.ca\/uqactualites\/2017\/07\/04\/nikanite-presente-la-troisieme-edition-du-colloque-sur-la-perseverance-et-la-reussite-scolaires-chez-les-premiers-peuples\/\"]}]},{\"@type\":\"ImageObject\",\"inLanguage\":\"fr-CA\",\"@id\":\"https:\/\/www.uqac.ca\/uqactualites\/2017\/07\/04\/nikanite-presente-la-troisieme-edition-du-colloque-sur-la-perseverance-et-la-reussite-scolaires-chez-les-premiers-peuples\/#primaryimage\",\"url\":\"https:\/\/www.uqac.ca\/uqactualites\/wp-content\/uploads\/2017\/07\/colloque_nikanite.jpg\",\"contentUrl\":\"https:\/\/www.uqac.ca\/uqactualites\/wp-content\/uploads\/2017\/07\/colloque_nikanite.jpg\",\"width\":1152,\"height\":556},{\"@type\":\"BreadcrumbList\",\"@id\":\"https:\/\/www.uqac.ca\/uqactualites\/2017\/07\/04\/nikanite-presente-la-troisieme-edition-du-colloque-sur-la-perseverance-et-la-reussite-scolaires-chez-les-premiers-peuples\/#breadcrumb\",\"itemListElement\":[{\"@type\":\"ListItem\",\"position\":1,\"name\":\"Home\",\"item\":\"https:\/\/www.uqac.ca\/uqactualites\/\"},{\"@type\":\"ListItem\",\"position\":2,\"name\":\"Nikanite pr\u00e9sente la troisi\u00e8me \u00e9dition du Colloque sur la pers\u00e9v\u00e9rance et la r\u00e9ussite scolaires chez les Premiers Peuples\"}]},{\"@type\":\"WebSite\",\"@id\":\"https:\/\/www.uqac.ca\/uqactualites\/#website\",\"url\":\"https:\/\/www.uqac.ca\/uqactualites\/\",\"name\":\"UQACtualit\u00e9s\",\"description\":\"Le portail des nouvelles de l&#039;UQAC\",\"potentialAction\":[{\"@type\":\"SearchAction\",\"target\":{\"@type\":\"EntryPoint\",\"urlTemplate\":\"https:\/\/www.uqac.ca\/uqactualites\/?s={search_term_string}\"},\"query-input\":{\"@type\":\"PropertyValueSpecification\",\"valueRequired\":true,\"valueName\":\"search_term_string\"}}],\"inLanguage\":\"fr-CA\"},{\"@type\":\"Person\",\"@id\":\"https:\/\/www.uqac.ca\/uqactualites\/#\/schema\/person\/366c45a0c4f0e677b41b4af5886e2018\",\"name\":\"Service des communications et des relations publiques\",\"image\":{\"@type\":\"ImageObject\",\"inLanguage\":\"fr-CA\",\"@id\":\"https:\/\/www.uqac.ca\/uqactualites\/#\/schema\/person\/image\/\",\"url\":\"https:\/\/secure.gravatar.com\/avatar\/20fbbda8a292f59f2d3461a5b999c00b?s=96&d=mm&r=g\",\"contentUrl\":\"https:\/\/secure.gravatar.com\/avatar\/20fbbda8a292f59f2d3461a5b999c00b?s=96&d=mm&r=g\",\"caption\":\"Service des communications et des relations publiques\"},\"url\":\"https:\/\/www.uqac.ca\/uqactualites\/author\/bap\/\"}]}<\/script>\r\n<!-- \/ Yoast SEO plugin. -->","yoast_head_json":{"title":"Nikanite pr\u00e9sente la troisi\u00e8me \u00e9dition du Colloque sur la pers\u00e9v\u00e9rance et la r\u00e9ussite scolaires chez les Premiers Peuples - UQACtualit\u00e9s","robots":{"index":"index","follow":"follow","max-snippet":"max-snippet:-1","max-image-preview":"max-image-preview:large","max-video-preview":"max-video-preview:-1"},"canonical":"https:\/\/www.uqac.ca\/uqactualites\/2017\/07\/04\/nikanite-presente-la-troisieme-edition-du-colloque-sur-la-perseverance-et-la-reussite-scolaires-chez-les-premiers-peuples\/","og_locale":"fr_CA","og_type":"article","og_title":"Nikanite pr\u00e9sente la troisi\u00e8me \u00e9dition du Colloque sur la pers\u00e9v\u00e9rance et la r\u00e9ussite scolaires chez les Premiers Peuples - UQACtualit\u00e9s","og_description":"Le Centre des Premi\u00e8res Nations Nikanite de l\u2019UQAC en collaboration avec le minist\u00e8re de l\u2019\u00c9ducation et de l\u2019Enseignement sup\u00e9rieur, le Secr\u00e9tariat aux affaires autochtones, Rio Tinto, Affaires autochtones et du Nord Canada de m\u00eame que la commission scolaire des Rives-du-Saguenay vous invitent \u00e0 participer \u00e0 la 3e \u00e9dition du Colloque sur la pers\u00e9v\u00e9rance et la [&hellip;]","og_url":"https:\/\/www.uqac.ca\/uqactualites\/2017\/07\/04\/nikanite-presente-la-troisieme-edition-du-colloque-sur-la-perseverance-et-la-reussite-scolaires-chez-les-premiers-peuples\/","og_site_name":"UQACtualit\u00e9s","article_published_time":"2017-07-04T14:07:20+00:00","og_image":[{"width":1152,"height":556,"url":"https:\/\/www.uqac.ca\/uqactualites\/wp-content\/uploads\/2017\/07\/colloque_nikanite.jpg","type":"image\/jpeg"}],"author":"Service des communications et des relations publiques","twitter_card":"summary_large_image","twitter_misc":{"\u00c9crit par":"Service des communications et des relations publiques","Estimation du temps de lecture":"2 minutes"},"schema":{"@context":"https:\/\/schema.org","@graph":[{"@type":"WebPage","@id":"https:\/\/www.uqac.ca\/uqactualites\/2017\/07\/04\/nikanite-presente-la-troisieme-edition-du-colloque-sur-la-perseverance-et-la-reussite-scolaires-chez-les-premiers-peuples\/","url":"https:\/\/www.uqac.ca\/uqactualites\/2017\/07\/04\/nikanite-presente-la-troisieme-edition-du-colloque-sur-la-perseverance-et-la-reussite-scolaires-chez-les-premiers-peuples\/","name":"Nikanite pr\u00e9sente la troisi\u00e8me \u00e9dition du Colloque sur la pers\u00e9v\u00e9rance et la r\u00e9ussite scolaires chez les Premiers Peuples - UQACtualit\u00e9s","isPartOf":{"@id":"https:\/\/www.uqac.ca\/uqactualites\/#website"},"primaryImageOfPage":{"@id":"https:\/\/www.uqac.ca\/uqactualites\/2017\/07\/04\/nikanite-presente-la-troisieme-edition-du-colloque-sur-la-perseverance-et-la-reussite-scolaires-chez-les-premiers-peuples\/#primaryimage"},"image":{"@id":"https:\/\/www.uqac.ca\/uqactualites\/2017\/07\/04\/nikanite-presente-la-troisieme-edition-du-colloque-sur-la-perseverance-et-la-reussite-scolaires-chez-les-premiers-peuples\/#primaryimage"},"thumbnailUrl":"https:\/\/www.uqac.ca\/uqactualites\/wp-content\/uploads\/2017\/07\/colloque_nikanite.jpg","datePublished":"2017-07-04T14:07:20+00:00","dateModified":"2017-07-04T14:07:20+00:00","author":{"@id":"https:\/\/www.uqac.ca\/uqactualites\/#\/schema\/person\/366c45a0c4f0e677b41b4af5886e2018"},"breadcrumb":{"@id":"https:\/\/www.uqac.ca\/uqactualites\/2017\/07\/04\/nikanite-presente-la-troisieme-edition-du-colloque-sur-la-perseverance-et-la-reussite-scolaires-chez-les-premiers-peuples\/#breadcrumb"},"inLanguage":"fr-CA","potentialAction":[{"@type":"ReadAction","target":["https:\/\/www.uqac.ca\/uqactualites\/2017\/07\/04\/nikanite-presente-la-troisieme-edition-du-colloque-sur-la-perseverance-et-la-reussite-scolaires-chez-les-premiers-peuples\/"]}]},{"@type":"ImageObject","inLanguage":"fr-CA","@id":"https:\/\/www.uqac.ca\/uqactualites\/2017\/07\/04\/nikanite-presente-la-troisieme-edition-du-colloque-sur-la-perseverance-et-la-reussite-scolaires-chez-les-premiers-peuples\/#primaryimage","url":"https:\/\/www.uqac.ca\/uqactualites\/wp-content\/uploads\/2017\/07\/colloque_nikanite.jpg","contentUrl":"https:\/\/www.uqac.ca\/uqactualites\/wp-content\/uploads\/2017\/07\/colloque_nikanite.jpg","width":1152,"height":556},{"@type":"BreadcrumbList","@id":"https:\/\/www.uqac.ca\/uqactualites\/2017\/07\/04\/nikanite-presente-la-troisieme-edition-du-colloque-sur-la-perseverance-et-la-reussite-scolaires-chez-les-premiers-peuples\/#breadcrumb","itemListElement":[{"@type":"ListItem","position":1,"name":"Home","item":"https:\/\/www.uqac.ca\/uqactualites\/"},{"@type":"ListItem","position":2,"name":"Nikanite pr\u00e9sente la troisi\u00e8me \u00e9dition du Colloque sur la pers\u00e9v\u00e9rance et la r\u00e9ussite scolaires chez les Premiers Peuples"}]},{"@type":"WebSite","@id":"https:\/\/www.uqac.ca\/uqactualites\/#website","url":"https:\/\/www.uqac.ca\/uqactualites\/","name":"UQACtualit\u00e9s","description":"Le portail des nouvelles de l&#039;UQAC","potentialAction":[{"@type":"SearchAction","target":{"@type":"EntryPoint","urlTemplate":"https:\/\/www.uqac.ca\/uqactualites\/?s={search_term_string}"},"query-input":{"@type":"PropertyValueSpecification","valueRequired":true,"valueName":"search_term_string"}}],"inLanguage":"fr-CA"},{"@type":"Person","@id":"https:\/\/www.uqac.ca\/uqactualites\/#\/schema\/person\/366c45a0c4f0e677b41b4af5886e2018","name":"Service des communications et des relations publiques","image":{"@type":"ImageObject","inLanguage":"fr-CA","@id":"https:\/\/www.uqac.ca\/uqactualites\/#\/schema\/person\/image\/","url":"https:\/\/secure.gravatar.com\/avatar\/20fbbda8a292f59f2d3461a5b999c00b?s=96&d=mm&r=g","contentUrl":"https:\/\/secure.gravatar.com\/avatar\/20fbbda8a292f59f2d3461a5b999c00b?s=96&d=mm&r=g","caption":"Service des communications et des relations publiques"},"url":"https:\/\/www.uqac.ca\/uqactualites\/author\/bap\/"}]}},"_links":{"self":[{"href":"https:\/\/www.uqac.ca\/uqactualites\/wp-json\/wp\/v2\/posts\/33377"}],"collection":[{"href":"https:\/\/www.uqac.ca\/uqactualites\/wp-json\/wp\/v2\/posts"}],"about":[{"href":"https:\/\/www.uqac.ca\/uqactualites\/wp-json\/wp\/v2\/types\/post"}],"author":[{"embeddable":true,"href":"https:\/\/www.uqac.ca\/uqactualites\/wp-json\/wp\/v2\/users\/5"}],"replies":[{"embeddable":true,"href":"https:\/\/www.uqac.ca\/uqactualites\/wp-json\/wp\/v2\/comments?post=33377"}],"version-history":[{"count":0,"href":"https:\/\/www.uqac.ca\/uqactualites\/wp-json\/wp\/v2\/posts\/33377\/revisions"}],"wp:featuredmedia":[{"embeddable":true,"href":"https:\/\/www.uqac.ca\/uqactualites\/wp-json\/wp\/v2\/media\/33387"}],"wp:attachment":[{"href":"https:\/\/www.uqac.ca\/uqactualites\/wp-json\/wp\/v2\/media?parent=33377"}],"wp:term":[{"taxonomy":"category","embeddable":true,"href":"https:\/\/www.uqac.ca\/uqactualites\/wp-json\/wp\/v2\/categories?post=33377"},{"taxonomy":"post_tag","embeddable":true,"href":"https:\/\/www.uqac.ca\/uqactualites\/wp-json\/wp\/v2\/tags?post=33377"}],"curies":[{"name":"wp","href":"https:\/\/api.w.org\/{rel}","templated":true}]}}