{"id":33426,"date":"2017-08-29T08:05:35","date_gmt":"2017-08-29T12:05:35","guid":{"rendered":"http:\/\/uqactualite.odev.ca\/?p=33426"},"modified":"2017-08-29T08:05:35","modified_gmt":"2017-08-29T12:05:35","slug":"des-biologistes-de-luqac-a-la-fete-de-laterriere","status":"publish","type":"post","link":"https:\/\/www.uqac.ca\/uqactualites\/2017\/08\/29\/des-biologistes-de-luqac-a-la-fete-de-laterriere\/","title":{"rendered":"Des biologistes de l\u2019UQAC \u00e0 la f\u00eate de Laterri\u00e8re"},"content":{"rendered":"<p style=\"text-align: justify\">Le samedi 19 ao\u00fbt dernier, des biologistes de l\u2019UQAC ont pr\u00e9sent\u00e9 un kiosque de vulgarisation scientifique \u00e0 l\u2019\u00e9v\u00e9nement <em>En ao\u00fbt on f\u00eate Laterri\u00e8re<\/em>. Alyson Gagnon et Marie-Pier Fournier, \u00e9tudiantes au baccalaur\u00e9at en biologie, et Xavier Plante, \u00e9tudiant \u00e0 la ma\u00eetrise en ressources renouvelables, ont anim\u00e9 le kiosque sous la coordination de Sergio Rossi, professeur au D\u00e9partement des sciences fondamentales.<\/p>\n<p style=\"text-align: justify\">\u00c0 l\u2019aide de carpophores et d\u2019\u00e9chantillons de sol et de racines, les \u00e9tudiants ont expliqu\u00e9 le cycle de vie des champignons, leur fonction et leur importance dans la for\u00eat bor\u00e9ale. L\u2019activit\u00e9 a donn\u00e9 l\u2019occasion aux participants de poser des questions sur le monde des champignons et de regarder au microscope leurs structures v\u00e9g\u00e9tatives et reproductives, comme les hyphes et les spores. Avec la formation des structures sp\u00e9cialis\u00e9es dans les racines, appel\u00e9es mycorhizes, les champignons sont une composante essentielle pour la survie et la croissance des arbres. Les champignons sont \u00e9galement responsables de la d\u00e9composition de la mati\u00e8re organique et des d\u00e9chets, ce qui assure la disponibilit\u00e9 des nutriments pour les autres organismes de l\u2019\u00e9cosyst\u00e8me bor\u00e9al.<\/p>\n<p style=\"text-align: justify\">Gr\u00e2ce \u00e0 la participation des biologistes de l\u2019UQAC, le public a pu d\u00e9couvrir dans une ambiance festive l\u2019univers microscopique insoup\u00e7onn\u00e9 qui se cache sous leurs pieds. F\u00e9licitations!<\/p>\n","protected":false},"excerpt":{"rendered":"<p>Le samedi 19 ao\u00fbt dernier, des biologistes de l\u2019UQAC ont pr\u00e9sent\u00e9 un kiosque de vulgarisation scientifique \u00e0 l\u2019\u00e9v\u00e9nement En ao\u00fbt on f\u00eate Laterri\u00e8re. Alyson Gagnon et Marie-Pier Fournier, \u00e9tudiantes au baccalaur\u00e9at en biologie, et Xavier Plante, \u00e9tudiant \u00e0 la ma\u00eetrise en ressources renouvelables, ont anim\u00e9 le kiosque sous la coordination de Sergio Rossi, professeur au [&hellip;]<\/p>\n","protected":false},"author":5,"featured_media":33427,"comment_status":"open","ping_status":"open","sticky":false,"template":"","format":"standard","meta":{"footnotes":""},"categories":[2],"tags":[],"yoast_head":"<!-- This site is optimized with the Yoast SEO plugin v24.2 - https:\/\/yoast.com\/wordpress\/plugins\/seo\/ -->\r\n<title>Des biologistes de l\u2019UQAC \u00e0 la f\u00eate de Laterri\u00e8re - UQACtualit\u00e9s<\/title>\r\n<meta name=\"robots\" content=\"index, follow, max-snippet:-1, max-image-preview:large, max-video-preview:-1\" \/>\r\n<link rel=\"canonical\" href=\"https:\/\/www.uqac.ca\/uqactualites\/2017\/08\/29\/des-biologistes-de-luqac-a-la-fete-de-laterriere\/\" \/>\r\n<meta property=\"og:locale\" content=\"fr_CA\" \/>\r\n<meta property=\"og:type\" content=\"article\" \/>\r\n<meta property=\"og:title\" content=\"Des biologistes de l\u2019UQAC \u00e0 la f\u00eate de Laterri\u00e8re - UQACtualit\u00e9s\" \/>\r\n<meta property=\"og:description\" content=\"Le samedi 19 ao\u00fbt dernier, des biologistes de l\u2019UQAC ont pr\u00e9sent\u00e9 un kiosque de vulgarisation scientifique \u00e0 l\u2019\u00e9v\u00e9nement En ao\u00fbt on f\u00eate Laterri\u00e8re. Alyson Gagnon et Marie-Pier Fournier, \u00e9tudiantes au baccalaur\u00e9at en biologie, et Xavier Plante, \u00e9tudiant \u00e0 la ma\u00eetrise en ressources renouvelables, ont anim\u00e9 le kiosque sous la coordination de Sergio Rossi, professeur au [&hellip;]\" \/>\r\n<meta property=\"og:url\" content=\"https:\/\/www.uqac.ca\/uqactualites\/2017\/08\/29\/des-biologistes-de-luqac-a-la-fete-de-laterriere\/\" \/>\r\n<meta property=\"og:site_name\" content=\"UQACtualit\u00e9s\" \/>\r\n<meta property=\"article:published_time\" content=\"2017-08-29T12:05:35+00:00\" \/>\r\n<meta property=\"og:image\" content=\"https:\/\/www.uqac.ca\/uqactualites\/wp-content\/uploads\/2017\/08\/Biologistes-Laterri\u00e8re-Web-Gracieuset\u00e9.jpg\" \/>\r\n\t<meta property=\"og:image:width\" content=\"620\" \/>\r\n\t<meta property=\"og:image:height\" content=\"300\" \/>\r\n\t<meta property=\"og:image:type\" content=\"image\/jpeg\" \/>\r\n<meta name=\"author\" content=\"Service des communications et des relations publiques\" \/>\r\n<meta name=\"twitter:card\" content=\"summary_large_image\" \/>\r\n<meta name=\"twitter:label1\" content=\"\u00c9crit par\" \/>\n\t<meta name=\"twitter:data1\" content=\"Service des communications et des relations publiques\" \/>\n\t<meta name=\"twitter:label2\" content=\"Estimation du temps de lecture\" \/>\n\t<meta name=\"twitter:data2\" content=\"1 minute\" \/>\r\n<script type=\"application\/ld+json\" class=\"yoast-schema-graph\">{\"@context\":\"https:\/\/schema.org\",\"@graph\":[{\"@type\":\"WebPage\",\"@id\":\"https:\/\/www.uqac.ca\/uqactualites\/2017\/08\/29\/des-biologistes-de-luqac-a-la-fete-de-laterriere\/\",\"url\":\"https:\/\/www.uqac.ca\/uqactualites\/2017\/08\/29\/des-biologistes-de-luqac-a-la-fete-de-laterriere\/\",\"name\":\"Des biologistes de l\u2019UQAC \u00e0 la f\u00eate de Laterri\u00e8re - UQACtualit\u00e9s\",\"isPartOf\":{\"@id\":\"https:\/\/www.uqac.ca\/uqactualites\/#website\"},\"primaryImageOfPage\":{\"@id\":\"https:\/\/www.uqac.ca\/uqactualites\/2017\/08\/29\/des-biologistes-de-luqac-a-la-fete-de-laterriere\/#primaryimage\"},\"image\":{\"@id\":\"https:\/\/www.uqac.ca\/uqactualites\/2017\/08\/29\/des-biologistes-de-luqac-a-la-fete-de-laterriere\/#primaryimage\"},\"thumbnailUrl\":\"https:\/\/www.uqac.ca\/uqactualites\/wp-content\/uploads\/2017\/08\/Biologistes-Laterri\u00e8re-Web-Gracieuset\u00e9.jpg\",\"datePublished\":\"2017-08-29T12:05:35+00:00\",\"dateModified\":\"2017-08-29T12:05:35+00:00\",\"author\":{\"@id\":\"https:\/\/www.uqac.ca\/uqactualites\/#\/schema\/person\/366c45a0c4f0e677b41b4af5886e2018\"},\"breadcrumb\":{\"@id\":\"https:\/\/www.uqac.ca\/uqactualites\/2017\/08\/29\/des-biologistes-de-luqac-a-la-fete-de-laterriere\/#breadcrumb\"},\"inLanguage\":\"fr-CA\",\"potentialAction\":[{\"@type\":\"ReadAction\",\"target\":[\"https:\/\/www.uqac.ca\/uqactualites\/2017\/08\/29\/des-biologistes-de-luqac-a-la-fete-de-laterriere\/\"]}]},{\"@type\":\"ImageObject\",\"inLanguage\":\"fr-CA\",\"@id\":\"https:\/\/www.uqac.ca\/uqactualites\/2017\/08\/29\/des-biologistes-de-luqac-a-la-fete-de-laterriere\/#primaryimage\",\"url\":\"https:\/\/www.uqac.ca\/uqactualites\/wp-content\/uploads\/2017\/08\/Biologistes-Laterri\u00e8re-Web-Gracieuset\u00e9.jpg\",\"contentUrl\":\"https:\/\/www.uqac.ca\/uqactualites\/wp-content\/uploads\/2017\/08\/Biologistes-Laterri\u00e8re-Web-Gracieuset\u00e9.jpg\",\"width\":620,\"height\":300},{\"@type\":\"BreadcrumbList\",\"@id\":\"https:\/\/www.uqac.ca\/uqactualites\/2017\/08\/29\/des-biologistes-de-luqac-a-la-fete-de-laterriere\/#breadcrumb\",\"itemListElement\":[{\"@type\":\"ListItem\",\"position\":1,\"name\":\"Home\",\"item\":\"https:\/\/www.uqac.ca\/uqactualites\/\"},{\"@type\":\"ListItem\",\"position\":2,\"name\":\"Des biologistes de l\u2019UQAC \u00e0 la f\u00eate de Laterri\u00e8re\"}]},{\"@type\":\"WebSite\",\"@id\":\"https:\/\/www.uqac.ca\/uqactualites\/#website\",\"url\":\"https:\/\/www.uqac.ca\/uqactualites\/\",\"name\":\"UQACtualit\u00e9s\",\"description\":\"Le portail des nouvelles de l&#039;UQAC\",\"potentialAction\":[{\"@type\":\"SearchAction\",\"target\":{\"@type\":\"EntryPoint\",\"urlTemplate\":\"https:\/\/www.uqac.ca\/uqactualites\/?s={search_term_string}\"},\"query-input\":{\"@type\":\"PropertyValueSpecification\",\"valueRequired\":true,\"valueName\":\"search_term_string\"}}],\"inLanguage\":\"fr-CA\"},{\"@type\":\"Person\",\"@id\":\"https:\/\/www.uqac.ca\/uqactualites\/#\/schema\/person\/366c45a0c4f0e677b41b4af5886e2018\",\"name\":\"Service des communications et des relations publiques\",\"image\":{\"@type\":\"ImageObject\",\"inLanguage\":\"fr-CA\",\"@id\":\"https:\/\/www.uqac.ca\/uqactualites\/#\/schema\/person\/image\/\",\"url\":\"https:\/\/secure.gravatar.com\/avatar\/20fbbda8a292f59f2d3461a5b999c00b?s=96&d=mm&r=g\",\"contentUrl\":\"https:\/\/secure.gravatar.com\/avatar\/20fbbda8a292f59f2d3461a5b999c00b?s=96&d=mm&r=g\",\"caption\":\"Service des communications et des relations publiques\"},\"url\":\"https:\/\/www.uqac.ca\/uqactualites\/author\/bap\/\"}]}<\/script>\r\n<!-- \/ Yoast SEO plugin. -->","yoast_head_json":{"title":"Des biologistes de l\u2019UQAC \u00e0 la f\u00eate de Laterri\u00e8re - UQACtualit\u00e9s","robots":{"index":"index","follow":"follow","max-snippet":"max-snippet:-1","max-image-preview":"max-image-preview:large","max-video-preview":"max-video-preview:-1"},"canonical":"https:\/\/www.uqac.ca\/uqactualites\/2017\/08\/29\/des-biologistes-de-luqac-a-la-fete-de-laterriere\/","og_locale":"fr_CA","og_type":"article","og_title":"Des biologistes de l\u2019UQAC \u00e0 la f\u00eate de Laterri\u00e8re - UQACtualit\u00e9s","og_description":"Le samedi 19 ao\u00fbt dernier, des biologistes de l\u2019UQAC ont pr\u00e9sent\u00e9 un kiosque de vulgarisation scientifique \u00e0 l\u2019\u00e9v\u00e9nement En ao\u00fbt on f\u00eate Laterri\u00e8re. Alyson Gagnon et Marie-Pier Fournier, \u00e9tudiantes au baccalaur\u00e9at en biologie, et Xavier Plante, \u00e9tudiant \u00e0 la ma\u00eetrise en ressources renouvelables, ont anim\u00e9 le kiosque sous la coordination de Sergio Rossi, professeur au [&hellip;]","og_url":"https:\/\/www.uqac.ca\/uqactualites\/2017\/08\/29\/des-biologistes-de-luqac-a-la-fete-de-laterriere\/","og_site_name":"UQACtualit\u00e9s","article_published_time":"2017-08-29T12:05:35+00:00","og_image":[{"width":620,"height":300,"url":"https:\/\/www.uqac.ca\/uqactualites\/wp-content\/uploads\/2017\/08\/Biologistes-Laterri\u00e8re-Web-Gracieuset\u00e9.jpg","type":"image\/jpeg"}],"author":"Service des communications et des relations publiques","twitter_card":"summary_large_image","twitter_misc":{"\u00c9crit par":"Service des communications et des relations publiques","Estimation du temps de lecture":"1 minute"},"schema":{"@context":"https:\/\/schema.org","@graph":[{"@type":"WebPage","@id":"https:\/\/www.uqac.ca\/uqactualites\/2017\/08\/29\/des-biologistes-de-luqac-a-la-fete-de-laterriere\/","url":"https:\/\/www.uqac.ca\/uqactualites\/2017\/08\/29\/des-biologistes-de-luqac-a-la-fete-de-laterriere\/","name":"Des biologistes de l\u2019UQAC \u00e0 la f\u00eate de Laterri\u00e8re - UQACtualit\u00e9s","isPartOf":{"@id":"https:\/\/www.uqac.ca\/uqactualites\/#website"},"primaryImageOfPage":{"@id":"https:\/\/www.uqac.ca\/uqactualites\/2017\/08\/29\/des-biologistes-de-luqac-a-la-fete-de-laterriere\/#primaryimage"},"image":{"@id":"https:\/\/www.uqac.ca\/uqactualites\/2017\/08\/29\/des-biologistes-de-luqac-a-la-fete-de-laterriere\/#primaryimage"},"thumbnailUrl":"https:\/\/www.uqac.ca\/uqactualites\/wp-content\/uploads\/2017\/08\/Biologistes-Laterri\u00e8re-Web-Gracieuset\u00e9.jpg","datePublished":"2017-08-29T12:05:35+00:00","dateModified":"2017-08-29T12:05:35+00:00","author":{"@id":"https:\/\/www.uqac.ca\/uqactualites\/#\/schema\/person\/366c45a0c4f0e677b41b4af5886e2018"},"breadcrumb":{"@id":"https:\/\/www.uqac.ca\/uqactualites\/2017\/08\/29\/des-biologistes-de-luqac-a-la-fete-de-laterriere\/#breadcrumb"},"inLanguage":"fr-CA","potentialAction":[{"@type":"ReadAction","target":["https:\/\/www.uqac.ca\/uqactualites\/2017\/08\/29\/des-biologistes-de-luqac-a-la-fete-de-laterriere\/"]}]},{"@type":"ImageObject","inLanguage":"fr-CA","@id":"https:\/\/www.uqac.ca\/uqactualites\/2017\/08\/29\/des-biologistes-de-luqac-a-la-fete-de-laterriere\/#primaryimage","url":"https:\/\/www.uqac.ca\/uqactualites\/wp-content\/uploads\/2017\/08\/Biologistes-Laterri\u00e8re-Web-Gracieuset\u00e9.jpg","contentUrl":"https:\/\/www.uqac.ca\/uqactualites\/wp-content\/uploads\/2017\/08\/Biologistes-Laterri\u00e8re-Web-Gracieuset\u00e9.jpg","width":620,"height":300},{"@type":"BreadcrumbList","@id":"https:\/\/www.uqac.ca\/uqactualites\/2017\/08\/29\/des-biologistes-de-luqac-a-la-fete-de-laterriere\/#breadcrumb","itemListElement":[{"@type":"ListItem","position":1,"name":"Home","item":"https:\/\/www.uqac.ca\/uqactualites\/"},{"@type":"ListItem","position":2,"name":"Des biologistes de l\u2019UQAC \u00e0 la f\u00eate de Laterri\u00e8re"}]},{"@type":"WebSite","@id":"https:\/\/www.uqac.ca\/uqactualites\/#website","url":"https:\/\/www.uqac.ca\/uqactualites\/","name":"UQACtualit\u00e9s","description":"Le portail des nouvelles de l&#039;UQAC","potentialAction":[{"@type":"SearchAction","target":{"@type":"EntryPoint","urlTemplate":"https:\/\/www.uqac.ca\/uqactualites\/?s={search_term_string}"},"query-input":{"@type":"PropertyValueSpecification","valueRequired":true,"valueName":"search_term_string"}}],"inLanguage":"fr-CA"},{"@type":"Person","@id":"https:\/\/www.uqac.ca\/uqactualites\/#\/schema\/person\/366c45a0c4f0e677b41b4af5886e2018","name":"Service des communications et des relations publiques","image":{"@type":"ImageObject","inLanguage":"fr-CA","@id":"https:\/\/www.uqac.ca\/uqactualites\/#\/schema\/person\/image\/","url":"https:\/\/secure.gravatar.com\/avatar\/20fbbda8a292f59f2d3461a5b999c00b?s=96&d=mm&r=g","contentUrl":"https:\/\/secure.gravatar.com\/avatar\/20fbbda8a292f59f2d3461a5b999c00b?s=96&d=mm&r=g","caption":"Service des communications et des relations publiques"},"url":"https:\/\/www.uqac.ca\/uqactualites\/author\/bap\/"}]}},"_links":{"self":[{"href":"https:\/\/www.uqac.ca\/uqactualites\/wp-json\/wp\/v2\/posts\/33426"}],"collection":[{"href":"https:\/\/www.uqac.ca\/uqactualites\/wp-json\/wp\/v2\/posts"}],"about":[{"href":"https:\/\/www.uqac.ca\/uqactualites\/wp-json\/wp\/v2\/types\/post"}],"author":[{"embeddable":true,"href":"https:\/\/www.uqac.ca\/uqactualites\/wp-json\/wp\/v2\/users\/5"}],"replies":[{"embeddable":true,"href":"https:\/\/www.uqac.ca\/uqactualites\/wp-json\/wp\/v2\/comments?post=33426"}],"version-history":[{"count":0,"href":"https:\/\/www.uqac.ca\/uqactualites\/wp-json\/wp\/v2\/posts\/33426\/revisions"}],"wp:featuredmedia":[{"embeddable":true,"href":"https:\/\/www.uqac.ca\/uqactualites\/wp-json\/wp\/v2\/media\/33427"}],"wp:attachment":[{"href":"https:\/\/www.uqac.ca\/uqactualites\/wp-json\/wp\/v2\/media?parent=33426"}],"wp:term":[{"taxonomy":"category","embeddable":true,"href":"https:\/\/www.uqac.ca\/uqactualites\/wp-json\/wp\/v2\/categories?post=33426"},{"taxonomy":"post_tag","embeddable":true,"href":"https:\/\/www.uqac.ca\/uqactualites\/wp-json\/wp\/v2\/tags?post=33426"}],"curies":[{"name":"wp","href":"https:\/\/api.w.org\/{rel}","templated":true}]}}