{"id":33477,"date":"2017-09-13T14:26:19","date_gmt":"2017-09-13T18:26:19","guid":{"rendered":"http:\/\/uqactualite.odev.ca\/?p=33477"},"modified":"2017-09-13T14:26:19","modified_gmt":"2017-09-13T18:26:19","slug":"louis-dussault-nomme-au-cercle-dexcellence-de-luniversite-du-quebec","status":"publish","type":"post","link":"https:\/\/www.uqac.ca\/uqactualites\/2017\/09\/13\/louis-dussault-nomme-au-cercle-dexcellence-de-luniversite-du-quebec\/","title":{"rendered":"Louis Dussault nomm\u00e9 au Cercle d\u2019excellence de l\u2019Universit\u00e9 du Qu\u00e9bec"},"content":{"rendered":"<p style=\"text-align: justify\">L&rsquo;UQAC\u00a0est fi\u00e8re de souligner l&rsquo;entr\u00e9e du professeur Louis Dussault, directeur g\u00e9n\u00e9ral du\u00a0<a href=\"https:\/\/www.facebook.com\/ceeuqac\/?fref=mentions\">Centre d&rsquo;entrepreneuriat et d&rsquo;essaimage de l&rsquo;UQAC<\/a> (CEE-UQAC), au Cercle d&rsquo;excellence de l&rsquo;Universit\u00e9 du Qu\u00e9bec (UQ). Monsieur Dussault a re\u00e7u son prix des mains de Johanne Jean, pr\u00e9sidente du R\u00e9seau UQ, et de Nicole Bouchard, rectrice de l\u2019UQAC, lors d\u2019une c\u00e9r\u00e9monie tenue le 30 ao\u00fbt dernier au Palais Montcalm (Qu\u00e9bec) dans le cadre de la rencontre des dirigeants de l\u2019UQ.<\/p>\n<p style=\"text-align: justify\">Toutes nos f\u00e9licitations\u00a0!<\/p>\n<p style=\"text-align: justify\"><span style=\"color: #808080\"><strong>Photo\u00a0:<\/strong> Johanne Jean, pr\u00e9sidente du R\u00e9seau UQ, Louis Dussault, professeur et directeur g\u00e9n\u00e9ral du CEE-UQAC, et Nicole Bouchard, rectrice de l\u2019UQAC<\/span><\/p>\n","protected":false},"excerpt":{"rendered":"<p>L&rsquo;UQAC\u00a0est fi\u00e8re de souligner l&rsquo;entr\u00e9e du professeur Louis Dussault, directeur g\u00e9n\u00e9ral du\u00a0Centre d&rsquo;entrepreneuriat et d&rsquo;essaimage de l&rsquo;UQAC (CEE-UQAC), au Cercle d&rsquo;excellence de l&rsquo;Universit\u00e9 du Qu\u00e9bec (UQ). Monsieur Dussault a re\u00e7u son prix des mains de Johanne Jean, pr\u00e9sidente du R\u00e9seau UQ, et de Nicole Bouchard, rectrice de l\u2019UQAC, lors d\u2019une c\u00e9r\u00e9monie tenue le 30 ao\u00fbt [&hellip;]<\/p>\n","protected":false},"author":5,"featured_media":33478,"comment_status":"open","ping_status":"open","sticky":false,"template":"","format":"standard","meta":{"footnotes":""},"categories":[2,9],"tags":[],"yoast_head":"<!-- This site is optimized with the Yoast SEO plugin v24.2 - https:\/\/yoast.com\/wordpress\/plugins\/seo\/ -->\r\n<title>Louis Dussault nomm\u00e9 au Cercle d\u2019excellence de l\u2019Universit\u00e9 du Qu\u00e9bec - UQACtualit\u00e9s<\/title>\r\n<meta name=\"robots\" content=\"index, follow, max-snippet:-1, max-image-preview:large, max-video-preview:-1\" \/>\r\n<link rel=\"canonical\" href=\"https:\/\/www.uqac.ca\/uqactualites\/2017\/09\/13\/louis-dussault-nomme-au-cercle-dexcellence-de-luniversite-du-quebec\/\" \/>\r\n<meta property=\"og:locale\" content=\"fr_CA\" \/>\r\n<meta property=\"og:type\" content=\"article\" \/>\r\n<meta property=\"og:title\" content=\"Louis Dussault nomm\u00e9 au Cercle d\u2019excellence de l\u2019Universit\u00e9 du Qu\u00e9bec - UQACtualit\u00e9s\" \/>\r\n<meta property=\"og:description\" content=\"L&rsquo;UQAC\u00a0est fi\u00e8re de souligner l&rsquo;entr\u00e9e du professeur Louis Dussault, directeur g\u00e9n\u00e9ral du\u00a0Centre d&rsquo;entrepreneuriat et d&rsquo;essaimage de l&rsquo;UQAC (CEE-UQAC), au Cercle d&rsquo;excellence de l&rsquo;Universit\u00e9 du Qu\u00e9bec (UQ). Monsieur Dussault a re\u00e7u son prix des mains de Johanne Jean, pr\u00e9sidente du R\u00e9seau UQ, et de Nicole Bouchard, rectrice de l\u2019UQAC, lors d\u2019une c\u00e9r\u00e9monie tenue le 30 ao\u00fbt [&hellip;]\" \/>\r\n<meta property=\"og:url\" content=\"https:\/\/www.uqac.ca\/uqactualites\/2017\/09\/13\/louis-dussault-nomme-au-cercle-dexcellence-de-luniversite-du-quebec\/\" \/>\r\n<meta property=\"og:site_name\" content=\"UQACtualit\u00e9s\" \/>\r\n<meta property=\"article:published_time\" content=\"2017-09-13T18:26:19+00:00\" \/>\r\n<meta property=\"og:image\" content=\"https:\/\/www.uqac.ca\/uqactualites\/wp-content\/uploads\/2017\/09\/ExcellenceUQ17-LDussault-Web.jpg\" \/>\r\n\t<meta property=\"og:image:width\" content=\"620\" \/>\r\n\t<meta property=\"og:image:height\" content=\"300\" \/>\r\n\t<meta property=\"og:image:type\" content=\"image\/jpeg\" \/>\r\n<meta name=\"author\" content=\"Service des communications et des relations publiques\" \/>\r\n<meta name=\"twitter:card\" content=\"summary_large_image\" \/>\r\n<meta name=\"twitter:label1\" content=\"\u00c9crit par\" \/>\n\t<meta name=\"twitter:data1\" content=\"Service des communications et des relations publiques\" \/>\n\t<meta name=\"twitter:label2\" content=\"Estimation du temps de lecture\" \/>\n\t<meta name=\"twitter:data2\" content=\"1 minute\" \/>\r\n<script type=\"application\/ld+json\" class=\"yoast-schema-graph\">{\"@context\":\"https:\/\/schema.org\",\"@graph\":[{\"@type\":\"WebPage\",\"@id\":\"https:\/\/www.uqac.ca\/uqactualites\/2017\/09\/13\/louis-dussault-nomme-au-cercle-dexcellence-de-luniversite-du-quebec\/\",\"url\":\"https:\/\/www.uqac.ca\/uqactualites\/2017\/09\/13\/louis-dussault-nomme-au-cercle-dexcellence-de-luniversite-du-quebec\/\",\"name\":\"Louis Dussault nomm\u00e9 au Cercle d\u2019excellence de l\u2019Universit\u00e9 du Qu\u00e9bec - UQACtualit\u00e9s\",\"isPartOf\":{\"@id\":\"https:\/\/www.uqac.ca\/uqactualites\/#website\"},\"primaryImageOfPage\":{\"@id\":\"https:\/\/www.uqac.ca\/uqactualites\/2017\/09\/13\/louis-dussault-nomme-au-cercle-dexcellence-de-luniversite-du-quebec\/#primaryimage\"},\"image\":{\"@id\":\"https:\/\/www.uqac.ca\/uqactualites\/2017\/09\/13\/louis-dussault-nomme-au-cercle-dexcellence-de-luniversite-du-quebec\/#primaryimage\"},\"thumbnailUrl\":\"https:\/\/www.uqac.ca\/uqactualites\/wp-content\/uploads\/2017\/09\/ExcellenceUQ17-LDussault-Web.jpg\",\"datePublished\":\"2017-09-13T18:26:19+00:00\",\"dateModified\":\"2017-09-13T18:26:19+00:00\",\"author\":{\"@id\":\"https:\/\/www.uqac.ca\/uqactualites\/#\/schema\/person\/366c45a0c4f0e677b41b4af5886e2018\"},\"breadcrumb\":{\"@id\":\"https:\/\/www.uqac.ca\/uqactualites\/2017\/09\/13\/louis-dussault-nomme-au-cercle-dexcellence-de-luniversite-du-quebec\/#breadcrumb\"},\"inLanguage\":\"fr-CA\",\"potentialAction\":[{\"@type\":\"ReadAction\",\"target\":[\"https:\/\/www.uqac.ca\/uqactualites\/2017\/09\/13\/louis-dussault-nomme-au-cercle-dexcellence-de-luniversite-du-quebec\/\"]}]},{\"@type\":\"ImageObject\",\"inLanguage\":\"fr-CA\",\"@id\":\"https:\/\/www.uqac.ca\/uqactualites\/2017\/09\/13\/louis-dussault-nomme-au-cercle-dexcellence-de-luniversite-du-quebec\/#primaryimage\",\"url\":\"https:\/\/www.uqac.ca\/uqactualites\/wp-content\/uploads\/2017\/09\/ExcellenceUQ17-LDussault-Web.jpg\",\"contentUrl\":\"https:\/\/www.uqac.ca\/uqactualites\/wp-content\/uploads\/2017\/09\/ExcellenceUQ17-LDussault-Web.jpg\",\"width\":620,\"height\":300},{\"@type\":\"BreadcrumbList\",\"@id\":\"https:\/\/www.uqac.ca\/uqactualites\/2017\/09\/13\/louis-dussault-nomme-au-cercle-dexcellence-de-luniversite-du-quebec\/#breadcrumb\",\"itemListElement\":[{\"@type\":\"ListItem\",\"position\":1,\"name\":\"Home\",\"item\":\"https:\/\/www.uqac.ca\/uqactualites\/\"},{\"@type\":\"ListItem\",\"position\":2,\"name\":\"Louis Dussault nomm\u00e9 au Cercle d\u2019excellence de l\u2019Universit\u00e9 du Qu\u00e9bec\"}]},{\"@type\":\"WebSite\",\"@id\":\"https:\/\/www.uqac.ca\/uqactualites\/#website\",\"url\":\"https:\/\/www.uqac.ca\/uqactualites\/\",\"name\":\"UQACtualit\u00e9s\",\"description\":\"Le portail des nouvelles de l&#039;UQAC\",\"potentialAction\":[{\"@type\":\"SearchAction\",\"target\":{\"@type\":\"EntryPoint\",\"urlTemplate\":\"https:\/\/www.uqac.ca\/uqactualites\/?s={search_term_string}\"},\"query-input\":{\"@type\":\"PropertyValueSpecification\",\"valueRequired\":true,\"valueName\":\"search_term_string\"}}],\"inLanguage\":\"fr-CA\"},{\"@type\":\"Person\",\"@id\":\"https:\/\/www.uqac.ca\/uqactualites\/#\/schema\/person\/366c45a0c4f0e677b41b4af5886e2018\",\"name\":\"Service des communications et des relations publiques\",\"image\":{\"@type\":\"ImageObject\",\"inLanguage\":\"fr-CA\",\"@id\":\"https:\/\/www.uqac.ca\/uqactualites\/#\/schema\/person\/image\/\",\"url\":\"https:\/\/secure.gravatar.com\/avatar\/20fbbda8a292f59f2d3461a5b999c00b?s=96&d=mm&r=g\",\"contentUrl\":\"https:\/\/secure.gravatar.com\/avatar\/20fbbda8a292f59f2d3461a5b999c00b?s=96&d=mm&r=g\",\"caption\":\"Service des communications et des relations publiques\"},\"url\":\"https:\/\/www.uqac.ca\/uqactualites\/author\/bap\/\"}]}<\/script>\r\n<!-- \/ Yoast SEO plugin. -->","yoast_head_json":{"title":"Louis Dussault nomm\u00e9 au Cercle d\u2019excellence de l\u2019Universit\u00e9 du Qu\u00e9bec - UQACtualit\u00e9s","robots":{"index":"index","follow":"follow","max-snippet":"max-snippet:-1","max-image-preview":"max-image-preview:large","max-video-preview":"max-video-preview:-1"},"canonical":"https:\/\/www.uqac.ca\/uqactualites\/2017\/09\/13\/louis-dussault-nomme-au-cercle-dexcellence-de-luniversite-du-quebec\/","og_locale":"fr_CA","og_type":"article","og_title":"Louis Dussault nomm\u00e9 au Cercle d\u2019excellence de l\u2019Universit\u00e9 du Qu\u00e9bec - UQACtualit\u00e9s","og_description":"L&rsquo;UQAC\u00a0est fi\u00e8re de souligner l&rsquo;entr\u00e9e du professeur Louis Dussault, directeur g\u00e9n\u00e9ral du\u00a0Centre d&rsquo;entrepreneuriat et d&rsquo;essaimage de l&rsquo;UQAC (CEE-UQAC), au Cercle d&rsquo;excellence de l&rsquo;Universit\u00e9 du Qu\u00e9bec (UQ). Monsieur Dussault a re\u00e7u son prix des mains de Johanne Jean, pr\u00e9sidente du R\u00e9seau UQ, et de Nicole Bouchard, rectrice de l\u2019UQAC, lors d\u2019une c\u00e9r\u00e9monie tenue le 30 ao\u00fbt [&hellip;]","og_url":"https:\/\/www.uqac.ca\/uqactualites\/2017\/09\/13\/louis-dussault-nomme-au-cercle-dexcellence-de-luniversite-du-quebec\/","og_site_name":"UQACtualit\u00e9s","article_published_time":"2017-09-13T18:26:19+00:00","og_image":[{"width":620,"height":300,"url":"https:\/\/www.uqac.ca\/uqactualites\/wp-content\/uploads\/2017\/09\/ExcellenceUQ17-LDussault-Web.jpg","type":"image\/jpeg"}],"author":"Service des communications et des relations publiques","twitter_card":"summary_large_image","twitter_misc":{"\u00c9crit par":"Service des communications et des relations publiques","Estimation du temps de lecture":"1 minute"},"schema":{"@context":"https:\/\/schema.org","@graph":[{"@type":"WebPage","@id":"https:\/\/www.uqac.ca\/uqactualites\/2017\/09\/13\/louis-dussault-nomme-au-cercle-dexcellence-de-luniversite-du-quebec\/","url":"https:\/\/www.uqac.ca\/uqactualites\/2017\/09\/13\/louis-dussault-nomme-au-cercle-dexcellence-de-luniversite-du-quebec\/","name":"Louis Dussault nomm\u00e9 au Cercle d\u2019excellence de l\u2019Universit\u00e9 du Qu\u00e9bec - UQACtualit\u00e9s","isPartOf":{"@id":"https:\/\/www.uqac.ca\/uqactualites\/#website"},"primaryImageOfPage":{"@id":"https:\/\/www.uqac.ca\/uqactualites\/2017\/09\/13\/louis-dussault-nomme-au-cercle-dexcellence-de-luniversite-du-quebec\/#primaryimage"},"image":{"@id":"https:\/\/www.uqac.ca\/uqactualites\/2017\/09\/13\/louis-dussault-nomme-au-cercle-dexcellence-de-luniversite-du-quebec\/#primaryimage"},"thumbnailUrl":"https:\/\/www.uqac.ca\/uqactualites\/wp-content\/uploads\/2017\/09\/ExcellenceUQ17-LDussault-Web.jpg","datePublished":"2017-09-13T18:26:19+00:00","dateModified":"2017-09-13T18:26:19+00:00","author":{"@id":"https:\/\/www.uqac.ca\/uqactualites\/#\/schema\/person\/366c45a0c4f0e677b41b4af5886e2018"},"breadcrumb":{"@id":"https:\/\/www.uqac.ca\/uqactualites\/2017\/09\/13\/louis-dussault-nomme-au-cercle-dexcellence-de-luniversite-du-quebec\/#breadcrumb"},"inLanguage":"fr-CA","potentialAction":[{"@type":"ReadAction","target":["https:\/\/www.uqac.ca\/uqactualites\/2017\/09\/13\/louis-dussault-nomme-au-cercle-dexcellence-de-luniversite-du-quebec\/"]}]},{"@type":"ImageObject","inLanguage":"fr-CA","@id":"https:\/\/www.uqac.ca\/uqactualites\/2017\/09\/13\/louis-dussault-nomme-au-cercle-dexcellence-de-luniversite-du-quebec\/#primaryimage","url":"https:\/\/www.uqac.ca\/uqactualites\/wp-content\/uploads\/2017\/09\/ExcellenceUQ17-LDussault-Web.jpg","contentUrl":"https:\/\/www.uqac.ca\/uqactualites\/wp-content\/uploads\/2017\/09\/ExcellenceUQ17-LDussault-Web.jpg","width":620,"height":300},{"@type":"BreadcrumbList","@id":"https:\/\/www.uqac.ca\/uqactualites\/2017\/09\/13\/louis-dussault-nomme-au-cercle-dexcellence-de-luniversite-du-quebec\/#breadcrumb","itemListElement":[{"@type":"ListItem","position":1,"name":"Home","item":"https:\/\/www.uqac.ca\/uqactualites\/"},{"@type":"ListItem","position":2,"name":"Louis Dussault nomm\u00e9 au Cercle d\u2019excellence de l\u2019Universit\u00e9 du Qu\u00e9bec"}]},{"@type":"WebSite","@id":"https:\/\/www.uqac.ca\/uqactualites\/#website","url":"https:\/\/www.uqac.ca\/uqactualites\/","name":"UQACtualit\u00e9s","description":"Le portail des nouvelles de l&#039;UQAC","potentialAction":[{"@type":"SearchAction","target":{"@type":"EntryPoint","urlTemplate":"https:\/\/www.uqac.ca\/uqactualites\/?s={search_term_string}"},"query-input":{"@type":"PropertyValueSpecification","valueRequired":true,"valueName":"search_term_string"}}],"inLanguage":"fr-CA"},{"@type":"Person","@id":"https:\/\/www.uqac.ca\/uqactualites\/#\/schema\/person\/366c45a0c4f0e677b41b4af5886e2018","name":"Service des communications et des relations publiques","image":{"@type":"ImageObject","inLanguage":"fr-CA","@id":"https:\/\/www.uqac.ca\/uqactualites\/#\/schema\/person\/image\/","url":"https:\/\/secure.gravatar.com\/avatar\/20fbbda8a292f59f2d3461a5b999c00b?s=96&d=mm&r=g","contentUrl":"https:\/\/secure.gravatar.com\/avatar\/20fbbda8a292f59f2d3461a5b999c00b?s=96&d=mm&r=g","caption":"Service des communications et des relations publiques"},"url":"https:\/\/www.uqac.ca\/uqactualites\/author\/bap\/"}]}},"_links":{"self":[{"href":"https:\/\/www.uqac.ca\/uqactualites\/wp-json\/wp\/v2\/posts\/33477"}],"collection":[{"href":"https:\/\/www.uqac.ca\/uqactualites\/wp-json\/wp\/v2\/posts"}],"about":[{"href":"https:\/\/www.uqac.ca\/uqactualites\/wp-json\/wp\/v2\/types\/post"}],"author":[{"embeddable":true,"href":"https:\/\/www.uqac.ca\/uqactualites\/wp-json\/wp\/v2\/users\/5"}],"replies":[{"embeddable":true,"href":"https:\/\/www.uqac.ca\/uqactualites\/wp-json\/wp\/v2\/comments?post=33477"}],"version-history":[{"count":0,"href":"https:\/\/www.uqac.ca\/uqactualites\/wp-json\/wp\/v2\/posts\/33477\/revisions"}],"wp:featuredmedia":[{"embeddable":true,"href":"https:\/\/www.uqac.ca\/uqactualites\/wp-json\/wp\/v2\/media\/33478"}],"wp:attachment":[{"href":"https:\/\/www.uqac.ca\/uqactualites\/wp-json\/wp\/v2\/media?parent=33477"}],"wp:term":[{"taxonomy":"category","embeddable":true,"href":"https:\/\/www.uqac.ca\/uqactualites\/wp-json\/wp\/v2\/categories?post=33477"},{"taxonomy":"post_tag","embeddable":true,"href":"https:\/\/www.uqac.ca\/uqactualites\/wp-json\/wp\/v2\/tags?post=33477"}],"curies":[{"name":"wp","href":"https:\/\/api.w.org\/{rel}","templated":true}]}}