{"id":33493,"date":"2017-09-22T11:50:20","date_gmt":"2017-09-22T15:50:20","guid":{"rendered":"http:\/\/uqactualite.odev.ca\/?p=33493"},"modified":"2017-09-22T11:50:20","modified_gmt":"2017-09-22T15:50:20","slug":"deux-influents-medias-internationaux-sinteressent-aux-travaux-de-nos-chercheurs","status":"publish","type":"post","link":"https:\/\/www.uqac.ca\/uqactualites\/2017\/09\/22\/deux-influents-medias-internationaux-sinteressent-aux-travaux-de-nos-chercheurs\/","title":{"rendered":"Deux influents m\u00e9dias internationaux s\u2019int\u00e9ressent aux travaux de nos chercheurs"},"content":{"rendered":"<p style=\"text-align: justify\">Une \u00e9quipe de recherche de l&rsquo;UQAC collaborant avec l\u2019\u00c9TS, dont font partie les professeurs Martin\u00a0Otis, Suzy Ngomo et Christian Desrosiers, a re\u00e7u une attention particuli\u00e8re dans deux grands m\u00e9dias internationaux \u00e0 la suite de la publication de l\u2019article <a href=\"http:\/\/www.mdpi.com\/1424-8220\/17\/9\/2003\" target=\"_blank\" rel=\"noopener\"><strong><em>Wearable Devices for Classification of Inadequate Posture at Work Using Neural Networks<\/em><\/strong><\/a> dans le journal <em>Sensors<\/em>.<\/p>\n<p style=\"text-align: justify\">En effet, le <em>New Scientist<\/em> (\u00e9dition 3143) et le <em>Digital Trend<\/em> ont critiqu\u00e9 l&rsquo;approche et ont ainsi procur\u00e9 \u00e0 ce travail de recherche une tr\u00e8s grande visibilit\u00e9 internationale. Dans cet article, l&rsquo;\u00e9tudiante Eya Barkallah explique la m\u00e9thodologie qu&rsquo;elle a adopt\u00e9e dans le cadre de son m\u00e9moire de ma\u00eetrise afin de diff\u00e9rentier les postures au travail et ainsi \u00e9viter de mauvaises postures en utilisant des v\u00eatements de protection individuelle intelligents, dont une semelle et un casque de s\u00e9curit\u00e9 intelligents. Ce travail de recherche a \u00e9t\u00e9 financ\u00e9 par le programme \u00c9quipe du FRQ-NT. Le <em>New Scientist<\/em> et le <em>Digital Trend<\/em> ont une tr\u00e8s grande influence dans les m\u00e9dias sociaux et s\u2019adressent \u00e0 un tr\u00e8s large public. Ce sont des leaders mondiaux dans la communication de d\u00e9couvertes scientifiques avec plus de 20 millions de lecteurs par mois.<\/p>\n<p style=\"text-align: justify\">Consultez en ligne l\u2019<a href=\"https:\/\/www.newscientist.com\/article\/2146973-shoe-sensor-will-protect-your-back-from-heavy-lifting\/\" target=\"_blank\" rel=\"noopener\"><strong>article du <em>New Scientist<\/em><\/strong><\/a>.<\/p>\n","protected":false},"excerpt":{"rendered":"<p>Une \u00e9quipe de recherche de l&rsquo;UQAC collaborant avec l\u2019\u00c9TS, dont font partie les professeurs Martin\u00a0Otis, Suzy Ngomo et Christian Desrosiers, a re\u00e7u une attention particuli\u00e8re dans deux grands m\u00e9dias internationaux \u00e0 la suite de la publication de l\u2019article Wearable Devices for Classification of Inadequate Posture at Work Using Neural Networks dans le journal Sensors. En [&hellip;]<\/p>\n","protected":false},"author":5,"featured_media":33277,"comment_status":"open","ping_status":"open","sticky":false,"template":"","format":"standard","meta":{"footnotes":""},"categories":[2],"tags":[],"yoast_head":"<!-- This site is optimized with the Yoast SEO plugin v24.2 - https:\/\/yoast.com\/wordpress\/plugins\/seo\/ -->\r\n<title>Deux influents m\u00e9dias internationaux s\u2019int\u00e9ressent aux travaux de nos chercheurs - UQACtualit\u00e9s<\/title>\r\n<meta name=\"robots\" content=\"index, follow, max-snippet:-1, max-image-preview:large, max-video-preview:-1\" \/>\r\n<link rel=\"canonical\" href=\"https:\/\/www.uqac.ca\/uqactualites\/2017\/09\/22\/deux-influents-medias-internationaux-sinteressent-aux-travaux-de-nos-chercheurs\/\" \/>\r\n<meta property=\"og:locale\" content=\"fr_CA\" \/>\r\n<meta property=\"og:type\" content=\"article\" \/>\r\n<meta property=\"og:title\" content=\"Deux influents m\u00e9dias internationaux s\u2019int\u00e9ressent aux travaux de nos chercheurs - UQACtualit\u00e9s\" \/>\r\n<meta property=\"og:description\" content=\"Une \u00e9quipe de recherche de l&rsquo;UQAC collaborant avec l\u2019\u00c9TS, dont font partie les professeurs Martin\u00a0Otis, Suzy Ngomo et Christian Desrosiers, a re\u00e7u une attention particuli\u00e8re dans deux grands m\u00e9dias internationaux \u00e0 la suite de la publication de l\u2019article Wearable Devices for Classification of Inadequate Posture at Work Using Neural Networks dans le journal Sensors. En [&hellip;]\" \/>\r\n<meta property=\"og:url\" content=\"https:\/\/www.uqac.ca\/uqactualites\/2017\/09\/22\/deux-influents-medias-internationaux-sinteressent-aux-travaux-de-nos-chercheurs\/\" \/>\r\n<meta property=\"og:site_name\" content=\"UQACtualit\u00e9s\" \/>\r\n<meta property=\"article:published_time\" content=\"2017-09-22T15:50:20+00:00\" \/>\r\n<meta property=\"og:image\" content=\"https:\/\/www.uqac.ca\/uqactualites\/wp-content\/uploads\/2017\/05\/Bourses-FRQS-Web-Gracieuset\u00e9.jpg\" \/>\r\n\t<meta property=\"og:image:width\" content=\"620\" \/>\r\n\t<meta property=\"og:image:height\" content=\"300\" \/>\r\n\t<meta property=\"og:image:type\" content=\"image\/jpeg\" \/>\r\n<meta name=\"author\" content=\"Service des communications et des relations publiques\" \/>\r\n<meta name=\"twitter:card\" content=\"summary_large_image\" \/>\r\n<meta name=\"twitter:label1\" content=\"\u00c9crit par\" \/>\n\t<meta name=\"twitter:data1\" content=\"Service des communications et des relations publiques\" \/>\n\t<meta name=\"twitter:label2\" content=\"Estimation du temps de lecture\" \/>\n\t<meta name=\"twitter:data2\" content=\"1 minute\" \/>\r\n<script type=\"application\/ld+json\" class=\"yoast-schema-graph\">{\"@context\":\"https:\/\/schema.org\",\"@graph\":[{\"@type\":\"WebPage\",\"@id\":\"https:\/\/www.uqac.ca\/uqactualites\/2017\/09\/22\/deux-influents-medias-internationaux-sinteressent-aux-travaux-de-nos-chercheurs\/\",\"url\":\"https:\/\/www.uqac.ca\/uqactualites\/2017\/09\/22\/deux-influents-medias-internationaux-sinteressent-aux-travaux-de-nos-chercheurs\/\",\"name\":\"Deux influents m\u00e9dias internationaux s\u2019int\u00e9ressent aux travaux de nos chercheurs - UQACtualit\u00e9s\",\"isPartOf\":{\"@id\":\"https:\/\/www.uqac.ca\/uqactualites\/#website\"},\"primaryImageOfPage\":{\"@id\":\"https:\/\/www.uqac.ca\/uqactualites\/2017\/09\/22\/deux-influents-medias-internationaux-sinteressent-aux-travaux-de-nos-chercheurs\/#primaryimage\"},\"image\":{\"@id\":\"https:\/\/www.uqac.ca\/uqactualites\/2017\/09\/22\/deux-influents-medias-internationaux-sinteressent-aux-travaux-de-nos-chercheurs\/#primaryimage\"},\"thumbnailUrl\":\"https:\/\/www.uqac.ca\/uqactualites\/wp-content\/uploads\/2017\/05\/Bourses-FRQS-Web-Gracieuset\u00e9.jpg\",\"datePublished\":\"2017-09-22T15:50:20+00:00\",\"dateModified\":\"2017-09-22T15:50:20+00:00\",\"author\":{\"@id\":\"https:\/\/www.uqac.ca\/uqactualites\/#\/schema\/person\/366c45a0c4f0e677b41b4af5886e2018\"},\"breadcrumb\":{\"@id\":\"https:\/\/www.uqac.ca\/uqactualites\/2017\/09\/22\/deux-influents-medias-internationaux-sinteressent-aux-travaux-de-nos-chercheurs\/#breadcrumb\"},\"inLanguage\":\"fr-CA\",\"potentialAction\":[{\"@type\":\"ReadAction\",\"target\":[\"https:\/\/www.uqac.ca\/uqactualites\/2017\/09\/22\/deux-influents-medias-internationaux-sinteressent-aux-travaux-de-nos-chercheurs\/\"]}]},{\"@type\":\"ImageObject\",\"inLanguage\":\"fr-CA\",\"@id\":\"https:\/\/www.uqac.ca\/uqactualites\/2017\/09\/22\/deux-influents-medias-internationaux-sinteressent-aux-travaux-de-nos-chercheurs\/#primaryimage\",\"url\":\"https:\/\/www.uqac.ca\/uqactualites\/wp-content\/uploads\/2017\/05\/Bourses-FRQS-Web-Gracieuset\u00e9.jpg\",\"contentUrl\":\"https:\/\/www.uqac.ca\/uqactualites\/wp-content\/uploads\/2017\/05\/Bourses-FRQS-Web-Gracieuset\u00e9.jpg\",\"width\":620,\"height\":300},{\"@type\":\"BreadcrumbList\",\"@id\":\"https:\/\/www.uqac.ca\/uqactualites\/2017\/09\/22\/deux-influents-medias-internationaux-sinteressent-aux-travaux-de-nos-chercheurs\/#breadcrumb\",\"itemListElement\":[{\"@type\":\"ListItem\",\"position\":1,\"name\":\"Home\",\"item\":\"https:\/\/www.uqac.ca\/uqactualites\/\"},{\"@type\":\"ListItem\",\"position\":2,\"name\":\"Deux influents m\u00e9dias internationaux s\u2019int\u00e9ressent aux travaux de nos chercheurs\"}]},{\"@type\":\"WebSite\",\"@id\":\"https:\/\/www.uqac.ca\/uqactualites\/#website\",\"url\":\"https:\/\/www.uqac.ca\/uqactualites\/\",\"name\":\"UQACtualit\u00e9s\",\"description\":\"Le portail des nouvelles de l&#039;UQAC\",\"potentialAction\":[{\"@type\":\"SearchAction\",\"target\":{\"@type\":\"EntryPoint\",\"urlTemplate\":\"https:\/\/www.uqac.ca\/uqactualites\/?s={search_term_string}\"},\"query-input\":{\"@type\":\"PropertyValueSpecification\",\"valueRequired\":true,\"valueName\":\"search_term_string\"}}],\"inLanguage\":\"fr-CA\"},{\"@type\":\"Person\",\"@id\":\"https:\/\/www.uqac.ca\/uqactualites\/#\/schema\/person\/366c45a0c4f0e677b41b4af5886e2018\",\"name\":\"Service des communications et des relations publiques\",\"image\":{\"@type\":\"ImageObject\",\"inLanguage\":\"fr-CA\",\"@id\":\"https:\/\/www.uqac.ca\/uqactualites\/#\/schema\/person\/image\/\",\"url\":\"https:\/\/secure.gravatar.com\/avatar\/20fbbda8a292f59f2d3461a5b999c00b?s=96&d=mm&r=g\",\"contentUrl\":\"https:\/\/secure.gravatar.com\/avatar\/20fbbda8a292f59f2d3461a5b999c00b?s=96&d=mm&r=g\",\"caption\":\"Service des communications et des relations publiques\"},\"url\":\"https:\/\/www.uqac.ca\/uqactualites\/author\/bap\/\"}]}<\/script>\r\n<!-- \/ Yoast SEO plugin. -->","yoast_head_json":{"title":"Deux influents m\u00e9dias internationaux s\u2019int\u00e9ressent aux travaux de nos chercheurs - UQACtualit\u00e9s","robots":{"index":"index","follow":"follow","max-snippet":"max-snippet:-1","max-image-preview":"max-image-preview:large","max-video-preview":"max-video-preview:-1"},"canonical":"https:\/\/www.uqac.ca\/uqactualites\/2017\/09\/22\/deux-influents-medias-internationaux-sinteressent-aux-travaux-de-nos-chercheurs\/","og_locale":"fr_CA","og_type":"article","og_title":"Deux influents m\u00e9dias internationaux s\u2019int\u00e9ressent aux travaux de nos chercheurs - UQACtualit\u00e9s","og_description":"Une \u00e9quipe de recherche de l&rsquo;UQAC collaborant avec l\u2019\u00c9TS, dont font partie les professeurs Martin\u00a0Otis, Suzy Ngomo et Christian Desrosiers, a re\u00e7u une attention particuli\u00e8re dans deux grands m\u00e9dias internationaux \u00e0 la suite de la publication de l\u2019article Wearable Devices for Classification of Inadequate Posture at Work Using Neural Networks dans le journal Sensors. En [&hellip;]","og_url":"https:\/\/www.uqac.ca\/uqactualites\/2017\/09\/22\/deux-influents-medias-internationaux-sinteressent-aux-travaux-de-nos-chercheurs\/","og_site_name":"UQACtualit\u00e9s","article_published_time":"2017-09-22T15:50:20+00:00","og_image":[{"width":620,"height":300,"url":"https:\/\/www.uqac.ca\/uqactualites\/wp-content\/uploads\/2017\/05\/Bourses-FRQS-Web-Gracieuset\u00e9.jpg","type":"image\/jpeg"}],"author":"Service des communications et des relations publiques","twitter_card":"summary_large_image","twitter_misc":{"\u00c9crit par":"Service des communications et des relations publiques","Estimation du temps de lecture":"1 minute"},"schema":{"@context":"https:\/\/schema.org","@graph":[{"@type":"WebPage","@id":"https:\/\/www.uqac.ca\/uqactualites\/2017\/09\/22\/deux-influents-medias-internationaux-sinteressent-aux-travaux-de-nos-chercheurs\/","url":"https:\/\/www.uqac.ca\/uqactualites\/2017\/09\/22\/deux-influents-medias-internationaux-sinteressent-aux-travaux-de-nos-chercheurs\/","name":"Deux influents m\u00e9dias internationaux s\u2019int\u00e9ressent aux travaux de nos chercheurs - UQACtualit\u00e9s","isPartOf":{"@id":"https:\/\/www.uqac.ca\/uqactualites\/#website"},"primaryImageOfPage":{"@id":"https:\/\/www.uqac.ca\/uqactualites\/2017\/09\/22\/deux-influents-medias-internationaux-sinteressent-aux-travaux-de-nos-chercheurs\/#primaryimage"},"image":{"@id":"https:\/\/www.uqac.ca\/uqactualites\/2017\/09\/22\/deux-influents-medias-internationaux-sinteressent-aux-travaux-de-nos-chercheurs\/#primaryimage"},"thumbnailUrl":"https:\/\/www.uqac.ca\/uqactualites\/wp-content\/uploads\/2017\/05\/Bourses-FRQS-Web-Gracieuset\u00e9.jpg","datePublished":"2017-09-22T15:50:20+00:00","dateModified":"2017-09-22T15:50:20+00:00","author":{"@id":"https:\/\/www.uqac.ca\/uqactualites\/#\/schema\/person\/366c45a0c4f0e677b41b4af5886e2018"},"breadcrumb":{"@id":"https:\/\/www.uqac.ca\/uqactualites\/2017\/09\/22\/deux-influents-medias-internationaux-sinteressent-aux-travaux-de-nos-chercheurs\/#breadcrumb"},"inLanguage":"fr-CA","potentialAction":[{"@type":"ReadAction","target":["https:\/\/www.uqac.ca\/uqactualites\/2017\/09\/22\/deux-influents-medias-internationaux-sinteressent-aux-travaux-de-nos-chercheurs\/"]}]},{"@type":"ImageObject","inLanguage":"fr-CA","@id":"https:\/\/www.uqac.ca\/uqactualites\/2017\/09\/22\/deux-influents-medias-internationaux-sinteressent-aux-travaux-de-nos-chercheurs\/#primaryimage","url":"https:\/\/www.uqac.ca\/uqactualites\/wp-content\/uploads\/2017\/05\/Bourses-FRQS-Web-Gracieuset\u00e9.jpg","contentUrl":"https:\/\/www.uqac.ca\/uqactualites\/wp-content\/uploads\/2017\/05\/Bourses-FRQS-Web-Gracieuset\u00e9.jpg","width":620,"height":300},{"@type":"BreadcrumbList","@id":"https:\/\/www.uqac.ca\/uqactualites\/2017\/09\/22\/deux-influents-medias-internationaux-sinteressent-aux-travaux-de-nos-chercheurs\/#breadcrumb","itemListElement":[{"@type":"ListItem","position":1,"name":"Home","item":"https:\/\/www.uqac.ca\/uqactualites\/"},{"@type":"ListItem","position":2,"name":"Deux influents m\u00e9dias internationaux s\u2019int\u00e9ressent aux travaux de nos chercheurs"}]},{"@type":"WebSite","@id":"https:\/\/www.uqac.ca\/uqactualites\/#website","url":"https:\/\/www.uqac.ca\/uqactualites\/","name":"UQACtualit\u00e9s","description":"Le portail des nouvelles de l&#039;UQAC","potentialAction":[{"@type":"SearchAction","target":{"@type":"EntryPoint","urlTemplate":"https:\/\/www.uqac.ca\/uqactualites\/?s={search_term_string}"},"query-input":{"@type":"PropertyValueSpecification","valueRequired":true,"valueName":"search_term_string"}}],"inLanguage":"fr-CA"},{"@type":"Person","@id":"https:\/\/www.uqac.ca\/uqactualites\/#\/schema\/person\/366c45a0c4f0e677b41b4af5886e2018","name":"Service des communications et des relations publiques","image":{"@type":"ImageObject","inLanguage":"fr-CA","@id":"https:\/\/www.uqac.ca\/uqactualites\/#\/schema\/person\/image\/","url":"https:\/\/secure.gravatar.com\/avatar\/20fbbda8a292f59f2d3461a5b999c00b?s=96&d=mm&r=g","contentUrl":"https:\/\/secure.gravatar.com\/avatar\/20fbbda8a292f59f2d3461a5b999c00b?s=96&d=mm&r=g","caption":"Service des communications et des relations publiques"},"url":"https:\/\/www.uqac.ca\/uqactualites\/author\/bap\/"}]}},"_links":{"self":[{"href":"https:\/\/www.uqac.ca\/uqactualites\/wp-json\/wp\/v2\/posts\/33493"}],"collection":[{"href":"https:\/\/www.uqac.ca\/uqactualites\/wp-json\/wp\/v2\/posts"}],"about":[{"href":"https:\/\/www.uqac.ca\/uqactualites\/wp-json\/wp\/v2\/types\/post"}],"author":[{"embeddable":true,"href":"https:\/\/www.uqac.ca\/uqactualites\/wp-json\/wp\/v2\/users\/5"}],"replies":[{"embeddable":true,"href":"https:\/\/www.uqac.ca\/uqactualites\/wp-json\/wp\/v2\/comments?post=33493"}],"version-history":[{"count":0,"href":"https:\/\/www.uqac.ca\/uqactualites\/wp-json\/wp\/v2\/posts\/33493\/revisions"}],"wp:featuredmedia":[{"embeddable":true,"href":"https:\/\/www.uqac.ca\/uqactualites\/wp-json\/wp\/v2\/media\/33277"}],"wp:attachment":[{"href":"https:\/\/www.uqac.ca\/uqactualites\/wp-json\/wp\/v2\/media?parent=33493"}],"wp:term":[{"taxonomy":"category","embeddable":true,"href":"https:\/\/www.uqac.ca\/uqactualites\/wp-json\/wp\/v2\/categories?post=33493"},{"taxonomy":"post_tag","embeddable":true,"href":"https:\/\/www.uqac.ca\/uqactualites\/wp-json\/wp\/v2\/tags?post=33493"}],"curies":[{"name":"wp","href":"https:\/\/api.w.org\/{rel}","templated":true}]}}