{"id":33638,"date":"2017-11-07T15:20:55","date_gmt":"2017-11-07T20:20:55","guid":{"rendered":"http:\/\/uqactualite.odev.ca\/?p=33638"},"modified":"2017-11-07T15:20:55","modified_gmt":"2017-11-07T20:20:55","slug":"table-ronde-dans-le-cadre-du-zoom-photo-festival-saguenay-la-place-des-autochtones-dans-les-medias-au-coeur-du-debat","status":"publish","type":"post","link":"https:\/\/www.uqac.ca\/uqactualites\/2017\/11\/07\/table-ronde-dans-le-cadre-du-zoom-photo-festival-saguenay-la-place-des-autochtones-dans-les-medias-au-coeur-du-debat\/","title":{"rendered":"Table ronde dans le cadre du Zoom Photo Festival Saguenay\u00a0: la place des Autochtones dans les m\u00e9dias au c\u0153ur du d\u00e9bat"},"content":{"rendered":"<p style=\"text-align: justify;\">Le 19 octobre dernier, le Centre des Premi\u00e8res Nations Nikanite accueillait pr\u00e8s de 50 personnes \u00e0 l\u2019auditorium de l\u2019UQAC pour une premi\u00e8re collaboration avec le Zoom Photo Festival Saguenay. Une table ronde sur la place des Autochtones dans les m\u00e9dias \u00e9tait organis\u00e9e pour discuter du r\u00f4le de la photographie dans la repr\u00e9sentation des communaut\u00e9s autochtones du Canada. Ce sont quatre photojournalistes invit\u00e9s qui ont pris la parole et r\u00e9pondu aux interrogations du public, visiblement touch\u00e9 par leurs projets.<\/p>\n<p style=\"text-align: justify;\">Laurence Butet-Roch, photographe et journaliste membre du Collectif Bor\u00e9al, Ian Willms, membre fondateur du Collectif Bor\u00e9al, Amber Bracken, membre du Rogue Collective, et Chlo\u00eb Ellingson, photographe documentaire bas\u00e9e \u00e0 Toronto, ont \u00e0 tour de r\u00f4le pris quelques minutes pour pr\u00e9senter leurs projets photographiques et leur perception de l\u2019impact de leur travail sur la repr\u00e9sentation des membres des Premi\u00e8res Nations dans les m\u00e9dias, notamment en ce qui a trait aux st\u00e9r\u00e9otypes et aux mythes les concernant. Mentionnons entre autres le travail de Chlo\u00eb Ellingson qui s\u2019est int\u00e9ress\u00e9e \u00e0 l\u2019histoire du chemin de fer qui relie Schefferville \u00e0 Sept-\u00celes dans le cadre de son projet Tshiutin &#8211; Le vent du Nord, nom inspir\u00e9 de la premi\u00e8re compagnie de transport ferroviaire au Canada g\u00e9r\u00e9e par des Autochtones, notamment par les Innus et les Naskapis.<\/p>\n<p style=\"text-align: justify;\">Les photographes participants \u00e0 la table ronde ont ensuite ouvert la p\u00e9riode d\u2019\u00e9changes en s\u2019interrogeant sur la fa\u00e7on de pratiquer la photographie et d\u2019informer le public dans un esprit de r\u00e9conciliation, tout en tenant compte de leur position en tant que non-Autochtones et du bagage historique qu\u2019ils portent en tant que citoyens canadiens. Les interventions du public alimentaient les \u00e9changes, notamment en ce qui concerne les questions d\u2019\u00e9thique li\u00e9es au travail des photographes, les possibilit\u00e9s de r\u00e9troaction de leur travail dans les communaut\u00e9s autochtones concern\u00e9es et le d\u00e9fi de l\u2019objectivation des Autochtones devenant des sujets au sein d\u2019un reportage photojournalistique.<\/p>\n<p style=\"text-align: justify;\">Dans son mot de cl\u00f4ture, le directeur du Centre des Premi\u00e8res Nations Nikanite, Marco Bacon, a soulign\u00e9 la qualit\u00e9 des photoreportages pr\u00e9sent\u00e9s et s\u2019est dit ouvert \u00e0 renouveler la collaboration avec le festival, qui se poursuit d\u2019ailleurs jusqu\u2019au 12 novembre prochain.<\/p>\n<p style=\"text-align: justify;\"><strong>Photo :<\/strong>\u00a0Marco Bacon, directeur du Centre des Premi\u00e8res Nations Nikanite de l\u2019UQAC, souhaite la bienvenue aux photographes invit\u00e9s et aux participants<\/p>\n","protected":false},"excerpt":{"rendered":"<p>Le 19 octobre dernier, le Centre des Premi\u00e8res Nations Nikanite accueillait pr\u00e8s de 50 personnes \u00e0 l\u2019auditorium de l\u2019UQAC pour une premi\u00e8re collaboration avec le Zoom Photo Festival Saguenay. Une table ronde sur la place des Autochtones dans les m\u00e9dias \u00e9tait organis\u00e9e pour discuter du r\u00f4le de la photographie dans la repr\u00e9sentation des communaut\u00e9s autochtones [&hellip;]<\/p>\n","protected":false},"author":5,"featured_media":33640,"comment_status":"open","ping_status":"open","sticky":false,"template":"","format":"standard","meta":{"footnotes":""},"categories":[2],"tags":[151],"yoast_head":"<!-- This site is optimized with the Yoast SEO plugin v24.2 - https:\/\/yoast.com\/wordpress\/plugins\/seo\/ -->\r\n<title>Table ronde dans le cadre du Zoom Photo Festival Saguenay\u00a0: la place des Autochtones dans les m\u00e9dias au c\u0153ur du d\u00e9bat - UQACtualit\u00e9s<\/title>\r\n<meta name=\"robots\" content=\"index, follow, max-snippet:-1, max-image-preview:large, max-video-preview:-1\" \/>\r\n<link rel=\"canonical\" href=\"https:\/\/www.uqac.ca\/uqactualites\/2017\/11\/07\/table-ronde-dans-le-cadre-du-zoom-photo-festival-saguenay-la-place-des-autochtones-dans-les-medias-au-coeur-du-debat\/\" \/>\r\n<meta property=\"og:locale\" content=\"fr_CA\" \/>\r\n<meta property=\"og:type\" content=\"article\" \/>\r\n<meta property=\"og:title\" content=\"Table ronde dans le cadre du Zoom Photo Festival Saguenay\u00a0: la place des Autochtones dans les m\u00e9dias au c\u0153ur du d\u00e9bat - UQACtualit\u00e9s\" \/>\r\n<meta property=\"og:description\" content=\"Le 19 octobre dernier, le Centre des Premi\u00e8res Nations Nikanite accueillait pr\u00e8s de 50 personnes \u00e0 l\u2019auditorium de l\u2019UQAC pour une premi\u00e8re collaboration avec le Zoom Photo Festival Saguenay. Une table ronde sur la place des Autochtones dans les m\u00e9dias \u00e9tait organis\u00e9e pour discuter du r\u00f4le de la photographie dans la repr\u00e9sentation des communaut\u00e9s autochtones [&hellip;]\" \/>\r\n<meta property=\"og:url\" content=\"https:\/\/www.uqac.ca\/uqactualites\/2017\/11\/07\/table-ronde-dans-le-cadre-du-zoom-photo-festival-saguenay-la-place-des-autochtones-dans-les-medias-au-coeur-du-debat\/\" \/>\r\n<meta property=\"og:site_name\" content=\"UQACtualit\u00e9s\" \/>\r\n<meta property=\"article:published_time\" content=\"2017-11-07T20:20:55+00:00\" \/>\r\n<meta property=\"og:image\" content=\"https:\/\/www.uqac.ca\/uqactualites\/wp-content\/uploads\/2017\/11\/Table-ronde-Web.jpg\" \/>\r\n\t<meta property=\"og:image:width\" content=\"620\" \/>\r\n\t<meta property=\"og:image:height\" content=\"300\" \/>\r\n\t<meta property=\"og:image:type\" content=\"image\/jpeg\" \/>\r\n<meta name=\"author\" content=\"Service des communications et des relations publiques\" \/>\r\n<meta name=\"twitter:card\" content=\"summary_large_image\" \/>\r\n<meta name=\"twitter:label1\" content=\"\u00c9crit par\" \/>\n\t<meta name=\"twitter:data1\" content=\"Service des communications et des relations publiques\" \/>\n\t<meta name=\"twitter:label2\" content=\"Estimation du temps de lecture\" \/>\n\t<meta name=\"twitter:data2\" content=\"2 minutes\" \/>\r\n<script type=\"application\/ld+json\" class=\"yoast-schema-graph\">{\"@context\":\"https:\/\/schema.org\",\"@graph\":[{\"@type\":\"WebPage\",\"@id\":\"https:\/\/www.uqac.ca\/uqactualites\/2017\/11\/07\/table-ronde-dans-le-cadre-du-zoom-photo-festival-saguenay-la-place-des-autochtones-dans-les-medias-au-coeur-du-debat\/\",\"url\":\"https:\/\/www.uqac.ca\/uqactualites\/2017\/11\/07\/table-ronde-dans-le-cadre-du-zoom-photo-festival-saguenay-la-place-des-autochtones-dans-les-medias-au-coeur-du-debat\/\",\"name\":\"Table ronde dans le cadre du Zoom Photo Festival Saguenay\u00a0: la place des Autochtones dans les m\u00e9dias au c\u0153ur du d\u00e9bat - UQACtualit\u00e9s\",\"isPartOf\":{\"@id\":\"https:\/\/www.uqac.ca\/uqactualites\/#website\"},\"primaryImageOfPage\":{\"@id\":\"https:\/\/www.uqac.ca\/uqactualites\/2017\/11\/07\/table-ronde-dans-le-cadre-du-zoom-photo-festival-saguenay-la-place-des-autochtones-dans-les-medias-au-coeur-du-debat\/#primaryimage\"},\"image\":{\"@id\":\"https:\/\/www.uqac.ca\/uqactualites\/2017\/11\/07\/table-ronde-dans-le-cadre-du-zoom-photo-festival-saguenay-la-place-des-autochtones-dans-les-medias-au-coeur-du-debat\/#primaryimage\"},\"thumbnailUrl\":\"https:\/\/www.uqac.ca\/uqactualites\/wp-content\/uploads\/2017\/11\/Table-ronde-Web.jpg\",\"datePublished\":\"2017-11-07T20:20:55+00:00\",\"dateModified\":\"2017-11-07T20:20:55+00:00\",\"author\":{\"@id\":\"https:\/\/www.uqac.ca\/uqactualites\/#\/schema\/person\/366c45a0c4f0e677b41b4af5886e2018\"},\"breadcrumb\":{\"@id\":\"https:\/\/www.uqac.ca\/uqactualites\/2017\/11\/07\/table-ronde-dans-le-cadre-du-zoom-photo-festival-saguenay-la-place-des-autochtones-dans-les-medias-au-coeur-du-debat\/#breadcrumb\"},\"inLanguage\":\"fr-CA\",\"potentialAction\":[{\"@type\":\"ReadAction\",\"target\":[\"https:\/\/www.uqac.ca\/uqactualites\/2017\/11\/07\/table-ronde-dans-le-cadre-du-zoom-photo-festival-saguenay-la-place-des-autochtones-dans-les-medias-au-coeur-du-debat\/\"]}]},{\"@type\":\"ImageObject\",\"inLanguage\":\"fr-CA\",\"@id\":\"https:\/\/www.uqac.ca\/uqactualites\/2017\/11\/07\/table-ronde-dans-le-cadre-du-zoom-photo-festival-saguenay-la-place-des-autochtones-dans-les-medias-au-coeur-du-debat\/#primaryimage\",\"url\":\"https:\/\/www.uqac.ca\/uqactualites\/wp-content\/uploads\/2017\/11\/Table-ronde-Web.jpg\",\"contentUrl\":\"https:\/\/www.uqac.ca\/uqactualites\/wp-content\/uploads\/2017\/11\/Table-ronde-Web.jpg\",\"width\":620,\"height\":300},{\"@type\":\"BreadcrumbList\",\"@id\":\"https:\/\/www.uqac.ca\/uqactualites\/2017\/11\/07\/table-ronde-dans-le-cadre-du-zoom-photo-festival-saguenay-la-place-des-autochtones-dans-les-medias-au-coeur-du-debat\/#breadcrumb\",\"itemListElement\":[{\"@type\":\"ListItem\",\"position\":1,\"name\":\"Home\",\"item\":\"https:\/\/www.uqac.ca\/uqactualites\/\"},{\"@type\":\"ListItem\",\"position\":2,\"name\":\"Table ronde dans le cadre du Zoom Photo Festival Saguenay\u00a0: la place des Autochtones dans les m\u00e9dias au c\u0153ur du d\u00e9bat\"}]},{\"@type\":\"WebSite\",\"@id\":\"https:\/\/www.uqac.ca\/uqactualites\/#website\",\"url\":\"https:\/\/www.uqac.ca\/uqactualites\/\",\"name\":\"UQACtualit\u00e9s\",\"description\":\"Le portail des nouvelles de l&#039;UQAC\",\"potentialAction\":[{\"@type\":\"SearchAction\",\"target\":{\"@type\":\"EntryPoint\",\"urlTemplate\":\"https:\/\/www.uqac.ca\/uqactualites\/?s={search_term_string}\"},\"query-input\":{\"@type\":\"PropertyValueSpecification\",\"valueRequired\":true,\"valueName\":\"search_term_string\"}}],\"inLanguage\":\"fr-CA\"},{\"@type\":\"Person\",\"@id\":\"https:\/\/www.uqac.ca\/uqactualites\/#\/schema\/person\/366c45a0c4f0e677b41b4af5886e2018\",\"name\":\"Service des communications et des relations publiques\",\"image\":{\"@type\":\"ImageObject\",\"inLanguage\":\"fr-CA\",\"@id\":\"https:\/\/www.uqac.ca\/uqactualites\/#\/schema\/person\/image\/\",\"url\":\"https:\/\/secure.gravatar.com\/avatar\/20fbbda8a292f59f2d3461a5b999c00b?s=96&d=mm&r=g\",\"contentUrl\":\"https:\/\/secure.gravatar.com\/avatar\/20fbbda8a292f59f2d3461a5b999c00b?s=96&d=mm&r=g\",\"caption\":\"Service des communications et des relations publiques\"},\"url\":\"https:\/\/www.uqac.ca\/uqactualites\/author\/bap\/\"}]}<\/script>\r\n<!-- \/ Yoast SEO plugin. -->","yoast_head_json":{"title":"Table ronde dans le cadre du Zoom Photo Festival Saguenay\u00a0: la place des Autochtones dans les m\u00e9dias au c\u0153ur du d\u00e9bat - UQACtualit\u00e9s","robots":{"index":"index","follow":"follow","max-snippet":"max-snippet:-1","max-image-preview":"max-image-preview:large","max-video-preview":"max-video-preview:-1"},"canonical":"https:\/\/www.uqac.ca\/uqactualites\/2017\/11\/07\/table-ronde-dans-le-cadre-du-zoom-photo-festival-saguenay-la-place-des-autochtones-dans-les-medias-au-coeur-du-debat\/","og_locale":"fr_CA","og_type":"article","og_title":"Table ronde dans le cadre du Zoom Photo Festival Saguenay\u00a0: la place des Autochtones dans les m\u00e9dias au c\u0153ur du d\u00e9bat - UQACtualit\u00e9s","og_description":"Le 19 octobre dernier, le Centre des Premi\u00e8res Nations Nikanite accueillait pr\u00e8s de 50 personnes \u00e0 l\u2019auditorium de l\u2019UQAC pour une premi\u00e8re collaboration avec le Zoom Photo Festival Saguenay. Une table ronde sur la place des Autochtones dans les m\u00e9dias \u00e9tait organis\u00e9e pour discuter du r\u00f4le de la photographie dans la repr\u00e9sentation des communaut\u00e9s autochtones [&hellip;]","og_url":"https:\/\/www.uqac.ca\/uqactualites\/2017\/11\/07\/table-ronde-dans-le-cadre-du-zoom-photo-festival-saguenay-la-place-des-autochtones-dans-les-medias-au-coeur-du-debat\/","og_site_name":"UQACtualit\u00e9s","article_published_time":"2017-11-07T20:20:55+00:00","og_image":[{"width":620,"height":300,"url":"https:\/\/www.uqac.ca\/uqactualites\/wp-content\/uploads\/2017\/11\/Table-ronde-Web.jpg","type":"image\/jpeg"}],"author":"Service des communications et des relations publiques","twitter_card":"summary_large_image","twitter_misc":{"\u00c9crit par":"Service des communications et des relations publiques","Estimation du temps de lecture":"2 minutes"},"schema":{"@context":"https:\/\/schema.org","@graph":[{"@type":"WebPage","@id":"https:\/\/www.uqac.ca\/uqactualites\/2017\/11\/07\/table-ronde-dans-le-cadre-du-zoom-photo-festival-saguenay-la-place-des-autochtones-dans-les-medias-au-coeur-du-debat\/","url":"https:\/\/www.uqac.ca\/uqactualites\/2017\/11\/07\/table-ronde-dans-le-cadre-du-zoom-photo-festival-saguenay-la-place-des-autochtones-dans-les-medias-au-coeur-du-debat\/","name":"Table ronde dans le cadre du Zoom Photo Festival Saguenay\u00a0: la place des Autochtones dans les m\u00e9dias au c\u0153ur du d\u00e9bat - UQACtualit\u00e9s","isPartOf":{"@id":"https:\/\/www.uqac.ca\/uqactualites\/#website"},"primaryImageOfPage":{"@id":"https:\/\/www.uqac.ca\/uqactualites\/2017\/11\/07\/table-ronde-dans-le-cadre-du-zoom-photo-festival-saguenay-la-place-des-autochtones-dans-les-medias-au-coeur-du-debat\/#primaryimage"},"image":{"@id":"https:\/\/www.uqac.ca\/uqactualites\/2017\/11\/07\/table-ronde-dans-le-cadre-du-zoom-photo-festival-saguenay-la-place-des-autochtones-dans-les-medias-au-coeur-du-debat\/#primaryimage"},"thumbnailUrl":"https:\/\/www.uqac.ca\/uqactualites\/wp-content\/uploads\/2017\/11\/Table-ronde-Web.jpg","datePublished":"2017-11-07T20:20:55+00:00","dateModified":"2017-11-07T20:20:55+00:00","author":{"@id":"https:\/\/www.uqac.ca\/uqactualites\/#\/schema\/person\/366c45a0c4f0e677b41b4af5886e2018"},"breadcrumb":{"@id":"https:\/\/www.uqac.ca\/uqactualites\/2017\/11\/07\/table-ronde-dans-le-cadre-du-zoom-photo-festival-saguenay-la-place-des-autochtones-dans-les-medias-au-coeur-du-debat\/#breadcrumb"},"inLanguage":"fr-CA","potentialAction":[{"@type":"ReadAction","target":["https:\/\/www.uqac.ca\/uqactualites\/2017\/11\/07\/table-ronde-dans-le-cadre-du-zoom-photo-festival-saguenay-la-place-des-autochtones-dans-les-medias-au-coeur-du-debat\/"]}]},{"@type":"ImageObject","inLanguage":"fr-CA","@id":"https:\/\/www.uqac.ca\/uqactualites\/2017\/11\/07\/table-ronde-dans-le-cadre-du-zoom-photo-festival-saguenay-la-place-des-autochtones-dans-les-medias-au-coeur-du-debat\/#primaryimage","url":"https:\/\/www.uqac.ca\/uqactualites\/wp-content\/uploads\/2017\/11\/Table-ronde-Web.jpg","contentUrl":"https:\/\/www.uqac.ca\/uqactualites\/wp-content\/uploads\/2017\/11\/Table-ronde-Web.jpg","width":620,"height":300},{"@type":"BreadcrumbList","@id":"https:\/\/www.uqac.ca\/uqactualites\/2017\/11\/07\/table-ronde-dans-le-cadre-du-zoom-photo-festival-saguenay-la-place-des-autochtones-dans-les-medias-au-coeur-du-debat\/#breadcrumb","itemListElement":[{"@type":"ListItem","position":1,"name":"Home","item":"https:\/\/www.uqac.ca\/uqactualites\/"},{"@type":"ListItem","position":2,"name":"Table ronde dans le cadre du Zoom Photo Festival Saguenay\u00a0: la place des Autochtones dans les m\u00e9dias au c\u0153ur du d\u00e9bat"}]},{"@type":"WebSite","@id":"https:\/\/www.uqac.ca\/uqactualites\/#website","url":"https:\/\/www.uqac.ca\/uqactualites\/","name":"UQACtualit\u00e9s","description":"Le portail des nouvelles de l&#039;UQAC","potentialAction":[{"@type":"SearchAction","target":{"@type":"EntryPoint","urlTemplate":"https:\/\/www.uqac.ca\/uqactualites\/?s={search_term_string}"},"query-input":{"@type":"PropertyValueSpecification","valueRequired":true,"valueName":"search_term_string"}}],"inLanguage":"fr-CA"},{"@type":"Person","@id":"https:\/\/www.uqac.ca\/uqactualites\/#\/schema\/person\/366c45a0c4f0e677b41b4af5886e2018","name":"Service des communications et des relations publiques","image":{"@type":"ImageObject","inLanguage":"fr-CA","@id":"https:\/\/www.uqac.ca\/uqactualites\/#\/schema\/person\/image\/","url":"https:\/\/secure.gravatar.com\/avatar\/20fbbda8a292f59f2d3461a5b999c00b?s=96&d=mm&r=g","contentUrl":"https:\/\/secure.gravatar.com\/avatar\/20fbbda8a292f59f2d3461a5b999c00b?s=96&d=mm&r=g","caption":"Service des communications et des relations publiques"},"url":"https:\/\/www.uqac.ca\/uqactualites\/author\/bap\/"}]}},"_links":{"self":[{"href":"https:\/\/www.uqac.ca\/uqactualites\/wp-json\/wp\/v2\/posts\/33638"}],"collection":[{"href":"https:\/\/www.uqac.ca\/uqactualites\/wp-json\/wp\/v2\/posts"}],"about":[{"href":"https:\/\/www.uqac.ca\/uqactualites\/wp-json\/wp\/v2\/types\/post"}],"author":[{"embeddable":true,"href":"https:\/\/www.uqac.ca\/uqactualites\/wp-json\/wp\/v2\/users\/5"}],"replies":[{"embeddable":true,"href":"https:\/\/www.uqac.ca\/uqactualites\/wp-json\/wp\/v2\/comments?post=33638"}],"version-history":[{"count":0,"href":"https:\/\/www.uqac.ca\/uqactualites\/wp-json\/wp\/v2\/posts\/33638\/revisions"}],"wp:featuredmedia":[{"embeddable":true,"href":"https:\/\/www.uqac.ca\/uqactualites\/wp-json\/wp\/v2\/media\/33640"}],"wp:attachment":[{"href":"https:\/\/www.uqac.ca\/uqactualites\/wp-json\/wp\/v2\/media?parent=33638"}],"wp:term":[{"taxonomy":"category","embeddable":true,"href":"https:\/\/www.uqac.ca\/uqactualites\/wp-json\/wp\/v2\/categories?post=33638"},{"taxonomy":"post_tag","embeddable":true,"href":"https:\/\/www.uqac.ca\/uqactualites\/wp-json\/wp\/v2\/tags?post=33638"}],"curies":[{"name":"wp","href":"https:\/\/api.w.org\/{rel}","templated":true}]}}