{"id":33662,"date":"2017-11-21T16:18:49","date_gmt":"2017-11-21T21:18:49","guid":{"rendered":"http:\/\/www.uqac.ca\/?p=33662"},"modified":"2017-11-21T16:18:49","modified_gmt":"2017-11-21T21:18:49","slug":"lancement-de-la-mission-de-transfert-dexpertise-sur-lutilisation-du-materiau-bois-dans-la-construction","status":"publish","type":"post","link":"https:\/\/www.uqac.ca\/uqactualites\/2017\/11\/21\/lancement-de-la-mission-de-transfert-dexpertise-sur-lutilisation-du-materiau-bois-dans-la-construction\/","title":{"rendered":"Lancement de la mission de transfert d\u2019expertise sur l\u2019utilisation du mat\u00e9riau bois dans la construction"},"content":{"rendered":"<div class=\"entry-photo\"><\/div>\n<div class=\"entry-content clearfix\">\n<div class=\"pf-content\">\n<p>Le Centre du savoir sur mesure et le R\u00e9seau espace-bois de l\u2019Universit\u00e9 du Qu\u00e9bec \u00e0 Chicoutimi, en collaboration avec le Service de la formation continue de l\u2019Universit\u00e9 du Qu\u00e9bec en Abitibi-T\u00e9miscamingue ainsi que le cr\u00e9neau d\u2019excellence\u00a0<em>Syst\u00e8mes de construction en bois d\u2019\u00e9pinette noire<\/em>, ont commenc\u00e9 aujourd\u2019hui leur mission de transfert d\u2019expertise en pr\u00e9sence de M. Luc Blanchette, ministre des For\u00eats, de la Faune et des Parcs.<\/p>\n<p>La mission\u00a0<em>L\u2019innovation et la collaboration au c\u0153ur de la construction non r\u00e9sidentielle en bois<\/em>, qui se d\u00e9roule du 20 au 22 novembre, permet \u00e0 un groupe d\u2019une dizaine de participants venant de partout au Qu\u00e9bec,\u00a0architectes, ing\u00e9nieurs, manufacturiers, entrepreneurs en construction et acteurs de la recherche et de l\u2019innovation, d\u2019accro\u00eetre leurs connaissances sur le mat\u00e9riau bois dans la construction commerciale, industrielle, institutionnelle et multir\u00e9sidentielle.<\/p>\n<p>Durant trois jours, les participants auront l\u2019occasion d\u2019\u00e9changer avec des experts de l\u2019UQAT (Chaire de recherche du Canada sur la valorisation, la caract\u00e9risation et la transformation du bois), de rencontrer d\u2019autres professionnels locaux de l\u2019industrie (Bionor, Artcad, Trame Architecture et Paysage, Hardy construction, SNC Lavalin, WSP, MLS et associ\u00e9s Architectes, Guy Boilard architecte), de d\u00e9couvrir des projets innovateurs comme la maison B\u00e9tula, une construction unimodulaire \u00e0 base d\u2019essence de Bouleau. Une conf\u00e9rence sur les structures hybrides sera \u00e9galement donn\u00e9e par M. Sylvain M\u00e9nard, professeur en g\u00e9nie civil structure bois \u00e0 l\u2019UQAC. Par ailleurs, le groupe de professionnels visitera diff\u00e9rents types de constructions hybrides commerciales, institutionnelles et industrielles\u00a0: le Pavillon des sciences et les r\u00e9sidences \u00e9tudiantes de l\u2019UQAT, le Centre technologique des r\u00e9sidus industriels (CTRI), l\u2019Ar\u00e9na Jean-Marie-Turcotte et les \u00e9difices \u00e0 bureaux de la FTQ et de Gaz M\u00e9tro \u00e0 Rouyn-Noranda; l\u2019\u00c9cole des explorateurs et les logements H\u00e9th\u00e9rington \u00e0 Malartic; la caserne de pompiers, le march\u00e9 public, le Centre de transit minier nordique (CTMN) et K\u00e9pa Transports \u00e0 Val-d\u2019Or.<\/p>\n<p>Cette mission est rendue possible gr\u00e2ce \u00e0 la contribution financi\u00e8re du minist\u00e8re des For\u00eats, de la Faune et des Parcs (MFFP).<\/p>\n<p><strong>\u00c0 propos du bois mat\u00e9riau de construction \u00e0 l\u2019UQAC<br \/>\n<\/strong>Depuis 2012, l\u2019UQAC se positionne \u00e0 l\u2019avant-plan des tendances de formation en ing\u00e9nierie en int\u00e9grant les structures bois dans ses programmes de g\u00e9nie civil. Elle offre aussi un programme court de 2e\u00a0cycle unique au Qu\u00e9bec s\u2019adressant \u00e0 des professionnels en emploi. De plus, le Centre du savoir sur mesure de l\u2019\u00e9tablissement met sur pied d\u2019autres activit\u00e9s de formation continue, telles que des missions de transfert d\u2019expertise \u00e0 l\u2019\u00e9tranger, des ateliers de perfectionnement, des webinaires et des colloques, offerts par l\u2019entremise de sa communaut\u00e9 de pratique, le R\u00e9seau espace-bois. Enfin, un cours en ligne ouvert aux masses (CLOM) est actuellement en cours de production. De cette fa\u00e7on, l\u2019UQAC souhaite former la main-d\u2019\u0153uvre en construction utilisant le bois et, plus largement, renforcer la fili\u00e8re qu\u00e9b\u00e9coise des produits forestiers et son environnement d\u2019affaires.<\/p>\n<\/div>\n<\/div>\n","protected":false},"excerpt":{"rendered":"<p>Le Centre du savoir sur mesure et le R\u00e9seau espace-bois de l\u2019Universit\u00e9 du Qu\u00e9bec \u00e0 Chicoutimi, en collaboration avec le Service de la formation continue de l\u2019Universit\u00e9 du Qu\u00e9bec en Abitibi-T\u00e9miscamingue ainsi que le cr\u00e9neau d\u2019excellence\u00a0Syst\u00e8mes de construction en bois d\u2019\u00e9pinette noire, ont commenc\u00e9 aujourd\u2019hui leur mission de transfert d\u2019expertise en pr\u00e9sence de M. Luc [&hellip;]<\/p>\n","protected":false},"author":5,"featured_media":33663,"comment_status":"open","ping_status":"open","sticky":false,"template":"","format":"standard","meta":{"footnotes":""},"categories":[2,2772],"tags":[],"yoast_head":"<!-- This site is optimized with the Yoast SEO plugin v24.2 - https:\/\/yoast.com\/wordpress\/plugins\/seo\/ -->\r\n<title>Lancement de la mission de transfert d\u2019expertise sur l\u2019utilisation du mat\u00e9riau bois dans la construction - UQACtualit\u00e9s<\/title>\r\n<meta name=\"robots\" content=\"index, follow, max-snippet:-1, max-image-preview:large, max-video-preview:-1\" \/>\r\n<link rel=\"canonical\" href=\"https:\/\/www.uqac.ca\/uqactualites\/2017\/11\/21\/lancement-de-la-mission-de-transfert-dexpertise-sur-lutilisation-du-materiau-bois-dans-la-construction\/\" \/>\r\n<meta property=\"og:locale\" content=\"fr_CA\" \/>\r\n<meta property=\"og:type\" content=\"article\" \/>\r\n<meta property=\"og:title\" content=\"Lancement de la mission de transfert d\u2019expertise sur l\u2019utilisation du mat\u00e9riau bois dans la construction - UQACtualit\u00e9s\" \/>\r\n<meta property=\"og:description\" content=\"Le Centre du savoir sur mesure et le R\u00e9seau espace-bois de l\u2019Universit\u00e9 du Qu\u00e9bec \u00e0 Chicoutimi, en collaboration avec le Service de la formation continue de l\u2019Universit\u00e9 du Qu\u00e9bec en Abitibi-T\u00e9miscamingue ainsi que le cr\u00e9neau d\u2019excellence\u00a0Syst\u00e8mes de construction en bois d\u2019\u00e9pinette noire, ont commenc\u00e9 aujourd\u2019hui leur mission de transfert d\u2019expertise en pr\u00e9sence de M. Luc [&hellip;]\" \/>\r\n<meta property=\"og:url\" content=\"https:\/\/www.uqac.ca\/uqactualites\/2017\/11\/21\/lancement-de-la-mission-de-transfert-dexpertise-sur-lutilisation-du-materiau-bois-dans-la-construction\/\" \/>\r\n<meta property=\"og:site_name\" content=\"UQACtualit\u00e9s\" \/>\r\n<meta property=\"article:published_time\" content=\"2017-11-21T21:18:49+00:00\" \/>\r\n<meta property=\"og:image\" content=\"https:\/\/www.uqac.ca\/uqactualites\/wp-content\/uploads\/2017\/11\/mission_bois_UQAT_UQACtu-scaled.jpg\" \/>\r\n\t<meta property=\"og:image:width\" content=\"2560\" \/>\r\n\t<meta property=\"og:image:height\" content=\"1236\" \/>\r\n\t<meta property=\"og:image:type\" content=\"image\/jpeg\" \/>\r\n<meta name=\"author\" content=\"Service des communications et des relations publiques\" \/>\r\n<meta name=\"twitter:card\" content=\"summary_large_image\" \/>\r\n<meta name=\"twitter:label1\" content=\"\u00c9crit par\" \/>\n\t<meta name=\"twitter:data1\" content=\"Service des communications et des relations publiques\" \/>\n\t<meta name=\"twitter:label2\" content=\"Estimation du temps de lecture\" \/>\n\t<meta name=\"twitter:data2\" content=\"3 minutes\" \/>\r\n<script type=\"application\/ld+json\" class=\"yoast-schema-graph\">{\"@context\":\"https:\/\/schema.org\",\"@graph\":[{\"@type\":\"WebPage\",\"@id\":\"https:\/\/www.uqac.ca\/uqactualites\/2017\/11\/21\/lancement-de-la-mission-de-transfert-dexpertise-sur-lutilisation-du-materiau-bois-dans-la-construction\/\",\"url\":\"https:\/\/www.uqac.ca\/uqactualites\/2017\/11\/21\/lancement-de-la-mission-de-transfert-dexpertise-sur-lutilisation-du-materiau-bois-dans-la-construction\/\",\"name\":\"Lancement de la mission de transfert d\u2019expertise sur l\u2019utilisation du mat\u00e9riau bois dans la construction - UQACtualit\u00e9s\",\"isPartOf\":{\"@id\":\"https:\/\/www.uqac.ca\/uqactualites\/#website\"},\"primaryImageOfPage\":{\"@id\":\"https:\/\/www.uqac.ca\/uqactualites\/2017\/11\/21\/lancement-de-la-mission-de-transfert-dexpertise-sur-lutilisation-du-materiau-bois-dans-la-construction\/#primaryimage\"},\"image\":{\"@id\":\"https:\/\/www.uqac.ca\/uqactualites\/2017\/11\/21\/lancement-de-la-mission-de-transfert-dexpertise-sur-lutilisation-du-materiau-bois-dans-la-construction\/#primaryimage\"},\"thumbnailUrl\":\"https:\/\/www.uqac.ca\/uqactualites\/wp-content\/uploads\/2017\/11\/mission_bois_UQAT_UQACtu-scaled.jpg\",\"datePublished\":\"2017-11-21T21:18:49+00:00\",\"dateModified\":\"2017-11-21T21:18:49+00:00\",\"author\":{\"@id\":\"https:\/\/www.uqac.ca\/uqactualites\/#\/schema\/person\/366c45a0c4f0e677b41b4af5886e2018\"},\"breadcrumb\":{\"@id\":\"https:\/\/www.uqac.ca\/uqactualites\/2017\/11\/21\/lancement-de-la-mission-de-transfert-dexpertise-sur-lutilisation-du-materiau-bois-dans-la-construction\/#breadcrumb\"},\"inLanguage\":\"fr-CA\",\"potentialAction\":[{\"@type\":\"ReadAction\",\"target\":[\"https:\/\/www.uqac.ca\/uqactualites\/2017\/11\/21\/lancement-de-la-mission-de-transfert-dexpertise-sur-lutilisation-du-materiau-bois-dans-la-construction\/\"]}]},{\"@type\":\"ImageObject\",\"inLanguage\":\"fr-CA\",\"@id\":\"https:\/\/www.uqac.ca\/uqactualites\/2017\/11\/21\/lancement-de-la-mission-de-transfert-dexpertise-sur-lutilisation-du-materiau-bois-dans-la-construction\/#primaryimage\",\"url\":\"https:\/\/www.uqac.ca\/uqactualites\/wp-content\/uploads\/2017\/11\/mission_bois_UQAT_UQACtu-scaled.jpg\",\"contentUrl\":\"https:\/\/www.uqac.ca\/uqactualites\/wp-content\/uploads\/2017\/11\/mission_bois_UQAT_UQACtu-scaled.jpg\",\"width\":2560,\"height\":1236},{\"@type\":\"BreadcrumbList\",\"@id\":\"https:\/\/www.uqac.ca\/uqactualites\/2017\/11\/21\/lancement-de-la-mission-de-transfert-dexpertise-sur-lutilisation-du-materiau-bois-dans-la-construction\/#breadcrumb\",\"itemListElement\":[{\"@type\":\"ListItem\",\"position\":1,\"name\":\"Home\",\"item\":\"https:\/\/www.uqac.ca\/uqactualites\/\"},{\"@type\":\"ListItem\",\"position\":2,\"name\":\"Lancement de la mission de transfert d\u2019expertise sur l\u2019utilisation du mat\u00e9riau bois dans la construction\"}]},{\"@type\":\"WebSite\",\"@id\":\"https:\/\/www.uqac.ca\/uqactualites\/#website\",\"url\":\"https:\/\/www.uqac.ca\/uqactualites\/\",\"name\":\"UQACtualit\u00e9s\",\"description\":\"Le portail des nouvelles de l&#039;UQAC\",\"potentialAction\":[{\"@type\":\"SearchAction\",\"target\":{\"@type\":\"EntryPoint\",\"urlTemplate\":\"https:\/\/www.uqac.ca\/uqactualites\/?s={search_term_string}\"},\"query-input\":{\"@type\":\"PropertyValueSpecification\",\"valueRequired\":true,\"valueName\":\"search_term_string\"}}],\"inLanguage\":\"fr-CA\"},{\"@type\":\"Person\",\"@id\":\"https:\/\/www.uqac.ca\/uqactualites\/#\/schema\/person\/366c45a0c4f0e677b41b4af5886e2018\",\"name\":\"Service des communications et des relations publiques\",\"image\":{\"@type\":\"ImageObject\",\"inLanguage\":\"fr-CA\",\"@id\":\"https:\/\/www.uqac.ca\/uqactualites\/#\/schema\/person\/image\/\",\"url\":\"https:\/\/secure.gravatar.com\/avatar\/20fbbda8a292f59f2d3461a5b999c00b?s=96&d=mm&r=g\",\"contentUrl\":\"https:\/\/secure.gravatar.com\/avatar\/20fbbda8a292f59f2d3461a5b999c00b?s=96&d=mm&r=g\",\"caption\":\"Service des communications et des relations publiques\"},\"url\":\"https:\/\/www.uqac.ca\/uqactualites\/author\/bap\/\"}]}<\/script>\r\n<!-- \/ Yoast SEO plugin. -->","yoast_head_json":{"title":"Lancement de la mission de transfert d\u2019expertise sur l\u2019utilisation du mat\u00e9riau bois dans la construction - UQACtualit\u00e9s","robots":{"index":"index","follow":"follow","max-snippet":"max-snippet:-1","max-image-preview":"max-image-preview:large","max-video-preview":"max-video-preview:-1"},"canonical":"https:\/\/www.uqac.ca\/uqactualites\/2017\/11\/21\/lancement-de-la-mission-de-transfert-dexpertise-sur-lutilisation-du-materiau-bois-dans-la-construction\/","og_locale":"fr_CA","og_type":"article","og_title":"Lancement de la mission de transfert d\u2019expertise sur l\u2019utilisation du mat\u00e9riau bois dans la construction - UQACtualit\u00e9s","og_description":"Le Centre du savoir sur mesure et le R\u00e9seau espace-bois de l\u2019Universit\u00e9 du Qu\u00e9bec \u00e0 Chicoutimi, en collaboration avec le Service de la formation continue de l\u2019Universit\u00e9 du Qu\u00e9bec en Abitibi-T\u00e9miscamingue ainsi que le cr\u00e9neau d\u2019excellence\u00a0Syst\u00e8mes de construction en bois d\u2019\u00e9pinette noire, ont commenc\u00e9 aujourd\u2019hui leur mission de transfert d\u2019expertise en pr\u00e9sence de M. Luc [&hellip;]","og_url":"https:\/\/www.uqac.ca\/uqactualites\/2017\/11\/21\/lancement-de-la-mission-de-transfert-dexpertise-sur-lutilisation-du-materiau-bois-dans-la-construction\/","og_site_name":"UQACtualit\u00e9s","article_published_time":"2017-11-21T21:18:49+00:00","og_image":[{"width":2560,"height":1236,"url":"https:\/\/www.uqac.ca\/uqactualites\/wp-content\/uploads\/2017\/11\/mission_bois_UQAT_UQACtu-scaled.jpg","type":"image\/jpeg"}],"author":"Service des communications et des relations publiques","twitter_card":"summary_large_image","twitter_misc":{"\u00c9crit par":"Service des communications et des relations publiques","Estimation du temps de lecture":"3 minutes"},"schema":{"@context":"https:\/\/schema.org","@graph":[{"@type":"WebPage","@id":"https:\/\/www.uqac.ca\/uqactualites\/2017\/11\/21\/lancement-de-la-mission-de-transfert-dexpertise-sur-lutilisation-du-materiau-bois-dans-la-construction\/","url":"https:\/\/www.uqac.ca\/uqactualites\/2017\/11\/21\/lancement-de-la-mission-de-transfert-dexpertise-sur-lutilisation-du-materiau-bois-dans-la-construction\/","name":"Lancement de la mission de transfert d\u2019expertise sur l\u2019utilisation du mat\u00e9riau bois dans la construction - UQACtualit\u00e9s","isPartOf":{"@id":"https:\/\/www.uqac.ca\/uqactualites\/#website"},"primaryImageOfPage":{"@id":"https:\/\/www.uqac.ca\/uqactualites\/2017\/11\/21\/lancement-de-la-mission-de-transfert-dexpertise-sur-lutilisation-du-materiau-bois-dans-la-construction\/#primaryimage"},"image":{"@id":"https:\/\/www.uqac.ca\/uqactualites\/2017\/11\/21\/lancement-de-la-mission-de-transfert-dexpertise-sur-lutilisation-du-materiau-bois-dans-la-construction\/#primaryimage"},"thumbnailUrl":"https:\/\/www.uqac.ca\/uqactualites\/wp-content\/uploads\/2017\/11\/mission_bois_UQAT_UQACtu-scaled.jpg","datePublished":"2017-11-21T21:18:49+00:00","dateModified":"2017-11-21T21:18:49+00:00","author":{"@id":"https:\/\/www.uqac.ca\/uqactualites\/#\/schema\/person\/366c45a0c4f0e677b41b4af5886e2018"},"breadcrumb":{"@id":"https:\/\/www.uqac.ca\/uqactualites\/2017\/11\/21\/lancement-de-la-mission-de-transfert-dexpertise-sur-lutilisation-du-materiau-bois-dans-la-construction\/#breadcrumb"},"inLanguage":"fr-CA","potentialAction":[{"@type":"ReadAction","target":["https:\/\/www.uqac.ca\/uqactualites\/2017\/11\/21\/lancement-de-la-mission-de-transfert-dexpertise-sur-lutilisation-du-materiau-bois-dans-la-construction\/"]}]},{"@type":"ImageObject","inLanguage":"fr-CA","@id":"https:\/\/www.uqac.ca\/uqactualites\/2017\/11\/21\/lancement-de-la-mission-de-transfert-dexpertise-sur-lutilisation-du-materiau-bois-dans-la-construction\/#primaryimage","url":"https:\/\/www.uqac.ca\/uqactualites\/wp-content\/uploads\/2017\/11\/mission_bois_UQAT_UQACtu-scaled.jpg","contentUrl":"https:\/\/www.uqac.ca\/uqactualites\/wp-content\/uploads\/2017\/11\/mission_bois_UQAT_UQACtu-scaled.jpg","width":2560,"height":1236},{"@type":"BreadcrumbList","@id":"https:\/\/www.uqac.ca\/uqactualites\/2017\/11\/21\/lancement-de-la-mission-de-transfert-dexpertise-sur-lutilisation-du-materiau-bois-dans-la-construction\/#breadcrumb","itemListElement":[{"@type":"ListItem","position":1,"name":"Home","item":"https:\/\/www.uqac.ca\/uqactualites\/"},{"@type":"ListItem","position":2,"name":"Lancement de la mission de transfert d\u2019expertise sur l\u2019utilisation du mat\u00e9riau bois dans la construction"}]},{"@type":"WebSite","@id":"https:\/\/www.uqac.ca\/uqactualites\/#website","url":"https:\/\/www.uqac.ca\/uqactualites\/","name":"UQACtualit\u00e9s","description":"Le portail des nouvelles de l&#039;UQAC","potentialAction":[{"@type":"SearchAction","target":{"@type":"EntryPoint","urlTemplate":"https:\/\/www.uqac.ca\/uqactualites\/?s={search_term_string}"},"query-input":{"@type":"PropertyValueSpecification","valueRequired":true,"valueName":"search_term_string"}}],"inLanguage":"fr-CA"},{"@type":"Person","@id":"https:\/\/www.uqac.ca\/uqactualites\/#\/schema\/person\/366c45a0c4f0e677b41b4af5886e2018","name":"Service des communications et des relations publiques","image":{"@type":"ImageObject","inLanguage":"fr-CA","@id":"https:\/\/www.uqac.ca\/uqactualites\/#\/schema\/person\/image\/","url":"https:\/\/secure.gravatar.com\/avatar\/20fbbda8a292f59f2d3461a5b999c00b?s=96&d=mm&r=g","contentUrl":"https:\/\/secure.gravatar.com\/avatar\/20fbbda8a292f59f2d3461a5b999c00b?s=96&d=mm&r=g","caption":"Service des communications et des relations publiques"},"url":"https:\/\/www.uqac.ca\/uqactualites\/author\/bap\/"}]}},"_links":{"self":[{"href":"https:\/\/www.uqac.ca\/uqactualites\/wp-json\/wp\/v2\/posts\/33662"}],"collection":[{"href":"https:\/\/www.uqac.ca\/uqactualites\/wp-json\/wp\/v2\/posts"}],"about":[{"href":"https:\/\/www.uqac.ca\/uqactualites\/wp-json\/wp\/v2\/types\/post"}],"author":[{"embeddable":true,"href":"https:\/\/www.uqac.ca\/uqactualites\/wp-json\/wp\/v2\/users\/5"}],"replies":[{"embeddable":true,"href":"https:\/\/www.uqac.ca\/uqactualites\/wp-json\/wp\/v2\/comments?post=33662"}],"version-history":[{"count":0,"href":"https:\/\/www.uqac.ca\/uqactualites\/wp-json\/wp\/v2\/posts\/33662\/revisions"}],"wp:featuredmedia":[{"embeddable":true,"href":"https:\/\/www.uqac.ca\/uqactualites\/wp-json\/wp\/v2\/media\/33663"}],"wp:attachment":[{"href":"https:\/\/www.uqac.ca\/uqactualites\/wp-json\/wp\/v2\/media?parent=33662"}],"wp:term":[{"taxonomy":"category","embeddable":true,"href":"https:\/\/www.uqac.ca\/uqactualites\/wp-json\/wp\/v2\/categories?post=33662"},{"taxonomy":"post_tag","embeddable":true,"href":"https:\/\/www.uqac.ca\/uqactualites\/wp-json\/wp\/v2\/tags?post=33662"}],"curies":[{"name":"wp","href":"https:\/\/api.w.org\/{rel}","templated":true}]}}