{"id":33666,"date":"2017-11-22T11:05:45","date_gmt":"2017-11-22T16:05:45","guid":{"rendered":"http:\/\/www.uqac.ca\/?p=33666"},"modified":"2024-04-06T11:28:10","modified_gmt":"2024-04-06T15:28:10","slug":"programme-de-formation-pratique-en-enseignement-39-enseignants-associes-formateurs-de-stagiaires-recompenses","status":"publish","type":"post","link":"https:\/\/www.uqac.ca\/uqactualites\/2017\/11\/22\/programme-de-formation-pratique-en-enseignement-39-enseignants-associes-formateurs-de-stagiaires-recompenses\/","title":{"rendered":"Programme de formation pratique en enseignement\u00a0: 39 enseignants associ\u00e9s formateurs de stagiaires r\u00e9compens\u00e9s"},"content":{"rendered":"<p>Pas moins de 39\u00a0enseignants des quatre commissions scolaires de la r\u00e9gion ont \u00e9t\u00e9 honor\u00e9s en octobre dernier pour leur participation au Programme de formation pratique en enseignement concernant l\u2019accompagnement des stagiaires en milieu scolaire. Mis sur pied par le Bureau de la formation pratique en enseignement du D\u00e9partement des sciences de l\u2019\u00e9ducation de l\u2019UQAC et t\u00e9moignant d\u2019un bel exemple de collaboration entre l\u2019Universit\u00e9 et ses partenaires r\u00e9gionaux du milieu scolaire, l\u2019\u00e9v\u00e9nement \u00e9tait \u00e9galement l\u2019occasion de souligner la dixi\u00e8me \u00e9dition du partenariat.<\/p>\n<p>On d\u00e9nombre jusqu\u2019\u00e0 pr\u00e9sent plus de 440\u00a0finissants en provenance des commissions scolaires r\u00e9gionales. C\u2019est aussi \u00e0 peu pr\u00e8s le nombre de dossiers actifs d\u2019enseignants de la r\u00e9gion qui sont pr\u00e9sentement engag\u00e9s dans l\u2019une ou l\u2019autre des formations offertes qui visent \u00e0 mieux comprendre et s\u2019approprier son r\u00f4le de formateur de stagiaires; \u00e0 conna\u00eetre des pratiques d\u2019accompagnement et \u00e0 identifier certains obstacles susceptibles de survenir; \u00e0 d\u00e9couvrir et exp\u00e9rimenter diff\u00e9rentes m\u00e9thodes et outils de formation; et \u00e0 \u00e9valuer efficacement les comp\u00e9tences professionnelles en cours et en fin de stage.<\/p>\n<p>Toutes nos f\u00e9licitations!<\/p>\n<p>&nbsp;<\/p>\n<p><span style=\"color: #808080\"><strong>Photo\u00a0:<\/strong> Une partie du groupe des enseignants \u00e0 avoir compl\u00e9t\u00e9, au courant de l\u2019ann\u00e9e scolaire 2016-2017, le Programme de formation pratique en enseignement concernant l\u2019accompagnement des stagiaires en milieu scolaire<\/span><br \/>\n<span style=\"color: #808080\"><strong>\u00a9 Gracieuset\u00e9<\/strong><\/span><\/p>\n","protected":false},"excerpt":{"rendered":"<p>Pas moins de 39\u00a0enseignants des quatre commissions scolaires de la r\u00e9gion ont \u00e9t\u00e9 honor\u00e9s en octobre dernier pour leur participation au Programme de formation pratique en enseignement concernant l\u2019accompagnement des stagiaires en milieu scolaire. Mis sur pied par le Bureau de la formation pratique en enseignement du D\u00e9partement des sciences de l\u2019\u00e9ducation de l\u2019UQAC et [&hellip;]<\/p>\n","protected":false},"author":5,"featured_media":33667,"comment_status":"open","ping_status":"open","sticky":false,"template":"","format":"standard","meta":{"footnotes":""},"categories":[2,2854],"tags":[],"yoast_head":"<!-- This site is optimized with the Yoast SEO plugin v24.2 - https:\/\/yoast.com\/wordpress\/plugins\/seo\/ -->\r\n<title>Programme de formation pratique en enseignement\u00a0: 39 enseignants associ\u00e9s formateurs de stagiaires r\u00e9compens\u00e9s - UQACtualit\u00e9s<\/title>\r\n<meta name=\"robots\" content=\"index, follow, max-snippet:-1, max-image-preview:large, max-video-preview:-1\" \/>\r\n<link rel=\"canonical\" href=\"https:\/\/www.uqac.ca\/uqactualites\/2017\/11\/22\/programme-de-formation-pratique-en-enseignement-39-enseignants-associes-formateurs-de-stagiaires-recompenses\/\" \/>\r\n<meta property=\"og:locale\" content=\"fr_CA\" \/>\r\n<meta property=\"og:type\" content=\"article\" \/>\r\n<meta property=\"og:title\" content=\"Programme de formation pratique en enseignement\u00a0: 39 enseignants associ\u00e9s formateurs de stagiaires r\u00e9compens\u00e9s - UQACtualit\u00e9s\" \/>\r\n<meta property=\"og:description\" content=\"Pas moins de 39\u00a0enseignants des quatre commissions scolaires de la r\u00e9gion ont \u00e9t\u00e9 honor\u00e9s en octobre dernier pour leur participation au Programme de formation pratique en enseignement concernant l\u2019accompagnement des stagiaires en milieu scolaire. Mis sur pied par le Bureau de la formation pratique en enseignement du D\u00e9partement des sciences de l\u2019\u00e9ducation de l\u2019UQAC et [&hellip;]\" \/>\r\n<meta property=\"og:url\" content=\"https:\/\/www.uqac.ca\/uqactualites\/2017\/11\/22\/programme-de-formation-pratique-en-enseignement-39-enseignants-associes-formateurs-de-stagiaires-recompenses\/\" \/>\r\n<meta property=\"og:site_name\" content=\"UQACtualit\u00e9s\" \/>\r\n<meta property=\"article:published_time\" content=\"2017-11-22T16:05:45+00:00\" \/>\r\n<meta property=\"article:modified_time\" content=\"2024-04-06T15:28:10+00:00\" \/>\r\n<meta property=\"og:image\" content=\"https:\/\/www.uqac.ca\/uqactualites\/wp-content\/uploads\/2017\/11\/DSE-Web-Gracieuset\u00e9.jpg\" \/>\r\n\t<meta property=\"og:image:width\" content=\"620\" \/>\r\n\t<meta property=\"og:image:height\" content=\"300\" \/>\r\n\t<meta property=\"og:image:type\" content=\"image\/jpeg\" \/>\r\n<meta name=\"author\" content=\"Service des communications et des relations publiques\" \/>\r\n<meta name=\"twitter:card\" content=\"summary_large_image\" \/>\r\n<meta name=\"twitter:label1\" content=\"\u00c9crit par\" \/>\n\t<meta name=\"twitter:data1\" content=\"Service des communications et des relations publiques\" \/>\n\t<meta name=\"twitter:label2\" content=\"Estimation du temps de lecture\" \/>\n\t<meta name=\"twitter:data2\" content=\"1 minute\" \/>\r\n<script type=\"application\/ld+json\" class=\"yoast-schema-graph\">{\"@context\":\"https:\/\/schema.org\",\"@graph\":[{\"@type\":\"WebPage\",\"@id\":\"https:\/\/www.uqac.ca\/uqactualites\/2017\/11\/22\/programme-de-formation-pratique-en-enseignement-39-enseignants-associes-formateurs-de-stagiaires-recompenses\/\",\"url\":\"https:\/\/www.uqac.ca\/uqactualites\/2017\/11\/22\/programme-de-formation-pratique-en-enseignement-39-enseignants-associes-formateurs-de-stagiaires-recompenses\/\",\"name\":\"Programme de formation pratique en enseignement\u00a0: 39 enseignants associ\u00e9s formateurs de stagiaires r\u00e9compens\u00e9s - UQACtualit\u00e9s\",\"isPartOf\":{\"@id\":\"https:\/\/www.uqac.ca\/uqactualites\/#website\"},\"primaryImageOfPage\":{\"@id\":\"https:\/\/www.uqac.ca\/uqactualites\/2017\/11\/22\/programme-de-formation-pratique-en-enseignement-39-enseignants-associes-formateurs-de-stagiaires-recompenses\/#primaryimage\"},\"image\":{\"@id\":\"https:\/\/www.uqac.ca\/uqactualites\/2017\/11\/22\/programme-de-formation-pratique-en-enseignement-39-enseignants-associes-formateurs-de-stagiaires-recompenses\/#primaryimage\"},\"thumbnailUrl\":\"https:\/\/www.uqac.ca\/uqactualites\/wp-content\/uploads\/2017\/11\/DSE-Web-Gracieuset\u00e9.jpg\",\"datePublished\":\"2017-11-22T16:05:45+00:00\",\"dateModified\":\"2024-04-06T15:28:10+00:00\",\"author\":{\"@id\":\"https:\/\/www.uqac.ca\/uqactualites\/#\/schema\/person\/366c45a0c4f0e677b41b4af5886e2018\"},\"breadcrumb\":{\"@id\":\"https:\/\/www.uqac.ca\/uqactualites\/2017\/11\/22\/programme-de-formation-pratique-en-enseignement-39-enseignants-associes-formateurs-de-stagiaires-recompenses\/#breadcrumb\"},\"inLanguage\":\"fr-CA\",\"potentialAction\":[{\"@type\":\"ReadAction\",\"target\":[\"https:\/\/www.uqac.ca\/uqactualites\/2017\/11\/22\/programme-de-formation-pratique-en-enseignement-39-enseignants-associes-formateurs-de-stagiaires-recompenses\/\"]}]},{\"@type\":\"ImageObject\",\"inLanguage\":\"fr-CA\",\"@id\":\"https:\/\/www.uqac.ca\/uqactualites\/2017\/11\/22\/programme-de-formation-pratique-en-enseignement-39-enseignants-associes-formateurs-de-stagiaires-recompenses\/#primaryimage\",\"url\":\"https:\/\/www.uqac.ca\/uqactualites\/wp-content\/uploads\/2017\/11\/DSE-Web-Gracieuset\u00e9.jpg\",\"contentUrl\":\"https:\/\/www.uqac.ca\/uqactualites\/wp-content\/uploads\/2017\/11\/DSE-Web-Gracieuset\u00e9.jpg\",\"width\":620,\"height\":300},{\"@type\":\"BreadcrumbList\",\"@id\":\"https:\/\/www.uqac.ca\/uqactualites\/2017\/11\/22\/programme-de-formation-pratique-en-enseignement-39-enseignants-associes-formateurs-de-stagiaires-recompenses\/#breadcrumb\",\"itemListElement\":[{\"@type\":\"ListItem\",\"position\":1,\"name\":\"Home\",\"item\":\"https:\/\/www.uqac.ca\/uqactualites\/\"},{\"@type\":\"ListItem\",\"position\":2,\"name\":\"Programme de formation pratique en enseignement\u00a0: 39 enseignants associ\u00e9s formateurs de stagiaires r\u00e9compens\u00e9s\"}]},{\"@type\":\"WebSite\",\"@id\":\"https:\/\/www.uqac.ca\/uqactualites\/#website\",\"url\":\"https:\/\/www.uqac.ca\/uqactualites\/\",\"name\":\"UQACtualit\u00e9s\",\"description\":\"Le portail des nouvelles de l&#039;UQAC\",\"potentialAction\":[{\"@type\":\"SearchAction\",\"target\":{\"@type\":\"EntryPoint\",\"urlTemplate\":\"https:\/\/www.uqac.ca\/uqactualites\/?s={search_term_string}\"},\"query-input\":{\"@type\":\"PropertyValueSpecification\",\"valueRequired\":true,\"valueName\":\"search_term_string\"}}],\"inLanguage\":\"fr-CA\"},{\"@type\":\"Person\",\"@id\":\"https:\/\/www.uqac.ca\/uqactualites\/#\/schema\/person\/366c45a0c4f0e677b41b4af5886e2018\",\"name\":\"Service des communications et des relations publiques\",\"image\":{\"@type\":\"ImageObject\",\"inLanguage\":\"fr-CA\",\"@id\":\"https:\/\/www.uqac.ca\/uqactualites\/#\/schema\/person\/image\/\",\"url\":\"https:\/\/secure.gravatar.com\/avatar\/20fbbda8a292f59f2d3461a5b999c00b?s=96&d=mm&r=g\",\"contentUrl\":\"https:\/\/secure.gravatar.com\/avatar\/20fbbda8a292f59f2d3461a5b999c00b?s=96&d=mm&r=g\",\"caption\":\"Service des communications et des relations publiques\"},\"url\":\"https:\/\/www.uqac.ca\/uqactualites\/author\/bap\/\"}]}<\/script>\r\n<!-- \/ Yoast SEO plugin. -->","yoast_head_json":{"title":"Programme de formation pratique en enseignement\u00a0: 39 enseignants associ\u00e9s formateurs de stagiaires r\u00e9compens\u00e9s - UQACtualit\u00e9s","robots":{"index":"index","follow":"follow","max-snippet":"max-snippet:-1","max-image-preview":"max-image-preview:large","max-video-preview":"max-video-preview:-1"},"canonical":"https:\/\/www.uqac.ca\/uqactualites\/2017\/11\/22\/programme-de-formation-pratique-en-enseignement-39-enseignants-associes-formateurs-de-stagiaires-recompenses\/","og_locale":"fr_CA","og_type":"article","og_title":"Programme de formation pratique en enseignement\u00a0: 39 enseignants associ\u00e9s formateurs de stagiaires r\u00e9compens\u00e9s - UQACtualit\u00e9s","og_description":"Pas moins de 39\u00a0enseignants des quatre commissions scolaires de la r\u00e9gion ont \u00e9t\u00e9 honor\u00e9s en octobre dernier pour leur participation au Programme de formation pratique en enseignement concernant l\u2019accompagnement des stagiaires en milieu scolaire. Mis sur pied par le Bureau de la formation pratique en enseignement du D\u00e9partement des sciences de l\u2019\u00e9ducation de l\u2019UQAC et [&hellip;]","og_url":"https:\/\/www.uqac.ca\/uqactualites\/2017\/11\/22\/programme-de-formation-pratique-en-enseignement-39-enseignants-associes-formateurs-de-stagiaires-recompenses\/","og_site_name":"UQACtualit\u00e9s","article_published_time":"2017-11-22T16:05:45+00:00","article_modified_time":"2024-04-06T15:28:10+00:00","og_image":[{"width":620,"height":300,"url":"https:\/\/www.uqac.ca\/uqactualites\/wp-content\/uploads\/2017\/11\/DSE-Web-Gracieuset\u00e9.jpg","type":"image\/jpeg"}],"author":"Service des communications et des relations publiques","twitter_card":"summary_large_image","twitter_misc":{"\u00c9crit par":"Service des communications et des relations publiques","Estimation du temps de lecture":"1 minute"},"schema":{"@context":"https:\/\/schema.org","@graph":[{"@type":"WebPage","@id":"https:\/\/www.uqac.ca\/uqactualites\/2017\/11\/22\/programme-de-formation-pratique-en-enseignement-39-enseignants-associes-formateurs-de-stagiaires-recompenses\/","url":"https:\/\/www.uqac.ca\/uqactualites\/2017\/11\/22\/programme-de-formation-pratique-en-enseignement-39-enseignants-associes-formateurs-de-stagiaires-recompenses\/","name":"Programme de formation pratique en enseignement\u00a0: 39 enseignants associ\u00e9s formateurs de stagiaires r\u00e9compens\u00e9s - UQACtualit\u00e9s","isPartOf":{"@id":"https:\/\/www.uqac.ca\/uqactualites\/#website"},"primaryImageOfPage":{"@id":"https:\/\/www.uqac.ca\/uqactualites\/2017\/11\/22\/programme-de-formation-pratique-en-enseignement-39-enseignants-associes-formateurs-de-stagiaires-recompenses\/#primaryimage"},"image":{"@id":"https:\/\/www.uqac.ca\/uqactualites\/2017\/11\/22\/programme-de-formation-pratique-en-enseignement-39-enseignants-associes-formateurs-de-stagiaires-recompenses\/#primaryimage"},"thumbnailUrl":"https:\/\/www.uqac.ca\/uqactualites\/wp-content\/uploads\/2017\/11\/DSE-Web-Gracieuset\u00e9.jpg","datePublished":"2017-11-22T16:05:45+00:00","dateModified":"2024-04-06T15:28:10+00:00","author":{"@id":"https:\/\/www.uqac.ca\/uqactualites\/#\/schema\/person\/366c45a0c4f0e677b41b4af5886e2018"},"breadcrumb":{"@id":"https:\/\/www.uqac.ca\/uqactualites\/2017\/11\/22\/programme-de-formation-pratique-en-enseignement-39-enseignants-associes-formateurs-de-stagiaires-recompenses\/#breadcrumb"},"inLanguage":"fr-CA","potentialAction":[{"@type":"ReadAction","target":["https:\/\/www.uqac.ca\/uqactualites\/2017\/11\/22\/programme-de-formation-pratique-en-enseignement-39-enseignants-associes-formateurs-de-stagiaires-recompenses\/"]}]},{"@type":"ImageObject","inLanguage":"fr-CA","@id":"https:\/\/www.uqac.ca\/uqactualites\/2017\/11\/22\/programme-de-formation-pratique-en-enseignement-39-enseignants-associes-formateurs-de-stagiaires-recompenses\/#primaryimage","url":"https:\/\/www.uqac.ca\/uqactualites\/wp-content\/uploads\/2017\/11\/DSE-Web-Gracieuset\u00e9.jpg","contentUrl":"https:\/\/www.uqac.ca\/uqactualites\/wp-content\/uploads\/2017\/11\/DSE-Web-Gracieuset\u00e9.jpg","width":620,"height":300},{"@type":"BreadcrumbList","@id":"https:\/\/www.uqac.ca\/uqactualites\/2017\/11\/22\/programme-de-formation-pratique-en-enseignement-39-enseignants-associes-formateurs-de-stagiaires-recompenses\/#breadcrumb","itemListElement":[{"@type":"ListItem","position":1,"name":"Home","item":"https:\/\/www.uqac.ca\/uqactualites\/"},{"@type":"ListItem","position":2,"name":"Programme de formation pratique en enseignement\u00a0: 39 enseignants associ\u00e9s formateurs de stagiaires r\u00e9compens\u00e9s"}]},{"@type":"WebSite","@id":"https:\/\/www.uqac.ca\/uqactualites\/#website","url":"https:\/\/www.uqac.ca\/uqactualites\/","name":"UQACtualit\u00e9s","description":"Le portail des nouvelles de l&#039;UQAC","potentialAction":[{"@type":"SearchAction","target":{"@type":"EntryPoint","urlTemplate":"https:\/\/www.uqac.ca\/uqactualites\/?s={search_term_string}"},"query-input":{"@type":"PropertyValueSpecification","valueRequired":true,"valueName":"search_term_string"}}],"inLanguage":"fr-CA"},{"@type":"Person","@id":"https:\/\/www.uqac.ca\/uqactualites\/#\/schema\/person\/366c45a0c4f0e677b41b4af5886e2018","name":"Service des communications et des relations publiques","image":{"@type":"ImageObject","inLanguage":"fr-CA","@id":"https:\/\/www.uqac.ca\/uqactualites\/#\/schema\/person\/image\/","url":"https:\/\/secure.gravatar.com\/avatar\/20fbbda8a292f59f2d3461a5b999c00b?s=96&d=mm&r=g","contentUrl":"https:\/\/secure.gravatar.com\/avatar\/20fbbda8a292f59f2d3461a5b999c00b?s=96&d=mm&r=g","caption":"Service des communications et des relations publiques"},"url":"https:\/\/www.uqac.ca\/uqactualites\/author\/bap\/"}]}},"_links":{"self":[{"href":"https:\/\/www.uqac.ca\/uqactualites\/wp-json\/wp\/v2\/posts\/33666"}],"collection":[{"href":"https:\/\/www.uqac.ca\/uqactualites\/wp-json\/wp\/v2\/posts"}],"about":[{"href":"https:\/\/www.uqac.ca\/uqactualites\/wp-json\/wp\/v2\/types\/post"}],"author":[{"embeddable":true,"href":"https:\/\/www.uqac.ca\/uqactualites\/wp-json\/wp\/v2\/users\/5"}],"replies":[{"embeddable":true,"href":"https:\/\/www.uqac.ca\/uqactualites\/wp-json\/wp\/v2\/comments?post=33666"}],"version-history":[{"count":1,"href":"https:\/\/www.uqac.ca\/uqactualites\/wp-json\/wp\/v2\/posts\/33666\/revisions"}],"predecessor-version":[{"id":46703,"href":"https:\/\/www.uqac.ca\/uqactualites\/wp-json\/wp\/v2\/posts\/33666\/revisions\/46703"}],"wp:featuredmedia":[{"embeddable":true,"href":"https:\/\/www.uqac.ca\/uqactualites\/wp-json\/wp\/v2\/media\/33667"}],"wp:attachment":[{"href":"https:\/\/www.uqac.ca\/uqactualites\/wp-json\/wp\/v2\/media?parent=33666"}],"wp:term":[{"taxonomy":"category","embeddable":true,"href":"https:\/\/www.uqac.ca\/uqactualites\/wp-json\/wp\/v2\/categories?post=33666"},{"taxonomy":"post_tag","embeddable":true,"href":"https:\/\/www.uqac.ca\/uqactualites\/wp-json\/wp\/v2\/tags?post=33666"}],"curies":[{"name":"wp","href":"https:\/\/api.w.org\/{rel}","templated":true}]}}