{"id":33669,"date":"2017-11-24T10:15:45","date_gmt":"2017-11-24T15:15:45","guid":{"rendered":"http:\/\/www.uqac.ca\/?p=33669"},"modified":"2017-11-24T10:15:45","modified_gmt":"2017-11-24T15:15:45","slug":"les-universitaires-du-troisieme-age-fetent-leur-30e-anniversaire","status":"publish","type":"post","link":"https:\/\/www.uqac.ca\/uqactualites\/2017\/11\/24\/les-universitaires-du-troisieme-age-fetent-leur-30e-anniversaire\/","title":{"rendered":"Les Universitaires du troisi\u00e8me \u00e2ge f\u00eatent leur 30e anniversaire"},"content":{"rendered":"<p>L\u2019association des Universitaires du troisi\u00e8me \u00e2ge (UTA) f\u00eate cette ann\u00e9e ses 30 ans. Mise en place en 1987, l\u2019association \u00e9tait alors un projet audacieux qui visait \u00e0\u00a0repr\u00e9senter ses membres aupr\u00e8s de l\u2019UQAC et ainsi leur permettre d\u2019acc\u00e9der \u00e0 un lieu de perfectionnement et de rencontres.<\/p>\n<p>Afin de c\u00e9l\u00e9brer cet important anniversaire, une rencontre festive a \u00e9t\u00e9 propos\u00e9e le 14 novembre dernier. \u00c0 cette occasion, quelque 60 convives se sont donn\u00e9 rendez-vous \u00e0 la Pulperie de Chicoutimi pour souligner l\u2019engagement de toutes les personnes qui ont su, par leur d\u00e9termination, mener \u00e0 bien la mission de l\u2019association. Un panel de discussion, auquel participaient notamment l\u2019un des fondateurs des UTA ainsi que des ex-pr\u00e9sidentes de l\u2019association, a \u00e9galement \u00e9t\u00e9 propos\u00e9 au cours de la journ\u00e9e.<\/p>\n<p>C\u2019est en \u00e9troite collaboration avec le Centre du savoir sur mesure (CESAM) de l\u2019UQAC que les UTA proposent, chaque trimestre, un cours sp\u00e9cifiquement d\u00e9di\u00e9 aux membres de l\u2019association. Pour en savoir plus, consultez la\u00a0<span style=\"color: #6b8a16\"><strong><a href=\"http:\/\/cesam.uqac.ca\/programmes\/les-uta\/\" target=\"_blank\" rel=\"noopener\">page Web des UTA<\/a><\/strong><\/span>.<\/p>\n<p><span style=\"color: #808080\"><strong>Photo :<\/strong>\u00a0Esther Larouche, Antide C\u00f4t\u00e9, l&rsquo;abb\u00e9 Florent Villeneuve et Christiane Pilote, animatrice du panel Hommage-reconnaissance<\/span><\/p>\n","protected":false},"excerpt":{"rendered":"<p>L\u2019association des Universitaires du troisi\u00e8me \u00e2ge (UTA) f\u00eate cette ann\u00e9e ses 30 ans. Mise en place en 1987, l\u2019association \u00e9tait alors un projet audacieux qui visait \u00e0\u00a0repr\u00e9senter ses membres aupr\u00e8s de l\u2019UQAC et ainsi leur permettre d\u2019acc\u00e9der \u00e0 un lieu de perfectionnement et de rencontres. Afin de c\u00e9l\u00e9brer cet important anniversaire, une rencontre festive a [&hellip;]<\/p>\n","protected":false},"author":5,"featured_media":33672,"comment_status":"open","ping_status":"open","sticky":false,"template":"","format":"standard","meta":{"footnotes":""},"categories":[2],"tags":[],"yoast_head":"<!-- This site is optimized with the Yoast SEO plugin v24.2 - https:\/\/yoast.com\/wordpress\/plugins\/seo\/ -->\r\n<title>Les Universitaires du troisi\u00e8me \u00e2ge f\u00eatent leur 30e anniversaire - UQACtualit\u00e9s<\/title>\r\n<meta name=\"robots\" content=\"index, follow, max-snippet:-1, max-image-preview:large, max-video-preview:-1\" \/>\r\n<link rel=\"canonical\" href=\"https:\/\/www.uqac.ca\/uqactualites\/2017\/11\/24\/les-universitaires-du-troisieme-age-fetent-leur-30e-anniversaire\/\" \/>\r\n<meta property=\"og:locale\" content=\"fr_CA\" \/>\r\n<meta property=\"og:type\" content=\"article\" \/>\r\n<meta property=\"og:title\" content=\"Les Universitaires du troisi\u00e8me \u00e2ge f\u00eatent leur 30e anniversaire - UQACtualit\u00e9s\" \/>\r\n<meta property=\"og:description\" content=\"L\u2019association des Universitaires du troisi\u00e8me \u00e2ge (UTA) f\u00eate cette ann\u00e9e ses 30 ans. Mise en place en 1987, l\u2019association \u00e9tait alors un projet audacieux qui visait \u00e0\u00a0repr\u00e9senter ses membres aupr\u00e8s de l\u2019UQAC et ainsi leur permettre d\u2019acc\u00e9der \u00e0 un lieu de perfectionnement et de rencontres. Afin de c\u00e9l\u00e9brer cet important anniversaire, une rencontre festive a [&hellip;]\" \/>\r\n<meta property=\"og:url\" content=\"https:\/\/www.uqac.ca\/uqactualites\/2017\/11\/24\/les-universitaires-du-troisieme-age-fetent-leur-30e-anniversaire\/\" \/>\r\n<meta property=\"og:site_name\" content=\"UQACtualit\u00e9s\" \/>\r\n<meta property=\"article:published_time\" content=\"2017-11-24T15:15:45+00:00\" \/>\r\n<meta property=\"og:image\" content=\"https:\/\/www.uqac.ca\/uqactualites\/wp-content\/uploads\/2017\/11\/UTA1-Web-Gracieuset\u00e9.jpg\" \/>\r\n\t<meta property=\"og:image:width\" content=\"620\" \/>\r\n\t<meta property=\"og:image:height\" content=\"300\" \/>\r\n\t<meta property=\"og:image:type\" content=\"image\/jpeg\" \/>\r\n<meta name=\"author\" content=\"Service des communications et des relations publiques\" \/>\r\n<meta name=\"twitter:card\" content=\"summary_large_image\" \/>\r\n<meta name=\"twitter:label1\" content=\"\u00c9crit par\" \/>\n\t<meta name=\"twitter:data1\" content=\"Service des communications et des relations publiques\" \/>\n\t<meta name=\"twitter:label2\" content=\"Estimation du temps de lecture\" \/>\n\t<meta name=\"twitter:data2\" content=\"1 minute\" \/>\r\n<script type=\"application\/ld+json\" class=\"yoast-schema-graph\">{\"@context\":\"https:\/\/schema.org\",\"@graph\":[{\"@type\":\"WebPage\",\"@id\":\"https:\/\/www.uqac.ca\/uqactualites\/2017\/11\/24\/les-universitaires-du-troisieme-age-fetent-leur-30e-anniversaire\/\",\"url\":\"https:\/\/www.uqac.ca\/uqactualites\/2017\/11\/24\/les-universitaires-du-troisieme-age-fetent-leur-30e-anniversaire\/\",\"name\":\"Les Universitaires du troisi\u00e8me \u00e2ge f\u00eatent leur 30e anniversaire - UQACtualit\u00e9s\",\"isPartOf\":{\"@id\":\"https:\/\/www.uqac.ca\/uqactualites\/#website\"},\"primaryImageOfPage\":{\"@id\":\"https:\/\/www.uqac.ca\/uqactualites\/2017\/11\/24\/les-universitaires-du-troisieme-age-fetent-leur-30e-anniversaire\/#primaryimage\"},\"image\":{\"@id\":\"https:\/\/www.uqac.ca\/uqactualites\/2017\/11\/24\/les-universitaires-du-troisieme-age-fetent-leur-30e-anniversaire\/#primaryimage\"},\"thumbnailUrl\":\"https:\/\/www.uqac.ca\/uqactualites\/wp-content\/uploads\/2017\/11\/UTA1-Web-Gracieuset\u00e9.jpg\",\"datePublished\":\"2017-11-24T15:15:45+00:00\",\"dateModified\":\"2017-11-24T15:15:45+00:00\",\"author\":{\"@id\":\"https:\/\/www.uqac.ca\/uqactualites\/#\/schema\/person\/366c45a0c4f0e677b41b4af5886e2018\"},\"breadcrumb\":{\"@id\":\"https:\/\/www.uqac.ca\/uqactualites\/2017\/11\/24\/les-universitaires-du-troisieme-age-fetent-leur-30e-anniversaire\/#breadcrumb\"},\"inLanguage\":\"fr-CA\",\"potentialAction\":[{\"@type\":\"ReadAction\",\"target\":[\"https:\/\/www.uqac.ca\/uqactualites\/2017\/11\/24\/les-universitaires-du-troisieme-age-fetent-leur-30e-anniversaire\/\"]}]},{\"@type\":\"ImageObject\",\"inLanguage\":\"fr-CA\",\"@id\":\"https:\/\/www.uqac.ca\/uqactualites\/2017\/11\/24\/les-universitaires-du-troisieme-age-fetent-leur-30e-anniversaire\/#primaryimage\",\"url\":\"https:\/\/www.uqac.ca\/uqactualites\/wp-content\/uploads\/2017\/11\/UTA1-Web-Gracieuset\u00e9.jpg\",\"contentUrl\":\"https:\/\/www.uqac.ca\/uqactualites\/wp-content\/uploads\/2017\/11\/UTA1-Web-Gracieuset\u00e9.jpg\",\"width\":620,\"height\":300},{\"@type\":\"BreadcrumbList\",\"@id\":\"https:\/\/www.uqac.ca\/uqactualites\/2017\/11\/24\/les-universitaires-du-troisieme-age-fetent-leur-30e-anniversaire\/#breadcrumb\",\"itemListElement\":[{\"@type\":\"ListItem\",\"position\":1,\"name\":\"Home\",\"item\":\"https:\/\/www.uqac.ca\/uqactualites\/\"},{\"@type\":\"ListItem\",\"position\":2,\"name\":\"Les Universitaires du troisi\u00e8me \u00e2ge f\u00eatent leur 30e anniversaire\"}]},{\"@type\":\"WebSite\",\"@id\":\"https:\/\/www.uqac.ca\/uqactualites\/#website\",\"url\":\"https:\/\/www.uqac.ca\/uqactualites\/\",\"name\":\"UQACtualit\u00e9s\",\"description\":\"Le portail des nouvelles de l&#039;UQAC\",\"potentialAction\":[{\"@type\":\"SearchAction\",\"target\":{\"@type\":\"EntryPoint\",\"urlTemplate\":\"https:\/\/www.uqac.ca\/uqactualites\/?s={search_term_string}\"},\"query-input\":{\"@type\":\"PropertyValueSpecification\",\"valueRequired\":true,\"valueName\":\"search_term_string\"}}],\"inLanguage\":\"fr-CA\"},{\"@type\":\"Person\",\"@id\":\"https:\/\/www.uqac.ca\/uqactualites\/#\/schema\/person\/366c45a0c4f0e677b41b4af5886e2018\",\"name\":\"Service des communications et des relations publiques\",\"image\":{\"@type\":\"ImageObject\",\"inLanguage\":\"fr-CA\",\"@id\":\"https:\/\/www.uqac.ca\/uqactualites\/#\/schema\/person\/image\/\",\"url\":\"https:\/\/secure.gravatar.com\/avatar\/20fbbda8a292f59f2d3461a5b999c00b?s=96&d=mm&r=g\",\"contentUrl\":\"https:\/\/secure.gravatar.com\/avatar\/20fbbda8a292f59f2d3461a5b999c00b?s=96&d=mm&r=g\",\"caption\":\"Service des communications et des relations publiques\"},\"url\":\"https:\/\/www.uqac.ca\/uqactualites\/author\/bap\/\"}]}<\/script>\r\n<!-- \/ Yoast SEO plugin. -->","yoast_head_json":{"title":"Les Universitaires du troisi\u00e8me \u00e2ge f\u00eatent leur 30e anniversaire - UQACtualit\u00e9s","robots":{"index":"index","follow":"follow","max-snippet":"max-snippet:-1","max-image-preview":"max-image-preview:large","max-video-preview":"max-video-preview:-1"},"canonical":"https:\/\/www.uqac.ca\/uqactualites\/2017\/11\/24\/les-universitaires-du-troisieme-age-fetent-leur-30e-anniversaire\/","og_locale":"fr_CA","og_type":"article","og_title":"Les Universitaires du troisi\u00e8me \u00e2ge f\u00eatent leur 30e anniversaire - UQACtualit\u00e9s","og_description":"L\u2019association des Universitaires du troisi\u00e8me \u00e2ge (UTA) f\u00eate cette ann\u00e9e ses 30 ans. Mise en place en 1987, l\u2019association \u00e9tait alors un projet audacieux qui visait \u00e0\u00a0repr\u00e9senter ses membres aupr\u00e8s de l\u2019UQAC et ainsi leur permettre d\u2019acc\u00e9der \u00e0 un lieu de perfectionnement et de rencontres. Afin de c\u00e9l\u00e9brer cet important anniversaire, une rencontre festive a [&hellip;]","og_url":"https:\/\/www.uqac.ca\/uqactualites\/2017\/11\/24\/les-universitaires-du-troisieme-age-fetent-leur-30e-anniversaire\/","og_site_name":"UQACtualit\u00e9s","article_published_time":"2017-11-24T15:15:45+00:00","og_image":[{"width":620,"height":300,"url":"https:\/\/www.uqac.ca\/uqactualites\/wp-content\/uploads\/2017\/11\/UTA1-Web-Gracieuset\u00e9.jpg","type":"image\/jpeg"}],"author":"Service des communications et des relations publiques","twitter_card":"summary_large_image","twitter_misc":{"\u00c9crit par":"Service des communications et des relations publiques","Estimation du temps de lecture":"1 minute"},"schema":{"@context":"https:\/\/schema.org","@graph":[{"@type":"WebPage","@id":"https:\/\/www.uqac.ca\/uqactualites\/2017\/11\/24\/les-universitaires-du-troisieme-age-fetent-leur-30e-anniversaire\/","url":"https:\/\/www.uqac.ca\/uqactualites\/2017\/11\/24\/les-universitaires-du-troisieme-age-fetent-leur-30e-anniversaire\/","name":"Les Universitaires du troisi\u00e8me \u00e2ge f\u00eatent leur 30e anniversaire - UQACtualit\u00e9s","isPartOf":{"@id":"https:\/\/www.uqac.ca\/uqactualites\/#website"},"primaryImageOfPage":{"@id":"https:\/\/www.uqac.ca\/uqactualites\/2017\/11\/24\/les-universitaires-du-troisieme-age-fetent-leur-30e-anniversaire\/#primaryimage"},"image":{"@id":"https:\/\/www.uqac.ca\/uqactualites\/2017\/11\/24\/les-universitaires-du-troisieme-age-fetent-leur-30e-anniversaire\/#primaryimage"},"thumbnailUrl":"https:\/\/www.uqac.ca\/uqactualites\/wp-content\/uploads\/2017\/11\/UTA1-Web-Gracieuset\u00e9.jpg","datePublished":"2017-11-24T15:15:45+00:00","dateModified":"2017-11-24T15:15:45+00:00","author":{"@id":"https:\/\/www.uqac.ca\/uqactualites\/#\/schema\/person\/366c45a0c4f0e677b41b4af5886e2018"},"breadcrumb":{"@id":"https:\/\/www.uqac.ca\/uqactualites\/2017\/11\/24\/les-universitaires-du-troisieme-age-fetent-leur-30e-anniversaire\/#breadcrumb"},"inLanguage":"fr-CA","potentialAction":[{"@type":"ReadAction","target":["https:\/\/www.uqac.ca\/uqactualites\/2017\/11\/24\/les-universitaires-du-troisieme-age-fetent-leur-30e-anniversaire\/"]}]},{"@type":"ImageObject","inLanguage":"fr-CA","@id":"https:\/\/www.uqac.ca\/uqactualites\/2017\/11\/24\/les-universitaires-du-troisieme-age-fetent-leur-30e-anniversaire\/#primaryimage","url":"https:\/\/www.uqac.ca\/uqactualites\/wp-content\/uploads\/2017\/11\/UTA1-Web-Gracieuset\u00e9.jpg","contentUrl":"https:\/\/www.uqac.ca\/uqactualites\/wp-content\/uploads\/2017\/11\/UTA1-Web-Gracieuset\u00e9.jpg","width":620,"height":300},{"@type":"BreadcrumbList","@id":"https:\/\/www.uqac.ca\/uqactualites\/2017\/11\/24\/les-universitaires-du-troisieme-age-fetent-leur-30e-anniversaire\/#breadcrumb","itemListElement":[{"@type":"ListItem","position":1,"name":"Home","item":"https:\/\/www.uqac.ca\/uqactualites\/"},{"@type":"ListItem","position":2,"name":"Les Universitaires du troisi\u00e8me \u00e2ge f\u00eatent leur 30e anniversaire"}]},{"@type":"WebSite","@id":"https:\/\/www.uqac.ca\/uqactualites\/#website","url":"https:\/\/www.uqac.ca\/uqactualites\/","name":"UQACtualit\u00e9s","description":"Le portail des nouvelles de l&#039;UQAC","potentialAction":[{"@type":"SearchAction","target":{"@type":"EntryPoint","urlTemplate":"https:\/\/www.uqac.ca\/uqactualites\/?s={search_term_string}"},"query-input":{"@type":"PropertyValueSpecification","valueRequired":true,"valueName":"search_term_string"}}],"inLanguage":"fr-CA"},{"@type":"Person","@id":"https:\/\/www.uqac.ca\/uqactualites\/#\/schema\/person\/366c45a0c4f0e677b41b4af5886e2018","name":"Service des communications et des relations publiques","image":{"@type":"ImageObject","inLanguage":"fr-CA","@id":"https:\/\/www.uqac.ca\/uqactualites\/#\/schema\/person\/image\/","url":"https:\/\/secure.gravatar.com\/avatar\/20fbbda8a292f59f2d3461a5b999c00b?s=96&d=mm&r=g","contentUrl":"https:\/\/secure.gravatar.com\/avatar\/20fbbda8a292f59f2d3461a5b999c00b?s=96&d=mm&r=g","caption":"Service des communications et des relations publiques"},"url":"https:\/\/www.uqac.ca\/uqactualites\/author\/bap\/"}]}},"_links":{"self":[{"href":"https:\/\/www.uqac.ca\/uqactualites\/wp-json\/wp\/v2\/posts\/33669"}],"collection":[{"href":"https:\/\/www.uqac.ca\/uqactualites\/wp-json\/wp\/v2\/posts"}],"about":[{"href":"https:\/\/www.uqac.ca\/uqactualites\/wp-json\/wp\/v2\/types\/post"}],"author":[{"embeddable":true,"href":"https:\/\/www.uqac.ca\/uqactualites\/wp-json\/wp\/v2\/users\/5"}],"replies":[{"embeddable":true,"href":"https:\/\/www.uqac.ca\/uqactualites\/wp-json\/wp\/v2\/comments?post=33669"}],"version-history":[{"count":0,"href":"https:\/\/www.uqac.ca\/uqactualites\/wp-json\/wp\/v2\/posts\/33669\/revisions"}],"wp:featuredmedia":[{"embeddable":true,"href":"https:\/\/www.uqac.ca\/uqactualites\/wp-json\/wp\/v2\/media\/33672"}],"wp:attachment":[{"href":"https:\/\/www.uqac.ca\/uqactualites\/wp-json\/wp\/v2\/media?parent=33669"}],"wp:term":[{"taxonomy":"category","embeddable":true,"href":"https:\/\/www.uqac.ca\/uqactualites\/wp-json\/wp\/v2\/categories?post=33669"},{"taxonomy":"post_tag","embeddable":true,"href":"https:\/\/www.uqac.ca\/uqactualites\/wp-json\/wp\/v2\/tags?post=33669"}],"curies":[{"name":"wp","href":"https:\/\/api.w.org\/{rel}","templated":true}]}}