{"id":33715,"date":"2017-12-08T11:10:12","date_gmt":"2017-12-08T16:10:12","guid":{"rendered":"http:\/\/www.uqac.ca\/?p=33715"},"modified":"2017-12-08T11:10:12","modified_gmt":"2017-12-08T16:10:12","slug":"manon-doucet-nommee-doyenne-des-etudes","status":"publish","type":"post","link":"https:\/\/www.uqac.ca\/uqactualites\/2017\/12\/08\/manon-doucet-nommee-doyenne-des-etudes\/","title":{"rendered":"Manon Doucet nomm\u00e9e doyenne des \u00e9tudes"},"content":{"rendered":"<div class=\"entry-info\">Les membres du Conseil d\u2019administration de l\u2019UQAC ont proc\u00e9d\u00e9, le mardi 5 d\u00e9cembre dernier, \u00e0 la nomination de Manon Doucet \u00e0 titre de doyenne au D\u00e9canat des \u00e9tudes.<\/div>\n<div class=\"entry-content clearfix\">\n<div class=\"pf-content\">\n<p>Manon Doucet est professeure au D\u00e9partement des sciences de l\u2019\u00e9ducation de l\u2019UQAC depuis 1995. Depuis 2008, elle assume la direction de l\u2019Unit\u00e9 d\u2019enseignement en adaptation scolaire et sociale en plus d\u2019avoir contribu\u00e9 \u00e0\u00a0la mise en place de la Clinique universitaire d\u2019orthop\u00e9dagogie, dont elle assume \u00e9galement la direction depuis 2010. Mme Doucet pr\u00e9sente une feuille de route bien remplie tant en enseignement qu\u2019en recherche. Ses int\u00e9r\u00eats de recherche s\u2019articulent autour du domaine du d\u00e9veloppement affectif et social, de l\u2019identit\u00e9 professionnelle, de la construction identitaire, de l\u2019accompagnement des enseignants et des strat\u00e9gies d\u2019intervention \u00e9ducative.<\/p>\n<p>P\u00e9dagogue de haut niveau, Mme Doucet souhaite contribuer aux transformations qui ont cours en ce moment \u00e0 l\u2019UQAC en misant sur des valeurs humaines, toile de fond primordiale pour consolider les acquis institutionnels en mati\u00e8re de formation et de programmation, et s\u2019en servir comme tremplin pour continuer le d\u00e9veloppement de notre offre de programmes.<\/p>\n<p>C\u2019est avec confiance que les membres du Conseil d\u2019administration confient \u00e0 Mme Doucet le D\u00e9canat des \u00e9tudes. Elle entrera en fonction le 4 janvier 2018 pour un mandat d\u2019une dur\u00e9e de 4\u00a0ans.<\/p>\n<\/div>\n<\/div>\n","protected":false},"excerpt":{"rendered":"<p>Les membres du Conseil d\u2019administration de l\u2019UQAC ont proc\u00e9d\u00e9, le mardi 5 d\u00e9cembre dernier, \u00e0 la nomination de Manon Doucet \u00e0 titre de doyenne au D\u00e9canat des \u00e9tudes. Manon Doucet est professeure au D\u00e9partement des sciences de l\u2019\u00e9ducation de l\u2019UQAC depuis 1995. Depuis 2008, elle assume la direction de l\u2019Unit\u00e9 d\u2019enseignement en adaptation scolaire et [&hellip;]<\/p>\n","protected":false},"author":5,"featured_media":33716,"comment_status":"open","ping_status":"open","sticky":false,"template":"","format":"standard","meta":{"footnotes":""},"categories":[2],"tags":[],"yoast_head":"<!-- This site is optimized with the Yoast SEO plugin v24.2 - https:\/\/yoast.com\/wordpress\/plugins\/seo\/ -->\r\n<title>Manon Doucet nomm\u00e9e doyenne des \u00e9tudes - UQACtualit\u00e9s<\/title>\r\n<meta name=\"robots\" content=\"index, follow, max-snippet:-1, max-image-preview:large, max-video-preview:-1\" \/>\r\n<link rel=\"canonical\" href=\"https:\/\/www.uqac.ca\/uqactualites\/2017\/12\/08\/manon-doucet-nommee-doyenne-des-etudes\/\" \/>\r\n<meta property=\"og:locale\" content=\"fr_CA\" \/>\r\n<meta property=\"og:type\" content=\"article\" \/>\r\n<meta property=\"og:title\" content=\"Manon Doucet nomm\u00e9e doyenne des \u00e9tudes - UQACtualit\u00e9s\" \/>\r\n<meta property=\"og:description\" content=\"Les membres du Conseil d\u2019administration de l\u2019UQAC ont proc\u00e9d\u00e9, le mardi 5 d\u00e9cembre dernier, \u00e0 la nomination de Manon Doucet \u00e0 titre de doyenne au D\u00e9canat des \u00e9tudes. Manon Doucet est professeure au D\u00e9partement des sciences de l\u2019\u00e9ducation de l\u2019UQAC depuis 1995. Depuis 2008, elle assume la direction de l\u2019Unit\u00e9 d\u2019enseignement en adaptation scolaire et [&hellip;]\" \/>\r\n<meta property=\"og:url\" content=\"https:\/\/www.uqac.ca\/uqactualites\/2017\/12\/08\/manon-doucet-nommee-doyenne-des-etudes\/\" \/>\r\n<meta property=\"og:site_name\" content=\"UQACtualit\u00e9s\" \/>\r\n<meta property=\"article:published_time\" content=\"2017-12-08T16:10:12+00:00\" \/>\r\n<meta property=\"og:image\" content=\"https:\/\/www.uqac.ca\/uqactualites\/wp-content\/uploads\/2017\/12\/Manon-Doucet-Web-Denis-Blackburn.jpg\" \/>\r\n\t<meta property=\"og:image:width\" content=\"620\" \/>\r\n\t<meta property=\"og:image:height\" content=\"300\" \/>\r\n\t<meta property=\"og:image:type\" content=\"image\/jpeg\" \/>\r\n<meta name=\"author\" content=\"Service des communications et des relations publiques\" \/>\r\n<meta name=\"twitter:card\" content=\"summary_large_image\" \/>\r\n<meta name=\"twitter:label1\" content=\"\u00c9crit par\" \/>\n\t<meta name=\"twitter:data1\" content=\"Service des communications et des relations publiques\" \/>\n\t<meta name=\"twitter:label2\" content=\"Estimation du temps de lecture\" \/>\n\t<meta name=\"twitter:data2\" content=\"1 minute\" \/>\r\n<script type=\"application\/ld+json\" class=\"yoast-schema-graph\">{\"@context\":\"https:\/\/schema.org\",\"@graph\":[{\"@type\":\"WebPage\",\"@id\":\"https:\/\/www.uqac.ca\/uqactualites\/2017\/12\/08\/manon-doucet-nommee-doyenne-des-etudes\/\",\"url\":\"https:\/\/www.uqac.ca\/uqactualites\/2017\/12\/08\/manon-doucet-nommee-doyenne-des-etudes\/\",\"name\":\"Manon Doucet nomm\u00e9e doyenne des \u00e9tudes - UQACtualit\u00e9s\",\"isPartOf\":{\"@id\":\"https:\/\/www.uqac.ca\/uqactualites\/#website\"},\"primaryImageOfPage\":{\"@id\":\"https:\/\/www.uqac.ca\/uqactualites\/2017\/12\/08\/manon-doucet-nommee-doyenne-des-etudes\/#primaryimage\"},\"image\":{\"@id\":\"https:\/\/www.uqac.ca\/uqactualites\/2017\/12\/08\/manon-doucet-nommee-doyenne-des-etudes\/#primaryimage\"},\"thumbnailUrl\":\"https:\/\/www.uqac.ca\/uqactualites\/wp-content\/uploads\/2017\/12\/Manon-Doucet-Web-Denis-Blackburn.jpg\",\"datePublished\":\"2017-12-08T16:10:12+00:00\",\"dateModified\":\"2017-12-08T16:10:12+00:00\",\"author\":{\"@id\":\"https:\/\/www.uqac.ca\/uqactualites\/#\/schema\/person\/366c45a0c4f0e677b41b4af5886e2018\"},\"breadcrumb\":{\"@id\":\"https:\/\/www.uqac.ca\/uqactualites\/2017\/12\/08\/manon-doucet-nommee-doyenne-des-etudes\/#breadcrumb\"},\"inLanguage\":\"fr-CA\",\"potentialAction\":[{\"@type\":\"ReadAction\",\"target\":[\"https:\/\/www.uqac.ca\/uqactualites\/2017\/12\/08\/manon-doucet-nommee-doyenne-des-etudes\/\"]}]},{\"@type\":\"ImageObject\",\"inLanguage\":\"fr-CA\",\"@id\":\"https:\/\/www.uqac.ca\/uqactualites\/2017\/12\/08\/manon-doucet-nommee-doyenne-des-etudes\/#primaryimage\",\"url\":\"https:\/\/www.uqac.ca\/uqactualites\/wp-content\/uploads\/2017\/12\/Manon-Doucet-Web-Denis-Blackburn.jpg\",\"contentUrl\":\"https:\/\/www.uqac.ca\/uqactualites\/wp-content\/uploads\/2017\/12\/Manon-Doucet-Web-Denis-Blackburn.jpg\",\"width\":620,\"height\":300},{\"@type\":\"BreadcrumbList\",\"@id\":\"https:\/\/www.uqac.ca\/uqactualites\/2017\/12\/08\/manon-doucet-nommee-doyenne-des-etudes\/#breadcrumb\",\"itemListElement\":[{\"@type\":\"ListItem\",\"position\":1,\"name\":\"Home\",\"item\":\"https:\/\/www.uqac.ca\/uqactualites\/\"},{\"@type\":\"ListItem\",\"position\":2,\"name\":\"Manon Doucet nomm\u00e9e doyenne des \u00e9tudes\"}]},{\"@type\":\"WebSite\",\"@id\":\"https:\/\/www.uqac.ca\/uqactualites\/#website\",\"url\":\"https:\/\/www.uqac.ca\/uqactualites\/\",\"name\":\"UQACtualit\u00e9s\",\"description\":\"Le portail des nouvelles de l&#039;UQAC\",\"potentialAction\":[{\"@type\":\"SearchAction\",\"target\":{\"@type\":\"EntryPoint\",\"urlTemplate\":\"https:\/\/www.uqac.ca\/uqactualites\/?s={search_term_string}\"},\"query-input\":{\"@type\":\"PropertyValueSpecification\",\"valueRequired\":true,\"valueName\":\"search_term_string\"}}],\"inLanguage\":\"fr-CA\"},{\"@type\":\"Person\",\"@id\":\"https:\/\/www.uqac.ca\/uqactualites\/#\/schema\/person\/366c45a0c4f0e677b41b4af5886e2018\",\"name\":\"Service des communications et des relations publiques\",\"image\":{\"@type\":\"ImageObject\",\"inLanguage\":\"fr-CA\",\"@id\":\"https:\/\/www.uqac.ca\/uqactualites\/#\/schema\/person\/image\/\",\"url\":\"https:\/\/secure.gravatar.com\/avatar\/20fbbda8a292f59f2d3461a5b999c00b?s=96&d=mm&r=g\",\"contentUrl\":\"https:\/\/secure.gravatar.com\/avatar\/20fbbda8a292f59f2d3461a5b999c00b?s=96&d=mm&r=g\",\"caption\":\"Service des communications et des relations publiques\"},\"url\":\"https:\/\/www.uqac.ca\/uqactualites\/author\/bap\/\"}]}<\/script>\r\n<!-- \/ Yoast SEO plugin. -->","yoast_head_json":{"title":"Manon Doucet nomm\u00e9e doyenne des \u00e9tudes - UQACtualit\u00e9s","robots":{"index":"index","follow":"follow","max-snippet":"max-snippet:-1","max-image-preview":"max-image-preview:large","max-video-preview":"max-video-preview:-1"},"canonical":"https:\/\/www.uqac.ca\/uqactualites\/2017\/12\/08\/manon-doucet-nommee-doyenne-des-etudes\/","og_locale":"fr_CA","og_type":"article","og_title":"Manon Doucet nomm\u00e9e doyenne des \u00e9tudes - UQACtualit\u00e9s","og_description":"Les membres du Conseil d\u2019administration de l\u2019UQAC ont proc\u00e9d\u00e9, le mardi 5 d\u00e9cembre dernier, \u00e0 la nomination de Manon Doucet \u00e0 titre de doyenne au D\u00e9canat des \u00e9tudes. Manon Doucet est professeure au D\u00e9partement des sciences de l\u2019\u00e9ducation de l\u2019UQAC depuis 1995. Depuis 2008, elle assume la direction de l\u2019Unit\u00e9 d\u2019enseignement en adaptation scolaire et [&hellip;]","og_url":"https:\/\/www.uqac.ca\/uqactualites\/2017\/12\/08\/manon-doucet-nommee-doyenne-des-etudes\/","og_site_name":"UQACtualit\u00e9s","article_published_time":"2017-12-08T16:10:12+00:00","og_image":[{"width":620,"height":300,"url":"https:\/\/www.uqac.ca\/uqactualites\/wp-content\/uploads\/2017\/12\/Manon-Doucet-Web-Denis-Blackburn.jpg","type":"image\/jpeg"}],"author":"Service des communications et des relations publiques","twitter_card":"summary_large_image","twitter_misc":{"\u00c9crit par":"Service des communications et des relations publiques","Estimation du temps de lecture":"1 minute"},"schema":{"@context":"https:\/\/schema.org","@graph":[{"@type":"WebPage","@id":"https:\/\/www.uqac.ca\/uqactualites\/2017\/12\/08\/manon-doucet-nommee-doyenne-des-etudes\/","url":"https:\/\/www.uqac.ca\/uqactualites\/2017\/12\/08\/manon-doucet-nommee-doyenne-des-etudes\/","name":"Manon Doucet nomm\u00e9e doyenne des \u00e9tudes - UQACtualit\u00e9s","isPartOf":{"@id":"https:\/\/www.uqac.ca\/uqactualites\/#website"},"primaryImageOfPage":{"@id":"https:\/\/www.uqac.ca\/uqactualites\/2017\/12\/08\/manon-doucet-nommee-doyenne-des-etudes\/#primaryimage"},"image":{"@id":"https:\/\/www.uqac.ca\/uqactualites\/2017\/12\/08\/manon-doucet-nommee-doyenne-des-etudes\/#primaryimage"},"thumbnailUrl":"https:\/\/www.uqac.ca\/uqactualites\/wp-content\/uploads\/2017\/12\/Manon-Doucet-Web-Denis-Blackburn.jpg","datePublished":"2017-12-08T16:10:12+00:00","dateModified":"2017-12-08T16:10:12+00:00","author":{"@id":"https:\/\/www.uqac.ca\/uqactualites\/#\/schema\/person\/366c45a0c4f0e677b41b4af5886e2018"},"breadcrumb":{"@id":"https:\/\/www.uqac.ca\/uqactualites\/2017\/12\/08\/manon-doucet-nommee-doyenne-des-etudes\/#breadcrumb"},"inLanguage":"fr-CA","potentialAction":[{"@type":"ReadAction","target":["https:\/\/www.uqac.ca\/uqactualites\/2017\/12\/08\/manon-doucet-nommee-doyenne-des-etudes\/"]}]},{"@type":"ImageObject","inLanguage":"fr-CA","@id":"https:\/\/www.uqac.ca\/uqactualites\/2017\/12\/08\/manon-doucet-nommee-doyenne-des-etudes\/#primaryimage","url":"https:\/\/www.uqac.ca\/uqactualites\/wp-content\/uploads\/2017\/12\/Manon-Doucet-Web-Denis-Blackburn.jpg","contentUrl":"https:\/\/www.uqac.ca\/uqactualites\/wp-content\/uploads\/2017\/12\/Manon-Doucet-Web-Denis-Blackburn.jpg","width":620,"height":300},{"@type":"BreadcrumbList","@id":"https:\/\/www.uqac.ca\/uqactualites\/2017\/12\/08\/manon-doucet-nommee-doyenne-des-etudes\/#breadcrumb","itemListElement":[{"@type":"ListItem","position":1,"name":"Home","item":"https:\/\/www.uqac.ca\/uqactualites\/"},{"@type":"ListItem","position":2,"name":"Manon Doucet nomm\u00e9e doyenne des \u00e9tudes"}]},{"@type":"WebSite","@id":"https:\/\/www.uqac.ca\/uqactualites\/#website","url":"https:\/\/www.uqac.ca\/uqactualites\/","name":"UQACtualit\u00e9s","description":"Le portail des nouvelles de l&#039;UQAC","potentialAction":[{"@type":"SearchAction","target":{"@type":"EntryPoint","urlTemplate":"https:\/\/www.uqac.ca\/uqactualites\/?s={search_term_string}"},"query-input":{"@type":"PropertyValueSpecification","valueRequired":true,"valueName":"search_term_string"}}],"inLanguage":"fr-CA"},{"@type":"Person","@id":"https:\/\/www.uqac.ca\/uqactualites\/#\/schema\/person\/366c45a0c4f0e677b41b4af5886e2018","name":"Service des communications et des relations publiques","image":{"@type":"ImageObject","inLanguage":"fr-CA","@id":"https:\/\/www.uqac.ca\/uqactualites\/#\/schema\/person\/image\/","url":"https:\/\/secure.gravatar.com\/avatar\/20fbbda8a292f59f2d3461a5b999c00b?s=96&d=mm&r=g","contentUrl":"https:\/\/secure.gravatar.com\/avatar\/20fbbda8a292f59f2d3461a5b999c00b?s=96&d=mm&r=g","caption":"Service des communications et des relations publiques"},"url":"https:\/\/www.uqac.ca\/uqactualites\/author\/bap\/"}]}},"_links":{"self":[{"href":"https:\/\/www.uqac.ca\/uqactualites\/wp-json\/wp\/v2\/posts\/33715"}],"collection":[{"href":"https:\/\/www.uqac.ca\/uqactualites\/wp-json\/wp\/v2\/posts"}],"about":[{"href":"https:\/\/www.uqac.ca\/uqactualites\/wp-json\/wp\/v2\/types\/post"}],"author":[{"embeddable":true,"href":"https:\/\/www.uqac.ca\/uqactualites\/wp-json\/wp\/v2\/users\/5"}],"replies":[{"embeddable":true,"href":"https:\/\/www.uqac.ca\/uqactualites\/wp-json\/wp\/v2\/comments?post=33715"}],"version-history":[{"count":0,"href":"https:\/\/www.uqac.ca\/uqactualites\/wp-json\/wp\/v2\/posts\/33715\/revisions"}],"wp:featuredmedia":[{"embeddable":true,"href":"https:\/\/www.uqac.ca\/uqactualites\/wp-json\/wp\/v2\/media\/33716"}],"wp:attachment":[{"href":"https:\/\/www.uqac.ca\/uqactualites\/wp-json\/wp\/v2\/media?parent=33715"}],"wp:term":[{"taxonomy":"category","embeddable":true,"href":"https:\/\/www.uqac.ca\/uqactualites\/wp-json\/wp\/v2\/categories?post=33715"},{"taxonomy":"post_tag","embeddable":true,"href":"https:\/\/www.uqac.ca\/uqactualites\/wp-json\/wp\/v2\/tags?post=33715"}],"curies":[{"name":"wp","href":"https:\/\/api.w.org\/{rel}","templated":true}]}}