{"id":33720,"date":"2017-12-12T16:05:04","date_gmt":"2017-12-12T21:05:04","guid":{"rendered":"http:\/\/www.uqac.ca\/?p=33720"},"modified":"2017-12-12T16:05:04","modified_gmt":"2017-12-12T21:05:04","slug":"merites-de-larchitecture-de-quebec-mathieu-valade-honore","status":"publish","type":"post","link":"https:\/\/www.uqac.ca\/uqactualites\/2017\/12\/12\/merites-de-larchitecture-de-quebec-mathieu-valade-honore\/","title":{"rendered":"M\u00e9rites de l\u2019architecture de Qu\u00e9bec\u00a0: Mathieu Valade honor\u00e9"},"content":{"rendered":"<p>Mathieu Valade a r\u00e9cemment re\u00e7u une importante reconnaissance de la part de la ville de Qu\u00e9bec. Bien qu\u2019il soit professeur au D\u00e9partement des arts et lettres de l\u2019UQAC, c\u2019est \u00e0 titre d\u2019artiste qu\u2019il s\u2019est illustr\u00e9, mettant la main sur le\u00a0<a href=\"https:\/\/www.ville.quebec.qc.ca\/culture_patrimoine\/concours\/merites_architecture\/2017-oeuvre-art.aspx#.WijfHVBvDR4.facebook\"><strong>prix \u0152uvre d\u2019art de l\u2019\u00e9dition 2017 des M\u00e9rites de l\u2019architecture<\/strong><\/a>\u00a0de la capitale. En effet, sa cr\u00e9ation \u2013\u00a0<em>\u00c9ph\u00e9m\u00e8res durables<\/em>\u00a0\u2013 s\u2019est hiss\u00e9e au premier rang du concours (<em>ex aequo<\/em>\u00a0avec le Collectif Plux5). La sculpture, dont l\u2019int\u00e9gration \u00e0 l\u2019architecture parfaitement ex\u00e9cut\u00e9e a fait \u00e9cho aupr\u00e8s du jury, est actuellement install\u00e9e \u00e0 la Maison de la litt\u00e9rature de Qu\u00e9bec.<\/p>\n<p>Toutes nos f\u00e9licitations\u00a0!<\/p>\n","protected":false},"excerpt":{"rendered":"<p>Mathieu Valade a r\u00e9cemment re\u00e7u une importante reconnaissance de la part de la ville de Qu\u00e9bec. Bien qu\u2019il soit professeur au D\u00e9partement des arts et lettres de l\u2019UQAC, c\u2019est \u00e0 titre d\u2019artiste qu\u2019il s\u2019est illustr\u00e9, mettant la main sur le\u00a0prix \u0152uvre d\u2019art de l\u2019\u00e9dition 2017 des M\u00e9rites de l\u2019architecture\u00a0de la capitale. En effet, sa cr\u00e9ation [&hellip;]<\/p>\n","protected":false},"author":5,"featured_media":33721,"comment_status":"open","ping_status":"open","sticky":false,"template":"","format":"standard","meta":{"footnotes":""},"categories":[2],"tags":[],"yoast_head":"<!-- This site is optimized with the Yoast SEO plugin v24.2 - https:\/\/yoast.com\/wordpress\/plugins\/seo\/ -->\r\n<title>M\u00e9rites de l\u2019architecture de Qu\u00e9bec\u00a0: Mathieu Valade honor\u00e9 - UQACtualit\u00e9s<\/title>\r\n<meta name=\"robots\" content=\"index, follow, max-snippet:-1, max-image-preview:large, max-video-preview:-1\" \/>\r\n<link rel=\"canonical\" href=\"https:\/\/www.uqac.ca\/uqactualites\/2017\/12\/12\/merites-de-larchitecture-de-quebec-mathieu-valade-honore\/\" \/>\r\n<meta property=\"og:locale\" content=\"fr_CA\" \/>\r\n<meta property=\"og:type\" content=\"article\" \/>\r\n<meta property=\"og:title\" content=\"M\u00e9rites de l\u2019architecture de Qu\u00e9bec\u00a0: Mathieu Valade honor\u00e9 - UQACtualit\u00e9s\" \/>\r\n<meta property=\"og:description\" content=\"Mathieu Valade a r\u00e9cemment re\u00e7u une importante reconnaissance de la part de la ville de Qu\u00e9bec. Bien qu\u2019il soit professeur au D\u00e9partement des arts et lettres de l\u2019UQAC, c\u2019est \u00e0 titre d\u2019artiste qu\u2019il s\u2019est illustr\u00e9, mettant la main sur le\u00a0prix \u0152uvre d\u2019art de l\u2019\u00e9dition 2017 des M\u00e9rites de l\u2019architecture\u00a0de la capitale. En effet, sa cr\u00e9ation [&hellip;]\" \/>\r\n<meta property=\"og:url\" content=\"https:\/\/www.uqac.ca\/uqactualites\/2017\/12\/12\/merites-de-larchitecture-de-quebec-mathieu-valade-honore\/\" \/>\r\n<meta property=\"og:site_name\" content=\"UQACtualit\u00e9s\" \/>\r\n<meta property=\"article:published_time\" content=\"2017-12-12T21:05:04+00:00\" \/>\r\n<meta property=\"og:image\" content=\"https:\/\/www.uqac.ca\/uqactualites\/wp-content\/uploads\/2017\/12\/MKb-395_-copie-scaled.jpg\" \/>\r\n\t<meta property=\"og:image:width\" content=\"2560\" \/>\r\n\t<meta property=\"og:image:height\" content=\"1707\" \/>\r\n\t<meta property=\"og:image:type\" content=\"image\/jpeg\" \/>\r\n<meta name=\"author\" content=\"Service des communications et des relations publiques\" \/>\r\n<meta name=\"twitter:card\" content=\"summary_large_image\" \/>\r\n<meta name=\"twitter:label1\" content=\"\u00c9crit par\" \/>\n\t<meta name=\"twitter:data1\" content=\"Service des communications et des relations publiques\" \/>\n\t<meta name=\"twitter:label2\" content=\"Estimation du temps de lecture\" \/>\n\t<meta name=\"twitter:data2\" content=\"1 minute\" \/>\r\n<script type=\"application\/ld+json\" class=\"yoast-schema-graph\">{\"@context\":\"https:\/\/schema.org\",\"@graph\":[{\"@type\":\"WebPage\",\"@id\":\"https:\/\/www.uqac.ca\/uqactualites\/2017\/12\/12\/merites-de-larchitecture-de-quebec-mathieu-valade-honore\/\",\"url\":\"https:\/\/www.uqac.ca\/uqactualites\/2017\/12\/12\/merites-de-larchitecture-de-quebec-mathieu-valade-honore\/\",\"name\":\"M\u00e9rites de l\u2019architecture de Qu\u00e9bec\u00a0: Mathieu Valade honor\u00e9 - UQACtualit\u00e9s\",\"isPartOf\":{\"@id\":\"https:\/\/www.uqac.ca\/uqactualites\/#website\"},\"primaryImageOfPage\":{\"@id\":\"https:\/\/www.uqac.ca\/uqactualites\/2017\/12\/12\/merites-de-larchitecture-de-quebec-mathieu-valade-honore\/#primaryimage\"},\"image\":{\"@id\":\"https:\/\/www.uqac.ca\/uqactualites\/2017\/12\/12\/merites-de-larchitecture-de-quebec-mathieu-valade-honore\/#primaryimage\"},\"thumbnailUrl\":\"https:\/\/www.uqac.ca\/uqactualites\/wp-content\/uploads\/2017\/12\/MKb-395_-copie-scaled.jpg\",\"datePublished\":\"2017-12-12T21:05:04+00:00\",\"dateModified\":\"2017-12-12T21:05:04+00:00\",\"author\":{\"@id\":\"https:\/\/www.uqac.ca\/uqactualites\/#\/schema\/person\/366c45a0c4f0e677b41b4af5886e2018\"},\"breadcrumb\":{\"@id\":\"https:\/\/www.uqac.ca\/uqactualites\/2017\/12\/12\/merites-de-larchitecture-de-quebec-mathieu-valade-honore\/#breadcrumb\"},\"inLanguage\":\"fr-CA\",\"potentialAction\":[{\"@type\":\"ReadAction\",\"target\":[\"https:\/\/www.uqac.ca\/uqactualites\/2017\/12\/12\/merites-de-larchitecture-de-quebec-mathieu-valade-honore\/\"]}]},{\"@type\":\"ImageObject\",\"inLanguage\":\"fr-CA\",\"@id\":\"https:\/\/www.uqac.ca\/uqactualites\/2017\/12\/12\/merites-de-larchitecture-de-quebec-mathieu-valade-honore\/#primaryimage\",\"url\":\"https:\/\/www.uqac.ca\/uqactualites\/wp-content\/uploads\/2017\/12\/MKb-395_-copie-scaled.jpg\",\"contentUrl\":\"https:\/\/www.uqac.ca\/uqactualites\/wp-content\/uploads\/2017\/12\/MKb-395_-copie-scaled.jpg\",\"width\":2560,\"height\":1707},{\"@type\":\"BreadcrumbList\",\"@id\":\"https:\/\/www.uqac.ca\/uqactualites\/2017\/12\/12\/merites-de-larchitecture-de-quebec-mathieu-valade-honore\/#breadcrumb\",\"itemListElement\":[{\"@type\":\"ListItem\",\"position\":1,\"name\":\"Home\",\"item\":\"https:\/\/www.uqac.ca\/uqactualites\/\"},{\"@type\":\"ListItem\",\"position\":2,\"name\":\"M\u00e9rites de l\u2019architecture de Qu\u00e9bec\u00a0: Mathieu Valade honor\u00e9\"}]},{\"@type\":\"WebSite\",\"@id\":\"https:\/\/www.uqac.ca\/uqactualites\/#website\",\"url\":\"https:\/\/www.uqac.ca\/uqactualites\/\",\"name\":\"UQACtualit\u00e9s\",\"description\":\"Le portail des nouvelles de l&#039;UQAC\",\"potentialAction\":[{\"@type\":\"SearchAction\",\"target\":{\"@type\":\"EntryPoint\",\"urlTemplate\":\"https:\/\/www.uqac.ca\/uqactualites\/?s={search_term_string}\"},\"query-input\":{\"@type\":\"PropertyValueSpecification\",\"valueRequired\":true,\"valueName\":\"search_term_string\"}}],\"inLanguage\":\"fr-CA\"},{\"@type\":\"Person\",\"@id\":\"https:\/\/www.uqac.ca\/uqactualites\/#\/schema\/person\/366c45a0c4f0e677b41b4af5886e2018\",\"name\":\"Service des communications et des relations publiques\",\"image\":{\"@type\":\"ImageObject\",\"inLanguage\":\"fr-CA\",\"@id\":\"https:\/\/www.uqac.ca\/uqactualites\/#\/schema\/person\/image\/\",\"url\":\"https:\/\/secure.gravatar.com\/avatar\/20fbbda8a292f59f2d3461a5b999c00b?s=96&d=mm&r=g\",\"contentUrl\":\"https:\/\/secure.gravatar.com\/avatar\/20fbbda8a292f59f2d3461a5b999c00b?s=96&d=mm&r=g\",\"caption\":\"Service des communications et des relations publiques\"},\"url\":\"https:\/\/www.uqac.ca\/uqactualites\/author\/bap\/\"}]}<\/script>\r\n<!-- \/ Yoast SEO plugin. -->","yoast_head_json":{"title":"M\u00e9rites de l\u2019architecture de Qu\u00e9bec\u00a0: Mathieu Valade honor\u00e9 - UQACtualit\u00e9s","robots":{"index":"index","follow":"follow","max-snippet":"max-snippet:-1","max-image-preview":"max-image-preview:large","max-video-preview":"max-video-preview:-1"},"canonical":"https:\/\/www.uqac.ca\/uqactualites\/2017\/12\/12\/merites-de-larchitecture-de-quebec-mathieu-valade-honore\/","og_locale":"fr_CA","og_type":"article","og_title":"M\u00e9rites de l\u2019architecture de Qu\u00e9bec\u00a0: Mathieu Valade honor\u00e9 - UQACtualit\u00e9s","og_description":"Mathieu Valade a r\u00e9cemment re\u00e7u une importante reconnaissance de la part de la ville de Qu\u00e9bec. Bien qu\u2019il soit professeur au D\u00e9partement des arts et lettres de l\u2019UQAC, c\u2019est \u00e0 titre d\u2019artiste qu\u2019il s\u2019est illustr\u00e9, mettant la main sur le\u00a0prix \u0152uvre d\u2019art de l\u2019\u00e9dition 2017 des M\u00e9rites de l\u2019architecture\u00a0de la capitale. En effet, sa cr\u00e9ation [&hellip;]","og_url":"https:\/\/www.uqac.ca\/uqactualites\/2017\/12\/12\/merites-de-larchitecture-de-quebec-mathieu-valade-honore\/","og_site_name":"UQACtualit\u00e9s","article_published_time":"2017-12-12T21:05:04+00:00","og_image":[{"width":2560,"height":1707,"url":"https:\/\/www.uqac.ca\/uqactualites\/wp-content\/uploads\/2017\/12\/MKb-395_-copie-scaled.jpg","type":"image\/jpeg"}],"author":"Service des communications et des relations publiques","twitter_card":"summary_large_image","twitter_misc":{"\u00c9crit par":"Service des communications et des relations publiques","Estimation du temps de lecture":"1 minute"},"schema":{"@context":"https:\/\/schema.org","@graph":[{"@type":"WebPage","@id":"https:\/\/www.uqac.ca\/uqactualites\/2017\/12\/12\/merites-de-larchitecture-de-quebec-mathieu-valade-honore\/","url":"https:\/\/www.uqac.ca\/uqactualites\/2017\/12\/12\/merites-de-larchitecture-de-quebec-mathieu-valade-honore\/","name":"M\u00e9rites de l\u2019architecture de Qu\u00e9bec\u00a0: Mathieu Valade honor\u00e9 - UQACtualit\u00e9s","isPartOf":{"@id":"https:\/\/www.uqac.ca\/uqactualites\/#website"},"primaryImageOfPage":{"@id":"https:\/\/www.uqac.ca\/uqactualites\/2017\/12\/12\/merites-de-larchitecture-de-quebec-mathieu-valade-honore\/#primaryimage"},"image":{"@id":"https:\/\/www.uqac.ca\/uqactualites\/2017\/12\/12\/merites-de-larchitecture-de-quebec-mathieu-valade-honore\/#primaryimage"},"thumbnailUrl":"https:\/\/www.uqac.ca\/uqactualites\/wp-content\/uploads\/2017\/12\/MKb-395_-copie-scaled.jpg","datePublished":"2017-12-12T21:05:04+00:00","dateModified":"2017-12-12T21:05:04+00:00","author":{"@id":"https:\/\/www.uqac.ca\/uqactualites\/#\/schema\/person\/366c45a0c4f0e677b41b4af5886e2018"},"breadcrumb":{"@id":"https:\/\/www.uqac.ca\/uqactualites\/2017\/12\/12\/merites-de-larchitecture-de-quebec-mathieu-valade-honore\/#breadcrumb"},"inLanguage":"fr-CA","potentialAction":[{"@type":"ReadAction","target":["https:\/\/www.uqac.ca\/uqactualites\/2017\/12\/12\/merites-de-larchitecture-de-quebec-mathieu-valade-honore\/"]}]},{"@type":"ImageObject","inLanguage":"fr-CA","@id":"https:\/\/www.uqac.ca\/uqactualites\/2017\/12\/12\/merites-de-larchitecture-de-quebec-mathieu-valade-honore\/#primaryimage","url":"https:\/\/www.uqac.ca\/uqactualites\/wp-content\/uploads\/2017\/12\/MKb-395_-copie-scaled.jpg","contentUrl":"https:\/\/www.uqac.ca\/uqactualites\/wp-content\/uploads\/2017\/12\/MKb-395_-copie-scaled.jpg","width":2560,"height":1707},{"@type":"BreadcrumbList","@id":"https:\/\/www.uqac.ca\/uqactualites\/2017\/12\/12\/merites-de-larchitecture-de-quebec-mathieu-valade-honore\/#breadcrumb","itemListElement":[{"@type":"ListItem","position":1,"name":"Home","item":"https:\/\/www.uqac.ca\/uqactualites\/"},{"@type":"ListItem","position":2,"name":"M\u00e9rites de l\u2019architecture de Qu\u00e9bec\u00a0: Mathieu Valade honor\u00e9"}]},{"@type":"WebSite","@id":"https:\/\/www.uqac.ca\/uqactualites\/#website","url":"https:\/\/www.uqac.ca\/uqactualites\/","name":"UQACtualit\u00e9s","description":"Le portail des nouvelles de l&#039;UQAC","potentialAction":[{"@type":"SearchAction","target":{"@type":"EntryPoint","urlTemplate":"https:\/\/www.uqac.ca\/uqactualites\/?s={search_term_string}"},"query-input":{"@type":"PropertyValueSpecification","valueRequired":true,"valueName":"search_term_string"}}],"inLanguage":"fr-CA"},{"@type":"Person","@id":"https:\/\/www.uqac.ca\/uqactualites\/#\/schema\/person\/366c45a0c4f0e677b41b4af5886e2018","name":"Service des communications et des relations publiques","image":{"@type":"ImageObject","inLanguage":"fr-CA","@id":"https:\/\/www.uqac.ca\/uqactualites\/#\/schema\/person\/image\/","url":"https:\/\/secure.gravatar.com\/avatar\/20fbbda8a292f59f2d3461a5b999c00b?s=96&d=mm&r=g","contentUrl":"https:\/\/secure.gravatar.com\/avatar\/20fbbda8a292f59f2d3461a5b999c00b?s=96&d=mm&r=g","caption":"Service des communications et des relations publiques"},"url":"https:\/\/www.uqac.ca\/uqactualites\/author\/bap\/"}]}},"_links":{"self":[{"href":"https:\/\/www.uqac.ca\/uqactualites\/wp-json\/wp\/v2\/posts\/33720"}],"collection":[{"href":"https:\/\/www.uqac.ca\/uqactualites\/wp-json\/wp\/v2\/posts"}],"about":[{"href":"https:\/\/www.uqac.ca\/uqactualites\/wp-json\/wp\/v2\/types\/post"}],"author":[{"embeddable":true,"href":"https:\/\/www.uqac.ca\/uqactualites\/wp-json\/wp\/v2\/users\/5"}],"replies":[{"embeddable":true,"href":"https:\/\/www.uqac.ca\/uqactualites\/wp-json\/wp\/v2\/comments?post=33720"}],"version-history":[{"count":0,"href":"https:\/\/www.uqac.ca\/uqactualites\/wp-json\/wp\/v2\/posts\/33720\/revisions"}],"wp:featuredmedia":[{"embeddable":true,"href":"https:\/\/www.uqac.ca\/uqactualites\/wp-json\/wp\/v2\/media\/33721"}],"wp:attachment":[{"href":"https:\/\/www.uqac.ca\/uqactualites\/wp-json\/wp\/v2\/media?parent=33720"}],"wp:term":[{"taxonomy":"category","embeddable":true,"href":"https:\/\/www.uqac.ca\/uqactualites\/wp-json\/wp\/v2\/categories?post=33720"},{"taxonomy":"post_tag","embeddable":true,"href":"https:\/\/www.uqac.ca\/uqactualites\/wp-json\/wp\/v2\/tags?post=33720"}],"curies":[{"name":"wp","href":"https:\/\/api.w.org\/{rel}","templated":true}]}}