{"id":33786,"date":"2018-01-09T16:19:11","date_gmt":"2018-01-09T21:19:11","guid":{"rendered":"http:\/\/www.uqac.ca\/?p=33786"},"modified":"2018-01-09T16:19:11","modified_gmt":"2018-01-09T21:19:11","slug":"les-etudiants-en-sciences-comptables-de-luqac-encore-une-fois-parmi-lelite-au-quebec","status":"publish","type":"post","link":"https:\/\/www.uqac.ca\/uqactualites\/2018\/01\/09\/les-etudiants-en-sciences-comptables-de-luqac-encore-une-fois-parmi-lelite-au-quebec\/","title":{"rendered":"Les \u00e9tudiants en sciences comptables de l\u2019UQAC encore une fois parmi l\u2019\u00e9lite au Qu\u00e9bec"},"content":{"rendered":"<div class=\"entry-photo\">L\u2019UQAC se joint au Regroupement des CPA du Saguenay\u2013Lac-Saint-Jean pour souligner la performance de ses \u00e9tudiants aux examens de l\u2019Ordre des comptables professionnels agr\u00e9\u00e9s (CPA).<\/div>\n<div class=\"entry-content clearfix\">\n<div class=\"pf-content\">\n<p>F\u00e9licitations aux 22 nouveaux professionnels pour leurs efforts soutenus et leur d\u00e9termination dans la r\u00e9ussite de cette \u00e9valuation.<\/p>\n<p>Cette tradition d\u2019excellence des dipl\u00f4m\u00e9s du\u00a0<a href=\"http:\/\/programmes.uqac.ca\/1809\">DESS en sciences comptables<\/a>\u00a0de l\u2019UQAC est le fruit de l\u2019implication exceptionnelle des professeurs et charg\u00e9s de cours, de la qualit\u00e9 de l\u2019encadrement fourni aux \u00e9tudiants, de m\u00eame que de la rigueur des programmes en sciences comptables offerts par l\u2019\u00e9tablissement.<\/p>\n<\/div>\n<\/div>\n","protected":false},"excerpt":{"rendered":"<p>L\u2019UQAC se joint au Regroupement des CPA du Saguenay\u2013Lac-Saint-Jean pour souligner la performance de ses \u00e9tudiants aux examens de l\u2019Ordre des comptables professionnels agr\u00e9\u00e9s (CPA). F\u00e9licitations aux 22 nouveaux professionnels pour leurs efforts soutenus et leur d\u00e9termination dans la r\u00e9ussite de cette \u00e9valuation. Cette tradition d\u2019excellence des dipl\u00f4m\u00e9s du\u00a0DESS en sciences comptables\u00a0de l\u2019UQAC est le [&hellip;]<\/p>\n","protected":false},"author":5,"featured_media":33787,"comment_status":"open","ping_status":"open","sticky":false,"template":"","format":"standard","meta":{"footnotes":""},"categories":[2,9],"tags":[],"yoast_head":"<!-- This site is optimized with the Yoast SEO plugin v24.2 - https:\/\/yoast.com\/wordpress\/plugins\/seo\/ -->\r\n<title>Les \u00e9tudiants en sciences comptables de l\u2019UQAC encore une fois parmi l\u2019\u00e9lite au Qu\u00e9bec - UQACtualit\u00e9s<\/title>\r\n<meta name=\"robots\" content=\"index, follow, max-snippet:-1, max-image-preview:large, max-video-preview:-1\" \/>\r\n<link rel=\"canonical\" href=\"https:\/\/www.uqac.ca\/uqactualites\/2018\/01\/09\/les-etudiants-en-sciences-comptables-de-luqac-encore-une-fois-parmi-lelite-au-quebec\/\" \/>\r\n<meta property=\"og:locale\" content=\"fr_CA\" \/>\r\n<meta property=\"og:type\" content=\"article\" \/>\r\n<meta property=\"og:title\" content=\"Les \u00e9tudiants en sciences comptables de l\u2019UQAC encore une fois parmi l\u2019\u00e9lite au Qu\u00e9bec - UQACtualit\u00e9s\" \/>\r\n<meta property=\"og:description\" content=\"L\u2019UQAC se joint au Regroupement des CPA du Saguenay\u2013Lac-Saint-Jean pour souligner la performance de ses \u00e9tudiants aux examens de l\u2019Ordre des comptables professionnels agr\u00e9\u00e9s (CPA). F\u00e9licitations aux 22 nouveaux professionnels pour leurs efforts soutenus et leur d\u00e9termination dans la r\u00e9ussite de cette \u00e9valuation. Cette tradition d\u2019excellence des dipl\u00f4m\u00e9s du\u00a0DESS en sciences comptables\u00a0de l\u2019UQAC est le [&hellip;]\" \/>\r\n<meta property=\"og:url\" content=\"https:\/\/www.uqac.ca\/uqactualites\/2018\/01\/09\/les-etudiants-en-sciences-comptables-de-luqac-encore-une-fois-parmi-lelite-au-quebec\/\" \/>\r\n<meta property=\"og:site_name\" content=\"UQACtualit\u00e9s\" \/>\r\n<meta property=\"article:published_time\" content=\"2018-01-09T21:19:11+00:00\" \/>\r\n<meta property=\"og:image\" content=\"https:\/\/www.uqac.ca\/uqactualites\/wp-content\/uploads\/2018\/01\/Examen_CPA_20180112.jpg\" \/>\r\n\t<meta property=\"og:image:width\" content=\"2058\" \/>\r\n\t<meta property=\"og:image:height\" content=\"1002\" \/>\r\n\t<meta property=\"og:image:type\" content=\"image\/jpeg\" \/>\r\n<meta name=\"author\" content=\"Service des communications et des relations publiques\" \/>\r\n<meta name=\"twitter:card\" content=\"summary_large_image\" \/>\r\n<meta name=\"twitter:label1\" content=\"\u00c9crit par\" \/>\n\t<meta name=\"twitter:data1\" content=\"Service des communications et des relations publiques\" \/>\n\t<meta name=\"twitter:label2\" content=\"Estimation du temps de lecture\" \/>\n\t<meta name=\"twitter:data2\" content=\"1 minute\" \/>\r\n<script type=\"application\/ld+json\" class=\"yoast-schema-graph\">{\"@context\":\"https:\/\/schema.org\",\"@graph\":[{\"@type\":\"WebPage\",\"@id\":\"https:\/\/www.uqac.ca\/uqactualites\/2018\/01\/09\/les-etudiants-en-sciences-comptables-de-luqac-encore-une-fois-parmi-lelite-au-quebec\/\",\"url\":\"https:\/\/www.uqac.ca\/uqactualites\/2018\/01\/09\/les-etudiants-en-sciences-comptables-de-luqac-encore-une-fois-parmi-lelite-au-quebec\/\",\"name\":\"Les \u00e9tudiants en sciences comptables de l\u2019UQAC encore une fois parmi l\u2019\u00e9lite au Qu\u00e9bec - UQACtualit\u00e9s\",\"isPartOf\":{\"@id\":\"https:\/\/www.uqac.ca\/uqactualites\/#website\"},\"primaryImageOfPage\":{\"@id\":\"https:\/\/www.uqac.ca\/uqactualites\/2018\/01\/09\/les-etudiants-en-sciences-comptables-de-luqac-encore-une-fois-parmi-lelite-au-quebec\/#primaryimage\"},\"image\":{\"@id\":\"https:\/\/www.uqac.ca\/uqactualites\/2018\/01\/09\/les-etudiants-en-sciences-comptables-de-luqac-encore-une-fois-parmi-lelite-au-quebec\/#primaryimage\"},\"thumbnailUrl\":\"https:\/\/www.uqac.ca\/uqactualites\/wp-content\/uploads\/2018\/01\/Examen_CPA_20180112.jpg\",\"datePublished\":\"2018-01-09T21:19:11+00:00\",\"dateModified\":\"2018-01-09T21:19:11+00:00\",\"author\":{\"@id\":\"https:\/\/www.uqac.ca\/uqactualites\/#\/schema\/person\/366c45a0c4f0e677b41b4af5886e2018\"},\"breadcrumb\":{\"@id\":\"https:\/\/www.uqac.ca\/uqactualites\/2018\/01\/09\/les-etudiants-en-sciences-comptables-de-luqac-encore-une-fois-parmi-lelite-au-quebec\/#breadcrumb\"},\"inLanguage\":\"fr-CA\",\"potentialAction\":[{\"@type\":\"ReadAction\",\"target\":[\"https:\/\/www.uqac.ca\/uqactualites\/2018\/01\/09\/les-etudiants-en-sciences-comptables-de-luqac-encore-une-fois-parmi-lelite-au-quebec\/\"]}]},{\"@type\":\"ImageObject\",\"inLanguage\":\"fr-CA\",\"@id\":\"https:\/\/www.uqac.ca\/uqactualites\/2018\/01\/09\/les-etudiants-en-sciences-comptables-de-luqac-encore-une-fois-parmi-lelite-au-quebec\/#primaryimage\",\"url\":\"https:\/\/www.uqac.ca\/uqactualites\/wp-content\/uploads\/2018\/01\/Examen_CPA_20180112.jpg\",\"contentUrl\":\"https:\/\/www.uqac.ca\/uqactualites\/wp-content\/uploads\/2018\/01\/Examen_CPA_20180112.jpg\",\"width\":2058,\"height\":1002},{\"@type\":\"BreadcrumbList\",\"@id\":\"https:\/\/www.uqac.ca\/uqactualites\/2018\/01\/09\/les-etudiants-en-sciences-comptables-de-luqac-encore-une-fois-parmi-lelite-au-quebec\/#breadcrumb\",\"itemListElement\":[{\"@type\":\"ListItem\",\"position\":1,\"name\":\"Home\",\"item\":\"https:\/\/www.uqac.ca\/uqactualites\/\"},{\"@type\":\"ListItem\",\"position\":2,\"name\":\"Les \u00e9tudiants en sciences comptables de l\u2019UQAC encore une fois parmi l\u2019\u00e9lite au Qu\u00e9bec\"}]},{\"@type\":\"WebSite\",\"@id\":\"https:\/\/www.uqac.ca\/uqactualites\/#website\",\"url\":\"https:\/\/www.uqac.ca\/uqactualites\/\",\"name\":\"UQACtualit\u00e9s\",\"description\":\"Le portail des nouvelles de l&#039;UQAC\",\"potentialAction\":[{\"@type\":\"SearchAction\",\"target\":{\"@type\":\"EntryPoint\",\"urlTemplate\":\"https:\/\/www.uqac.ca\/uqactualites\/?s={search_term_string}\"},\"query-input\":{\"@type\":\"PropertyValueSpecification\",\"valueRequired\":true,\"valueName\":\"search_term_string\"}}],\"inLanguage\":\"fr-CA\"},{\"@type\":\"Person\",\"@id\":\"https:\/\/www.uqac.ca\/uqactualites\/#\/schema\/person\/366c45a0c4f0e677b41b4af5886e2018\",\"name\":\"Service des communications et des relations publiques\",\"image\":{\"@type\":\"ImageObject\",\"inLanguage\":\"fr-CA\",\"@id\":\"https:\/\/www.uqac.ca\/uqactualites\/#\/schema\/person\/image\/\",\"url\":\"https:\/\/secure.gravatar.com\/avatar\/20fbbda8a292f59f2d3461a5b999c00b?s=96&d=mm&r=g\",\"contentUrl\":\"https:\/\/secure.gravatar.com\/avatar\/20fbbda8a292f59f2d3461a5b999c00b?s=96&d=mm&r=g\",\"caption\":\"Service des communications et des relations publiques\"},\"url\":\"https:\/\/www.uqac.ca\/uqactualites\/author\/bap\/\"}]}<\/script>\r\n<!-- \/ Yoast SEO plugin. -->","yoast_head_json":{"title":"Les \u00e9tudiants en sciences comptables de l\u2019UQAC encore une fois parmi l\u2019\u00e9lite au Qu\u00e9bec - UQACtualit\u00e9s","robots":{"index":"index","follow":"follow","max-snippet":"max-snippet:-1","max-image-preview":"max-image-preview:large","max-video-preview":"max-video-preview:-1"},"canonical":"https:\/\/www.uqac.ca\/uqactualites\/2018\/01\/09\/les-etudiants-en-sciences-comptables-de-luqac-encore-une-fois-parmi-lelite-au-quebec\/","og_locale":"fr_CA","og_type":"article","og_title":"Les \u00e9tudiants en sciences comptables de l\u2019UQAC encore une fois parmi l\u2019\u00e9lite au Qu\u00e9bec - UQACtualit\u00e9s","og_description":"L\u2019UQAC se joint au Regroupement des CPA du Saguenay\u2013Lac-Saint-Jean pour souligner la performance de ses \u00e9tudiants aux examens de l\u2019Ordre des comptables professionnels agr\u00e9\u00e9s (CPA). F\u00e9licitations aux 22 nouveaux professionnels pour leurs efforts soutenus et leur d\u00e9termination dans la r\u00e9ussite de cette \u00e9valuation. Cette tradition d\u2019excellence des dipl\u00f4m\u00e9s du\u00a0DESS en sciences comptables\u00a0de l\u2019UQAC est le [&hellip;]","og_url":"https:\/\/www.uqac.ca\/uqactualites\/2018\/01\/09\/les-etudiants-en-sciences-comptables-de-luqac-encore-une-fois-parmi-lelite-au-quebec\/","og_site_name":"UQACtualit\u00e9s","article_published_time":"2018-01-09T21:19:11+00:00","og_image":[{"width":2058,"height":1002,"url":"https:\/\/www.uqac.ca\/uqactualites\/wp-content\/uploads\/2018\/01\/Examen_CPA_20180112.jpg","type":"image\/jpeg"}],"author":"Service des communications et des relations publiques","twitter_card":"summary_large_image","twitter_misc":{"\u00c9crit par":"Service des communications et des relations publiques","Estimation du temps de lecture":"1 minute"},"schema":{"@context":"https:\/\/schema.org","@graph":[{"@type":"WebPage","@id":"https:\/\/www.uqac.ca\/uqactualites\/2018\/01\/09\/les-etudiants-en-sciences-comptables-de-luqac-encore-une-fois-parmi-lelite-au-quebec\/","url":"https:\/\/www.uqac.ca\/uqactualites\/2018\/01\/09\/les-etudiants-en-sciences-comptables-de-luqac-encore-une-fois-parmi-lelite-au-quebec\/","name":"Les \u00e9tudiants en sciences comptables de l\u2019UQAC encore une fois parmi l\u2019\u00e9lite au Qu\u00e9bec - UQACtualit\u00e9s","isPartOf":{"@id":"https:\/\/www.uqac.ca\/uqactualites\/#website"},"primaryImageOfPage":{"@id":"https:\/\/www.uqac.ca\/uqactualites\/2018\/01\/09\/les-etudiants-en-sciences-comptables-de-luqac-encore-une-fois-parmi-lelite-au-quebec\/#primaryimage"},"image":{"@id":"https:\/\/www.uqac.ca\/uqactualites\/2018\/01\/09\/les-etudiants-en-sciences-comptables-de-luqac-encore-une-fois-parmi-lelite-au-quebec\/#primaryimage"},"thumbnailUrl":"https:\/\/www.uqac.ca\/uqactualites\/wp-content\/uploads\/2018\/01\/Examen_CPA_20180112.jpg","datePublished":"2018-01-09T21:19:11+00:00","dateModified":"2018-01-09T21:19:11+00:00","author":{"@id":"https:\/\/www.uqac.ca\/uqactualites\/#\/schema\/person\/366c45a0c4f0e677b41b4af5886e2018"},"breadcrumb":{"@id":"https:\/\/www.uqac.ca\/uqactualites\/2018\/01\/09\/les-etudiants-en-sciences-comptables-de-luqac-encore-une-fois-parmi-lelite-au-quebec\/#breadcrumb"},"inLanguage":"fr-CA","potentialAction":[{"@type":"ReadAction","target":["https:\/\/www.uqac.ca\/uqactualites\/2018\/01\/09\/les-etudiants-en-sciences-comptables-de-luqac-encore-une-fois-parmi-lelite-au-quebec\/"]}]},{"@type":"ImageObject","inLanguage":"fr-CA","@id":"https:\/\/www.uqac.ca\/uqactualites\/2018\/01\/09\/les-etudiants-en-sciences-comptables-de-luqac-encore-une-fois-parmi-lelite-au-quebec\/#primaryimage","url":"https:\/\/www.uqac.ca\/uqactualites\/wp-content\/uploads\/2018\/01\/Examen_CPA_20180112.jpg","contentUrl":"https:\/\/www.uqac.ca\/uqactualites\/wp-content\/uploads\/2018\/01\/Examen_CPA_20180112.jpg","width":2058,"height":1002},{"@type":"BreadcrumbList","@id":"https:\/\/www.uqac.ca\/uqactualites\/2018\/01\/09\/les-etudiants-en-sciences-comptables-de-luqac-encore-une-fois-parmi-lelite-au-quebec\/#breadcrumb","itemListElement":[{"@type":"ListItem","position":1,"name":"Home","item":"https:\/\/www.uqac.ca\/uqactualites\/"},{"@type":"ListItem","position":2,"name":"Les \u00e9tudiants en sciences comptables de l\u2019UQAC encore une fois parmi l\u2019\u00e9lite au Qu\u00e9bec"}]},{"@type":"WebSite","@id":"https:\/\/www.uqac.ca\/uqactualites\/#website","url":"https:\/\/www.uqac.ca\/uqactualites\/","name":"UQACtualit\u00e9s","description":"Le portail des nouvelles de l&#039;UQAC","potentialAction":[{"@type":"SearchAction","target":{"@type":"EntryPoint","urlTemplate":"https:\/\/www.uqac.ca\/uqactualites\/?s={search_term_string}"},"query-input":{"@type":"PropertyValueSpecification","valueRequired":true,"valueName":"search_term_string"}}],"inLanguage":"fr-CA"},{"@type":"Person","@id":"https:\/\/www.uqac.ca\/uqactualites\/#\/schema\/person\/366c45a0c4f0e677b41b4af5886e2018","name":"Service des communications et des relations publiques","image":{"@type":"ImageObject","inLanguage":"fr-CA","@id":"https:\/\/www.uqac.ca\/uqactualites\/#\/schema\/person\/image\/","url":"https:\/\/secure.gravatar.com\/avatar\/20fbbda8a292f59f2d3461a5b999c00b?s=96&d=mm&r=g","contentUrl":"https:\/\/secure.gravatar.com\/avatar\/20fbbda8a292f59f2d3461a5b999c00b?s=96&d=mm&r=g","caption":"Service des communications et des relations publiques"},"url":"https:\/\/www.uqac.ca\/uqactualites\/author\/bap\/"}]}},"_links":{"self":[{"href":"https:\/\/www.uqac.ca\/uqactualites\/wp-json\/wp\/v2\/posts\/33786"}],"collection":[{"href":"https:\/\/www.uqac.ca\/uqactualites\/wp-json\/wp\/v2\/posts"}],"about":[{"href":"https:\/\/www.uqac.ca\/uqactualites\/wp-json\/wp\/v2\/types\/post"}],"author":[{"embeddable":true,"href":"https:\/\/www.uqac.ca\/uqactualites\/wp-json\/wp\/v2\/users\/5"}],"replies":[{"embeddable":true,"href":"https:\/\/www.uqac.ca\/uqactualites\/wp-json\/wp\/v2\/comments?post=33786"}],"version-history":[{"count":0,"href":"https:\/\/www.uqac.ca\/uqactualites\/wp-json\/wp\/v2\/posts\/33786\/revisions"}],"wp:featuredmedia":[{"embeddable":true,"href":"https:\/\/www.uqac.ca\/uqactualites\/wp-json\/wp\/v2\/media\/33787"}],"wp:attachment":[{"href":"https:\/\/www.uqac.ca\/uqactualites\/wp-json\/wp\/v2\/media?parent=33786"}],"wp:term":[{"taxonomy":"category","embeddable":true,"href":"https:\/\/www.uqac.ca\/uqactualites\/wp-json\/wp\/v2\/categories?post=33786"},{"taxonomy":"post_tag","embeddable":true,"href":"https:\/\/www.uqac.ca\/uqactualites\/wp-json\/wp\/v2\/tags?post=33786"}],"curies":[{"name":"wp","href":"https:\/\/api.w.org\/{rel}","templated":true}]}}