{"id":33820,"date":"2018-01-25T15:24:38","date_gmt":"2018-01-25T20:24:38","guid":{"rendered":"http:\/\/www.uqac.ca\/?p=33820"},"modified":"2024-04-06T11:28:02","modified_gmt":"2024-04-06T15:28:02","slug":"luqac-presente-son-nouveau-programme-en-communication","status":"publish","type":"post","link":"https:\/\/www.uqac.ca\/uqactualites\/2018\/01\/25\/luqac-presente-son-nouveau-programme-en-communication\/","title":{"rendered":"L\u2019UQAC pr\u00e9sente son nouveau programme en communication"},"content":{"rendered":"<p>Le tout nouveau <strong><a href=\"http:\/\/programmes.uqac.ca\/6515\" target=\"_blank\" rel=\"noopener\">baccalaur\u00e9at en communication interculturelle et m\u00e9diatique<\/a><\/strong> de l\u2019UQAC \u00e9tait \u00e0 l\u2019honneur ce matin, alors qu\u2019une pr\u00e9sentation vid\u00e9o du programme \u00e9tait propos\u00e9e en direct de la page Facebook de l\u2019UQAC. C\u2019est le professeur-chercheur et concepteur du programme, Jorge Frozzini, qui \u00e9tait invit\u00e9 \u00e0 en faire un tour d\u2019horizon. Au cours de la rencontre Web, qui s\u2019est \u00e9tal\u00e9e sur une quinzaine de minutes, M. Frozzini a notamment abord\u00e9 les deux axes de formation du baccalaur\u00e9at \u2013 la communication interculturelle et les m\u00e9dias \u00e9mergents \u2013 en plus de discuter des diverses perspectives d\u2019avenir professionnel li\u00e9es au m\u00e9tier.<\/p>\n<p>Rappelons que le baccalaur\u00e9at sera offert \u00e0 compter du trimestre d\u2019automne prochain. Il est donc possible de <a href=\"http:\/\/www.uqac.ca\/admissionenligne\/\" target=\"_blank\" rel=\"noopener\"><strong>d\u00e9poser une demande d\u2019admission<\/strong><\/a> d\u00e8s maintenant.<\/p>\n<p>Pour visionner la pr\u00e9sentation r\u00e9alis\u00e9e via <em>Facebook Live<\/em>, rendez-vous sur la <strong><a href=\"https:\/\/www.facebook.com\/uqac.ca\/videos\/10156236176454407\/\" target=\"_blank\" rel=\"noopener\">page Facebook de l\u2019UQAC<\/a><\/strong>.<\/p>\n<p>&nbsp;<\/p>\n","protected":false},"excerpt":{"rendered":"<p>Le tout nouveau baccalaur\u00e9at en communication interculturelle et m\u00e9diatique de l\u2019UQAC \u00e9tait \u00e0 l\u2019honneur ce matin, alors qu\u2019une pr\u00e9sentation vid\u00e9o du programme \u00e9tait propos\u00e9e en direct de la page Facebook de l\u2019UQAC. C\u2019est le professeur-chercheur et concepteur du programme, Jorge Frozzini, qui \u00e9tait invit\u00e9 \u00e0 en faire un tour d\u2019horizon. Au cours de la rencontre [&hellip;]<\/p>\n","protected":false},"author":5,"featured_media":33821,"comment_status":"open","ping_status":"open","sticky":false,"template":"","format":"standard","meta":{"footnotes":""},"categories":[2,2854],"tags":[],"yoast_head":"<!-- This site is optimized with the Yoast SEO plugin v24.2 - https:\/\/yoast.com\/wordpress\/plugins\/seo\/ -->\r\n<title>L\u2019UQAC pr\u00e9sente son nouveau programme en communication - UQACtualit\u00e9s<\/title>\r\n<meta name=\"robots\" content=\"index, follow, max-snippet:-1, max-image-preview:large, max-video-preview:-1\" \/>\r\n<link rel=\"canonical\" href=\"https:\/\/www.uqac.ca\/uqactualites\/2018\/01\/25\/luqac-presente-son-nouveau-programme-en-communication\/\" \/>\r\n<meta property=\"og:locale\" content=\"fr_CA\" \/>\r\n<meta property=\"og:type\" content=\"article\" \/>\r\n<meta property=\"og:title\" content=\"L\u2019UQAC pr\u00e9sente son nouveau programme en communication - UQACtualit\u00e9s\" \/>\r\n<meta property=\"og:description\" content=\"Le tout nouveau baccalaur\u00e9at en communication interculturelle et m\u00e9diatique de l\u2019UQAC \u00e9tait \u00e0 l\u2019honneur ce matin, alors qu\u2019une pr\u00e9sentation vid\u00e9o du programme \u00e9tait propos\u00e9e en direct de la page Facebook de l\u2019UQAC. C\u2019est le professeur-chercheur et concepteur du programme, Jorge Frozzini, qui \u00e9tait invit\u00e9 \u00e0 en faire un tour d\u2019horizon. Au cours de la rencontre [&hellip;]\" \/>\r\n<meta property=\"og:url\" content=\"https:\/\/www.uqac.ca\/uqactualites\/2018\/01\/25\/luqac-presente-son-nouveau-programme-en-communication\/\" \/>\r\n<meta property=\"og:site_name\" content=\"UQACtualit\u00e9s\" \/>\r\n<meta property=\"article:published_time\" content=\"2018-01-25T20:24:38+00:00\" \/>\r\n<meta property=\"article:modified_time\" content=\"2024-04-06T15:28:02+00:00\" \/>\r\n<meta property=\"og:image\" content=\"https:\/\/www.uqac.ca\/uqactualites\/wp-content\/uploads\/2018\/01\/FbLive-BCIM.jpg\" \/>\r\n\t<meta property=\"og:image:width\" content=\"2016\" \/>\r\n\t<meta property=\"og:image:height\" content=\"1512\" \/>\r\n\t<meta property=\"og:image:type\" content=\"image\/jpeg\" \/>\r\n<meta name=\"author\" content=\"Service des communications et des relations publiques\" \/>\r\n<meta name=\"twitter:card\" content=\"summary_large_image\" \/>\r\n<meta name=\"twitter:label1\" content=\"\u00c9crit par\" \/>\n\t<meta name=\"twitter:data1\" content=\"Service des communications et des relations publiques\" \/>\n\t<meta name=\"twitter:label2\" content=\"Estimation du temps de lecture\" \/>\n\t<meta name=\"twitter:data2\" content=\"1 minute\" \/>\r\n<script type=\"application\/ld+json\" class=\"yoast-schema-graph\">{\"@context\":\"https:\/\/schema.org\",\"@graph\":[{\"@type\":\"WebPage\",\"@id\":\"https:\/\/www.uqac.ca\/uqactualites\/2018\/01\/25\/luqac-presente-son-nouveau-programme-en-communication\/\",\"url\":\"https:\/\/www.uqac.ca\/uqactualites\/2018\/01\/25\/luqac-presente-son-nouveau-programme-en-communication\/\",\"name\":\"L\u2019UQAC pr\u00e9sente son nouveau programme en communication - UQACtualit\u00e9s\",\"isPartOf\":{\"@id\":\"https:\/\/www.uqac.ca\/uqactualites\/#website\"},\"primaryImageOfPage\":{\"@id\":\"https:\/\/www.uqac.ca\/uqactualites\/2018\/01\/25\/luqac-presente-son-nouveau-programme-en-communication\/#primaryimage\"},\"image\":{\"@id\":\"https:\/\/www.uqac.ca\/uqactualites\/2018\/01\/25\/luqac-presente-son-nouveau-programme-en-communication\/#primaryimage\"},\"thumbnailUrl\":\"https:\/\/www.uqac.ca\/uqactualites\/wp-content\/uploads\/2018\/01\/FbLive-BCIM.jpg\",\"datePublished\":\"2018-01-25T20:24:38+00:00\",\"dateModified\":\"2024-04-06T15:28:02+00:00\",\"author\":{\"@id\":\"https:\/\/www.uqac.ca\/uqactualites\/#\/schema\/person\/366c45a0c4f0e677b41b4af5886e2018\"},\"breadcrumb\":{\"@id\":\"https:\/\/www.uqac.ca\/uqactualites\/2018\/01\/25\/luqac-presente-son-nouveau-programme-en-communication\/#breadcrumb\"},\"inLanguage\":\"fr-CA\",\"potentialAction\":[{\"@type\":\"ReadAction\",\"target\":[\"https:\/\/www.uqac.ca\/uqactualites\/2018\/01\/25\/luqac-presente-son-nouveau-programme-en-communication\/\"]}]},{\"@type\":\"ImageObject\",\"inLanguage\":\"fr-CA\",\"@id\":\"https:\/\/www.uqac.ca\/uqactualites\/2018\/01\/25\/luqac-presente-son-nouveau-programme-en-communication\/#primaryimage\",\"url\":\"https:\/\/www.uqac.ca\/uqactualites\/wp-content\/uploads\/2018\/01\/FbLive-BCIM.jpg\",\"contentUrl\":\"https:\/\/www.uqac.ca\/uqactualites\/wp-content\/uploads\/2018\/01\/FbLive-BCIM.jpg\",\"width\":2016,\"height\":1512},{\"@type\":\"BreadcrumbList\",\"@id\":\"https:\/\/www.uqac.ca\/uqactualites\/2018\/01\/25\/luqac-presente-son-nouveau-programme-en-communication\/#breadcrumb\",\"itemListElement\":[{\"@type\":\"ListItem\",\"position\":1,\"name\":\"Home\",\"item\":\"https:\/\/www.uqac.ca\/uqactualites\/\"},{\"@type\":\"ListItem\",\"position\":2,\"name\":\"L\u2019UQAC pr\u00e9sente son nouveau programme en communication\"}]},{\"@type\":\"WebSite\",\"@id\":\"https:\/\/www.uqac.ca\/uqactualites\/#website\",\"url\":\"https:\/\/www.uqac.ca\/uqactualites\/\",\"name\":\"UQACtualit\u00e9s\",\"description\":\"Le portail des nouvelles de l&#039;UQAC\",\"potentialAction\":[{\"@type\":\"SearchAction\",\"target\":{\"@type\":\"EntryPoint\",\"urlTemplate\":\"https:\/\/www.uqac.ca\/uqactualites\/?s={search_term_string}\"},\"query-input\":{\"@type\":\"PropertyValueSpecification\",\"valueRequired\":true,\"valueName\":\"search_term_string\"}}],\"inLanguage\":\"fr-CA\"},{\"@type\":\"Person\",\"@id\":\"https:\/\/www.uqac.ca\/uqactualites\/#\/schema\/person\/366c45a0c4f0e677b41b4af5886e2018\",\"name\":\"Service des communications et des relations publiques\",\"image\":{\"@type\":\"ImageObject\",\"inLanguage\":\"fr-CA\",\"@id\":\"https:\/\/www.uqac.ca\/uqactualites\/#\/schema\/person\/image\/\",\"url\":\"https:\/\/secure.gravatar.com\/avatar\/20fbbda8a292f59f2d3461a5b999c00b?s=96&d=mm&r=g\",\"contentUrl\":\"https:\/\/secure.gravatar.com\/avatar\/20fbbda8a292f59f2d3461a5b999c00b?s=96&d=mm&r=g\",\"caption\":\"Service des communications et des relations publiques\"},\"url\":\"https:\/\/www.uqac.ca\/uqactualites\/author\/bap\/\"}]}<\/script>\r\n<!-- \/ Yoast SEO plugin. -->","yoast_head_json":{"title":"L\u2019UQAC pr\u00e9sente son nouveau programme en communication - UQACtualit\u00e9s","robots":{"index":"index","follow":"follow","max-snippet":"max-snippet:-1","max-image-preview":"max-image-preview:large","max-video-preview":"max-video-preview:-1"},"canonical":"https:\/\/www.uqac.ca\/uqactualites\/2018\/01\/25\/luqac-presente-son-nouveau-programme-en-communication\/","og_locale":"fr_CA","og_type":"article","og_title":"L\u2019UQAC pr\u00e9sente son nouveau programme en communication - UQACtualit\u00e9s","og_description":"Le tout nouveau baccalaur\u00e9at en communication interculturelle et m\u00e9diatique de l\u2019UQAC \u00e9tait \u00e0 l\u2019honneur ce matin, alors qu\u2019une pr\u00e9sentation vid\u00e9o du programme \u00e9tait propos\u00e9e en direct de la page Facebook de l\u2019UQAC. C\u2019est le professeur-chercheur et concepteur du programme, Jorge Frozzini, qui \u00e9tait invit\u00e9 \u00e0 en faire un tour d\u2019horizon. Au cours de la rencontre [&hellip;]","og_url":"https:\/\/www.uqac.ca\/uqactualites\/2018\/01\/25\/luqac-presente-son-nouveau-programme-en-communication\/","og_site_name":"UQACtualit\u00e9s","article_published_time":"2018-01-25T20:24:38+00:00","article_modified_time":"2024-04-06T15:28:02+00:00","og_image":[{"width":2016,"height":1512,"url":"https:\/\/www.uqac.ca\/uqactualites\/wp-content\/uploads\/2018\/01\/FbLive-BCIM.jpg","type":"image\/jpeg"}],"author":"Service des communications et des relations publiques","twitter_card":"summary_large_image","twitter_misc":{"\u00c9crit par":"Service des communications et des relations publiques","Estimation du temps de lecture":"1 minute"},"schema":{"@context":"https:\/\/schema.org","@graph":[{"@type":"WebPage","@id":"https:\/\/www.uqac.ca\/uqactualites\/2018\/01\/25\/luqac-presente-son-nouveau-programme-en-communication\/","url":"https:\/\/www.uqac.ca\/uqactualites\/2018\/01\/25\/luqac-presente-son-nouveau-programme-en-communication\/","name":"L\u2019UQAC pr\u00e9sente son nouveau programme en communication - UQACtualit\u00e9s","isPartOf":{"@id":"https:\/\/www.uqac.ca\/uqactualites\/#website"},"primaryImageOfPage":{"@id":"https:\/\/www.uqac.ca\/uqactualites\/2018\/01\/25\/luqac-presente-son-nouveau-programme-en-communication\/#primaryimage"},"image":{"@id":"https:\/\/www.uqac.ca\/uqactualites\/2018\/01\/25\/luqac-presente-son-nouveau-programme-en-communication\/#primaryimage"},"thumbnailUrl":"https:\/\/www.uqac.ca\/uqactualites\/wp-content\/uploads\/2018\/01\/FbLive-BCIM.jpg","datePublished":"2018-01-25T20:24:38+00:00","dateModified":"2024-04-06T15:28:02+00:00","author":{"@id":"https:\/\/www.uqac.ca\/uqactualites\/#\/schema\/person\/366c45a0c4f0e677b41b4af5886e2018"},"breadcrumb":{"@id":"https:\/\/www.uqac.ca\/uqactualites\/2018\/01\/25\/luqac-presente-son-nouveau-programme-en-communication\/#breadcrumb"},"inLanguage":"fr-CA","potentialAction":[{"@type":"ReadAction","target":["https:\/\/www.uqac.ca\/uqactualites\/2018\/01\/25\/luqac-presente-son-nouveau-programme-en-communication\/"]}]},{"@type":"ImageObject","inLanguage":"fr-CA","@id":"https:\/\/www.uqac.ca\/uqactualites\/2018\/01\/25\/luqac-presente-son-nouveau-programme-en-communication\/#primaryimage","url":"https:\/\/www.uqac.ca\/uqactualites\/wp-content\/uploads\/2018\/01\/FbLive-BCIM.jpg","contentUrl":"https:\/\/www.uqac.ca\/uqactualites\/wp-content\/uploads\/2018\/01\/FbLive-BCIM.jpg","width":2016,"height":1512},{"@type":"BreadcrumbList","@id":"https:\/\/www.uqac.ca\/uqactualites\/2018\/01\/25\/luqac-presente-son-nouveau-programme-en-communication\/#breadcrumb","itemListElement":[{"@type":"ListItem","position":1,"name":"Home","item":"https:\/\/www.uqac.ca\/uqactualites\/"},{"@type":"ListItem","position":2,"name":"L\u2019UQAC pr\u00e9sente son nouveau programme en communication"}]},{"@type":"WebSite","@id":"https:\/\/www.uqac.ca\/uqactualites\/#website","url":"https:\/\/www.uqac.ca\/uqactualites\/","name":"UQACtualit\u00e9s","description":"Le portail des nouvelles de l&#039;UQAC","potentialAction":[{"@type":"SearchAction","target":{"@type":"EntryPoint","urlTemplate":"https:\/\/www.uqac.ca\/uqactualites\/?s={search_term_string}"},"query-input":{"@type":"PropertyValueSpecification","valueRequired":true,"valueName":"search_term_string"}}],"inLanguage":"fr-CA"},{"@type":"Person","@id":"https:\/\/www.uqac.ca\/uqactualites\/#\/schema\/person\/366c45a0c4f0e677b41b4af5886e2018","name":"Service des communications et des relations publiques","image":{"@type":"ImageObject","inLanguage":"fr-CA","@id":"https:\/\/www.uqac.ca\/uqactualites\/#\/schema\/person\/image\/","url":"https:\/\/secure.gravatar.com\/avatar\/20fbbda8a292f59f2d3461a5b999c00b?s=96&d=mm&r=g","contentUrl":"https:\/\/secure.gravatar.com\/avatar\/20fbbda8a292f59f2d3461a5b999c00b?s=96&d=mm&r=g","caption":"Service des communications et des relations publiques"},"url":"https:\/\/www.uqac.ca\/uqactualites\/author\/bap\/"}]}},"_links":{"self":[{"href":"https:\/\/www.uqac.ca\/uqactualites\/wp-json\/wp\/v2\/posts\/33820"}],"collection":[{"href":"https:\/\/www.uqac.ca\/uqactualites\/wp-json\/wp\/v2\/posts"}],"about":[{"href":"https:\/\/www.uqac.ca\/uqactualites\/wp-json\/wp\/v2\/types\/post"}],"author":[{"embeddable":true,"href":"https:\/\/www.uqac.ca\/uqactualites\/wp-json\/wp\/v2\/users\/5"}],"replies":[{"embeddable":true,"href":"https:\/\/www.uqac.ca\/uqactualites\/wp-json\/wp\/v2\/comments?post=33820"}],"version-history":[{"count":1,"href":"https:\/\/www.uqac.ca\/uqactualites\/wp-json\/wp\/v2\/posts\/33820\/revisions"}],"predecessor-version":[{"id":46702,"href":"https:\/\/www.uqac.ca\/uqactualites\/wp-json\/wp\/v2\/posts\/33820\/revisions\/46702"}],"wp:featuredmedia":[{"embeddable":true,"href":"https:\/\/www.uqac.ca\/uqactualites\/wp-json\/wp\/v2\/media\/33821"}],"wp:attachment":[{"href":"https:\/\/www.uqac.ca\/uqactualites\/wp-json\/wp\/v2\/media?parent=33820"}],"wp:term":[{"taxonomy":"category","embeddable":true,"href":"https:\/\/www.uqac.ca\/uqactualites\/wp-json\/wp\/v2\/categories?post=33820"},{"taxonomy":"post_tag","embeddable":true,"href":"https:\/\/www.uqac.ca\/uqactualites\/wp-json\/wp\/v2\/tags?post=33820"}],"curies":[{"name":"wp","href":"https:\/\/api.w.org\/{rel}","templated":true}]}}