{"id":33904,"date":"2018-02-14T10:56:41","date_gmt":"2018-02-14T15:56:41","guid":{"rendered":"http:\/\/www.uqac.ca\/?p=33904"},"modified":"2018-02-14T10:56:41","modified_gmt":"2018-02-14T15:56:41","slug":"luqac-souligne-la-perseverance-de-ses-etudiants-2","status":"publish","type":"post","link":"https:\/\/www.uqac.ca\/uqactualites\/2018\/02\/14\/luqac-souligne-la-perseverance-de-ses-etudiants-2\/","title":{"rendered":"L\u2019UQAC souligne la pers\u00e9v\u00e9rance de ses \u00e9tudiants"},"content":{"rendered":"<div class=\"entry-info\">\u00c0 l\u2019occasion des 11<sup>es<\/sup>\u00a0Journ\u00e9es de la pers\u00e9v\u00e9rance scolaire, l\u2019UQAC proposait ce matin aux \u00e9tudiants un accueil particulier : en effet, des \u00e9quipes form\u00e9es de divers acteurs du milieu universitaire \u00e9taient dispers\u00e9es \u00e0 chacune des portes principales pour encourager les \u00e9tudiants et les f\u00e9liciter pour leur travail constant. De nombreux employ\u00e9s \u2013 dont la cause tient particuli\u00e8rement \u00e0 c\u0153ur \u2013 se sont ainsi affair\u00e9s \u00e0 offrir aux \u00e9tudiants le ruban vert de la pers\u00e9v\u00e9rance ainsi qu\u2019une carte \u00e0 \u00e9changer contre un caf\u00e9.<\/div>\n<div class=\"entry-content clearfix\">\n<div class=\"pf-content\">\n<p>Chers \u00e9tudiants\u00a0: tous les membres du personnel de l\u2019UQAC joignent leur voix \u00e0 celles des professeurs et des charg\u00e9s de cours afin de clamer haut et fort leur fiert\u00e9 \u00e0 votre \u00e9gard. F\u00e9licitations\u00a0!<\/p>\n<\/div>\n<\/div>\n","protected":false},"excerpt":{"rendered":"<p>\u00c0 l\u2019occasion des 11es\u00a0Journ\u00e9es de la pers\u00e9v\u00e9rance scolaire, l\u2019UQAC proposait ce matin aux \u00e9tudiants un accueil particulier : en effet, des \u00e9quipes form\u00e9es de divers acteurs du milieu universitaire \u00e9taient dispers\u00e9es \u00e0 chacune des portes principales pour encourager les \u00e9tudiants et les f\u00e9liciter pour leur travail constant. De nombreux employ\u00e9s \u2013 dont la cause tient [&hellip;]<\/p>\n","protected":false},"author":5,"featured_media":33905,"comment_status":"open","ping_status":"open","sticky":false,"template":"","format":"standard","meta":{"footnotes":""},"categories":[2],"tags":[],"yoast_head":"<!-- This site is optimized with the Yoast SEO plugin v24.2 - https:\/\/yoast.com\/wordpress\/plugins\/seo\/ -->\r\n<title>L\u2019UQAC souligne la pers\u00e9v\u00e9rance de ses \u00e9tudiants - UQACtualit\u00e9s<\/title>\r\n<meta name=\"robots\" content=\"index, follow, max-snippet:-1, max-image-preview:large, max-video-preview:-1\" \/>\r\n<link rel=\"canonical\" href=\"https:\/\/www.uqac.ca\/uqactualites\/2018\/02\/14\/luqac-souligne-la-perseverance-de-ses-etudiants-2\/\" \/>\r\n<meta property=\"og:locale\" content=\"fr_CA\" \/>\r\n<meta property=\"og:type\" content=\"article\" \/>\r\n<meta property=\"og:title\" content=\"L\u2019UQAC souligne la pers\u00e9v\u00e9rance de ses \u00e9tudiants - UQACtualit\u00e9s\" \/>\r\n<meta property=\"og:description\" content=\"\u00c0 l\u2019occasion des 11es\u00a0Journ\u00e9es de la pers\u00e9v\u00e9rance scolaire, l\u2019UQAC proposait ce matin aux \u00e9tudiants un accueil particulier : en effet, des \u00e9quipes form\u00e9es de divers acteurs du milieu universitaire \u00e9taient dispers\u00e9es \u00e0 chacune des portes principales pour encourager les \u00e9tudiants et les f\u00e9liciter pour leur travail constant. De nombreux employ\u00e9s \u2013 dont la cause tient [&hellip;]\" \/>\r\n<meta property=\"og:url\" content=\"https:\/\/www.uqac.ca\/uqactualites\/2018\/02\/14\/luqac-souligne-la-perseverance-de-ses-etudiants-2\/\" \/>\r\n<meta property=\"og:site_name\" content=\"UQACtualit\u00e9s\" \/>\r\n<meta property=\"article:published_time\" content=\"2018-02-14T15:56:41+00:00\" \/>\r\n<meta property=\"og:image\" content=\"https:\/\/www.uqac.ca\/uqactualites\/wp-content\/uploads\/2018\/02\/reseau_irc_jps_2018_facebook_cover.jpg\" \/>\r\n\t<meta property=\"og:image:width\" content=\"620\" \/>\r\n\t<meta property=\"og:image:height\" content=\"300\" \/>\r\n\t<meta property=\"og:image:type\" content=\"image\/jpeg\" \/>\r\n<meta name=\"author\" content=\"Service des communications et des relations publiques\" \/>\r\n<meta name=\"twitter:card\" content=\"summary_large_image\" \/>\r\n<meta name=\"twitter:label1\" content=\"\u00c9crit par\" \/>\n\t<meta name=\"twitter:data1\" content=\"Service des communications et des relations publiques\" \/>\n\t<meta name=\"twitter:label2\" content=\"Estimation du temps de lecture\" \/>\n\t<meta name=\"twitter:data2\" content=\"1 minute\" \/>\r\n<script type=\"application\/ld+json\" class=\"yoast-schema-graph\">{\"@context\":\"https:\/\/schema.org\",\"@graph\":[{\"@type\":\"WebPage\",\"@id\":\"https:\/\/www.uqac.ca\/uqactualites\/2018\/02\/14\/luqac-souligne-la-perseverance-de-ses-etudiants-2\/\",\"url\":\"https:\/\/www.uqac.ca\/uqactualites\/2018\/02\/14\/luqac-souligne-la-perseverance-de-ses-etudiants-2\/\",\"name\":\"L\u2019UQAC souligne la pers\u00e9v\u00e9rance de ses \u00e9tudiants - UQACtualit\u00e9s\",\"isPartOf\":{\"@id\":\"https:\/\/www.uqac.ca\/uqactualites\/#website\"},\"primaryImageOfPage\":{\"@id\":\"https:\/\/www.uqac.ca\/uqactualites\/2018\/02\/14\/luqac-souligne-la-perseverance-de-ses-etudiants-2\/#primaryimage\"},\"image\":{\"@id\":\"https:\/\/www.uqac.ca\/uqactualites\/2018\/02\/14\/luqac-souligne-la-perseverance-de-ses-etudiants-2\/#primaryimage\"},\"thumbnailUrl\":\"https:\/\/www.uqac.ca\/uqactualites\/wp-content\/uploads\/2018\/02\/reseau_irc_jps_2018_facebook_cover.jpg\",\"datePublished\":\"2018-02-14T15:56:41+00:00\",\"dateModified\":\"2018-02-14T15:56:41+00:00\",\"author\":{\"@id\":\"https:\/\/www.uqac.ca\/uqactualites\/#\/schema\/person\/366c45a0c4f0e677b41b4af5886e2018\"},\"breadcrumb\":{\"@id\":\"https:\/\/www.uqac.ca\/uqactualites\/2018\/02\/14\/luqac-souligne-la-perseverance-de-ses-etudiants-2\/#breadcrumb\"},\"inLanguage\":\"fr-CA\",\"potentialAction\":[{\"@type\":\"ReadAction\",\"target\":[\"https:\/\/www.uqac.ca\/uqactualites\/2018\/02\/14\/luqac-souligne-la-perseverance-de-ses-etudiants-2\/\"]}]},{\"@type\":\"ImageObject\",\"inLanguage\":\"fr-CA\",\"@id\":\"https:\/\/www.uqac.ca\/uqactualites\/2018\/02\/14\/luqac-souligne-la-perseverance-de-ses-etudiants-2\/#primaryimage\",\"url\":\"https:\/\/www.uqac.ca\/uqactualites\/wp-content\/uploads\/2018\/02\/reseau_irc_jps_2018_facebook_cover.jpg\",\"contentUrl\":\"https:\/\/www.uqac.ca\/uqactualites\/wp-content\/uploads\/2018\/02\/reseau_irc_jps_2018_facebook_cover.jpg\",\"width\":620,\"height\":300},{\"@type\":\"BreadcrumbList\",\"@id\":\"https:\/\/www.uqac.ca\/uqactualites\/2018\/02\/14\/luqac-souligne-la-perseverance-de-ses-etudiants-2\/#breadcrumb\",\"itemListElement\":[{\"@type\":\"ListItem\",\"position\":1,\"name\":\"Home\",\"item\":\"https:\/\/www.uqac.ca\/uqactualites\/\"},{\"@type\":\"ListItem\",\"position\":2,\"name\":\"L\u2019UQAC souligne la pers\u00e9v\u00e9rance de ses \u00e9tudiants\"}]},{\"@type\":\"WebSite\",\"@id\":\"https:\/\/www.uqac.ca\/uqactualites\/#website\",\"url\":\"https:\/\/www.uqac.ca\/uqactualites\/\",\"name\":\"UQACtualit\u00e9s\",\"description\":\"Le portail des nouvelles de l&#039;UQAC\",\"potentialAction\":[{\"@type\":\"SearchAction\",\"target\":{\"@type\":\"EntryPoint\",\"urlTemplate\":\"https:\/\/www.uqac.ca\/uqactualites\/?s={search_term_string}\"},\"query-input\":{\"@type\":\"PropertyValueSpecification\",\"valueRequired\":true,\"valueName\":\"search_term_string\"}}],\"inLanguage\":\"fr-CA\"},{\"@type\":\"Person\",\"@id\":\"https:\/\/www.uqac.ca\/uqactualites\/#\/schema\/person\/366c45a0c4f0e677b41b4af5886e2018\",\"name\":\"Service des communications et des relations publiques\",\"image\":{\"@type\":\"ImageObject\",\"inLanguage\":\"fr-CA\",\"@id\":\"https:\/\/www.uqac.ca\/uqactualites\/#\/schema\/person\/image\/\",\"url\":\"https:\/\/secure.gravatar.com\/avatar\/20fbbda8a292f59f2d3461a5b999c00b?s=96&d=mm&r=g\",\"contentUrl\":\"https:\/\/secure.gravatar.com\/avatar\/20fbbda8a292f59f2d3461a5b999c00b?s=96&d=mm&r=g\",\"caption\":\"Service des communications et des relations publiques\"},\"url\":\"https:\/\/www.uqac.ca\/uqactualites\/author\/bap\/\"}]}<\/script>\r\n<!-- \/ Yoast SEO plugin. -->","yoast_head_json":{"title":"L\u2019UQAC souligne la pers\u00e9v\u00e9rance de ses \u00e9tudiants - UQACtualit\u00e9s","robots":{"index":"index","follow":"follow","max-snippet":"max-snippet:-1","max-image-preview":"max-image-preview:large","max-video-preview":"max-video-preview:-1"},"canonical":"https:\/\/www.uqac.ca\/uqactualites\/2018\/02\/14\/luqac-souligne-la-perseverance-de-ses-etudiants-2\/","og_locale":"fr_CA","og_type":"article","og_title":"L\u2019UQAC souligne la pers\u00e9v\u00e9rance de ses \u00e9tudiants - UQACtualit\u00e9s","og_description":"\u00c0 l\u2019occasion des 11es\u00a0Journ\u00e9es de la pers\u00e9v\u00e9rance scolaire, l\u2019UQAC proposait ce matin aux \u00e9tudiants un accueil particulier : en effet, des \u00e9quipes form\u00e9es de divers acteurs du milieu universitaire \u00e9taient dispers\u00e9es \u00e0 chacune des portes principales pour encourager les \u00e9tudiants et les f\u00e9liciter pour leur travail constant. De nombreux employ\u00e9s \u2013 dont la cause tient [&hellip;]","og_url":"https:\/\/www.uqac.ca\/uqactualites\/2018\/02\/14\/luqac-souligne-la-perseverance-de-ses-etudiants-2\/","og_site_name":"UQACtualit\u00e9s","article_published_time":"2018-02-14T15:56:41+00:00","og_image":[{"width":620,"height":300,"url":"https:\/\/www.uqac.ca\/uqactualites\/wp-content\/uploads\/2018\/02\/reseau_irc_jps_2018_facebook_cover.jpg","type":"image\/jpeg"}],"author":"Service des communications et des relations publiques","twitter_card":"summary_large_image","twitter_misc":{"\u00c9crit par":"Service des communications et des relations publiques","Estimation du temps de lecture":"1 minute"},"schema":{"@context":"https:\/\/schema.org","@graph":[{"@type":"WebPage","@id":"https:\/\/www.uqac.ca\/uqactualites\/2018\/02\/14\/luqac-souligne-la-perseverance-de-ses-etudiants-2\/","url":"https:\/\/www.uqac.ca\/uqactualites\/2018\/02\/14\/luqac-souligne-la-perseverance-de-ses-etudiants-2\/","name":"L\u2019UQAC souligne la pers\u00e9v\u00e9rance de ses \u00e9tudiants - UQACtualit\u00e9s","isPartOf":{"@id":"https:\/\/www.uqac.ca\/uqactualites\/#website"},"primaryImageOfPage":{"@id":"https:\/\/www.uqac.ca\/uqactualites\/2018\/02\/14\/luqac-souligne-la-perseverance-de-ses-etudiants-2\/#primaryimage"},"image":{"@id":"https:\/\/www.uqac.ca\/uqactualites\/2018\/02\/14\/luqac-souligne-la-perseverance-de-ses-etudiants-2\/#primaryimage"},"thumbnailUrl":"https:\/\/www.uqac.ca\/uqactualites\/wp-content\/uploads\/2018\/02\/reseau_irc_jps_2018_facebook_cover.jpg","datePublished":"2018-02-14T15:56:41+00:00","dateModified":"2018-02-14T15:56:41+00:00","author":{"@id":"https:\/\/www.uqac.ca\/uqactualites\/#\/schema\/person\/366c45a0c4f0e677b41b4af5886e2018"},"breadcrumb":{"@id":"https:\/\/www.uqac.ca\/uqactualites\/2018\/02\/14\/luqac-souligne-la-perseverance-de-ses-etudiants-2\/#breadcrumb"},"inLanguage":"fr-CA","potentialAction":[{"@type":"ReadAction","target":["https:\/\/www.uqac.ca\/uqactualites\/2018\/02\/14\/luqac-souligne-la-perseverance-de-ses-etudiants-2\/"]}]},{"@type":"ImageObject","inLanguage":"fr-CA","@id":"https:\/\/www.uqac.ca\/uqactualites\/2018\/02\/14\/luqac-souligne-la-perseverance-de-ses-etudiants-2\/#primaryimage","url":"https:\/\/www.uqac.ca\/uqactualites\/wp-content\/uploads\/2018\/02\/reseau_irc_jps_2018_facebook_cover.jpg","contentUrl":"https:\/\/www.uqac.ca\/uqactualites\/wp-content\/uploads\/2018\/02\/reseau_irc_jps_2018_facebook_cover.jpg","width":620,"height":300},{"@type":"BreadcrumbList","@id":"https:\/\/www.uqac.ca\/uqactualites\/2018\/02\/14\/luqac-souligne-la-perseverance-de-ses-etudiants-2\/#breadcrumb","itemListElement":[{"@type":"ListItem","position":1,"name":"Home","item":"https:\/\/www.uqac.ca\/uqactualites\/"},{"@type":"ListItem","position":2,"name":"L\u2019UQAC souligne la pers\u00e9v\u00e9rance de ses \u00e9tudiants"}]},{"@type":"WebSite","@id":"https:\/\/www.uqac.ca\/uqactualites\/#website","url":"https:\/\/www.uqac.ca\/uqactualites\/","name":"UQACtualit\u00e9s","description":"Le portail des nouvelles de l&#039;UQAC","potentialAction":[{"@type":"SearchAction","target":{"@type":"EntryPoint","urlTemplate":"https:\/\/www.uqac.ca\/uqactualites\/?s={search_term_string}"},"query-input":{"@type":"PropertyValueSpecification","valueRequired":true,"valueName":"search_term_string"}}],"inLanguage":"fr-CA"},{"@type":"Person","@id":"https:\/\/www.uqac.ca\/uqactualites\/#\/schema\/person\/366c45a0c4f0e677b41b4af5886e2018","name":"Service des communications et des relations publiques","image":{"@type":"ImageObject","inLanguage":"fr-CA","@id":"https:\/\/www.uqac.ca\/uqactualites\/#\/schema\/person\/image\/","url":"https:\/\/secure.gravatar.com\/avatar\/20fbbda8a292f59f2d3461a5b999c00b?s=96&d=mm&r=g","contentUrl":"https:\/\/secure.gravatar.com\/avatar\/20fbbda8a292f59f2d3461a5b999c00b?s=96&d=mm&r=g","caption":"Service des communications et des relations publiques"},"url":"https:\/\/www.uqac.ca\/uqactualites\/author\/bap\/"}]}},"_links":{"self":[{"href":"https:\/\/www.uqac.ca\/uqactualites\/wp-json\/wp\/v2\/posts\/33904"}],"collection":[{"href":"https:\/\/www.uqac.ca\/uqactualites\/wp-json\/wp\/v2\/posts"}],"about":[{"href":"https:\/\/www.uqac.ca\/uqactualites\/wp-json\/wp\/v2\/types\/post"}],"author":[{"embeddable":true,"href":"https:\/\/www.uqac.ca\/uqactualites\/wp-json\/wp\/v2\/users\/5"}],"replies":[{"embeddable":true,"href":"https:\/\/www.uqac.ca\/uqactualites\/wp-json\/wp\/v2\/comments?post=33904"}],"version-history":[{"count":0,"href":"https:\/\/www.uqac.ca\/uqactualites\/wp-json\/wp\/v2\/posts\/33904\/revisions"}],"wp:featuredmedia":[{"embeddable":true,"href":"https:\/\/www.uqac.ca\/uqactualites\/wp-json\/wp\/v2\/media\/33905"}],"wp:attachment":[{"href":"https:\/\/www.uqac.ca\/uqactualites\/wp-json\/wp\/v2\/media?parent=33904"}],"wp:term":[{"taxonomy":"category","embeddable":true,"href":"https:\/\/www.uqac.ca\/uqactualites\/wp-json\/wp\/v2\/categories?post=33904"},{"taxonomy":"post_tag","embeddable":true,"href":"https:\/\/www.uqac.ca\/uqactualites\/wp-json\/wp\/v2\/tags?post=33904"}],"curies":[{"name":"wp","href":"https:\/\/api.w.org\/{rel}","templated":true}]}}