{"id":33950,"date":"2018-02-28T15:09:23","date_gmt":"2018-02-28T20:09:23","guid":{"rendered":"http:\/\/www.uqac.ca\/?p=33950"},"modified":"2018-02-28T15:09:23","modified_gmt":"2018-02-28T20:09:23","slug":"lancement-dune-edition-speciale-de-la-revue-organisations-territoires","status":"publish","type":"post","link":"https:\/\/www.uqac.ca\/uqactualites\/2018\/02\/28\/lancement-dune-edition-speciale-de-la-revue-organisations-territoires\/","title":{"rendered":"Lancement d\u2019une \u00e9dition sp\u00e9ciale de la revue Organisations &#038; Territoires"},"content":{"rendered":"<p>Un num\u00e9ro sp\u00e9cial de la revue <em>Organisations &amp; Territoires<\/em> (O&amp;T) portant sur les recherches effectu\u00e9es au D\u00e9partement des sciences \u00e9conomiques et administratives (DSEA) de l\u2019UQAC a \u00e9t\u00e9 lanc\u00e9 aujourd\u2019hui. Con\u00e7u en vue du 86<sup>e<\/sup> Congr\u00e8s de l\u2019ACFAS qui se tiendra du 7 au 11 mai prochain \u00e0 l\u2019UQAC, ce num\u00e9ro sp\u00e9cial multidisciplinaire pr\u00e9sente une vingtaine d\u2019articles scientifiques sur la gestion, l\u2019innovation et le d\u00e9veloppement.<\/p>\n<p>Plus d\u2019une trentaine de professeurs, charg\u00e9s de cours, \u00e9tudiants au doctorat et professionnels participent \u00e0 cette \u00e9dition de la revue O&amp;T en signant des articles couvrant divers champs de recherche sp\u00e9cifiques aux sciences de la gestion, notamment\u00a0: responsabilit\u00e9 sociale, gouvernance des organisations et d\u00e9veloppement durable; gestion des organisations et gestion de projet; marketing strat\u00e9gique et comportement humain; comptabilit\u00e9 et fiscalit\u00e9; sant\u00e9, s\u00e9curit\u00e9 et bien-\u00eatre au travail. Deux rubriques compl\u00e8tent cette \u00e9dition de la revue\u00a0: l\u2019une pr\u00e9sentant les unit\u00e9s de recherche du DSEA et l\u2019autre les projets de th\u00e8se des \u00e9tudiants au doctorat en management de projets.<\/p>\n<p>Ce num\u00e9ro sp\u00e9cial est aussi l\u2019occasion pour la revue O&amp;T d\u2019adopter un nouveau visage. Son image sera dor\u00e9navant mise en valeur par une nouvelle maquette \u00e0 chaque parution refl\u00e9tant l\u2019effervescence de la recherche et de l\u2019intervention en sciences de la gestion.<\/p>\n<p><strong>\u00c0 propos de la revue <em>Organisations &amp; Territoires<\/em><br \/>\n<\/strong>Publi\u00e9e par le DSEA depuis pr\u00e8s de 30 ans, la revue O&amp;T est orient\u00e9e sur la r\u00e9flexion et l\u2019intervention \u00e0 l\u2019\u00e9gard des sciences de la gestion tout en r\u00e9pondant aux nouvelles exigences impos\u00e9es aux territoires par l\u2019\u00e9conomie du savoir.\u00a0 Les territoires locaux, ruraux, r\u00e9gionaux et urbains en sont un champ privil\u00e9gi\u00e9 d\u2019application des r\u00e9flexions des chercheurs sur les organisations puisqu\u2019ils repr\u00e9sentent une assise tr\u00e8s importante des facteurs sociaux, culturels, politiques, \u00e9cologiques et \u00e9conomiques qui soutiennent les organisations.<\/p>\n<p>Depuis 2003, le Centre de recherche sur le d\u00e9veloppement territorial (CRDT) est devenu un partenaire \u00e0 part enti\u00e8re de ce p\u00e9riodique qui tire trois num\u00e9ros par ann\u00e9e. Les personnes int\u00e9ress\u00e9es peuvent s\u2019abonner \u00e0 la revue en visitant le <a href=\"http:\/\/www.uqac.ca\/revueot\">www.uqac.ca\/revueot<\/a>.<\/p>\n<p>&nbsp;<\/p>\n<p><strong><span style=\"color: #808080\">Photo\u00a0:\u00a0 <\/span><\/strong><span style=\"color: #808080\">L\u2019\u00e9quipe de professeurs ayant collabor\u00e9 \u00e0 l\u2019\u00e9dition sp\u00e9ciale de la revue Organisations &amp; Territoires en compagnie de Thierno Diallo, directeur de la publication<\/span><br \/>\n<strong><span style=\"color: #808080\">\u00a9 Denis Blackburn<\/span><\/strong><\/p>\n<p>&nbsp;<\/p>\n<p>&nbsp;<\/p>\n<p>&nbsp;<\/p>\n","protected":false},"excerpt":{"rendered":"<p>Un num\u00e9ro sp\u00e9cial de la revue Organisations &amp; Territoires (O&amp;T) portant sur les recherches effectu\u00e9es au D\u00e9partement des sciences \u00e9conomiques et administratives (DSEA) de l\u2019UQAC a \u00e9t\u00e9 lanc\u00e9 aujourd\u2019hui. Con\u00e7u en vue du 86e Congr\u00e8s de l\u2019ACFAS qui se tiendra du 7 au 11 mai prochain \u00e0 l\u2019UQAC, ce num\u00e9ro sp\u00e9cial multidisciplinaire pr\u00e9sente une vingtaine [&hellip;]<\/p>\n","protected":false},"author":5,"featured_media":33951,"comment_status":"open","ping_status":"open","sticky":false,"template":"","format":"standard","meta":{"footnotes":""},"categories":[2,2772],"tags":[],"yoast_head":"<!-- This site is optimized with the Yoast SEO plugin v24.2 - https:\/\/yoast.com\/wordpress\/plugins\/seo\/ -->\r\n<title>Lancement d\u2019une \u00e9dition sp\u00e9ciale de la revue Organisations &amp; Territoires - UQACtualit\u00e9s<\/title>\r\n<meta name=\"robots\" content=\"index, follow, max-snippet:-1, max-image-preview:large, max-video-preview:-1\" \/>\r\n<link rel=\"canonical\" href=\"https:\/\/www.uqac.ca\/uqactualites\/2018\/02\/28\/lancement-dune-edition-speciale-de-la-revue-organisations-territoires\/\" \/>\r\n<meta property=\"og:locale\" content=\"fr_CA\" \/>\r\n<meta property=\"og:type\" content=\"article\" \/>\r\n<meta property=\"og:title\" content=\"Lancement d\u2019une \u00e9dition sp\u00e9ciale de la revue Organisations &amp; Territoires - UQACtualit\u00e9s\" \/>\r\n<meta property=\"og:description\" content=\"Un num\u00e9ro sp\u00e9cial de la revue Organisations &amp; Territoires (O&amp;T) portant sur les recherches effectu\u00e9es au D\u00e9partement des sciences \u00e9conomiques et administratives (DSEA) de l\u2019UQAC a \u00e9t\u00e9 lanc\u00e9 aujourd\u2019hui. Con\u00e7u en vue du 86e Congr\u00e8s de l\u2019ACFAS qui se tiendra du 7 au 11 mai prochain \u00e0 l\u2019UQAC, ce num\u00e9ro sp\u00e9cial multidisciplinaire pr\u00e9sente une vingtaine [&hellip;]\" \/>\r\n<meta property=\"og:url\" content=\"https:\/\/www.uqac.ca\/uqactualites\/2018\/02\/28\/lancement-dune-edition-speciale-de-la-revue-organisations-territoires\/\" \/>\r\n<meta property=\"og:site_name\" content=\"UQACtualit\u00e9s\" \/>\r\n<meta property=\"article:published_time\" content=\"2018-02-28T20:09:23+00:00\" \/>\r\n<meta property=\"og:image\" content=\"https:\/\/www.uqac.ca\/uqactualites\/wp-content\/uploads\/2018\/02\/DSC_2632-scaled.jpg\" \/>\r\n\t<meta property=\"og:image:width\" content=\"2560\" \/>\r\n\t<meta property=\"og:image:height\" content=\"1702\" \/>\r\n\t<meta property=\"og:image:type\" content=\"image\/jpeg\" \/>\r\n<meta name=\"author\" content=\"Service des communications et des relations publiques\" \/>\r\n<meta name=\"twitter:card\" content=\"summary_large_image\" \/>\r\n<meta name=\"twitter:label1\" content=\"\u00c9crit par\" \/>\n\t<meta name=\"twitter:data1\" content=\"Service des communications et des relations publiques\" \/>\n\t<meta name=\"twitter:label2\" content=\"Estimation du temps de lecture\" \/>\n\t<meta name=\"twitter:data2\" content=\"2 minutes\" \/>\r\n<script type=\"application\/ld+json\" class=\"yoast-schema-graph\">{\"@context\":\"https:\/\/schema.org\",\"@graph\":[{\"@type\":\"WebPage\",\"@id\":\"https:\/\/www.uqac.ca\/uqactualites\/2018\/02\/28\/lancement-dune-edition-speciale-de-la-revue-organisations-territoires\/\",\"url\":\"https:\/\/www.uqac.ca\/uqactualites\/2018\/02\/28\/lancement-dune-edition-speciale-de-la-revue-organisations-territoires\/\",\"name\":\"Lancement d\u2019une \u00e9dition sp\u00e9ciale de la revue Organisations & Territoires - UQACtualit\u00e9s\",\"isPartOf\":{\"@id\":\"https:\/\/www.uqac.ca\/uqactualites\/#website\"},\"primaryImageOfPage\":{\"@id\":\"https:\/\/www.uqac.ca\/uqactualites\/2018\/02\/28\/lancement-dune-edition-speciale-de-la-revue-organisations-territoires\/#primaryimage\"},\"image\":{\"@id\":\"https:\/\/www.uqac.ca\/uqactualites\/2018\/02\/28\/lancement-dune-edition-speciale-de-la-revue-organisations-territoires\/#primaryimage\"},\"thumbnailUrl\":\"https:\/\/www.uqac.ca\/uqactualites\/wp-content\/uploads\/2018\/02\/DSC_2632-scaled.jpg\",\"datePublished\":\"2018-02-28T20:09:23+00:00\",\"dateModified\":\"2018-02-28T20:09:23+00:00\",\"author\":{\"@id\":\"https:\/\/www.uqac.ca\/uqactualites\/#\/schema\/person\/366c45a0c4f0e677b41b4af5886e2018\"},\"breadcrumb\":{\"@id\":\"https:\/\/www.uqac.ca\/uqactualites\/2018\/02\/28\/lancement-dune-edition-speciale-de-la-revue-organisations-territoires\/#breadcrumb\"},\"inLanguage\":\"fr-CA\",\"potentialAction\":[{\"@type\":\"ReadAction\",\"target\":[\"https:\/\/www.uqac.ca\/uqactualites\/2018\/02\/28\/lancement-dune-edition-speciale-de-la-revue-organisations-territoires\/\"]}]},{\"@type\":\"ImageObject\",\"inLanguage\":\"fr-CA\",\"@id\":\"https:\/\/www.uqac.ca\/uqactualites\/2018\/02\/28\/lancement-dune-edition-speciale-de-la-revue-organisations-territoires\/#primaryimage\",\"url\":\"https:\/\/www.uqac.ca\/uqactualites\/wp-content\/uploads\/2018\/02\/DSC_2632-scaled.jpg\",\"contentUrl\":\"https:\/\/www.uqac.ca\/uqactualites\/wp-content\/uploads\/2018\/02\/DSC_2632-scaled.jpg\",\"width\":2560,\"height\":1702},{\"@type\":\"BreadcrumbList\",\"@id\":\"https:\/\/www.uqac.ca\/uqactualites\/2018\/02\/28\/lancement-dune-edition-speciale-de-la-revue-organisations-territoires\/#breadcrumb\",\"itemListElement\":[{\"@type\":\"ListItem\",\"position\":1,\"name\":\"Home\",\"item\":\"https:\/\/www.uqac.ca\/uqactualites\/\"},{\"@type\":\"ListItem\",\"position\":2,\"name\":\"Lancement d\u2019une \u00e9dition sp\u00e9ciale de la revue Organisations &#038; Territoires\"}]},{\"@type\":\"WebSite\",\"@id\":\"https:\/\/www.uqac.ca\/uqactualites\/#website\",\"url\":\"https:\/\/www.uqac.ca\/uqactualites\/\",\"name\":\"UQACtualit\u00e9s\",\"description\":\"Le portail des nouvelles de l&#039;UQAC\",\"potentialAction\":[{\"@type\":\"SearchAction\",\"target\":{\"@type\":\"EntryPoint\",\"urlTemplate\":\"https:\/\/www.uqac.ca\/uqactualites\/?s={search_term_string}\"},\"query-input\":{\"@type\":\"PropertyValueSpecification\",\"valueRequired\":true,\"valueName\":\"search_term_string\"}}],\"inLanguage\":\"fr-CA\"},{\"@type\":\"Person\",\"@id\":\"https:\/\/www.uqac.ca\/uqactualites\/#\/schema\/person\/366c45a0c4f0e677b41b4af5886e2018\",\"name\":\"Service des communications et des relations publiques\",\"image\":{\"@type\":\"ImageObject\",\"inLanguage\":\"fr-CA\",\"@id\":\"https:\/\/www.uqac.ca\/uqactualites\/#\/schema\/person\/image\/\",\"url\":\"https:\/\/secure.gravatar.com\/avatar\/20fbbda8a292f59f2d3461a5b999c00b?s=96&d=mm&r=g\",\"contentUrl\":\"https:\/\/secure.gravatar.com\/avatar\/20fbbda8a292f59f2d3461a5b999c00b?s=96&d=mm&r=g\",\"caption\":\"Service des communications et des relations publiques\"},\"url\":\"https:\/\/www.uqac.ca\/uqactualites\/author\/bap\/\"}]}<\/script>\r\n<!-- \/ Yoast SEO plugin. -->","yoast_head_json":{"title":"Lancement d\u2019une \u00e9dition sp\u00e9ciale de la revue Organisations & Territoires - UQACtualit\u00e9s","robots":{"index":"index","follow":"follow","max-snippet":"max-snippet:-1","max-image-preview":"max-image-preview:large","max-video-preview":"max-video-preview:-1"},"canonical":"https:\/\/www.uqac.ca\/uqactualites\/2018\/02\/28\/lancement-dune-edition-speciale-de-la-revue-organisations-territoires\/","og_locale":"fr_CA","og_type":"article","og_title":"Lancement d\u2019une \u00e9dition sp\u00e9ciale de la revue Organisations & Territoires - UQACtualit\u00e9s","og_description":"Un num\u00e9ro sp\u00e9cial de la revue Organisations &amp; Territoires (O&amp;T) portant sur les recherches effectu\u00e9es au D\u00e9partement des sciences \u00e9conomiques et administratives (DSEA) de l\u2019UQAC a \u00e9t\u00e9 lanc\u00e9 aujourd\u2019hui. Con\u00e7u en vue du 86e Congr\u00e8s de l\u2019ACFAS qui se tiendra du 7 au 11 mai prochain \u00e0 l\u2019UQAC, ce num\u00e9ro sp\u00e9cial multidisciplinaire pr\u00e9sente une vingtaine [&hellip;]","og_url":"https:\/\/www.uqac.ca\/uqactualites\/2018\/02\/28\/lancement-dune-edition-speciale-de-la-revue-organisations-territoires\/","og_site_name":"UQACtualit\u00e9s","article_published_time":"2018-02-28T20:09:23+00:00","og_image":[{"width":2560,"height":1702,"url":"https:\/\/www.uqac.ca\/uqactualites\/wp-content\/uploads\/2018\/02\/DSC_2632-scaled.jpg","type":"image\/jpeg"}],"author":"Service des communications et des relations publiques","twitter_card":"summary_large_image","twitter_misc":{"\u00c9crit par":"Service des communications et des relations publiques","Estimation du temps de lecture":"2 minutes"},"schema":{"@context":"https:\/\/schema.org","@graph":[{"@type":"WebPage","@id":"https:\/\/www.uqac.ca\/uqactualites\/2018\/02\/28\/lancement-dune-edition-speciale-de-la-revue-organisations-territoires\/","url":"https:\/\/www.uqac.ca\/uqactualites\/2018\/02\/28\/lancement-dune-edition-speciale-de-la-revue-organisations-territoires\/","name":"Lancement d\u2019une \u00e9dition sp\u00e9ciale de la revue Organisations & Territoires - UQACtualit\u00e9s","isPartOf":{"@id":"https:\/\/www.uqac.ca\/uqactualites\/#website"},"primaryImageOfPage":{"@id":"https:\/\/www.uqac.ca\/uqactualites\/2018\/02\/28\/lancement-dune-edition-speciale-de-la-revue-organisations-territoires\/#primaryimage"},"image":{"@id":"https:\/\/www.uqac.ca\/uqactualites\/2018\/02\/28\/lancement-dune-edition-speciale-de-la-revue-organisations-territoires\/#primaryimage"},"thumbnailUrl":"https:\/\/www.uqac.ca\/uqactualites\/wp-content\/uploads\/2018\/02\/DSC_2632-scaled.jpg","datePublished":"2018-02-28T20:09:23+00:00","dateModified":"2018-02-28T20:09:23+00:00","author":{"@id":"https:\/\/www.uqac.ca\/uqactualites\/#\/schema\/person\/366c45a0c4f0e677b41b4af5886e2018"},"breadcrumb":{"@id":"https:\/\/www.uqac.ca\/uqactualites\/2018\/02\/28\/lancement-dune-edition-speciale-de-la-revue-organisations-territoires\/#breadcrumb"},"inLanguage":"fr-CA","potentialAction":[{"@type":"ReadAction","target":["https:\/\/www.uqac.ca\/uqactualites\/2018\/02\/28\/lancement-dune-edition-speciale-de-la-revue-organisations-territoires\/"]}]},{"@type":"ImageObject","inLanguage":"fr-CA","@id":"https:\/\/www.uqac.ca\/uqactualites\/2018\/02\/28\/lancement-dune-edition-speciale-de-la-revue-organisations-territoires\/#primaryimage","url":"https:\/\/www.uqac.ca\/uqactualites\/wp-content\/uploads\/2018\/02\/DSC_2632-scaled.jpg","contentUrl":"https:\/\/www.uqac.ca\/uqactualites\/wp-content\/uploads\/2018\/02\/DSC_2632-scaled.jpg","width":2560,"height":1702},{"@type":"BreadcrumbList","@id":"https:\/\/www.uqac.ca\/uqactualites\/2018\/02\/28\/lancement-dune-edition-speciale-de-la-revue-organisations-territoires\/#breadcrumb","itemListElement":[{"@type":"ListItem","position":1,"name":"Home","item":"https:\/\/www.uqac.ca\/uqactualites\/"},{"@type":"ListItem","position":2,"name":"Lancement d\u2019une \u00e9dition sp\u00e9ciale de la revue Organisations &#038; Territoires"}]},{"@type":"WebSite","@id":"https:\/\/www.uqac.ca\/uqactualites\/#website","url":"https:\/\/www.uqac.ca\/uqactualites\/","name":"UQACtualit\u00e9s","description":"Le portail des nouvelles de l&#039;UQAC","potentialAction":[{"@type":"SearchAction","target":{"@type":"EntryPoint","urlTemplate":"https:\/\/www.uqac.ca\/uqactualites\/?s={search_term_string}"},"query-input":{"@type":"PropertyValueSpecification","valueRequired":true,"valueName":"search_term_string"}}],"inLanguage":"fr-CA"},{"@type":"Person","@id":"https:\/\/www.uqac.ca\/uqactualites\/#\/schema\/person\/366c45a0c4f0e677b41b4af5886e2018","name":"Service des communications et des relations publiques","image":{"@type":"ImageObject","inLanguage":"fr-CA","@id":"https:\/\/www.uqac.ca\/uqactualites\/#\/schema\/person\/image\/","url":"https:\/\/secure.gravatar.com\/avatar\/20fbbda8a292f59f2d3461a5b999c00b?s=96&d=mm&r=g","contentUrl":"https:\/\/secure.gravatar.com\/avatar\/20fbbda8a292f59f2d3461a5b999c00b?s=96&d=mm&r=g","caption":"Service des communications et des relations publiques"},"url":"https:\/\/www.uqac.ca\/uqactualites\/author\/bap\/"}]}},"_links":{"self":[{"href":"https:\/\/www.uqac.ca\/uqactualites\/wp-json\/wp\/v2\/posts\/33950"}],"collection":[{"href":"https:\/\/www.uqac.ca\/uqactualites\/wp-json\/wp\/v2\/posts"}],"about":[{"href":"https:\/\/www.uqac.ca\/uqactualites\/wp-json\/wp\/v2\/types\/post"}],"author":[{"embeddable":true,"href":"https:\/\/www.uqac.ca\/uqactualites\/wp-json\/wp\/v2\/users\/5"}],"replies":[{"embeddable":true,"href":"https:\/\/www.uqac.ca\/uqactualites\/wp-json\/wp\/v2\/comments?post=33950"}],"version-history":[{"count":0,"href":"https:\/\/www.uqac.ca\/uqactualites\/wp-json\/wp\/v2\/posts\/33950\/revisions"}],"wp:featuredmedia":[{"embeddable":true,"href":"https:\/\/www.uqac.ca\/uqactualites\/wp-json\/wp\/v2\/media\/33951"}],"wp:attachment":[{"href":"https:\/\/www.uqac.ca\/uqactualites\/wp-json\/wp\/v2\/media?parent=33950"}],"wp:term":[{"taxonomy":"category","embeddable":true,"href":"https:\/\/www.uqac.ca\/uqactualites\/wp-json\/wp\/v2\/categories?post=33950"},{"taxonomy":"post_tag","embeddable":true,"href":"https:\/\/www.uqac.ca\/uqactualites\/wp-json\/wp\/v2\/tags?post=33950"}],"curies":[{"name":"wp","href":"https:\/\/api.w.org\/{rel}","templated":true}]}}