{"id":33958,"date":"2018-03-05T09:20:13","date_gmt":"2018-03-05T14:20:13","guid":{"rendered":"http:\/\/www.uqac.ca\/?p=33958"},"modified":"2018-03-05T09:20:13","modified_gmt":"2018-03-05T14:20:13","slug":"le-fardeau-genetique-des-pionniers-la-colonisation-a-lorigine-du-risque-accru-de-maladies-genetiques-dans-des-zones-recemment-peuplees-du-quebec","status":"publish","type":"post","link":"https:\/\/www.uqac.ca\/uqactualites\/2018\/03\/05\/le-fardeau-genetique-des-pionniers-la-colonisation-a-lorigine-du-risque-accru-de-maladies-genetiques-dans-des-zones-recemment-peuplees-du-quebec\/","title":{"rendered":"Le fardeau g\u00e9n\u00e9tique des pionniers :\u00a0La colonisation \u00e0 l\u2019origine du risque accru de maladies g\u00e9n\u00e9tiques dans des zones r\u00e9cemment peupl\u00e9es du Qu\u00e9bec"},"content":{"rendered":"<div class=\"entry-info\"><\/div>\n<div class=\"entry-photo\"><strong>Saguenay, le 5 mars 2018 \u2013<\/strong>\u00a0Selon une \u00e9tude r\u00e9cente, la pr\u00e9sence de mutations g\u00e9n\u00e9tiques n\u00e9fastes chez les habitants de r\u00e9gions du Qu\u00e9bec colonis\u00e9es r\u00e9cemment pourrait s\u2019expliquer par le fait que leurs anc\u00eatres \u00e9taient des pionniers. En s\u2019appuyant sur une combinaison unique de donn\u00e9es g\u00e9nomiques et historiques, des chercheurs du SIB Institut Suisse de Bioinformatique, en collaboration avec l\u2019Universit\u00e9 du Qu\u00e9bec \u00e0 Chicoutimi (UQAC), l\u2019Universit\u00e9 de Montr\u00e9al et l\u2019Universit\u00e9 de Toronto, ont pu d\u00e9montrer que les personnes dont les anc\u00eatres \u00e9taient en premi\u00e8re ligne des fronts de colonisation pr\u00e9sentent des diff\u00e9rences g\u00e9n\u00e9tiques avec les descendants de ceux rest\u00e9s sur les zones d\u2019habitation d\u00e9j\u00e0 \u00e9tablies. De plus, ces diff\u00e9rences ne peuvent s\u2019expliquer par la consanguinit\u00e9. Publi\u00e9s dans la revue\u00a0<em>Genetics<\/em>, ces r\u00e9sultats pourraient ainsi en partie expliquer l\u2019incidence de certaines maladies chez les populations humaines en expansion.<\/div>\n<div class=\"entry-content clearfix\">\n<div class=\"pf-content\">\n<p><strong>Le risque de maladie g\u00e9n\u00e9tique, plus \u00e9lev\u00e9 dans les zones r\u00e9cemment peupl\u00e9es<\/strong><\/p>\n<p>La population du Qu\u00e9bec pr\u00e9sente un risque de maladie g\u00e9n\u00e9tique plus \u00e9lev\u00e9 dans certaines zones r\u00e9cemment peupl\u00e9es, et ce pour des raisons vivement d\u00e9battues. Des scientifiques ont \u00e0 pr\u00e9sent pu d\u00e9couvrir de nouvelles pistes de r\u00e9ponse, en s\u2019appuyant sur la qualit\u00e9 exceptionnelle des donn\u00e9es sur l\u2019histoire du peuplement d\u2019origine europ\u00e9enne.<\/p>\n<p>En combinant des donn\u00e9es g\u00e9n\u00e9alogiques (fichier BALSAC, voir ci-dessous) et g\u00e9nomiques sur des individus issus de la premi\u00e8re vague de colonisation europ\u00e9enne du Qu\u00e9bec, les scientifiques Stephan Peischl et Isabelle Dupanloup Duperret (SIB et Universit\u00e9 de Berne, Suisse), ont pu d\u00e9montrer que les individus dont les anc\u00eatres se trouvaient principalement au premier rang du mouvement de colonisation avaient accumul\u00e9 davantage de mutations que ceux dont les anc\u00eatres habitaient surtout les r\u00e9gions habit\u00e9es depuis plus longtemps.<\/p>\n<p>\u00ab\u00a0Nos r\u00e9sultats pourraient expliquer la plus grande pr\u00e9valence de certaines maladies g\u00e9n\u00e9tiques au Qu\u00e9bec\u00a0\u00bb, indique Laurent Excoffier, chef de groupe au SIB. \u00ab\u00a0Cette fr\u00e9quence accrue de mutations n\u00e9fastes a parfois \u00e9t\u00e9 attribu\u00e9e \u00e0 la consanguinit\u00e9 inh\u00e9rente aux populations isol\u00e9es. Notre \u00e9tude montre que cette interpr\u00e9tation n\u2019est pas justifi\u00e9e.\u00a0\u00bb<\/p>\n<p><strong>Le fardeau g\u00e9n\u00e9tique des pionniers: explication<\/strong><\/p>\n<p>L\u2019accumulation de mutations d\u00e9l\u00e9t\u00e8res observ\u00e9e chez les descendants de pionniers s\u2019explique par les r\u00e9cents travaux th\u00e9oriques de l\u2019\u00e9quipe d\u2019Excoffier, \u00e0 l\u2019Universit\u00e9 de Berne. En se basant sur des simulations informatiques, l\u2019\u00e9volution exp\u00e9rimentale et des donn\u00e9es g\u00e9n\u00e9tiques humaines, l\u2019\u00e9quipe avait pr\u00e9c\u00e9demment d\u00e9montr\u00e9 que la s\u00e9lection naturelle n\u2019\u00e9tait pas tr\u00e8s efficace pour \u00e9liminer les mutations n\u00e9fastes dans les fronts pionniers, car ces r\u00e9gions p\u00e9riph\u00e9riques sont habituellement moins dens\u00e9ment peupl\u00e9es que les r\u00e9gions centrales.<\/p>\n<p>C\u2019est cependant la premi\u00e8re fois que le ph\u00e9nom\u00e8ne est d\u00e9montr\u00e9 dans une population aussi jeune que celle du Qu\u00e9bec. \u00ab\u00a0Le fait d\u2019arriver \u00e0 observer des diff\u00e9rences significatives entre les deux groupes d\u2019individus est tout \u00e0 fait \u00e9tonnant, car elles n\u2019ont d\u00fb \u00e9merger que depuis leur r\u00e9cente divergence g\u00e9ographique, il y a environ six \u00e0 neuf g\u00e9n\u00e9rations. Sur l\u2019\u00e9chelle de l\u2019\u00e9volution, c\u2019est un laps de temps tr\u00e8s court\u00a0\u00bb, ajoute Peischl.<\/p>\n<p>\u00ab\u00a0Notre d\u00e9couverte d\u2019une telle accumulation de mutations apr\u00e8s si peu de g\u00e9n\u00e9rations pourrait fournir des indices expliquant l\u2019incidence de maladies chez d\u2019autres populations ayant connu des p\u00e9riodes d\u2019expansion s\u2019\u00e9tendant, dans certains cas, sur des centaines de g\u00e9n\u00e9rations\u00a0\u00bb, conclut Excoffier. \u00ab\u00a0Des \u00e9chantillons d\u2019ADN ancien, provenant de ces populations pionni\u00e8res, seront n\u00e9cessaires pour mettre nos hypoth\u00e8ses \u00e0 l\u2019\u00e9preuve.\u00a0\u00bb<\/p>\n<p><strong>Une combinaison unique de donn\u00e9es historiques et g\u00e9nomiques<\/strong><\/p>\n<p>La disponibilit\u00e9 des donn\u00e9es g\u00e9n\u00e9alogiques du fichier BALSAC et des donn\u00e9es g\u00e9nomiques de CARTaGENE s\u2019est av\u00e9r\u00e9e cruciale pour le projet. \u00ab\u00a0Il est passionnant de voir comment le fichier BALSAC peut \u00eatre utilis\u00e9 en combinaison avec des donn\u00e9es g\u00e9nomiques pour approfondir notre compr\u00e9hension des cons\u00e9quences g\u00e9n\u00e9tiques du peuplement du Qu\u00e9bec et, plus largement, de l\u2019\u00e9volution humaine. Le fichier BALSAC est un outil puissant pour la recherche en sciences sociales et en g\u00e9n\u00e9tique humaine, et cette \u00e9tude en est une belle illustration\u00a0\u00bb, affirme H\u00e9l\u00e8ne V\u00e9zina, professeure \u00e0 l\u2019UQAC.<\/p>\n<p><strong>Le fichier BALSAC<\/strong><\/p>\n<p>Cr\u00e9\u00e9 en 1972 \u00e0 l\u2019UQAC, le fichier BALSAC recense les relations g\u00e9n\u00e9alogiques de la population qu\u00e9b\u00e9coise, des premiers \u00e9tablissements europ\u00e9ens au XVII<sup>e<\/sup>\u00a0si\u00e8cle \u00e0 la p\u00e9riode contemporaine. Propri\u00e9t\u00e9 conjointe de l\u2019UQAC, de l\u2019Universit\u00e9 Laval, de l\u2019Universit\u00e9 McGill et de l\u2019Universit\u00e9 de Montr\u00e9al, il s\u2019agit d\u2019un outil unique mis \u00e0 la disposition des chercheurs des domaines des sciences historiques et sociales ainsi que de la m\u00e9decine et de la g\u00e9n\u00e9tique des populations.<br \/>\n<strong>http:\/\/balsac.uqac.ca<\/strong><\/p>\n<p><strong>R\u00e9f\u00e9rence<br \/>\n<\/strong>S. Peischl et al. Relaxed Selection During a Recent Human Expansion. Genetics February 1, 2018 vol. 208 no. 2 763-777;\u00a0<a href=\"https:\/\/doi.org\/10.1534\/genetics.117.300551\"><strong>https:\/\/doi.org\/10.1534\/genetics.117.300551<\/strong><\/a><\/p>\n<p style=\"text-align: center\">\u00a0&#8211; 30 &#8211;<\/p>\n<p><strong>Source\u00a0:<br \/>\n<\/strong>Jos\u00e9e Bourassa, agente d\u2019information<br \/>\nService des communications et des relations publiques<br \/>\nUniversit\u00e9 du Qu\u00e9bec \u00e0 Chicoutimi<br \/>\n418\u00a0545-5011, poste 2431 |\u00a0<strong><a href=\"mailto:josee.bourassa@uqac.ca\">josee.bourassa@uqac.ca<\/a><\/strong><\/p>\n<p><strong>Renseignements<\/strong><\/p>\n<p><strong>Concernant l\u2019\u00e9tude :<br \/>\n<\/strong>Stephan Peischl, assistant de recherche, SIB Institut Suisse de Bioinformatique<br \/>\nUnit\u00e9 interfacultaire de bioinformatique, Universit\u00e9 de Berne<br \/>\n+41 31 631 45 19 |\u00a0<strong><a href=\"mailto:stephan.peischl@bioinformatics.unibe.ch\">stephan.peischl@bioinformatics.unibe.ch<\/a><\/strong><\/p>\n<p><strong>Concernant le fichier BALSAC\u00a0:<br \/>\n<\/strong>H\u00e9l\u00e8ne V\u00e9zina<br \/>\nDirectrice, Projet BALSAC, Universit\u00e9 du Qu\u00e9bec \u00e0 Chicoutimi<br \/>\n418\u00a0545-5011, poste 6571 |\u00a0<strong><a href=\"mailto:hvezina@uqac.ca\">hvezina@uqac.ca<\/a><\/strong><\/p>\n<p><a href=\"mailto:hvezina@uqac.ca\"><img loading=\"lazy\" decoding=\"async\" class=\"aligncenter wp-image-33890 size-full\" src=\"http:\/\/uqactualite.uqac.ca\/wp-content\/uploads\/2018\/03\/logos.jpg\" alt=\"logos\" width=\"573\" height=\"98\" \/><\/a><\/p>\n<\/div>\n<\/div>\n","protected":false},"excerpt":{"rendered":"<p>Saguenay, le 5 mars 2018 \u2013\u00a0Selon une \u00e9tude r\u00e9cente, la pr\u00e9sence de mutations g\u00e9n\u00e9tiques n\u00e9fastes chez les habitants de r\u00e9gions du Qu\u00e9bec colonis\u00e9es r\u00e9cemment pourrait s\u2019expliquer par le fait que leurs anc\u00eatres \u00e9taient des pionniers. En s\u2019appuyant sur une combinaison unique de donn\u00e9es g\u00e9nomiques et historiques, des chercheurs du SIB Institut Suisse de Bioinformatique, en [&hellip;]<\/p>\n","protected":false},"author":5,"featured_media":33959,"comment_status":"open","ping_status":"open","sticky":false,"template":"","format":"standard","meta":{"footnotes":""},"categories":[2,2772],"tags":[],"yoast_head":"<!-- This site is optimized with the Yoast SEO plugin v24.2 - https:\/\/yoast.com\/wordpress\/plugins\/seo\/ -->\r\n<title>Le fardeau g\u00e9n\u00e9tique des pionniers :\u00a0La colonisation \u00e0 l\u2019origine du risque accru de maladies g\u00e9n\u00e9tiques dans des zones r\u00e9cemment peupl\u00e9es du Qu\u00e9bec - UQACtualit\u00e9s<\/title>\r\n<meta name=\"robots\" content=\"index, follow, max-snippet:-1, max-image-preview:large, max-video-preview:-1\" \/>\r\n<link rel=\"canonical\" href=\"https:\/\/www.uqac.ca\/uqactualites\/2018\/03\/05\/le-fardeau-genetique-des-pionniers-la-colonisation-a-lorigine-du-risque-accru-de-maladies-genetiques-dans-des-zones-recemment-peuplees-du-quebec\/\" \/>\r\n<meta property=\"og:locale\" content=\"fr_CA\" \/>\r\n<meta property=\"og:type\" content=\"article\" \/>\r\n<meta property=\"og:title\" content=\"Le fardeau g\u00e9n\u00e9tique des pionniers :\u00a0La colonisation \u00e0 l\u2019origine du risque accru de maladies g\u00e9n\u00e9tiques dans des zones r\u00e9cemment peupl\u00e9es du Qu\u00e9bec - UQACtualit\u00e9s\" \/>\r\n<meta property=\"og:description\" content=\"Saguenay, le 5 mars 2018 \u2013\u00a0Selon une \u00e9tude r\u00e9cente, la pr\u00e9sence de mutations g\u00e9n\u00e9tiques n\u00e9fastes chez les habitants de r\u00e9gions du Qu\u00e9bec colonis\u00e9es r\u00e9cemment pourrait s\u2019expliquer par le fait que leurs anc\u00eatres \u00e9taient des pionniers. En s\u2019appuyant sur une combinaison unique de donn\u00e9es g\u00e9nomiques et historiques, des chercheurs du SIB Institut Suisse de Bioinformatique, en [&hellip;]\" \/>\r\n<meta property=\"og:url\" content=\"https:\/\/www.uqac.ca\/uqactualites\/2018\/03\/05\/le-fardeau-genetique-des-pionniers-la-colonisation-a-lorigine-du-risque-accru-de-maladies-genetiques-dans-des-zones-recemment-peuplees-du-quebec\/\" \/>\r\n<meta property=\"og:site_name\" content=\"UQACtualit\u00e9s\" \/>\r\n<meta property=\"article:published_time\" content=\"2018-03-05T14:20:13+00:00\" \/>\r\n<meta property=\"og:image\" content=\"https:\/\/www.uqac.ca\/uqactualites\/wp-content\/uploads\/2018\/03\/Monts-Valin-Web-Reo-Blackburn.jpg\" \/>\r\n\t<meta property=\"og:image:width\" content=\"620\" \/>\r\n\t<meta property=\"og:image:height\" content=\"300\" \/>\r\n\t<meta property=\"og:image:type\" content=\"image\/jpeg\" \/>\r\n<meta name=\"author\" content=\"Service des communications et des relations publiques\" \/>\r\n<meta name=\"twitter:card\" content=\"summary_large_image\" \/>\r\n<meta name=\"twitter:label1\" content=\"\u00c9crit par\" \/>\n\t<meta name=\"twitter:data1\" content=\"Service des communications et des relations publiques\" \/>\n\t<meta name=\"twitter:label2\" content=\"Estimation du temps de lecture\" \/>\n\t<meta name=\"twitter:data2\" content=\"5 minutes\" \/>\r\n<script type=\"application\/ld+json\" class=\"yoast-schema-graph\">{\"@context\":\"https:\/\/schema.org\",\"@graph\":[{\"@type\":\"WebPage\",\"@id\":\"https:\/\/www.uqac.ca\/uqactualites\/2018\/03\/05\/le-fardeau-genetique-des-pionniers-la-colonisation-a-lorigine-du-risque-accru-de-maladies-genetiques-dans-des-zones-recemment-peuplees-du-quebec\/\",\"url\":\"https:\/\/www.uqac.ca\/uqactualites\/2018\/03\/05\/le-fardeau-genetique-des-pionniers-la-colonisation-a-lorigine-du-risque-accru-de-maladies-genetiques-dans-des-zones-recemment-peuplees-du-quebec\/\",\"name\":\"Le fardeau g\u00e9n\u00e9tique des pionniers :\u00a0La colonisation \u00e0 l\u2019origine du risque accru de maladies g\u00e9n\u00e9tiques dans des zones r\u00e9cemment peupl\u00e9es du Qu\u00e9bec - UQACtualit\u00e9s\",\"isPartOf\":{\"@id\":\"https:\/\/www.uqac.ca\/uqactualites\/#website\"},\"primaryImageOfPage\":{\"@id\":\"https:\/\/www.uqac.ca\/uqactualites\/2018\/03\/05\/le-fardeau-genetique-des-pionniers-la-colonisation-a-lorigine-du-risque-accru-de-maladies-genetiques-dans-des-zones-recemment-peuplees-du-quebec\/#primaryimage\"},\"image\":{\"@id\":\"https:\/\/www.uqac.ca\/uqactualites\/2018\/03\/05\/le-fardeau-genetique-des-pionniers-la-colonisation-a-lorigine-du-risque-accru-de-maladies-genetiques-dans-des-zones-recemment-peuplees-du-quebec\/#primaryimage\"},\"thumbnailUrl\":\"https:\/\/www.uqac.ca\/uqactualites\/wp-content\/uploads\/2018\/03\/Monts-Valin-Web-Reo-Blackburn.jpg\",\"datePublished\":\"2018-03-05T14:20:13+00:00\",\"dateModified\":\"2018-03-05T14:20:13+00:00\",\"author\":{\"@id\":\"https:\/\/www.uqac.ca\/uqactualites\/#\/schema\/person\/366c45a0c4f0e677b41b4af5886e2018\"},\"breadcrumb\":{\"@id\":\"https:\/\/www.uqac.ca\/uqactualites\/2018\/03\/05\/le-fardeau-genetique-des-pionniers-la-colonisation-a-lorigine-du-risque-accru-de-maladies-genetiques-dans-des-zones-recemment-peuplees-du-quebec\/#breadcrumb\"},\"inLanguage\":\"fr-CA\",\"potentialAction\":[{\"@type\":\"ReadAction\",\"target\":[\"https:\/\/www.uqac.ca\/uqactualites\/2018\/03\/05\/le-fardeau-genetique-des-pionniers-la-colonisation-a-lorigine-du-risque-accru-de-maladies-genetiques-dans-des-zones-recemment-peuplees-du-quebec\/\"]}]},{\"@type\":\"ImageObject\",\"inLanguage\":\"fr-CA\",\"@id\":\"https:\/\/www.uqac.ca\/uqactualites\/2018\/03\/05\/le-fardeau-genetique-des-pionniers-la-colonisation-a-lorigine-du-risque-accru-de-maladies-genetiques-dans-des-zones-recemment-peuplees-du-quebec\/#primaryimage\",\"url\":\"https:\/\/www.uqac.ca\/uqactualites\/wp-content\/uploads\/2018\/03\/Monts-Valin-Web-Reo-Blackburn.jpg\",\"contentUrl\":\"https:\/\/www.uqac.ca\/uqactualites\/wp-content\/uploads\/2018\/03\/Monts-Valin-Web-Reo-Blackburn.jpg\",\"width\":620,\"height\":300},{\"@type\":\"BreadcrumbList\",\"@id\":\"https:\/\/www.uqac.ca\/uqactualites\/2018\/03\/05\/le-fardeau-genetique-des-pionniers-la-colonisation-a-lorigine-du-risque-accru-de-maladies-genetiques-dans-des-zones-recemment-peuplees-du-quebec\/#breadcrumb\",\"itemListElement\":[{\"@type\":\"ListItem\",\"position\":1,\"name\":\"Home\",\"item\":\"https:\/\/www.uqac.ca\/uqactualites\/\"},{\"@type\":\"ListItem\",\"position\":2,\"name\":\"Le fardeau g\u00e9n\u00e9tique des pionniers :\u00a0La colonisation \u00e0 l\u2019origine du risque accru de maladies g\u00e9n\u00e9tiques dans des zones r\u00e9cemment peupl\u00e9es du Qu\u00e9bec\"}]},{\"@type\":\"WebSite\",\"@id\":\"https:\/\/www.uqac.ca\/uqactualites\/#website\",\"url\":\"https:\/\/www.uqac.ca\/uqactualites\/\",\"name\":\"UQACtualit\u00e9s\",\"description\":\"Le portail des nouvelles de l&#039;UQAC\",\"potentialAction\":[{\"@type\":\"SearchAction\",\"target\":{\"@type\":\"EntryPoint\",\"urlTemplate\":\"https:\/\/www.uqac.ca\/uqactualites\/?s={search_term_string}\"},\"query-input\":{\"@type\":\"PropertyValueSpecification\",\"valueRequired\":true,\"valueName\":\"search_term_string\"}}],\"inLanguage\":\"fr-CA\"},{\"@type\":\"Person\",\"@id\":\"https:\/\/www.uqac.ca\/uqactualites\/#\/schema\/person\/366c45a0c4f0e677b41b4af5886e2018\",\"name\":\"Service des communications et des relations publiques\",\"image\":{\"@type\":\"ImageObject\",\"inLanguage\":\"fr-CA\",\"@id\":\"https:\/\/www.uqac.ca\/uqactualites\/#\/schema\/person\/image\/\",\"url\":\"https:\/\/secure.gravatar.com\/avatar\/20fbbda8a292f59f2d3461a5b999c00b?s=96&d=mm&r=g\",\"contentUrl\":\"https:\/\/secure.gravatar.com\/avatar\/20fbbda8a292f59f2d3461a5b999c00b?s=96&d=mm&r=g\",\"caption\":\"Service des communications et des relations publiques\"},\"url\":\"https:\/\/www.uqac.ca\/uqactualites\/author\/bap\/\"}]}<\/script>\r\n<!-- \/ Yoast SEO plugin. -->","yoast_head_json":{"title":"Le fardeau g\u00e9n\u00e9tique des pionniers :\u00a0La colonisation \u00e0 l\u2019origine du risque accru de maladies g\u00e9n\u00e9tiques dans des zones r\u00e9cemment peupl\u00e9es du Qu\u00e9bec - UQACtualit\u00e9s","robots":{"index":"index","follow":"follow","max-snippet":"max-snippet:-1","max-image-preview":"max-image-preview:large","max-video-preview":"max-video-preview:-1"},"canonical":"https:\/\/www.uqac.ca\/uqactualites\/2018\/03\/05\/le-fardeau-genetique-des-pionniers-la-colonisation-a-lorigine-du-risque-accru-de-maladies-genetiques-dans-des-zones-recemment-peuplees-du-quebec\/","og_locale":"fr_CA","og_type":"article","og_title":"Le fardeau g\u00e9n\u00e9tique des pionniers :\u00a0La colonisation \u00e0 l\u2019origine du risque accru de maladies g\u00e9n\u00e9tiques dans des zones r\u00e9cemment peupl\u00e9es du Qu\u00e9bec - UQACtualit\u00e9s","og_description":"Saguenay, le 5 mars 2018 \u2013\u00a0Selon une \u00e9tude r\u00e9cente, la pr\u00e9sence de mutations g\u00e9n\u00e9tiques n\u00e9fastes chez les habitants de r\u00e9gions du Qu\u00e9bec colonis\u00e9es r\u00e9cemment pourrait s\u2019expliquer par le fait que leurs anc\u00eatres \u00e9taient des pionniers. En s\u2019appuyant sur une combinaison unique de donn\u00e9es g\u00e9nomiques et historiques, des chercheurs du SIB Institut Suisse de Bioinformatique, en [&hellip;]","og_url":"https:\/\/www.uqac.ca\/uqactualites\/2018\/03\/05\/le-fardeau-genetique-des-pionniers-la-colonisation-a-lorigine-du-risque-accru-de-maladies-genetiques-dans-des-zones-recemment-peuplees-du-quebec\/","og_site_name":"UQACtualit\u00e9s","article_published_time":"2018-03-05T14:20:13+00:00","og_image":[{"width":620,"height":300,"url":"https:\/\/www.uqac.ca\/uqactualites\/wp-content\/uploads\/2018\/03\/Monts-Valin-Web-Reo-Blackburn.jpg","type":"image\/jpeg"}],"author":"Service des communications et des relations publiques","twitter_card":"summary_large_image","twitter_misc":{"\u00c9crit par":"Service des communications et des relations publiques","Estimation du temps de lecture":"5 minutes"},"schema":{"@context":"https:\/\/schema.org","@graph":[{"@type":"WebPage","@id":"https:\/\/www.uqac.ca\/uqactualites\/2018\/03\/05\/le-fardeau-genetique-des-pionniers-la-colonisation-a-lorigine-du-risque-accru-de-maladies-genetiques-dans-des-zones-recemment-peuplees-du-quebec\/","url":"https:\/\/www.uqac.ca\/uqactualites\/2018\/03\/05\/le-fardeau-genetique-des-pionniers-la-colonisation-a-lorigine-du-risque-accru-de-maladies-genetiques-dans-des-zones-recemment-peuplees-du-quebec\/","name":"Le fardeau g\u00e9n\u00e9tique des pionniers :\u00a0La colonisation \u00e0 l\u2019origine du risque accru de maladies g\u00e9n\u00e9tiques dans des zones r\u00e9cemment peupl\u00e9es du Qu\u00e9bec - UQACtualit\u00e9s","isPartOf":{"@id":"https:\/\/www.uqac.ca\/uqactualites\/#website"},"primaryImageOfPage":{"@id":"https:\/\/www.uqac.ca\/uqactualites\/2018\/03\/05\/le-fardeau-genetique-des-pionniers-la-colonisation-a-lorigine-du-risque-accru-de-maladies-genetiques-dans-des-zones-recemment-peuplees-du-quebec\/#primaryimage"},"image":{"@id":"https:\/\/www.uqac.ca\/uqactualites\/2018\/03\/05\/le-fardeau-genetique-des-pionniers-la-colonisation-a-lorigine-du-risque-accru-de-maladies-genetiques-dans-des-zones-recemment-peuplees-du-quebec\/#primaryimage"},"thumbnailUrl":"https:\/\/www.uqac.ca\/uqactualites\/wp-content\/uploads\/2018\/03\/Monts-Valin-Web-Reo-Blackburn.jpg","datePublished":"2018-03-05T14:20:13+00:00","dateModified":"2018-03-05T14:20:13+00:00","author":{"@id":"https:\/\/www.uqac.ca\/uqactualites\/#\/schema\/person\/366c45a0c4f0e677b41b4af5886e2018"},"breadcrumb":{"@id":"https:\/\/www.uqac.ca\/uqactualites\/2018\/03\/05\/le-fardeau-genetique-des-pionniers-la-colonisation-a-lorigine-du-risque-accru-de-maladies-genetiques-dans-des-zones-recemment-peuplees-du-quebec\/#breadcrumb"},"inLanguage":"fr-CA","potentialAction":[{"@type":"ReadAction","target":["https:\/\/www.uqac.ca\/uqactualites\/2018\/03\/05\/le-fardeau-genetique-des-pionniers-la-colonisation-a-lorigine-du-risque-accru-de-maladies-genetiques-dans-des-zones-recemment-peuplees-du-quebec\/"]}]},{"@type":"ImageObject","inLanguage":"fr-CA","@id":"https:\/\/www.uqac.ca\/uqactualites\/2018\/03\/05\/le-fardeau-genetique-des-pionniers-la-colonisation-a-lorigine-du-risque-accru-de-maladies-genetiques-dans-des-zones-recemment-peuplees-du-quebec\/#primaryimage","url":"https:\/\/www.uqac.ca\/uqactualites\/wp-content\/uploads\/2018\/03\/Monts-Valin-Web-Reo-Blackburn.jpg","contentUrl":"https:\/\/www.uqac.ca\/uqactualites\/wp-content\/uploads\/2018\/03\/Monts-Valin-Web-Reo-Blackburn.jpg","width":620,"height":300},{"@type":"BreadcrumbList","@id":"https:\/\/www.uqac.ca\/uqactualites\/2018\/03\/05\/le-fardeau-genetique-des-pionniers-la-colonisation-a-lorigine-du-risque-accru-de-maladies-genetiques-dans-des-zones-recemment-peuplees-du-quebec\/#breadcrumb","itemListElement":[{"@type":"ListItem","position":1,"name":"Home","item":"https:\/\/www.uqac.ca\/uqactualites\/"},{"@type":"ListItem","position":2,"name":"Le fardeau g\u00e9n\u00e9tique des pionniers :\u00a0La colonisation \u00e0 l\u2019origine du risque accru de maladies g\u00e9n\u00e9tiques dans des zones r\u00e9cemment peupl\u00e9es du Qu\u00e9bec"}]},{"@type":"WebSite","@id":"https:\/\/www.uqac.ca\/uqactualites\/#website","url":"https:\/\/www.uqac.ca\/uqactualites\/","name":"UQACtualit\u00e9s","description":"Le portail des nouvelles de l&#039;UQAC","potentialAction":[{"@type":"SearchAction","target":{"@type":"EntryPoint","urlTemplate":"https:\/\/www.uqac.ca\/uqactualites\/?s={search_term_string}"},"query-input":{"@type":"PropertyValueSpecification","valueRequired":true,"valueName":"search_term_string"}}],"inLanguage":"fr-CA"},{"@type":"Person","@id":"https:\/\/www.uqac.ca\/uqactualites\/#\/schema\/person\/366c45a0c4f0e677b41b4af5886e2018","name":"Service des communications et des relations publiques","image":{"@type":"ImageObject","inLanguage":"fr-CA","@id":"https:\/\/www.uqac.ca\/uqactualites\/#\/schema\/person\/image\/","url":"https:\/\/secure.gravatar.com\/avatar\/20fbbda8a292f59f2d3461a5b999c00b?s=96&d=mm&r=g","contentUrl":"https:\/\/secure.gravatar.com\/avatar\/20fbbda8a292f59f2d3461a5b999c00b?s=96&d=mm&r=g","caption":"Service des communications et des relations publiques"},"url":"https:\/\/www.uqac.ca\/uqactualites\/author\/bap\/"}]}},"_links":{"self":[{"href":"https:\/\/www.uqac.ca\/uqactualites\/wp-json\/wp\/v2\/posts\/33958"}],"collection":[{"href":"https:\/\/www.uqac.ca\/uqactualites\/wp-json\/wp\/v2\/posts"}],"about":[{"href":"https:\/\/www.uqac.ca\/uqactualites\/wp-json\/wp\/v2\/types\/post"}],"author":[{"embeddable":true,"href":"https:\/\/www.uqac.ca\/uqactualites\/wp-json\/wp\/v2\/users\/5"}],"replies":[{"embeddable":true,"href":"https:\/\/www.uqac.ca\/uqactualites\/wp-json\/wp\/v2\/comments?post=33958"}],"version-history":[{"count":0,"href":"https:\/\/www.uqac.ca\/uqactualites\/wp-json\/wp\/v2\/posts\/33958\/revisions"}],"wp:featuredmedia":[{"embeddable":true,"href":"https:\/\/www.uqac.ca\/uqactualites\/wp-json\/wp\/v2\/media\/33959"}],"wp:attachment":[{"href":"https:\/\/www.uqac.ca\/uqactualites\/wp-json\/wp\/v2\/media?parent=33958"}],"wp:term":[{"taxonomy":"category","embeddable":true,"href":"https:\/\/www.uqac.ca\/uqactualites\/wp-json\/wp\/v2\/categories?post=33958"},{"taxonomy":"post_tag","embeddable":true,"href":"https:\/\/www.uqac.ca\/uqactualites\/wp-json\/wp\/v2\/tags?post=33958"}],"curies":[{"name":"wp","href":"https:\/\/api.w.org\/{rel}","templated":true}]}}