{"id":34010,"date":"2018-03-23T14:22:54","date_gmt":"2018-03-23T18:22:54","guid":{"rendered":"http:\/\/www.uqac.ca\/?p=34010"},"modified":"2018-03-23T14:22:54","modified_gmt":"2018-03-23T18:22:54","slug":"bourses-de-la-fondation-de-luqac-29-etudiants-recompenses","status":"publish","type":"post","link":"https:\/\/www.uqac.ca\/uqactualites\/2018\/03\/23\/bourses-de-la-fondation-de-luqac-29-etudiants-recompenses\/","title":{"rendered":"Bourses de la Fondation de l\u2019UQAC\u00a0: 29 \u00e9tudiants r\u00e9compens\u00e9s"},"content":{"rendered":"<div class=\"entry-info\"><\/div>\n<div class=\"entry-photo\">La Fondation de l\u2019UQAC (FUQAC) soulignait, le 21 mars dernier, l\u2019excellence des \u00e9tudiants de notre universit\u00e9.\u00a0C\u2019est en effet \u00e0 l\u2019occasion de la c\u00e9r\u00e9monie annuelle de remise de bourses de la FUQAC que 29\u00a0\u00e9tudiants \u2013 issus des premier, deuxi\u00e8me et troisi\u00e8me cycles d\u2019\u00e9tudes \u2013 se sont vu r\u00e9compenser devant leurs pairs, les donateurs, les professeurs, les membres de la Fondation et la direction de l\u2019UQAC. C\u2019est un peu plus de 126\u00a0000 $ qui ont \u00e9t\u00e9 remis en bourses lors de l\u2019\u00e9v\u00e9nement, soulignant ainsi de belle fa\u00e7on les efforts soutenus de nos \u00e9tudiants.<\/div>\n<div class=\"entry-content clearfix\">\n<div class=\"pf-content\">\n<p>F\u00e9licitations \u00e0 tous les boursiers!<\/p>\n<p><strong>Photo\u00a0:<\/strong>\u00a0Les boursiers en compagnie de M<sup>e<\/sup>\u00a0Guy\u00a0Wells, pr\u00e9sident de la FUQAC, et de Nicole Bouchard, rectrice<br \/>\n<strong>\u00a9 Samuel Taillon<\/strong><\/p>\n<\/div>\n<\/div>\n","protected":false},"excerpt":{"rendered":"<p>La Fondation de l\u2019UQAC (FUQAC) soulignait, le 21 mars dernier, l\u2019excellence des \u00e9tudiants de notre universit\u00e9.\u00a0C\u2019est en effet \u00e0 l\u2019occasion de la c\u00e9r\u00e9monie annuelle de remise de bourses de la FUQAC que 29\u00a0\u00e9tudiants \u2013 issus des premier, deuxi\u00e8me et troisi\u00e8me cycles d\u2019\u00e9tudes \u2013 se sont vu r\u00e9compenser devant leurs pairs, les donateurs, les professeurs, les [&hellip;]<\/p>\n","protected":false},"author":5,"featured_media":34011,"comment_status":"open","ping_status":"open","sticky":false,"template":"","format":"standard","meta":{"footnotes":""},"categories":[2],"tags":[],"yoast_head":"<!-- This site is optimized with the Yoast SEO plugin v24.2 - https:\/\/yoast.com\/wordpress\/plugins\/seo\/ -->\r\n<title>Bourses de la Fondation de l\u2019UQAC\u00a0: 29 \u00e9tudiants r\u00e9compens\u00e9s - UQACtualit\u00e9s<\/title>\r\n<meta name=\"robots\" content=\"index, follow, max-snippet:-1, max-image-preview:large, max-video-preview:-1\" \/>\r\n<link rel=\"canonical\" href=\"https:\/\/www.uqac.ca\/uqactualites\/2018\/03\/23\/bourses-de-la-fondation-de-luqac-29-etudiants-recompenses\/\" \/>\r\n<meta property=\"og:locale\" content=\"fr_CA\" \/>\r\n<meta property=\"og:type\" content=\"article\" \/>\r\n<meta property=\"og:title\" content=\"Bourses de la Fondation de l\u2019UQAC\u00a0: 29 \u00e9tudiants r\u00e9compens\u00e9s - UQACtualit\u00e9s\" \/>\r\n<meta property=\"og:description\" content=\"La Fondation de l\u2019UQAC (FUQAC) soulignait, le 21 mars dernier, l\u2019excellence des \u00e9tudiants de notre universit\u00e9.\u00a0C\u2019est en effet \u00e0 l\u2019occasion de la c\u00e9r\u00e9monie annuelle de remise de bourses de la FUQAC que 29\u00a0\u00e9tudiants \u2013 issus des premier, deuxi\u00e8me et troisi\u00e8me cycles d\u2019\u00e9tudes \u2013 se sont vu r\u00e9compenser devant leurs pairs, les donateurs, les professeurs, les [&hellip;]\" \/>\r\n<meta property=\"og:url\" content=\"https:\/\/www.uqac.ca\/uqactualites\/2018\/03\/23\/bourses-de-la-fondation-de-luqac-29-etudiants-recompenses\/\" \/>\r\n<meta property=\"og:site_name\" content=\"UQACtualit\u00e9s\" \/>\r\n<meta property=\"article:published_time\" content=\"2018-03-23T18:22:54+00:00\" \/>\r\n<meta property=\"og:image\" content=\"https:\/\/www.uqac.ca\/uqactualites\/wp-content\/uploads\/2018\/03\/Boursiers_fondation_2018-web-scaled.jpg\" \/>\r\n\t<meta property=\"og:image:width\" content=\"2560\" \/>\r\n\t<meta property=\"og:image:height\" content=\"1238\" \/>\r\n\t<meta property=\"og:image:type\" content=\"image\/jpeg\" \/>\r\n<meta name=\"author\" content=\"Service des communications et des relations publiques\" \/>\r\n<meta name=\"twitter:card\" content=\"summary_large_image\" \/>\r\n<meta name=\"twitter:label1\" content=\"\u00c9crit par\" \/>\n\t<meta name=\"twitter:data1\" content=\"Service des communications et des relations publiques\" \/>\n\t<meta name=\"twitter:label2\" content=\"Estimation du temps de lecture\" \/>\n\t<meta name=\"twitter:data2\" content=\"1 minute\" \/>\r\n<script type=\"application\/ld+json\" class=\"yoast-schema-graph\">{\"@context\":\"https:\/\/schema.org\",\"@graph\":[{\"@type\":\"WebPage\",\"@id\":\"https:\/\/www.uqac.ca\/uqactualites\/2018\/03\/23\/bourses-de-la-fondation-de-luqac-29-etudiants-recompenses\/\",\"url\":\"https:\/\/www.uqac.ca\/uqactualites\/2018\/03\/23\/bourses-de-la-fondation-de-luqac-29-etudiants-recompenses\/\",\"name\":\"Bourses de la Fondation de l\u2019UQAC\u00a0: 29 \u00e9tudiants r\u00e9compens\u00e9s - UQACtualit\u00e9s\",\"isPartOf\":{\"@id\":\"https:\/\/www.uqac.ca\/uqactualites\/#website\"},\"primaryImageOfPage\":{\"@id\":\"https:\/\/www.uqac.ca\/uqactualites\/2018\/03\/23\/bourses-de-la-fondation-de-luqac-29-etudiants-recompenses\/#primaryimage\"},\"image\":{\"@id\":\"https:\/\/www.uqac.ca\/uqactualites\/2018\/03\/23\/bourses-de-la-fondation-de-luqac-29-etudiants-recompenses\/#primaryimage\"},\"thumbnailUrl\":\"https:\/\/www.uqac.ca\/uqactualites\/wp-content\/uploads\/2018\/03\/Boursiers_fondation_2018-web-scaled.jpg\",\"datePublished\":\"2018-03-23T18:22:54+00:00\",\"dateModified\":\"2018-03-23T18:22:54+00:00\",\"author\":{\"@id\":\"https:\/\/www.uqac.ca\/uqactualites\/#\/schema\/person\/366c45a0c4f0e677b41b4af5886e2018\"},\"breadcrumb\":{\"@id\":\"https:\/\/www.uqac.ca\/uqactualites\/2018\/03\/23\/bourses-de-la-fondation-de-luqac-29-etudiants-recompenses\/#breadcrumb\"},\"inLanguage\":\"fr-CA\",\"potentialAction\":[{\"@type\":\"ReadAction\",\"target\":[\"https:\/\/www.uqac.ca\/uqactualites\/2018\/03\/23\/bourses-de-la-fondation-de-luqac-29-etudiants-recompenses\/\"]}]},{\"@type\":\"ImageObject\",\"inLanguage\":\"fr-CA\",\"@id\":\"https:\/\/www.uqac.ca\/uqactualites\/2018\/03\/23\/bourses-de-la-fondation-de-luqac-29-etudiants-recompenses\/#primaryimage\",\"url\":\"https:\/\/www.uqac.ca\/uqactualites\/wp-content\/uploads\/2018\/03\/Boursiers_fondation_2018-web-scaled.jpg\",\"contentUrl\":\"https:\/\/www.uqac.ca\/uqactualites\/wp-content\/uploads\/2018\/03\/Boursiers_fondation_2018-web-scaled.jpg\",\"width\":2560,\"height\":1238},{\"@type\":\"BreadcrumbList\",\"@id\":\"https:\/\/www.uqac.ca\/uqactualites\/2018\/03\/23\/bourses-de-la-fondation-de-luqac-29-etudiants-recompenses\/#breadcrumb\",\"itemListElement\":[{\"@type\":\"ListItem\",\"position\":1,\"name\":\"Home\",\"item\":\"https:\/\/www.uqac.ca\/uqactualites\/\"},{\"@type\":\"ListItem\",\"position\":2,\"name\":\"Bourses de la Fondation de l\u2019UQAC\u00a0: 29 \u00e9tudiants r\u00e9compens\u00e9s\"}]},{\"@type\":\"WebSite\",\"@id\":\"https:\/\/www.uqac.ca\/uqactualites\/#website\",\"url\":\"https:\/\/www.uqac.ca\/uqactualites\/\",\"name\":\"UQACtualit\u00e9s\",\"description\":\"Le portail des nouvelles de l&#039;UQAC\",\"potentialAction\":[{\"@type\":\"SearchAction\",\"target\":{\"@type\":\"EntryPoint\",\"urlTemplate\":\"https:\/\/www.uqac.ca\/uqactualites\/?s={search_term_string}\"},\"query-input\":{\"@type\":\"PropertyValueSpecification\",\"valueRequired\":true,\"valueName\":\"search_term_string\"}}],\"inLanguage\":\"fr-CA\"},{\"@type\":\"Person\",\"@id\":\"https:\/\/www.uqac.ca\/uqactualites\/#\/schema\/person\/366c45a0c4f0e677b41b4af5886e2018\",\"name\":\"Service des communications et des relations publiques\",\"image\":{\"@type\":\"ImageObject\",\"inLanguage\":\"fr-CA\",\"@id\":\"https:\/\/www.uqac.ca\/uqactualites\/#\/schema\/person\/image\/\",\"url\":\"https:\/\/secure.gravatar.com\/avatar\/20fbbda8a292f59f2d3461a5b999c00b?s=96&d=mm&r=g\",\"contentUrl\":\"https:\/\/secure.gravatar.com\/avatar\/20fbbda8a292f59f2d3461a5b999c00b?s=96&d=mm&r=g\",\"caption\":\"Service des communications et des relations publiques\"},\"url\":\"https:\/\/www.uqac.ca\/uqactualites\/author\/bap\/\"}]}<\/script>\r\n<!-- \/ Yoast SEO plugin. -->","yoast_head_json":{"title":"Bourses de la Fondation de l\u2019UQAC\u00a0: 29 \u00e9tudiants r\u00e9compens\u00e9s - UQACtualit\u00e9s","robots":{"index":"index","follow":"follow","max-snippet":"max-snippet:-1","max-image-preview":"max-image-preview:large","max-video-preview":"max-video-preview:-1"},"canonical":"https:\/\/www.uqac.ca\/uqactualites\/2018\/03\/23\/bourses-de-la-fondation-de-luqac-29-etudiants-recompenses\/","og_locale":"fr_CA","og_type":"article","og_title":"Bourses de la Fondation de l\u2019UQAC\u00a0: 29 \u00e9tudiants r\u00e9compens\u00e9s - UQACtualit\u00e9s","og_description":"La Fondation de l\u2019UQAC (FUQAC) soulignait, le 21 mars dernier, l\u2019excellence des \u00e9tudiants de notre universit\u00e9.\u00a0C\u2019est en effet \u00e0 l\u2019occasion de la c\u00e9r\u00e9monie annuelle de remise de bourses de la FUQAC que 29\u00a0\u00e9tudiants \u2013 issus des premier, deuxi\u00e8me et troisi\u00e8me cycles d\u2019\u00e9tudes \u2013 se sont vu r\u00e9compenser devant leurs pairs, les donateurs, les professeurs, les [&hellip;]","og_url":"https:\/\/www.uqac.ca\/uqactualites\/2018\/03\/23\/bourses-de-la-fondation-de-luqac-29-etudiants-recompenses\/","og_site_name":"UQACtualit\u00e9s","article_published_time":"2018-03-23T18:22:54+00:00","og_image":[{"width":2560,"height":1238,"url":"https:\/\/www.uqac.ca\/uqactualites\/wp-content\/uploads\/2018\/03\/Boursiers_fondation_2018-web-scaled.jpg","type":"image\/jpeg"}],"author":"Service des communications et des relations publiques","twitter_card":"summary_large_image","twitter_misc":{"\u00c9crit par":"Service des communications et des relations publiques","Estimation du temps de lecture":"1 minute"},"schema":{"@context":"https:\/\/schema.org","@graph":[{"@type":"WebPage","@id":"https:\/\/www.uqac.ca\/uqactualites\/2018\/03\/23\/bourses-de-la-fondation-de-luqac-29-etudiants-recompenses\/","url":"https:\/\/www.uqac.ca\/uqactualites\/2018\/03\/23\/bourses-de-la-fondation-de-luqac-29-etudiants-recompenses\/","name":"Bourses de la Fondation de l\u2019UQAC\u00a0: 29 \u00e9tudiants r\u00e9compens\u00e9s - UQACtualit\u00e9s","isPartOf":{"@id":"https:\/\/www.uqac.ca\/uqactualites\/#website"},"primaryImageOfPage":{"@id":"https:\/\/www.uqac.ca\/uqactualites\/2018\/03\/23\/bourses-de-la-fondation-de-luqac-29-etudiants-recompenses\/#primaryimage"},"image":{"@id":"https:\/\/www.uqac.ca\/uqactualites\/2018\/03\/23\/bourses-de-la-fondation-de-luqac-29-etudiants-recompenses\/#primaryimage"},"thumbnailUrl":"https:\/\/www.uqac.ca\/uqactualites\/wp-content\/uploads\/2018\/03\/Boursiers_fondation_2018-web-scaled.jpg","datePublished":"2018-03-23T18:22:54+00:00","dateModified":"2018-03-23T18:22:54+00:00","author":{"@id":"https:\/\/www.uqac.ca\/uqactualites\/#\/schema\/person\/366c45a0c4f0e677b41b4af5886e2018"},"breadcrumb":{"@id":"https:\/\/www.uqac.ca\/uqactualites\/2018\/03\/23\/bourses-de-la-fondation-de-luqac-29-etudiants-recompenses\/#breadcrumb"},"inLanguage":"fr-CA","potentialAction":[{"@type":"ReadAction","target":["https:\/\/www.uqac.ca\/uqactualites\/2018\/03\/23\/bourses-de-la-fondation-de-luqac-29-etudiants-recompenses\/"]}]},{"@type":"ImageObject","inLanguage":"fr-CA","@id":"https:\/\/www.uqac.ca\/uqactualites\/2018\/03\/23\/bourses-de-la-fondation-de-luqac-29-etudiants-recompenses\/#primaryimage","url":"https:\/\/www.uqac.ca\/uqactualites\/wp-content\/uploads\/2018\/03\/Boursiers_fondation_2018-web-scaled.jpg","contentUrl":"https:\/\/www.uqac.ca\/uqactualites\/wp-content\/uploads\/2018\/03\/Boursiers_fondation_2018-web-scaled.jpg","width":2560,"height":1238},{"@type":"BreadcrumbList","@id":"https:\/\/www.uqac.ca\/uqactualites\/2018\/03\/23\/bourses-de-la-fondation-de-luqac-29-etudiants-recompenses\/#breadcrumb","itemListElement":[{"@type":"ListItem","position":1,"name":"Home","item":"https:\/\/www.uqac.ca\/uqactualites\/"},{"@type":"ListItem","position":2,"name":"Bourses de la Fondation de l\u2019UQAC\u00a0: 29 \u00e9tudiants r\u00e9compens\u00e9s"}]},{"@type":"WebSite","@id":"https:\/\/www.uqac.ca\/uqactualites\/#website","url":"https:\/\/www.uqac.ca\/uqactualites\/","name":"UQACtualit\u00e9s","description":"Le portail des nouvelles de l&#039;UQAC","potentialAction":[{"@type":"SearchAction","target":{"@type":"EntryPoint","urlTemplate":"https:\/\/www.uqac.ca\/uqactualites\/?s={search_term_string}"},"query-input":{"@type":"PropertyValueSpecification","valueRequired":true,"valueName":"search_term_string"}}],"inLanguage":"fr-CA"},{"@type":"Person","@id":"https:\/\/www.uqac.ca\/uqactualites\/#\/schema\/person\/366c45a0c4f0e677b41b4af5886e2018","name":"Service des communications et des relations publiques","image":{"@type":"ImageObject","inLanguage":"fr-CA","@id":"https:\/\/www.uqac.ca\/uqactualites\/#\/schema\/person\/image\/","url":"https:\/\/secure.gravatar.com\/avatar\/20fbbda8a292f59f2d3461a5b999c00b?s=96&d=mm&r=g","contentUrl":"https:\/\/secure.gravatar.com\/avatar\/20fbbda8a292f59f2d3461a5b999c00b?s=96&d=mm&r=g","caption":"Service des communications et des relations publiques"},"url":"https:\/\/www.uqac.ca\/uqactualites\/author\/bap\/"}]}},"_links":{"self":[{"href":"https:\/\/www.uqac.ca\/uqactualites\/wp-json\/wp\/v2\/posts\/34010"}],"collection":[{"href":"https:\/\/www.uqac.ca\/uqactualites\/wp-json\/wp\/v2\/posts"}],"about":[{"href":"https:\/\/www.uqac.ca\/uqactualites\/wp-json\/wp\/v2\/types\/post"}],"author":[{"embeddable":true,"href":"https:\/\/www.uqac.ca\/uqactualites\/wp-json\/wp\/v2\/users\/5"}],"replies":[{"embeddable":true,"href":"https:\/\/www.uqac.ca\/uqactualites\/wp-json\/wp\/v2\/comments?post=34010"}],"version-history":[{"count":0,"href":"https:\/\/www.uqac.ca\/uqactualites\/wp-json\/wp\/v2\/posts\/34010\/revisions"}],"wp:featuredmedia":[{"embeddable":true,"href":"https:\/\/www.uqac.ca\/uqactualites\/wp-json\/wp\/v2\/media\/34011"}],"wp:attachment":[{"href":"https:\/\/www.uqac.ca\/uqactualites\/wp-json\/wp\/v2\/media?parent=34010"}],"wp:term":[{"taxonomy":"category","embeddable":true,"href":"https:\/\/www.uqac.ca\/uqactualites\/wp-json\/wp\/v2\/categories?post=34010"},{"taxonomy":"post_tag","embeddable":true,"href":"https:\/\/www.uqac.ca\/uqactualites\/wp-json\/wp\/v2\/tags?post=34010"}],"curies":[{"name":"wp","href":"https:\/\/api.w.org\/{rel}","templated":true}]}}