{"id":34383,"date":"2018-04-12T11:10:34","date_gmt":"2018-04-12T15:10:34","guid":{"rendered":"http:\/\/www.uqac.ca\/?p=34383"},"modified":"2018-04-12T11:10:34","modified_gmt":"2018-04-12T15:10:34","slug":"luqac-souligne-la-contribution-de-ses-auteurs-a-la-litterature-et-au-savoir","status":"publish","type":"post","link":"https:\/\/www.uqac.ca\/uqactualites\/2018\/04\/12\/luqac-souligne-la-contribution-de-ses-auteurs-a-la-litterature-et-au-savoir\/","title":{"rendered":"L\u2019UQAC souligne la contribution de ses auteurs \u00e0 la litt\u00e9rature et au savoir"},"content":{"rendered":"<p>C\u2019est en pr\u00e9sence d\u2019une trentaine d\u2019invit\u00e9s que s\u2019est d\u00e9roul\u00e9e, le mercredi 11 avril dernier, la seconde \u00e9dition de l\u2019\u00e9v\u00e9nement Reconnaissance des auteurs de l\u2019UQAC. Propos\u00e9 en formule 5\u00a0\u00e0\u00a07, l\u2019\u00e9v\u00e9nement tenu \u00e0 la biblioth\u00e8que Paul-\u00c9mile-Boulet a \u00e9t\u00e9 l\u2019occasion de souligner le travail de 33 auteurs, qui ont contribu\u00e9 au cours de la derni\u00e8re ann\u00e9e \u00e0 la publication de quelque 30\u00a0ouvrages.<\/p>\n<p>F\u00e9licitations \u00e0 tous, et merci de faire vivre la litt\u00e9rature\u00a0!<\/p>\n<p>Consultez en ligne la <a href=\"http:\/\/www.uqac.ca\/wp-content\/uploads\/2018\/04\/\u00c9v\u00e9nement-reconnaissance-auteurs-UQAC-2018.pdf\">liste des ouvrages publi\u00e9s et pr\u00e9sent\u00e9s lors du lancement<\/a>.<\/p>\n<p><span style=\"color: #808080\"><strong>Photo\u00a0:<\/strong> Les auteurs pr\u00e9sents pour l\u2019occasion, accompagn\u00e9s du doyen de la recherche et de la cr\u00e9ation, Yves Chiricota<\/span><br \/>\n<span style=\"color: #808080\"><strong>\u00a9 Denis Blackburn<\/strong><\/span><\/p>\n","protected":false},"excerpt":{"rendered":"<p>C\u2019est en pr\u00e9sence d\u2019une trentaine d\u2019invit\u00e9s que s\u2019est d\u00e9roul\u00e9e, le mercredi 11 avril dernier, la seconde \u00e9dition de l\u2019\u00e9v\u00e9nement Reconnaissance des auteurs de l\u2019UQAC. Propos\u00e9 en formule 5\u00a0\u00e0\u00a07, l\u2019\u00e9v\u00e9nement tenu \u00e0 la biblioth\u00e8que Paul-\u00c9mile-Boulet a \u00e9t\u00e9 l\u2019occasion de souligner le travail de 33 auteurs, qui ont contribu\u00e9 au cours de la derni\u00e8re ann\u00e9e \u00e0 la [&hellip;]<\/p>\n","protected":false},"author":5,"featured_media":34385,"comment_status":"open","ping_status":"open","sticky":false,"template":"","format":"standard","meta":{"footnotes":""},"categories":[2,25,4],"tags":[105,152,20,21,5,8,3,22,76,16],"yoast_head":"<!-- This site is optimized with the Yoast SEO plugin v24.2 - https:\/\/yoast.com\/wordpress\/plugins\/seo\/ -->\r\n<title>L\u2019UQAC souligne la contribution de ses auteurs \u00e0 la litt\u00e9rature et au savoir - UQACtualit\u00e9s<\/title>\r\n<meta name=\"robots\" content=\"index, follow, max-snippet:-1, max-image-preview:large, max-video-preview:-1\" \/>\r\n<link rel=\"canonical\" href=\"https:\/\/www.uqac.ca\/uqactualites\/2018\/04\/12\/luqac-souligne-la-contribution-de-ses-auteurs-a-la-litterature-et-au-savoir\/\" \/>\r\n<meta property=\"og:locale\" content=\"fr_CA\" \/>\r\n<meta property=\"og:type\" content=\"article\" \/>\r\n<meta property=\"og:title\" content=\"L\u2019UQAC souligne la contribution de ses auteurs \u00e0 la litt\u00e9rature et au savoir - UQACtualit\u00e9s\" \/>\r\n<meta property=\"og:description\" content=\"C\u2019est en pr\u00e9sence d\u2019une trentaine d\u2019invit\u00e9s que s\u2019est d\u00e9roul\u00e9e, le mercredi 11 avril dernier, la seconde \u00e9dition de l\u2019\u00e9v\u00e9nement Reconnaissance des auteurs de l\u2019UQAC. Propos\u00e9 en formule 5\u00a0\u00e0\u00a07, l\u2019\u00e9v\u00e9nement tenu \u00e0 la biblioth\u00e8que Paul-\u00c9mile-Boulet a \u00e9t\u00e9 l\u2019occasion de souligner le travail de 33 auteurs, qui ont contribu\u00e9 au cours de la derni\u00e8re ann\u00e9e \u00e0 la [&hellip;]\" \/>\r\n<meta property=\"og:url\" content=\"https:\/\/www.uqac.ca\/uqactualites\/2018\/04\/12\/luqac-souligne-la-contribution-de-ses-auteurs-a-la-litterature-et-au-savoir\/\" \/>\r\n<meta property=\"og:site_name\" content=\"UQACtualit\u00e9s\" \/>\r\n<meta property=\"article:published_time\" content=\"2018-04-12T15:10:34+00:00\" \/>\r\n<meta property=\"og:image\" content=\"https:\/\/www.uqac.ca\/uqactualites\/wp-content\/uploads\/2018\/04\/Reconnaissance-auteurs-UQAC-2018-Denis-Blackburn-scaled.jpg\" \/>\r\n\t<meta property=\"og:image:width\" content=\"2560\" \/>\r\n\t<meta property=\"og:image:height\" content=\"1215\" \/>\r\n\t<meta property=\"og:image:type\" content=\"image\/jpeg\" \/>\r\n<meta name=\"author\" content=\"Service des communications et des relations publiques\" \/>\r\n<meta name=\"twitter:card\" content=\"summary_large_image\" \/>\r\n<meta name=\"twitter:label1\" content=\"\u00c9crit par\" \/>\n\t<meta name=\"twitter:data1\" content=\"Service des communications et des relations publiques\" \/>\n\t<meta name=\"twitter:label2\" content=\"Estimation du temps de lecture\" \/>\n\t<meta name=\"twitter:data2\" content=\"1 minute\" \/>\r\n<script type=\"application\/ld+json\" class=\"yoast-schema-graph\">{\"@context\":\"https:\/\/schema.org\",\"@graph\":[{\"@type\":\"WebPage\",\"@id\":\"https:\/\/www.uqac.ca\/uqactualites\/2018\/04\/12\/luqac-souligne-la-contribution-de-ses-auteurs-a-la-litterature-et-au-savoir\/\",\"url\":\"https:\/\/www.uqac.ca\/uqactualites\/2018\/04\/12\/luqac-souligne-la-contribution-de-ses-auteurs-a-la-litterature-et-au-savoir\/\",\"name\":\"L\u2019UQAC souligne la contribution de ses auteurs \u00e0 la litt\u00e9rature et au savoir - UQACtualit\u00e9s\",\"isPartOf\":{\"@id\":\"https:\/\/www.uqac.ca\/uqactualites\/#website\"},\"primaryImageOfPage\":{\"@id\":\"https:\/\/www.uqac.ca\/uqactualites\/2018\/04\/12\/luqac-souligne-la-contribution-de-ses-auteurs-a-la-litterature-et-au-savoir\/#primaryimage\"},\"image\":{\"@id\":\"https:\/\/www.uqac.ca\/uqactualites\/2018\/04\/12\/luqac-souligne-la-contribution-de-ses-auteurs-a-la-litterature-et-au-savoir\/#primaryimage\"},\"thumbnailUrl\":\"https:\/\/www.uqac.ca\/uqactualites\/wp-content\/uploads\/2018\/04\/Reconnaissance-auteurs-UQAC-2018-Denis-Blackburn-scaled.jpg\",\"datePublished\":\"2018-04-12T15:10:34+00:00\",\"dateModified\":\"2018-04-12T15:10:34+00:00\",\"author\":{\"@id\":\"https:\/\/www.uqac.ca\/uqactualites\/#\/schema\/person\/366c45a0c4f0e677b41b4af5886e2018\"},\"breadcrumb\":{\"@id\":\"https:\/\/www.uqac.ca\/uqactualites\/2018\/04\/12\/luqac-souligne-la-contribution-de-ses-auteurs-a-la-litterature-et-au-savoir\/#breadcrumb\"},\"inLanguage\":\"fr-CA\",\"potentialAction\":[{\"@type\":\"ReadAction\",\"target\":[\"https:\/\/www.uqac.ca\/uqactualites\/2018\/04\/12\/luqac-souligne-la-contribution-de-ses-auteurs-a-la-litterature-et-au-savoir\/\"]}]},{\"@type\":\"ImageObject\",\"inLanguage\":\"fr-CA\",\"@id\":\"https:\/\/www.uqac.ca\/uqactualites\/2018\/04\/12\/luqac-souligne-la-contribution-de-ses-auteurs-a-la-litterature-et-au-savoir\/#primaryimage\",\"url\":\"https:\/\/www.uqac.ca\/uqactualites\/wp-content\/uploads\/2018\/04\/Reconnaissance-auteurs-UQAC-2018-Denis-Blackburn-scaled.jpg\",\"contentUrl\":\"https:\/\/www.uqac.ca\/uqactualites\/wp-content\/uploads\/2018\/04\/Reconnaissance-auteurs-UQAC-2018-Denis-Blackburn-scaled.jpg\",\"width\":2560,\"height\":1215},{\"@type\":\"BreadcrumbList\",\"@id\":\"https:\/\/www.uqac.ca\/uqactualites\/2018\/04\/12\/luqac-souligne-la-contribution-de-ses-auteurs-a-la-litterature-et-au-savoir\/#breadcrumb\",\"itemListElement\":[{\"@type\":\"ListItem\",\"position\":1,\"name\":\"Home\",\"item\":\"https:\/\/www.uqac.ca\/uqactualites\/\"},{\"@type\":\"ListItem\",\"position\":2,\"name\":\"L\u2019UQAC souligne la contribution de ses auteurs \u00e0 la litt\u00e9rature et au savoir\"}]},{\"@type\":\"WebSite\",\"@id\":\"https:\/\/www.uqac.ca\/uqactualites\/#website\",\"url\":\"https:\/\/www.uqac.ca\/uqactualites\/\",\"name\":\"UQACtualit\u00e9s\",\"description\":\"Le portail des nouvelles de l&#039;UQAC\",\"potentialAction\":[{\"@type\":\"SearchAction\",\"target\":{\"@type\":\"EntryPoint\",\"urlTemplate\":\"https:\/\/www.uqac.ca\/uqactualites\/?s={search_term_string}\"},\"query-input\":{\"@type\":\"PropertyValueSpecification\",\"valueRequired\":true,\"valueName\":\"search_term_string\"}}],\"inLanguage\":\"fr-CA\"},{\"@type\":\"Person\",\"@id\":\"https:\/\/www.uqac.ca\/uqactualites\/#\/schema\/person\/366c45a0c4f0e677b41b4af5886e2018\",\"name\":\"Service des communications et des relations publiques\",\"image\":{\"@type\":\"ImageObject\",\"inLanguage\":\"fr-CA\",\"@id\":\"https:\/\/www.uqac.ca\/uqactualites\/#\/schema\/person\/image\/\",\"url\":\"https:\/\/secure.gravatar.com\/avatar\/20fbbda8a292f59f2d3461a5b999c00b?s=96&d=mm&r=g\",\"contentUrl\":\"https:\/\/secure.gravatar.com\/avatar\/20fbbda8a292f59f2d3461a5b999c00b?s=96&d=mm&r=g\",\"caption\":\"Service des communications et des relations publiques\"},\"url\":\"https:\/\/www.uqac.ca\/uqactualites\/author\/bap\/\"}]}<\/script>\r\n<!-- \/ Yoast SEO plugin. -->","yoast_head_json":{"title":"L\u2019UQAC souligne la contribution de ses auteurs \u00e0 la litt\u00e9rature et au savoir - UQACtualit\u00e9s","robots":{"index":"index","follow":"follow","max-snippet":"max-snippet:-1","max-image-preview":"max-image-preview:large","max-video-preview":"max-video-preview:-1"},"canonical":"https:\/\/www.uqac.ca\/uqactualites\/2018\/04\/12\/luqac-souligne-la-contribution-de-ses-auteurs-a-la-litterature-et-au-savoir\/","og_locale":"fr_CA","og_type":"article","og_title":"L\u2019UQAC souligne la contribution de ses auteurs \u00e0 la litt\u00e9rature et au savoir - UQACtualit\u00e9s","og_description":"C\u2019est en pr\u00e9sence d\u2019une trentaine d\u2019invit\u00e9s que s\u2019est d\u00e9roul\u00e9e, le mercredi 11 avril dernier, la seconde \u00e9dition de l\u2019\u00e9v\u00e9nement Reconnaissance des auteurs de l\u2019UQAC. Propos\u00e9 en formule 5\u00a0\u00e0\u00a07, l\u2019\u00e9v\u00e9nement tenu \u00e0 la biblioth\u00e8que Paul-\u00c9mile-Boulet a \u00e9t\u00e9 l\u2019occasion de souligner le travail de 33 auteurs, qui ont contribu\u00e9 au cours de la derni\u00e8re ann\u00e9e \u00e0 la [&hellip;]","og_url":"https:\/\/www.uqac.ca\/uqactualites\/2018\/04\/12\/luqac-souligne-la-contribution-de-ses-auteurs-a-la-litterature-et-au-savoir\/","og_site_name":"UQACtualit\u00e9s","article_published_time":"2018-04-12T15:10:34+00:00","og_image":[{"width":2560,"height":1215,"url":"https:\/\/www.uqac.ca\/uqactualites\/wp-content\/uploads\/2018\/04\/Reconnaissance-auteurs-UQAC-2018-Denis-Blackburn-scaled.jpg","type":"image\/jpeg"}],"author":"Service des communications et des relations publiques","twitter_card":"summary_large_image","twitter_misc":{"\u00c9crit par":"Service des communications et des relations publiques","Estimation du temps de lecture":"1 minute"},"schema":{"@context":"https:\/\/schema.org","@graph":[{"@type":"WebPage","@id":"https:\/\/www.uqac.ca\/uqactualites\/2018\/04\/12\/luqac-souligne-la-contribution-de-ses-auteurs-a-la-litterature-et-au-savoir\/","url":"https:\/\/www.uqac.ca\/uqactualites\/2018\/04\/12\/luqac-souligne-la-contribution-de-ses-auteurs-a-la-litterature-et-au-savoir\/","name":"L\u2019UQAC souligne la contribution de ses auteurs \u00e0 la litt\u00e9rature et au savoir - UQACtualit\u00e9s","isPartOf":{"@id":"https:\/\/www.uqac.ca\/uqactualites\/#website"},"primaryImageOfPage":{"@id":"https:\/\/www.uqac.ca\/uqactualites\/2018\/04\/12\/luqac-souligne-la-contribution-de-ses-auteurs-a-la-litterature-et-au-savoir\/#primaryimage"},"image":{"@id":"https:\/\/www.uqac.ca\/uqactualites\/2018\/04\/12\/luqac-souligne-la-contribution-de-ses-auteurs-a-la-litterature-et-au-savoir\/#primaryimage"},"thumbnailUrl":"https:\/\/www.uqac.ca\/uqactualites\/wp-content\/uploads\/2018\/04\/Reconnaissance-auteurs-UQAC-2018-Denis-Blackburn-scaled.jpg","datePublished":"2018-04-12T15:10:34+00:00","dateModified":"2018-04-12T15:10:34+00:00","author":{"@id":"https:\/\/www.uqac.ca\/uqactualites\/#\/schema\/person\/366c45a0c4f0e677b41b4af5886e2018"},"breadcrumb":{"@id":"https:\/\/www.uqac.ca\/uqactualites\/2018\/04\/12\/luqac-souligne-la-contribution-de-ses-auteurs-a-la-litterature-et-au-savoir\/#breadcrumb"},"inLanguage":"fr-CA","potentialAction":[{"@type":"ReadAction","target":["https:\/\/www.uqac.ca\/uqactualites\/2018\/04\/12\/luqac-souligne-la-contribution-de-ses-auteurs-a-la-litterature-et-au-savoir\/"]}]},{"@type":"ImageObject","inLanguage":"fr-CA","@id":"https:\/\/www.uqac.ca\/uqactualites\/2018\/04\/12\/luqac-souligne-la-contribution-de-ses-auteurs-a-la-litterature-et-au-savoir\/#primaryimage","url":"https:\/\/www.uqac.ca\/uqactualites\/wp-content\/uploads\/2018\/04\/Reconnaissance-auteurs-UQAC-2018-Denis-Blackburn-scaled.jpg","contentUrl":"https:\/\/www.uqac.ca\/uqactualites\/wp-content\/uploads\/2018\/04\/Reconnaissance-auteurs-UQAC-2018-Denis-Blackburn-scaled.jpg","width":2560,"height":1215},{"@type":"BreadcrumbList","@id":"https:\/\/www.uqac.ca\/uqactualites\/2018\/04\/12\/luqac-souligne-la-contribution-de-ses-auteurs-a-la-litterature-et-au-savoir\/#breadcrumb","itemListElement":[{"@type":"ListItem","position":1,"name":"Home","item":"https:\/\/www.uqac.ca\/uqactualites\/"},{"@type":"ListItem","position":2,"name":"L\u2019UQAC souligne la contribution de ses auteurs \u00e0 la litt\u00e9rature et au savoir"}]},{"@type":"WebSite","@id":"https:\/\/www.uqac.ca\/uqactualites\/#website","url":"https:\/\/www.uqac.ca\/uqactualites\/","name":"UQACtualit\u00e9s","description":"Le portail des nouvelles de l&#039;UQAC","potentialAction":[{"@type":"SearchAction","target":{"@type":"EntryPoint","urlTemplate":"https:\/\/www.uqac.ca\/uqactualites\/?s={search_term_string}"},"query-input":{"@type":"PropertyValueSpecification","valueRequired":true,"valueName":"search_term_string"}}],"inLanguage":"fr-CA"},{"@type":"Person","@id":"https:\/\/www.uqac.ca\/uqactualites\/#\/schema\/person\/366c45a0c4f0e677b41b4af5886e2018","name":"Service des communications et des relations publiques","image":{"@type":"ImageObject","inLanguage":"fr-CA","@id":"https:\/\/www.uqac.ca\/uqactualites\/#\/schema\/person\/image\/","url":"https:\/\/secure.gravatar.com\/avatar\/20fbbda8a292f59f2d3461a5b999c00b?s=96&d=mm&r=g","contentUrl":"https:\/\/secure.gravatar.com\/avatar\/20fbbda8a292f59f2d3461a5b999c00b?s=96&d=mm&r=g","caption":"Service des communications et des relations publiques"},"url":"https:\/\/www.uqac.ca\/uqactualites\/author\/bap\/"}]}},"_links":{"self":[{"href":"https:\/\/www.uqac.ca\/uqactualites\/wp-json\/wp\/v2\/posts\/34383"}],"collection":[{"href":"https:\/\/www.uqac.ca\/uqactualites\/wp-json\/wp\/v2\/posts"}],"about":[{"href":"https:\/\/www.uqac.ca\/uqactualites\/wp-json\/wp\/v2\/types\/post"}],"author":[{"embeddable":true,"href":"https:\/\/www.uqac.ca\/uqactualites\/wp-json\/wp\/v2\/users\/5"}],"replies":[{"embeddable":true,"href":"https:\/\/www.uqac.ca\/uqactualites\/wp-json\/wp\/v2\/comments?post=34383"}],"version-history":[{"count":0,"href":"https:\/\/www.uqac.ca\/uqactualites\/wp-json\/wp\/v2\/posts\/34383\/revisions"}],"wp:featuredmedia":[{"embeddable":true,"href":"https:\/\/www.uqac.ca\/uqactualites\/wp-json\/wp\/v2\/media\/34385"}],"wp:attachment":[{"href":"https:\/\/www.uqac.ca\/uqactualites\/wp-json\/wp\/v2\/media?parent=34383"}],"wp:term":[{"taxonomy":"category","embeddable":true,"href":"https:\/\/www.uqac.ca\/uqactualites\/wp-json\/wp\/v2\/categories?post=34383"},{"taxonomy":"post_tag","embeddable":true,"href":"https:\/\/www.uqac.ca\/uqactualites\/wp-json\/wp\/v2\/tags?post=34383"}],"curies":[{"name":"wp","href":"https:\/\/api.w.org\/{rel}","templated":true}]}}