{"id":34839,"date":"2018-05-07T12:24:48","date_gmt":"2018-05-07T16:24:48","guid":{"rendered":"http:\/\/www.uqac.ca\/?p=34839"},"modified":"2018-05-07T12:24:48","modified_gmt":"2018-05-07T16:24:48","slug":"presentation-du-projet-daccompagnement-et-de-transfert-de-connaissances-sur-les-eaux-souterraines-de-la-region-saguenay-lac-saint-jean","status":"publish","type":"post","link":"https:\/\/www.uqac.ca\/uqactualites\/2018\/05\/07\/presentation-du-projet-daccompagnement-et-de-transfert-de-connaissances-sur-les-eaux-souterraines-de-la-region-saguenay-lac-saint-jean\/","title":{"rendered":"Convocation  |  Pr\u00e9sentation du projet d\u2019accompagnement et de transfert de connaissances sur les eaux souterraines de la r\u00e9gion Saguenay\u2013Lac-Saint-Jean"},"content":{"rendered":"<p>Vous \u00eates convi\u00e9s \u00e0 assister \u00e0 la pr\u00e9sentation du projet d\u2019accompagnement et de transfert de connaissances sur les eaux souterraines de la r\u00e9gion Saguenay\u2013Lac-Saint-Jean qui sera tiendra dans le cadre du 86<sup>e<\/sup> Congr\u00e8s de l\u2019ACFAS.<\/p>\n<p style=\"text-align: center;\"><strong>Lundi 7 mai 2018 | 15 h\u00a015<br \/>\n<\/strong>Local P1-6180 (Pavillon principal)<\/p>\n<p><strong>Renseignements\u00a0:<br \/>\n<\/strong>Service des communications et des relations publiques<br \/>\nUniversit\u00e9 du Qu\u00e9bec \u00e0 Chicoutimi<br \/>\n418\u00a0545-5011, poste 5006\u00a0 |\u00a0 <a href=\"mailto:communications@uqac.ca\">communications@uqac.ca<\/a><\/p>\n","protected":false},"excerpt":{"rendered":"<p>Vous \u00eates convi\u00e9s \u00e0 assister \u00e0 la pr\u00e9sentation du projet d\u2019accompagnement et de transfert de connaissances sur les eaux souterraines de la r\u00e9gion Saguenay\u2013Lac-Saint-Jean qui sera tiendra dans le cadre du 86e Congr\u00e8s de l\u2019ACFAS. Lundi 7 mai 2018 | 15 h\u00a015 Local P1-6180 (Pavillon principal) Renseignements\u00a0: Service des communications et des relations publiques Universit\u00e9 [&hellip;]<\/p>\n","protected":false},"author":5,"featured_media":34475,"comment_status":"open","ping_status":"open","sticky":false,"template":"","format":"standard","meta":{"footnotes":""},"categories":[2772],"tags":[21,16],"yoast_head":"<!-- This site is optimized with the Yoast SEO plugin v24.2 - https:\/\/yoast.com\/wordpress\/plugins\/seo\/ -->\r\n<title>Convocation | Pr\u00e9sentation du projet d\u2019accompagnement et de transfert de connaissances sur les eaux souterraines de la r\u00e9gion Saguenay\u2013Lac-Saint-Jean - UQACtualit\u00e9s<\/title>\r\n<meta name=\"robots\" content=\"index, follow, max-snippet:-1, max-image-preview:large, max-video-preview:-1\" \/>\r\n<link rel=\"canonical\" href=\"https:\/\/www.uqac.ca\/uqactualites\/2018\/05\/07\/presentation-du-projet-daccompagnement-et-de-transfert-de-connaissances-sur-les-eaux-souterraines-de-la-region-saguenay-lac-saint-jean\/\" \/>\r\n<meta property=\"og:locale\" content=\"fr_CA\" \/>\r\n<meta property=\"og:type\" content=\"article\" \/>\r\n<meta property=\"og:title\" content=\"Convocation | Pr\u00e9sentation du projet d\u2019accompagnement et de transfert de connaissances sur les eaux souterraines de la r\u00e9gion Saguenay\u2013Lac-Saint-Jean - UQACtualit\u00e9s\" \/>\r\n<meta property=\"og:description\" content=\"Vous \u00eates convi\u00e9s \u00e0 assister \u00e0 la pr\u00e9sentation du projet d\u2019accompagnement et de transfert de connaissances sur les eaux souterraines de la r\u00e9gion Saguenay\u2013Lac-Saint-Jean qui sera tiendra dans le cadre du 86e Congr\u00e8s de l\u2019ACFAS. Lundi 7 mai 2018 | 15 h\u00a015 Local P1-6180 (Pavillon principal) Renseignements\u00a0: Service des communications et des relations publiques Universit\u00e9 [&hellip;]\" \/>\r\n<meta property=\"og:url\" content=\"https:\/\/www.uqac.ca\/uqactualites\/2018\/05\/07\/presentation-du-projet-daccompagnement-et-de-transfert-de-connaissances-sur-les-eaux-souterraines-de-la-region-saguenay-lac-saint-jean\/\" \/>\r\n<meta property=\"og:site_name\" content=\"UQACtualit\u00e9s\" \/>\r\n<meta property=\"article:published_time\" content=\"2018-05-07T16:24:48+00:00\" \/>\r\n<meta property=\"og:image\" content=\"https:\/\/www.uqac.ca\/uqactualites\/wp-content\/uploads\/2018\/04\/audio-1844798-scaled.jpg\" \/>\r\n\t<meta property=\"og:image:width\" content=\"2560\" \/>\r\n\t<meta property=\"og:image:height\" content=\"1696\" \/>\r\n\t<meta property=\"og:image:type\" content=\"image\/jpeg\" \/>\r\n<meta name=\"author\" content=\"Service des communications et des relations publiques\" \/>\r\n<meta name=\"twitter:card\" content=\"summary_large_image\" \/>\r\n<meta name=\"twitter:label1\" content=\"\u00c9crit par\" \/>\n\t<meta name=\"twitter:data1\" content=\"Service des communications et des relations publiques\" \/>\r\n<script type=\"application\/ld+json\" class=\"yoast-schema-graph\">{\"@context\":\"https:\/\/schema.org\",\"@graph\":[{\"@type\":\"WebPage\",\"@id\":\"https:\/\/www.uqac.ca\/uqactualites\/2018\/05\/07\/presentation-du-projet-daccompagnement-et-de-transfert-de-connaissances-sur-les-eaux-souterraines-de-la-region-saguenay-lac-saint-jean\/\",\"url\":\"https:\/\/www.uqac.ca\/uqactualites\/2018\/05\/07\/presentation-du-projet-daccompagnement-et-de-transfert-de-connaissances-sur-les-eaux-souterraines-de-la-region-saguenay-lac-saint-jean\/\",\"name\":\"Convocation | Pr\u00e9sentation du projet d\u2019accompagnement et de transfert de connaissances sur les eaux souterraines de la r\u00e9gion Saguenay\u2013Lac-Saint-Jean - UQACtualit\u00e9s\",\"isPartOf\":{\"@id\":\"https:\/\/www.uqac.ca\/uqactualites\/#website\"},\"primaryImageOfPage\":{\"@id\":\"https:\/\/www.uqac.ca\/uqactualites\/2018\/05\/07\/presentation-du-projet-daccompagnement-et-de-transfert-de-connaissances-sur-les-eaux-souterraines-de-la-region-saguenay-lac-saint-jean\/#primaryimage\"},\"image\":{\"@id\":\"https:\/\/www.uqac.ca\/uqactualites\/2018\/05\/07\/presentation-du-projet-daccompagnement-et-de-transfert-de-connaissances-sur-les-eaux-souterraines-de-la-region-saguenay-lac-saint-jean\/#primaryimage\"},\"thumbnailUrl\":\"https:\/\/www.uqac.ca\/uqactualites\/wp-content\/uploads\/2018\/04\/audio-1844798-scaled.jpg\",\"datePublished\":\"2018-05-07T16:24:48+00:00\",\"dateModified\":\"2018-05-07T16:24:48+00:00\",\"author\":{\"@id\":\"https:\/\/www.uqac.ca\/uqactualites\/#\/schema\/person\/366c45a0c4f0e677b41b4af5886e2018\"},\"breadcrumb\":{\"@id\":\"https:\/\/www.uqac.ca\/uqactualites\/2018\/05\/07\/presentation-du-projet-daccompagnement-et-de-transfert-de-connaissances-sur-les-eaux-souterraines-de-la-region-saguenay-lac-saint-jean\/#breadcrumb\"},\"inLanguage\":\"fr-CA\",\"potentialAction\":[{\"@type\":\"ReadAction\",\"target\":[\"https:\/\/www.uqac.ca\/uqactualites\/2018\/05\/07\/presentation-du-projet-daccompagnement-et-de-transfert-de-connaissances-sur-les-eaux-souterraines-de-la-region-saguenay-lac-saint-jean\/\"]}]},{\"@type\":\"ImageObject\",\"inLanguage\":\"fr-CA\",\"@id\":\"https:\/\/www.uqac.ca\/uqactualites\/2018\/05\/07\/presentation-du-projet-daccompagnement-et-de-transfert-de-connaissances-sur-les-eaux-souterraines-de-la-region-saguenay-lac-saint-jean\/#primaryimage\",\"url\":\"https:\/\/www.uqac.ca\/uqactualites\/wp-content\/uploads\/2018\/04\/audio-1844798-scaled.jpg\",\"contentUrl\":\"https:\/\/www.uqac.ca\/uqactualites\/wp-content\/uploads\/2018\/04\/audio-1844798-scaled.jpg\",\"width\":2560,\"height\":1696},{\"@type\":\"BreadcrumbList\",\"@id\":\"https:\/\/www.uqac.ca\/uqactualites\/2018\/05\/07\/presentation-du-projet-daccompagnement-et-de-transfert-de-connaissances-sur-les-eaux-souterraines-de-la-region-saguenay-lac-saint-jean\/#breadcrumb\",\"itemListElement\":[{\"@type\":\"ListItem\",\"position\":1,\"name\":\"Home\",\"item\":\"https:\/\/www.uqac.ca\/uqactualites\/\"},{\"@type\":\"ListItem\",\"position\":2,\"name\":\"Convocation | Pr\u00e9sentation du projet d\u2019accompagnement et de transfert de connaissances sur les eaux souterraines de la r\u00e9gion Saguenay\u2013Lac-Saint-Jean\"}]},{\"@type\":\"WebSite\",\"@id\":\"https:\/\/www.uqac.ca\/uqactualites\/#website\",\"url\":\"https:\/\/www.uqac.ca\/uqactualites\/\",\"name\":\"UQACtualit\u00e9s\",\"description\":\"Le portail des nouvelles de l&#039;UQAC\",\"potentialAction\":[{\"@type\":\"SearchAction\",\"target\":{\"@type\":\"EntryPoint\",\"urlTemplate\":\"https:\/\/www.uqac.ca\/uqactualites\/?s={search_term_string}\"},\"query-input\":{\"@type\":\"PropertyValueSpecification\",\"valueRequired\":true,\"valueName\":\"search_term_string\"}}],\"inLanguage\":\"fr-CA\"},{\"@type\":\"Person\",\"@id\":\"https:\/\/www.uqac.ca\/uqactualites\/#\/schema\/person\/366c45a0c4f0e677b41b4af5886e2018\",\"name\":\"Service des communications et des relations publiques\",\"image\":{\"@type\":\"ImageObject\",\"inLanguage\":\"fr-CA\",\"@id\":\"https:\/\/www.uqac.ca\/uqactualites\/#\/schema\/person\/image\/\",\"url\":\"https:\/\/secure.gravatar.com\/avatar\/20fbbda8a292f59f2d3461a5b999c00b?s=96&d=mm&r=g\",\"contentUrl\":\"https:\/\/secure.gravatar.com\/avatar\/20fbbda8a292f59f2d3461a5b999c00b?s=96&d=mm&r=g\",\"caption\":\"Service des communications et des relations publiques\"},\"url\":\"https:\/\/www.uqac.ca\/uqactualites\/author\/bap\/\"}]}<\/script>\r\n<!-- \/ Yoast SEO plugin. -->","yoast_head_json":{"title":"Convocation | Pr\u00e9sentation du projet d\u2019accompagnement et de transfert de connaissances sur les eaux souterraines de la r\u00e9gion Saguenay\u2013Lac-Saint-Jean - UQACtualit\u00e9s","robots":{"index":"index","follow":"follow","max-snippet":"max-snippet:-1","max-image-preview":"max-image-preview:large","max-video-preview":"max-video-preview:-1"},"canonical":"https:\/\/www.uqac.ca\/uqactualites\/2018\/05\/07\/presentation-du-projet-daccompagnement-et-de-transfert-de-connaissances-sur-les-eaux-souterraines-de-la-region-saguenay-lac-saint-jean\/","og_locale":"fr_CA","og_type":"article","og_title":"Convocation | Pr\u00e9sentation du projet d\u2019accompagnement et de transfert de connaissances sur les eaux souterraines de la r\u00e9gion Saguenay\u2013Lac-Saint-Jean - UQACtualit\u00e9s","og_description":"Vous \u00eates convi\u00e9s \u00e0 assister \u00e0 la pr\u00e9sentation du projet d\u2019accompagnement et de transfert de connaissances sur les eaux souterraines de la r\u00e9gion Saguenay\u2013Lac-Saint-Jean qui sera tiendra dans le cadre du 86e Congr\u00e8s de l\u2019ACFAS. Lundi 7 mai 2018 | 15 h\u00a015 Local P1-6180 (Pavillon principal) Renseignements\u00a0: Service des communications et des relations publiques Universit\u00e9 [&hellip;]","og_url":"https:\/\/www.uqac.ca\/uqactualites\/2018\/05\/07\/presentation-du-projet-daccompagnement-et-de-transfert-de-connaissances-sur-les-eaux-souterraines-de-la-region-saguenay-lac-saint-jean\/","og_site_name":"UQACtualit\u00e9s","article_published_time":"2018-05-07T16:24:48+00:00","og_image":[{"width":2560,"height":1696,"url":"https:\/\/www.uqac.ca\/uqactualites\/wp-content\/uploads\/2018\/04\/audio-1844798-scaled.jpg","type":"image\/jpeg"}],"author":"Service des communications et des relations publiques","twitter_card":"summary_large_image","twitter_misc":{"\u00c9crit par":"Service des communications et des relations publiques"},"schema":{"@context":"https:\/\/schema.org","@graph":[{"@type":"WebPage","@id":"https:\/\/www.uqac.ca\/uqactualites\/2018\/05\/07\/presentation-du-projet-daccompagnement-et-de-transfert-de-connaissances-sur-les-eaux-souterraines-de-la-region-saguenay-lac-saint-jean\/","url":"https:\/\/www.uqac.ca\/uqactualites\/2018\/05\/07\/presentation-du-projet-daccompagnement-et-de-transfert-de-connaissances-sur-les-eaux-souterraines-de-la-region-saguenay-lac-saint-jean\/","name":"Convocation | Pr\u00e9sentation du projet d\u2019accompagnement et de transfert de connaissances sur les eaux souterraines de la r\u00e9gion Saguenay\u2013Lac-Saint-Jean - UQACtualit\u00e9s","isPartOf":{"@id":"https:\/\/www.uqac.ca\/uqactualites\/#website"},"primaryImageOfPage":{"@id":"https:\/\/www.uqac.ca\/uqactualites\/2018\/05\/07\/presentation-du-projet-daccompagnement-et-de-transfert-de-connaissances-sur-les-eaux-souterraines-de-la-region-saguenay-lac-saint-jean\/#primaryimage"},"image":{"@id":"https:\/\/www.uqac.ca\/uqactualites\/2018\/05\/07\/presentation-du-projet-daccompagnement-et-de-transfert-de-connaissances-sur-les-eaux-souterraines-de-la-region-saguenay-lac-saint-jean\/#primaryimage"},"thumbnailUrl":"https:\/\/www.uqac.ca\/uqactualites\/wp-content\/uploads\/2018\/04\/audio-1844798-scaled.jpg","datePublished":"2018-05-07T16:24:48+00:00","dateModified":"2018-05-07T16:24:48+00:00","author":{"@id":"https:\/\/www.uqac.ca\/uqactualites\/#\/schema\/person\/366c45a0c4f0e677b41b4af5886e2018"},"breadcrumb":{"@id":"https:\/\/www.uqac.ca\/uqactualites\/2018\/05\/07\/presentation-du-projet-daccompagnement-et-de-transfert-de-connaissances-sur-les-eaux-souterraines-de-la-region-saguenay-lac-saint-jean\/#breadcrumb"},"inLanguage":"fr-CA","potentialAction":[{"@type":"ReadAction","target":["https:\/\/www.uqac.ca\/uqactualites\/2018\/05\/07\/presentation-du-projet-daccompagnement-et-de-transfert-de-connaissances-sur-les-eaux-souterraines-de-la-region-saguenay-lac-saint-jean\/"]}]},{"@type":"ImageObject","inLanguage":"fr-CA","@id":"https:\/\/www.uqac.ca\/uqactualites\/2018\/05\/07\/presentation-du-projet-daccompagnement-et-de-transfert-de-connaissances-sur-les-eaux-souterraines-de-la-region-saguenay-lac-saint-jean\/#primaryimage","url":"https:\/\/www.uqac.ca\/uqactualites\/wp-content\/uploads\/2018\/04\/audio-1844798-scaled.jpg","contentUrl":"https:\/\/www.uqac.ca\/uqactualites\/wp-content\/uploads\/2018\/04\/audio-1844798-scaled.jpg","width":2560,"height":1696},{"@type":"BreadcrumbList","@id":"https:\/\/www.uqac.ca\/uqactualites\/2018\/05\/07\/presentation-du-projet-daccompagnement-et-de-transfert-de-connaissances-sur-les-eaux-souterraines-de-la-region-saguenay-lac-saint-jean\/#breadcrumb","itemListElement":[{"@type":"ListItem","position":1,"name":"Home","item":"https:\/\/www.uqac.ca\/uqactualites\/"},{"@type":"ListItem","position":2,"name":"Convocation | Pr\u00e9sentation du projet d\u2019accompagnement et de transfert de connaissances sur les eaux souterraines de la r\u00e9gion Saguenay\u2013Lac-Saint-Jean"}]},{"@type":"WebSite","@id":"https:\/\/www.uqac.ca\/uqactualites\/#website","url":"https:\/\/www.uqac.ca\/uqactualites\/","name":"UQACtualit\u00e9s","description":"Le portail des nouvelles de l&#039;UQAC","potentialAction":[{"@type":"SearchAction","target":{"@type":"EntryPoint","urlTemplate":"https:\/\/www.uqac.ca\/uqactualites\/?s={search_term_string}"},"query-input":{"@type":"PropertyValueSpecification","valueRequired":true,"valueName":"search_term_string"}}],"inLanguage":"fr-CA"},{"@type":"Person","@id":"https:\/\/www.uqac.ca\/uqactualites\/#\/schema\/person\/366c45a0c4f0e677b41b4af5886e2018","name":"Service des communications et des relations publiques","image":{"@type":"ImageObject","inLanguage":"fr-CA","@id":"https:\/\/www.uqac.ca\/uqactualites\/#\/schema\/person\/image\/","url":"https:\/\/secure.gravatar.com\/avatar\/20fbbda8a292f59f2d3461a5b999c00b?s=96&d=mm&r=g","contentUrl":"https:\/\/secure.gravatar.com\/avatar\/20fbbda8a292f59f2d3461a5b999c00b?s=96&d=mm&r=g","caption":"Service des communications et des relations publiques"},"url":"https:\/\/www.uqac.ca\/uqactualites\/author\/bap\/"}]}},"_links":{"self":[{"href":"https:\/\/www.uqac.ca\/uqactualites\/wp-json\/wp\/v2\/posts\/34839"}],"collection":[{"href":"https:\/\/www.uqac.ca\/uqactualites\/wp-json\/wp\/v2\/posts"}],"about":[{"href":"https:\/\/www.uqac.ca\/uqactualites\/wp-json\/wp\/v2\/types\/post"}],"author":[{"embeddable":true,"href":"https:\/\/www.uqac.ca\/uqactualites\/wp-json\/wp\/v2\/users\/5"}],"replies":[{"embeddable":true,"href":"https:\/\/www.uqac.ca\/uqactualites\/wp-json\/wp\/v2\/comments?post=34839"}],"version-history":[{"count":0,"href":"https:\/\/www.uqac.ca\/uqactualites\/wp-json\/wp\/v2\/posts\/34839\/revisions"}],"wp:featuredmedia":[{"embeddable":true,"href":"https:\/\/www.uqac.ca\/uqactualites\/wp-json\/wp\/v2\/media\/34475"}],"wp:attachment":[{"href":"https:\/\/www.uqac.ca\/uqactualites\/wp-json\/wp\/v2\/media?parent=34839"}],"wp:term":[{"taxonomy":"category","embeddable":true,"href":"https:\/\/www.uqac.ca\/uqactualites\/wp-json\/wp\/v2\/categories?post=34839"},{"taxonomy":"post_tag","embeddable":true,"href":"https:\/\/www.uqac.ca\/uqactualites\/wp-json\/wp\/v2\/tags?post=34839"}],"curies":[{"name":"wp","href":"https:\/\/api.w.org\/{rel}","templated":true}]}}