{"id":34874,"date":"2018-05-09T11:46:32","date_gmt":"2018-05-09T15:46:32","guid":{"rendered":"http:\/\/www.uqac.ca\/?p=34874"},"modified":"2018-05-09T11:46:32","modified_gmt":"2018-05-09T15:46:32","slug":"concours-video-de-luq-une-etudiante-de-luqac-rafle-le-prix-du-public","status":"publish","type":"post","link":"https:\/\/www.uqac.ca\/uqactualites\/2018\/05\/09\/concours-video-de-luq-une-etudiante-de-luqac-rafle-le-prix-du-public\/","title":{"rendered":"Concours vid\u00e9o de l\u2019UQ : une \u00e9tudiante de l\u2019UQAC rafle le Prix du public"},"content":{"rendered":"<p>La 5e \u00e9dition du Concours vid\u00e9o de l\u2019Universit\u00e9 du Qu\u00e9bec (UQ) s\u2019est cl\u00f4tur\u00e9e hier soir, alors qu\u2019ont \u00e9t\u00e9 annonc\u00e9s les laur\u00e9ats de cette \u00e9dition annuelle. C\u2019est dans le cadre du 86e Congr\u00e8s de l\u2019ACFAS, qui se poursuit jusqu\u2019au 11 mai prochain, que la c\u00e9r\u00e9monie \u00e9tait propos\u00e9e.<\/p>\n<p>\u00c9tudiante \u00e0 l\u2019UQAC au baccalaur\u00e9at en enseignement des langues secondes, Catherine Caron a mis la main sur le Prix du public gr\u00e2ce \u00e0 l\u2019\u0153uvre D\u2019apprenti \u00e0 ma\u00eetre, qu\u2019elle a r\u00e9alis\u00e9e en collaboration avec une \u00e9tudiante de la T\u00e9luq. En plus de la bourse de 1 000 $ qui est associ\u00e9e \u00e0 cette r\u00e9compense, Catherine verra sa vid\u00e9o diffus\u00e9e sur les ondes du Canal Savoir \u00e0 l\u2019automne prochain.<\/p>\n<p>Toutes nos f\u00e9licitations!<\/p>\n<p>Pour plus de d\u00e9tails et pour conna\u00eetre tous les laur\u00e9ats du concours, consultez le site Web de l\u2019UQ.<\/p>\n<p><span style=\"color: #808080;\"><strong>Photo :<\/strong> Joanne Jean, pr\u00e9sidente de l&rsquo;UQ; Catherine Caron, laur\u00e9ate; et Nicole Bouchard, rectrice de l&rsquo;UQAC<\/span><br \/>\n<strong><span style=\"color: #808080;\">\u00a9 Denis Blackburn<\/span><\/strong><\/p>\n","protected":false},"excerpt":{"rendered":"<p>La 5e \u00e9dition du Concours vid\u00e9o de l\u2019Universit\u00e9 du Qu\u00e9bec (UQ) s\u2019est cl\u00f4tur\u00e9e hier soir, alors qu\u2019ont \u00e9t\u00e9 annonc\u00e9s les laur\u00e9ats de cette \u00e9dition annuelle. C\u2019est dans le cadre du 86e Congr\u00e8s de l\u2019ACFAS, qui se poursuit jusqu\u2019au 11 mai prochain, que la c\u00e9r\u00e9monie \u00e9tait propos\u00e9e. \u00c9tudiante \u00e0 l\u2019UQAC au baccalaur\u00e9at en enseignement des langues [&hellip;]<\/p>\n","protected":false},"author":5,"featured_media":34875,"comment_status":"open","ping_status":"open","sticky":false,"template":"","format":"standard","meta":{"footnotes":""},"categories":[2,9],"tags":[494,5,123,495],"yoast_head":"<!-- This site is optimized with the Yoast SEO plugin v24.2 - https:\/\/yoast.com\/wordpress\/plugins\/seo\/ -->\r\n<title>Concours vid\u00e9o de l\u2019UQ : une \u00e9tudiante de l\u2019UQAC rafle le Prix du public - UQACtualit\u00e9s<\/title>\r\n<meta name=\"robots\" content=\"index, follow, max-snippet:-1, max-image-preview:large, max-video-preview:-1\" \/>\r\n<link rel=\"canonical\" href=\"https:\/\/www.uqac.ca\/uqactualites\/2018\/05\/09\/concours-video-de-luq-une-etudiante-de-luqac-rafle-le-prix-du-public\/\" \/>\r\n<meta property=\"og:locale\" content=\"fr_CA\" \/>\r\n<meta property=\"og:type\" content=\"article\" \/>\r\n<meta property=\"og:title\" content=\"Concours vid\u00e9o de l\u2019UQ : une \u00e9tudiante de l\u2019UQAC rafle le Prix du public - UQACtualit\u00e9s\" \/>\r\n<meta property=\"og:description\" content=\"La 5e \u00e9dition du Concours vid\u00e9o de l\u2019Universit\u00e9 du Qu\u00e9bec (UQ) s\u2019est cl\u00f4tur\u00e9e hier soir, alors qu\u2019ont \u00e9t\u00e9 annonc\u00e9s les laur\u00e9ats de cette \u00e9dition annuelle. C\u2019est dans le cadre du 86e Congr\u00e8s de l\u2019ACFAS, qui se poursuit jusqu\u2019au 11 mai prochain, que la c\u00e9r\u00e9monie \u00e9tait propos\u00e9e. \u00c9tudiante \u00e0 l\u2019UQAC au baccalaur\u00e9at en enseignement des langues [&hellip;]\" \/>\r\n<meta property=\"og:url\" content=\"https:\/\/www.uqac.ca\/uqactualites\/2018\/05\/09\/concours-video-de-luq-une-etudiante-de-luqac-rafle-le-prix-du-public\/\" \/>\r\n<meta property=\"og:site_name\" content=\"UQACtualit\u00e9s\" \/>\r\n<meta property=\"article:published_time\" content=\"2018-05-09T15:46:32+00:00\" \/>\r\n<meta property=\"og:image\" content=\"https:\/\/www.uqac.ca\/uqactualites\/wp-content\/uploads\/2018\/05\/Concours-vid\u00e9o-UQ-Web-Denis-Blackburn.jpg\" \/>\r\n\t<meta property=\"og:image:width\" content=\"1200\" \/>\r\n\t<meta property=\"og:image:height\" content=\"800\" \/>\r\n\t<meta property=\"og:image:type\" content=\"image\/jpeg\" \/>\r\n<meta name=\"author\" content=\"Service des communications et des relations publiques\" \/>\r\n<meta name=\"twitter:card\" content=\"summary_large_image\" \/>\r\n<meta name=\"twitter:label1\" content=\"\u00c9crit par\" \/>\n\t<meta name=\"twitter:data1\" content=\"Service des communications et des relations publiques\" \/>\n\t<meta name=\"twitter:label2\" content=\"Estimation du temps de lecture\" \/>\n\t<meta name=\"twitter:data2\" content=\"1 minute\" \/>\r\n<script type=\"application\/ld+json\" class=\"yoast-schema-graph\">{\"@context\":\"https:\/\/schema.org\",\"@graph\":[{\"@type\":\"WebPage\",\"@id\":\"https:\/\/www.uqac.ca\/uqactualites\/2018\/05\/09\/concours-video-de-luq-une-etudiante-de-luqac-rafle-le-prix-du-public\/\",\"url\":\"https:\/\/www.uqac.ca\/uqactualites\/2018\/05\/09\/concours-video-de-luq-une-etudiante-de-luqac-rafle-le-prix-du-public\/\",\"name\":\"Concours vid\u00e9o de l\u2019UQ : une \u00e9tudiante de l\u2019UQAC rafle le Prix du public - UQACtualit\u00e9s\",\"isPartOf\":{\"@id\":\"https:\/\/www.uqac.ca\/uqactualites\/#website\"},\"primaryImageOfPage\":{\"@id\":\"https:\/\/www.uqac.ca\/uqactualites\/2018\/05\/09\/concours-video-de-luq-une-etudiante-de-luqac-rafle-le-prix-du-public\/#primaryimage\"},\"image\":{\"@id\":\"https:\/\/www.uqac.ca\/uqactualites\/2018\/05\/09\/concours-video-de-luq-une-etudiante-de-luqac-rafle-le-prix-du-public\/#primaryimage\"},\"thumbnailUrl\":\"https:\/\/www.uqac.ca\/uqactualites\/wp-content\/uploads\/2018\/05\/Concours-vid\u00e9o-UQ-Web-Denis-Blackburn.jpg\",\"datePublished\":\"2018-05-09T15:46:32+00:00\",\"dateModified\":\"2018-05-09T15:46:32+00:00\",\"author\":{\"@id\":\"https:\/\/www.uqac.ca\/uqactualites\/#\/schema\/person\/366c45a0c4f0e677b41b4af5886e2018\"},\"breadcrumb\":{\"@id\":\"https:\/\/www.uqac.ca\/uqactualites\/2018\/05\/09\/concours-video-de-luq-une-etudiante-de-luqac-rafle-le-prix-du-public\/#breadcrumb\"},\"inLanguage\":\"fr-CA\",\"potentialAction\":[{\"@type\":\"ReadAction\",\"target\":[\"https:\/\/www.uqac.ca\/uqactualites\/2018\/05\/09\/concours-video-de-luq-une-etudiante-de-luqac-rafle-le-prix-du-public\/\"]}]},{\"@type\":\"ImageObject\",\"inLanguage\":\"fr-CA\",\"@id\":\"https:\/\/www.uqac.ca\/uqactualites\/2018\/05\/09\/concours-video-de-luq-une-etudiante-de-luqac-rafle-le-prix-du-public\/#primaryimage\",\"url\":\"https:\/\/www.uqac.ca\/uqactualites\/wp-content\/uploads\/2018\/05\/Concours-vid\u00e9o-UQ-Web-Denis-Blackburn.jpg\",\"contentUrl\":\"https:\/\/www.uqac.ca\/uqactualites\/wp-content\/uploads\/2018\/05\/Concours-vid\u00e9o-UQ-Web-Denis-Blackburn.jpg\",\"width\":1200,\"height\":800},{\"@type\":\"BreadcrumbList\",\"@id\":\"https:\/\/www.uqac.ca\/uqactualites\/2018\/05\/09\/concours-video-de-luq-une-etudiante-de-luqac-rafle-le-prix-du-public\/#breadcrumb\",\"itemListElement\":[{\"@type\":\"ListItem\",\"position\":1,\"name\":\"Home\",\"item\":\"https:\/\/www.uqac.ca\/uqactualites\/\"},{\"@type\":\"ListItem\",\"position\":2,\"name\":\"Concours vid\u00e9o de l\u2019UQ : une \u00e9tudiante de l\u2019UQAC rafle le Prix du public\"}]},{\"@type\":\"WebSite\",\"@id\":\"https:\/\/www.uqac.ca\/uqactualites\/#website\",\"url\":\"https:\/\/www.uqac.ca\/uqactualites\/\",\"name\":\"UQACtualit\u00e9s\",\"description\":\"Le portail des nouvelles de l&#039;UQAC\",\"potentialAction\":[{\"@type\":\"SearchAction\",\"target\":{\"@type\":\"EntryPoint\",\"urlTemplate\":\"https:\/\/www.uqac.ca\/uqactualites\/?s={search_term_string}\"},\"query-input\":{\"@type\":\"PropertyValueSpecification\",\"valueRequired\":true,\"valueName\":\"search_term_string\"}}],\"inLanguage\":\"fr-CA\"},{\"@type\":\"Person\",\"@id\":\"https:\/\/www.uqac.ca\/uqactualites\/#\/schema\/person\/366c45a0c4f0e677b41b4af5886e2018\",\"name\":\"Service des communications et des relations publiques\",\"image\":{\"@type\":\"ImageObject\",\"inLanguage\":\"fr-CA\",\"@id\":\"https:\/\/www.uqac.ca\/uqactualites\/#\/schema\/person\/image\/\",\"url\":\"https:\/\/secure.gravatar.com\/avatar\/20fbbda8a292f59f2d3461a5b999c00b?s=96&d=mm&r=g\",\"contentUrl\":\"https:\/\/secure.gravatar.com\/avatar\/20fbbda8a292f59f2d3461a5b999c00b?s=96&d=mm&r=g\",\"caption\":\"Service des communications et des relations publiques\"},\"url\":\"https:\/\/www.uqac.ca\/uqactualites\/author\/bap\/\"}]}<\/script>\r\n<!-- \/ Yoast SEO plugin. -->","yoast_head_json":{"title":"Concours vid\u00e9o de l\u2019UQ : une \u00e9tudiante de l\u2019UQAC rafle le Prix du public - UQACtualit\u00e9s","robots":{"index":"index","follow":"follow","max-snippet":"max-snippet:-1","max-image-preview":"max-image-preview:large","max-video-preview":"max-video-preview:-1"},"canonical":"https:\/\/www.uqac.ca\/uqactualites\/2018\/05\/09\/concours-video-de-luq-une-etudiante-de-luqac-rafle-le-prix-du-public\/","og_locale":"fr_CA","og_type":"article","og_title":"Concours vid\u00e9o de l\u2019UQ : une \u00e9tudiante de l\u2019UQAC rafle le Prix du public - UQACtualit\u00e9s","og_description":"La 5e \u00e9dition du Concours vid\u00e9o de l\u2019Universit\u00e9 du Qu\u00e9bec (UQ) s\u2019est cl\u00f4tur\u00e9e hier soir, alors qu\u2019ont \u00e9t\u00e9 annonc\u00e9s les laur\u00e9ats de cette \u00e9dition annuelle. C\u2019est dans le cadre du 86e Congr\u00e8s de l\u2019ACFAS, qui se poursuit jusqu\u2019au 11 mai prochain, que la c\u00e9r\u00e9monie \u00e9tait propos\u00e9e. \u00c9tudiante \u00e0 l\u2019UQAC au baccalaur\u00e9at en enseignement des langues [&hellip;]","og_url":"https:\/\/www.uqac.ca\/uqactualites\/2018\/05\/09\/concours-video-de-luq-une-etudiante-de-luqac-rafle-le-prix-du-public\/","og_site_name":"UQACtualit\u00e9s","article_published_time":"2018-05-09T15:46:32+00:00","og_image":[{"width":1200,"height":800,"url":"https:\/\/www.uqac.ca\/uqactualites\/wp-content\/uploads\/2018\/05\/Concours-vid\u00e9o-UQ-Web-Denis-Blackburn.jpg","type":"image\/jpeg"}],"author":"Service des communications et des relations publiques","twitter_card":"summary_large_image","twitter_misc":{"\u00c9crit par":"Service des communications et des relations publiques","Estimation du temps de lecture":"1 minute"},"schema":{"@context":"https:\/\/schema.org","@graph":[{"@type":"WebPage","@id":"https:\/\/www.uqac.ca\/uqactualites\/2018\/05\/09\/concours-video-de-luq-une-etudiante-de-luqac-rafle-le-prix-du-public\/","url":"https:\/\/www.uqac.ca\/uqactualites\/2018\/05\/09\/concours-video-de-luq-une-etudiante-de-luqac-rafle-le-prix-du-public\/","name":"Concours vid\u00e9o de l\u2019UQ : une \u00e9tudiante de l\u2019UQAC rafle le Prix du public - UQACtualit\u00e9s","isPartOf":{"@id":"https:\/\/www.uqac.ca\/uqactualites\/#website"},"primaryImageOfPage":{"@id":"https:\/\/www.uqac.ca\/uqactualites\/2018\/05\/09\/concours-video-de-luq-une-etudiante-de-luqac-rafle-le-prix-du-public\/#primaryimage"},"image":{"@id":"https:\/\/www.uqac.ca\/uqactualites\/2018\/05\/09\/concours-video-de-luq-une-etudiante-de-luqac-rafle-le-prix-du-public\/#primaryimage"},"thumbnailUrl":"https:\/\/www.uqac.ca\/uqactualites\/wp-content\/uploads\/2018\/05\/Concours-vid\u00e9o-UQ-Web-Denis-Blackburn.jpg","datePublished":"2018-05-09T15:46:32+00:00","dateModified":"2018-05-09T15:46:32+00:00","author":{"@id":"https:\/\/www.uqac.ca\/uqactualites\/#\/schema\/person\/366c45a0c4f0e677b41b4af5886e2018"},"breadcrumb":{"@id":"https:\/\/www.uqac.ca\/uqactualites\/2018\/05\/09\/concours-video-de-luq-une-etudiante-de-luqac-rafle-le-prix-du-public\/#breadcrumb"},"inLanguage":"fr-CA","potentialAction":[{"@type":"ReadAction","target":["https:\/\/www.uqac.ca\/uqactualites\/2018\/05\/09\/concours-video-de-luq-une-etudiante-de-luqac-rafle-le-prix-du-public\/"]}]},{"@type":"ImageObject","inLanguage":"fr-CA","@id":"https:\/\/www.uqac.ca\/uqactualites\/2018\/05\/09\/concours-video-de-luq-une-etudiante-de-luqac-rafle-le-prix-du-public\/#primaryimage","url":"https:\/\/www.uqac.ca\/uqactualites\/wp-content\/uploads\/2018\/05\/Concours-vid\u00e9o-UQ-Web-Denis-Blackburn.jpg","contentUrl":"https:\/\/www.uqac.ca\/uqactualites\/wp-content\/uploads\/2018\/05\/Concours-vid\u00e9o-UQ-Web-Denis-Blackburn.jpg","width":1200,"height":800},{"@type":"BreadcrumbList","@id":"https:\/\/www.uqac.ca\/uqactualites\/2018\/05\/09\/concours-video-de-luq-une-etudiante-de-luqac-rafle-le-prix-du-public\/#breadcrumb","itemListElement":[{"@type":"ListItem","position":1,"name":"Home","item":"https:\/\/www.uqac.ca\/uqactualites\/"},{"@type":"ListItem","position":2,"name":"Concours vid\u00e9o de l\u2019UQ : une \u00e9tudiante de l\u2019UQAC rafle le Prix du public"}]},{"@type":"WebSite","@id":"https:\/\/www.uqac.ca\/uqactualites\/#website","url":"https:\/\/www.uqac.ca\/uqactualites\/","name":"UQACtualit\u00e9s","description":"Le portail des nouvelles de l&#039;UQAC","potentialAction":[{"@type":"SearchAction","target":{"@type":"EntryPoint","urlTemplate":"https:\/\/www.uqac.ca\/uqactualites\/?s={search_term_string}"},"query-input":{"@type":"PropertyValueSpecification","valueRequired":true,"valueName":"search_term_string"}}],"inLanguage":"fr-CA"},{"@type":"Person","@id":"https:\/\/www.uqac.ca\/uqactualites\/#\/schema\/person\/366c45a0c4f0e677b41b4af5886e2018","name":"Service des communications et des relations publiques","image":{"@type":"ImageObject","inLanguage":"fr-CA","@id":"https:\/\/www.uqac.ca\/uqactualites\/#\/schema\/person\/image\/","url":"https:\/\/secure.gravatar.com\/avatar\/20fbbda8a292f59f2d3461a5b999c00b?s=96&d=mm&r=g","contentUrl":"https:\/\/secure.gravatar.com\/avatar\/20fbbda8a292f59f2d3461a5b999c00b?s=96&d=mm&r=g","caption":"Service des communications et des relations publiques"},"url":"https:\/\/www.uqac.ca\/uqactualites\/author\/bap\/"}]}},"_links":{"self":[{"href":"https:\/\/www.uqac.ca\/uqactualites\/wp-json\/wp\/v2\/posts\/34874"}],"collection":[{"href":"https:\/\/www.uqac.ca\/uqactualites\/wp-json\/wp\/v2\/posts"}],"about":[{"href":"https:\/\/www.uqac.ca\/uqactualites\/wp-json\/wp\/v2\/types\/post"}],"author":[{"embeddable":true,"href":"https:\/\/www.uqac.ca\/uqactualites\/wp-json\/wp\/v2\/users\/5"}],"replies":[{"embeddable":true,"href":"https:\/\/www.uqac.ca\/uqactualites\/wp-json\/wp\/v2\/comments?post=34874"}],"version-history":[{"count":0,"href":"https:\/\/www.uqac.ca\/uqactualites\/wp-json\/wp\/v2\/posts\/34874\/revisions"}],"wp:featuredmedia":[{"embeddable":true,"href":"https:\/\/www.uqac.ca\/uqactualites\/wp-json\/wp\/v2\/media\/34875"}],"wp:attachment":[{"href":"https:\/\/www.uqac.ca\/uqactualites\/wp-json\/wp\/v2\/media?parent=34874"}],"wp:term":[{"taxonomy":"category","embeddable":true,"href":"https:\/\/www.uqac.ca\/uqactualites\/wp-json\/wp\/v2\/categories?post=34874"},{"taxonomy":"post_tag","embeddable":true,"href":"https:\/\/www.uqac.ca\/uqactualites\/wp-json\/wp\/v2\/tags?post=34874"}],"curies":[{"name":"wp","href":"https:\/\/api.w.org\/{rel}","templated":true}]}}