{"id":34976,"date":"2018-06-04T09:06:01","date_gmt":"2018-06-04T13:06:01","guid":{"rendered":"http:\/\/www.uqac.ca\/?p=34976"},"modified":"2018-06-04T09:06:01","modified_gmt":"2018-06-04T13:06:01","slug":"competition-nationale-canadienne-de-canoe-de-beton-luqac-en-tete-du-peloton-parmi-les-nouveaux-participants","status":"publish","type":"post","link":"https:\/\/www.uqac.ca\/uqactualites\/2018\/06\/04\/competition-nationale-canadienne-de-canoe-de-beton-luqac-en-tete-du-peloton-parmi-les-nouveaux-participants\/","title":{"rendered":"Comp\u00e9tition nationale canadienne de cano\u00eb de b\u00e9ton\u00a0: l\u2019UQAC en t\u00eate du peloton parmi les nouveaux participants"},"content":{"rendered":"<p>Du 10 au 12 mai dernier avait lieu la Comp\u00e9tition nationale canadienne de cano\u00eb de b\u00e9ton, \u00e0 laquelle participaient des \u00e9tudiants en g\u00e9nie issus de 16 universit\u00e9s \u00e0 travers le pays. C\u2019est \u00e0 l\u2019universit\u00e9 de Waterloo que s\u2019est tenue la 24<sup>e<\/sup> \u00e9dition de ce concours annuel, qui permet aux participants de mettre en pratique leurs acquis th\u00e9oriques en construisant un cano\u00eb de b\u00e9ton capable de flotter et d\u2019accueillir jusqu\u2019\u00e0 quatre personnes. \u00c9valu\u00e9s sur les aspects acad\u00e9mique, technique et sportif,\u00a0les futurs ing\u00e9nieurs peuvent ainsi mettre \u00e0 profit leurs connaissances et leurs habilet\u00e9s dans le cadre d\u2019un projet stimulant et diff\u00e9rent.<\/p>\n<p>Il s\u2019agissait d\u2019une seconde participation en autant d\u2019ann\u00e9es pour la d\u00e9l\u00e9gation de l\u2019UQAC, qui s\u2019est d\u2019ailleurs d\u00e9marqu\u00e9e lors de son passage en sol ontarien. En am\u00e9liorant d\u2019un rang sa position de l\u2019an dernier, l\u2019\u00e9quipe UQAC s\u2019est hiss\u00e9e en 6<sup>e<\/sup> place de la comp\u00e9tition. Nos \u00e9tudiants en g\u00e9nie civil ont \u00e9galement obtenu la 4<sup>e<\/sup> position pour le produit fini et la 5<sup>e<\/sup> position pour l\u2019endurance masculine. Cette performance leur a permis de s\u2019illustrer parmi les meilleures recrues de la comp\u00e9tition canadienne et, du m\u00eame coup, de faire rayonner notre institution \u00e0 travers le pays.<\/p>\n<p>F\u00e9licitations\u00a0!<\/p>\n","protected":false},"excerpt":{"rendered":"<p>Du 10 au 12 mai dernier avait lieu la Comp\u00e9tition nationale canadienne de cano\u00eb de b\u00e9ton, \u00e0 laquelle participaient des \u00e9tudiants en g\u00e9nie issus de 16 universit\u00e9s \u00e0 travers le pays. C\u2019est \u00e0 l\u2019universit\u00e9 de Waterloo que s\u2019est tenue la 24e \u00e9dition de ce concours annuel, qui permet aux participants de mettre en pratique leurs [&hellip;]<\/p>\n","protected":false},"author":5,"featured_media":34977,"comment_status":"open","ping_status":"open","sticky":false,"template":"","format":"standard","meta":{"footnotes":""},"categories":[2,9],"tags":[485,486,21],"yoast_head":"<!-- This site is optimized with the Yoast SEO plugin v24.2 - https:\/\/yoast.com\/wordpress\/plugins\/seo\/ -->\r\n<title>Comp\u00e9tition nationale canadienne de cano\u00eb de b\u00e9ton\u00a0: l\u2019UQAC en t\u00eate du peloton parmi les nouveaux participants - UQACtualit\u00e9s<\/title>\r\n<meta name=\"robots\" content=\"index, follow, max-snippet:-1, max-image-preview:large, max-video-preview:-1\" \/>\r\n<link rel=\"canonical\" href=\"https:\/\/www.uqac.ca\/uqactualites\/2018\/06\/04\/competition-nationale-canadienne-de-canoe-de-beton-luqac-en-tete-du-peloton-parmi-les-nouveaux-participants\/\" \/>\r\n<meta property=\"og:locale\" content=\"fr_CA\" \/>\r\n<meta property=\"og:type\" content=\"article\" \/>\r\n<meta property=\"og:title\" content=\"Comp\u00e9tition nationale canadienne de cano\u00eb de b\u00e9ton\u00a0: l\u2019UQAC en t\u00eate du peloton parmi les nouveaux participants - UQACtualit\u00e9s\" \/>\r\n<meta property=\"og:description\" content=\"Du 10 au 12 mai dernier avait lieu la Comp\u00e9tition nationale canadienne de cano\u00eb de b\u00e9ton, \u00e0 laquelle participaient des \u00e9tudiants en g\u00e9nie issus de 16 universit\u00e9s \u00e0 travers le pays. C\u2019est \u00e0 l\u2019universit\u00e9 de Waterloo que s\u2019est tenue la 24e \u00e9dition de ce concours annuel, qui permet aux participants de mettre en pratique leurs [&hellip;]\" \/>\r\n<meta property=\"og:url\" content=\"https:\/\/www.uqac.ca\/uqactualites\/2018\/06\/04\/competition-nationale-canadienne-de-canoe-de-beton-luqac-en-tete-du-peloton-parmi-les-nouveaux-participants\/\" \/>\r\n<meta property=\"og:site_name\" content=\"UQACtualit\u00e9s\" \/>\r\n<meta property=\"article:published_time\" content=\"2018-06-04T13:06:01+00:00\" \/>\r\n<meta property=\"og:image\" content=\"https:\/\/www.uqac.ca\/uqactualites\/wp-content\/uploads\/2018\/06\/Canoe_beton-Web-Gracieuset\u00e9.jpg\" \/>\r\n\t<meta property=\"og:image:width\" content=\"1200\" \/>\r\n\t<meta property=\"og:image:height\" content=\"800\" \/>\r\n\t<meta property=\"og:image:type\" content=\"image\/jpeg\" \/>\r\n<meta name=\"author\" content=\"Service des communications et des relations publiques\" \/>\r\n<meta name=\"twitter:card\" content=\"summary_large_image\" \/>\r\n<meta name=\"twitter:label1\" content=\"\u00c9crit par\" \/>\n\t<meta name=\"twitter:data1\" content=\"Service des communications et des relations publiques\" \/>\n\t<meta name=\"twitter:label2\" content=\"Estimation du temps de lecture\" \/>\n\t<meta name=\"twitter:data2\" content=\"1 minute\" \/>\r\n<script type=\"application\/ld+json\" class=\"yoast-schema-graph\">{\"@context\":\"https:\/\/schema.org\",\"@graph\":[{\"@type\":\"WebPage\",\"@id\":\"https:\/\/www.uqac.ca\/uqactualites\/2018\/06\/04\/competition-nationale-canadienne-de-canoe-de-beton-luqac-en-tete-du-peloton-parmi-les-nouveaux-participants\/\",\"url\":\"https:\/\/www.uqac.ca\/uqactualites\/2018\/06\/04\/competition-nationale-canadienne-de-canoe-de-beton-luqac-en-tete-du-peloton-parmi-les-nouveaux-participants\/\",\"name\":\"Comp\u00e9tition nationale canadienne de cano\u00eb de b\u00e9ton\u00a0: l\u2019UQAC en t\u00eate du peloton parmi les nouveaux participants - UQACtualit\u00e9s\",\"isPartOf\":{\"@id\":\"https:\/\/www.uqac.ca\/uqactualites\/#website\"},\"primaryImageOfPage\":{\"@id\":\"https:\/\/www.uqac.ca\/uqactualites\/2018\/06\/04\/competition-nationale-canadienne-de-canoe-de-beton-luqac-en-tete-du-peloton-parmi-les-nouveaux-participants\/#primaryimage\"},\"image\":{\"@id\":\"https:\/\/www.uqac.ca\/uqactualites\/2018\/06\/04\/competition-nationale-canadienne-de-canoe-de-beton-luqac-en-tete-du-peloton-parmi-les-nouveaux-participants\/#primaryimage\"},\"thumbnailUrl\":\"https:\/\/www.uqac.ca\/uqactualites\/wp-content\/uploads\/2018\/06\/Canoe_beton-Web-Gracieuset\u00e9.jpg\",\"datePublished\":\"2018-06-04T13:06:01+00:00\",\"dateModified\":\"2018-06-04T13:06:01+00:00\",\"author\":{\"@id\":\"https:\/\/www.uqac.ca\/uqactualites\/#\/schema\/person\/366c45a0c4f0e677b41b4af5886e2018\"},\"breadcrumb\":{\"@id\":\"https:\/\/www.uqac.ca\/uqactualites\/2018\/06\/04\/competition-nationale-canadienne-de-canoe-de-beton-luqac-en-tete-du-peloton-parmi-les-nouveaux-participants\/#breadcrumb\"},\"inLanguage\":\"fr-CA\",\"potentialAction\":[{\"@type\":\"ReadAction\",\"target\":[\"https:\/\/www.uqac.ca\/uqactualites\/2018\/06\/04\/competition-nationale-canadienne-de-canoe-de-beton-luqac-en-tete-du-peloton-parmi-les-nouveaux-participants\/\"]}]},{\"@type\":\"ImageObject\",\"inLanguage\":\"fr-CA\",\"@id\":\"https:\/\/www.uqac.ca\/uqactualites\/2018\/06\/04\/competition-nationale-canadienne-de-canoe-de-beton-luqac-en-tete-du-peloton-parmi-les-nouveaux-participants\/#primaryimage\",\"url\":\"https:\/\/www.uqac.ca\/uqactualites\/wp-content\/uploads\/2018\/06\/Canoe_beton-Web-Gracieuset\u00e9.jpg\",\"contentUrl\":\"https:\/\/www.uqac.ca\/uqactualites\/wp-content\/uploads\/2018\/06\/Canoe_beton-Web-Gracieuset\u00e9.jpg\",\"width\":1200,\"height\":800},{\"@type\":\"BreadcrumbList\",\"@id\":\"https:\/\/www.uqac.ca\/uqactualites\/2018\/06\/04\/competition-nationale-canadienne-de-canoe-de-beton-luqac-en-tete-du-peloton-parmi-les-nouveaux-participants\/#breadcrumb\",\"itemListElement\":[{\"@type\":\"ListItem\",\"position\":1,\"name\":\"Home\",\"item\":\"https:\/\/www.uqac.ca\/uqactualites\/\"},{\"@type\":\"ListItem\",\"position\":2,\"name\":\"Comp\u00e9tition nationale canadienne de cano\u00eb de b\u00e9ton\u00a0: l\u2019UQAC en t\u00eate du peloton parmi les nouveaux participants\"}]},{\"@type\":\"WebSite\",\"@id\":\"https:\/\/www.uqac.ca\/uqactualites\/#website\",\"url\":\"https:\/\/www.uqac.ca\/uqactualites\/\",\"name\":\"UQACtualit\u00e9s\",\"description\":\"Le portail des nouvelles de l&#039;UQAC\",\"potentialAction\":[{\"@type\":\"SearchAction\",\"target\":{\"@type\":\"EntryPoint\",\"urlTemplate\":\"https:\/\/www.uqac.ca\/uqactualites\/?s={search_term_string}\"},\"query-input\":{\"@type\":\"PropertyValueSpecification\",\"valueRequired\":true,\"valueName\":\"search_term_string\"}}],\"inLanguage\":\"fr-CA\"},{\"@type\":\"Person\",\"@id\":\"https:\/\/www.uqac.ca\/uqactualites\/#\/schema\/person\/366c45a0c4f0e677b41b4af5886e2018\",\"name\":\"Service des communications et des relations publiques\",\"image\":{\"@type\":\"ImageObject\",\"inLanguage\":\"fr-CA\",\"@id\":\"https:\/\/www.uqac.ca\/uqactualites\/#\/schema\/person\/image\/\",\"url\":\"https:\/\/secure.gravatar.com\/avatar\/20fbbda8a292f59f2d3461a5b999c00b?s=96&d=mm&r=g\",\"contentUrl\":\"https:\/\/secure.gravatar.com\/avatar\/20fbbda8a292f59f2d3461a5b999c00b?s=96&d=mm&r=g\",\"caption\":\"Service des communications et des relations publiques\"},\"url\":\"https:\/\/www.uqac.ca\/uqactualites\/author\/bap\/\"}]}<\/script>\r\n<!-- \/ Yoast SEO plugin. -->","yoast_head_json":{"title":"Comp\u00e9tition nationale canadienne de cano\u00eb de b\u00e9ton\u00a0: l\u2019UQAC en t\u00eate du peloton parmi les nouveaux participants - UQACtualit\u00e9s","robots":{"index":"index","follow":"follow","max-snippet":"max-snippet:-1","max-image-preview":"max-image-preview:large","max-video-preview":"max-video-preview:-1"},"canonical":"https:\/\/www.uqac.ca\/uqactualites\/2018\/06\/04\/competition-nationale-canadienne-de-canoe-de-beton-luqac-en-tete-du-peloton-parmi-les-nouveaux-participants\/","og_locale":"fr_CA","og_type":"article","og_title":"Comp\u00e9tition nationale canadienne de cano\u00eb de b\u00e9ton\u00a0: l\u2019UQAC en t\u00eate du peloton parmi les nouveaux participants - UQACtualit\u00e9s","og_description":"Du 10 au 12 mai dernier avait lieu la Comp\u00e9tition nationale canadienne de cano\u00eb de b\u00e9ton, \u00e0 laquelle participaient des \u00e9tudiants en g\u00e9nie issus de 16 universit\u00e9s \u00e0 travers le pays. C\u2019est \u00e0 l\u2019universit\u00e9 de Waterloo que s\u2019est tenue la 24e \u00e9dition de ce concours annuel, qui permet aux participants de mettre en pratique leurs [&hellip;]","og_url":"https:\/\/www.uqac.ca\/uqactualites\/2018\/06\/04\/competition-nationale-canadienne-de-canoe-de-beton-luqac-en-tete-du-peloton-parmi-les-nouveaux-participants\/","og_site_name":"UQACtualit\u00e9s","article_published_time":"2018-06-04T13:06:01+00:00","og_image":[{"width":1200,"height":800,"url":"https:\/\/www.uqac.ca\/uqactualites\/wp-content\/uploads\/2018\/06\/Canoe_beton-Web-Gracieuset\u00e9.jpg","type":"image\/jpeg"}],"author":"Service des communications et des relations publiques","twitter_card":"summary_large_image","twitter_misc":{"\u00c9crit par":"Service des communications et des relations publiques","Estimation du temps de lecture":"1 minute"},"schema":{"@context":"https:\/\/schema.org","@graph":[{"@type":"WebPage","@id":"https:\/\/www.uqac.ca\/uqactualites\/2018\/06\/04\/competition-nationale-canadienne-de-canoe-de-beton-luqac-en-tete-du-peloton-parmi-les-nouveaux-participants\/","url":"https:\/\/www.uqac.ca\/uqactualites\/2018\/06\/04\/competition-nationale-canadienne-de-canoe-de-beton-luqac-en-tete-du-peloton-parmi-les-nouveaux-participants\/","name":"Comp\u00e9tition nationale canadienne de cano\u00eb de b\u00e9ton\u00a0: l\u2019UQAC en t\u00eate du peloton parmi les nouveaux participants - UQACtualit\u00e9s","isPartOf":{"@id":"https:\/\/www.uqac.ca\/uqactualites\/#website"},"primaryImageOfPage":{"@id":"https:\/\/www.uqac.ca\/uqactualites\/2018\/06\/04\/competition-nationale-canadienne-de-canoe-de-beton-luqac-en-tete-du-peloton-parmi-les-nouveaux-participants\/#primaryimage"},"image":{"@id":"https:\/\/www.uqac.ca\/uqactualites\/2018\/06\/04\/competition-nationale-canadienne-de-canoe-de-beton-luqac-en-tete-du-peloton-parmi-les-nouveaux-participants\/#primaryimage"},"thumbnailUrl":"https:\/\/www.uqac.ca\/uqactualites\/wp-content\/uploads\/2018\/06\/Canoe_beton-Web-Gracieuset\u00e9.jpg","datePublished":"2018-06-04T13:06:01+00:00","dateModified":"2018-06-04T13:06:01+00:00","author":{"@id":"https:\/\/www.uqac.ca\/uqactualites\/#\/schema\/person\/366c45a0c4f0e677b41b4af5886e2018"},"breadcrumb":{"@id":"https:\/\/www.uqac.ca\/uqactualites\/2018\/06\/04\/competition-nationale-canadienne-de-canoe-de-beton-luqac-en-tete-du-peloton-parmi-les-nouveaux-participants\/#breadcrumb"},"inLanguage":"fr-CA","potentialAction":[{"@type":"ReadAction","target":["https:\/\/www.uqac.ca\/uqactualites\/2018\/06\/04\/competition-nationale-canadienne-de-canoe-de-beton-luqac-en-tete-du-peloton-parmi-les-nouveaux-participants\/"]}]},{"@type":"ImageObject","inLanguage":"fr-CA","@id":"https:\/\/www.uqac.ca\/uqactualites\/2018\/06\/04\/competition-nationale-canadienne-de-canoe-de-beton-luqac-en-tete-du-peloton-parmi-les-nouveaux-participants\/#primaryimage","url":"https:\/\/www.uqac.ca\/uqactualites\/wp-content\/uploads\/2018\/06\/Canoe_beton-Web-Gracieuset\u00e9.jpg","contentUrl":"https:\/\/www.uqac.ca\/uqactualites\/wp-content\/uploads\/2018\/06\/Canoe_beton-Web-Gracieuset\u00e9.jpg","width":1200,"height":800},{"@type":"BreadcrumbList","@id":"https:\/\/www.uqac.ca\/uqactualites\/2018\/06\/04\/competition-nationale-canadienne-de-canoe-de-beton-luqac-en-tete-du-peloton-parmi-les-nouveaux-participants\/#breadcrumb","itemListElement":[{"@type":"ListItem","position":1,"name":"Home","item":"https:\/\/www.uqac.ca\/uqactualites\/"},{"@type":"ListItem","position":2,"name":"Comp\u00e9tition nationale canadienne de cano\u00eb de b\u00e9ton\u00a0: l\u2019UQAC en t\u00eate du peloton parmi les nouveaux participants"}]},{"@type":"WebSite","@id":"https:\/\/www.uqac.ca\/uqactualites\/#website","url":"https:\/\/www.uqac.ca\/uqactualites\/","name":"UQACtualit\u00e9s","description":"Le portail des nouvelles de l&#039;UQAC","potentialAction":[{"@type":"SearchAction","target":{"@type":"EntryPoint","urlTemplate":"https:\/\/www.uqac.ca\/uqactualites\/?s={search_term_string}"},"query-input":{"@type":"PropertyValueSpecification","valueRequired":true,"valueName":"search_term_string"}}],"inLanguage":"fr-CA"},{"@type":"Person","@id":"https:\/\/www.uqac.ca\/uqactualites\/#\/schema\/person\/366c45a0c4f0e677b41b4af5886e2018","name":"Service des communications et des relations publiques","image":{"@type":"ImageObject","inLanguage":"fr-CA","@id":"https:\/\/www.uqac.ca\/uqactualites\/#\/schema\/person\/image\/","url":"https:\/\/secure.gravatar.com\/avatar\/20fbbda8a292f59f2d3461a5b999c00b?s=96&d=mm&r=g","contentUrl":"https:\/\/secure.gravatar.com\/avatar\/20fbbda8a292f59f2d3461a5b999c00b?s=96&d=mm&r=g","caption":"Service des communications et des relations publiques"},"url":"https:\/\/www.uqac.ca\/uqactualites\/author\/bap\/"}]}},"_links":{"self":[{"href":"https:\/\/www.uqac.ca\/uqactualites\/wp-json\/wp\/v2\/posts\/34976"}],"collection":[{"href":"https:\/\/www.uqac.ca\/uqactualites\/wp-json\/wp\/v2\/posts"}],"about":[{"href":"https:\/\/www.uqac.ca\/uqactualites\/wp-json\/wp\/v2\/types\/post"}],"author":[{"embeddable":true,"href":"https:\/\/www.uqac.ca\/uqactualites\/wp-json\/wp\/v2\/users\/5"}],"replies":[{"embeddable":true,"href":"https:\/\/www.uqac.ca\/uqactualites\/wp-json\/wp\/v2\/comments?post=34976"}],"version-history":[{"count":0,"href":"https:\/\/www.uqac.ca\/uqactualites\/wp-json\/wp\/v2\/posts\/34976\/revisions"}],"wp:featuredmedia":[{"embeddable":true,"href":"https:\/\/www.uqac.ca\/uqactualites\/wp-json\/wp\/v2\/media\/34977"}],"wp:attachment":[{"href":"https:\/\/www.uqac.ca\/uqactualites\/wp-json\/wp\/v2\/media?parent=34976"}],"wp:term":[{"taxonomy":"category","embeddable":true,"href":"https:\/\/www.uqac.ca\/uqactualites\/wp-json\/wp\/v2\/categories?post=34976"},{"taxonomy":"post_tag","embeddable":true,"href":"https:\/\/www.uqac.ca\/uqactualites\/wp-json\/wp\/v2\/tags?post=34976"}],"curies":[{"name":"wp","href":"https:\/\/api.w.org\/{rel}","templated":true}]}}