{"id":35039,"date":"2018-07-03T14:37:32","date_gmt":"2018-07-03T18:37:32","guid":{"rendered":"http:\/\/www.uqac.ca\/?p=35039"},"modified":"2018-07-03T14:37:32","modified_gmt":"2018-07-03T18:37:32","slug":"lecole-de-langue-francaise-et-de-culture-quebecoise-accueille-pres-de-200-etudiants","status":"publish","type":"post","link":"https:\/\/www.uqac.ca\/uqactualites\/2018\/07\/03\/lecole-de-langue-francaise-et-de-culture-quebecoise-accueille-pres-de-200-etudiants\/","title":{"rendered":"L&rsquo;\u00c9cole de langue fran\u00e7aise et de culture qu\u00e9b\u00e9coise accueille pr\u00e8s de 200 \u00e9tudiants"},"content":{"rendered":"<p><span style=\"font-size: 10.0pt; line-height: 107%; font-family: 'Arial','sans-serif'; color: windowtext;\">L\u2019\u00c9cole de langue fran\u00e7aise et de culture qu\u00e9b\u00e9coise de l\u2019UQAC accueille cette semaine ses \u00e9tudiants du programme Explore pour la session d\u2019\u00e9t\u00e9. Ce sont 198 \u00e9tudiants qui seront pr\u00e9sents sur le campus et sur le territoire de Ville de Saguenay, et ce jusqu\u2019au 3 ao\u00fbt. <\/span><\/p>\n<p><span style=\"font-size: 10.0pt; line-height: 107%; font-family: 'Arial','sans-serif'; color: windowtext;\">Rappelons que pendant la saison estivale, ce sont pr\u00e8s de 400 \u00e9tudiants universitaires qui fr\u00e9quentent l\u2019\u00c9cole de langue fran\u00e7aise et de culture qu\u00e9b\u00e9coise de l\u2019UQAC. <\/span><\/p>\n<p><span style=\"font-size: 10.0pt; line-height: 107%; font-family: 'Arial','sans-serif'; color: windowtext;\">Avis \u00e0 la communaut\u00e9 universitaire et \u00e0 la population r\u00e9gionale: <strong>Si vous rencontrez des \u00e9tudiants de l\u2019\u00c9cole, n\u2019h\u00e9sitez pas \u00e0 leur dire bonjour en fran\u00e7ais!<\/strong> <\/span><\/p>\n","protected":false},"excerpt":{"rendered":"<p>L\u2019\u00c9cole de langue fran\u00e7aise et de culture qu\u00e9b\u00e9coise de l\u2019UQAC accueille cette semaine ses \u00e9tudiants du programme Explore pour la session d\u2019\u00e9t\u00e9. Ce sont 198 \u00e9tudiants qui seront pr\u00e9sents sur le campus et sur le territoire de Ville de Saguenay, et ce jusqu\u2019au 3 ao\u00fbt. Rappelons que pendant la saison estivale, ce sont pr\u00e8s de [&hellip;]<\/p>\n","protected":false},"author":5,"featured_media":35041,"comment_status":"open","ping_status":"open","sticky":false,"template":"","format":"standard","meta":{"footnotes":""},"categories":[2],"tags":[],"yoast_head":"<!-- This site is optimized with the Yoast SEO plugin v24.2 - https:\/\/yoast.com\/wordpress\/plugins\/seo\/ -->\r\n<title>L&#039;\u00c9cole de langue fran\u00e7aise et de culture qu\u00e9b\u00e9coise accueille pr\u00e8s de 200 \u00e9tudiants - UQACtualit\u00e9s<\/title>\r\n<meta name=\"robots\" content=\"index, follow, max-snippet:-1, max-image-preview:large, max-video-preview:-1\" \/>\r\n<link rel=\"canonical\" href=\"https:\/\/www.uqac.ca\/uqactualites\/2018\/07\/03\/lecole-de-langue-francaise-et-de-culture-quebecoise-accueille-pres-de-200-etudiants\/\" \/>\r\n<meta property=\"og:locale\" content=\"fr_CA\" \/>\r\n<meta property=\"og:type\" content=\"article\" \/>\r\n<meta property=\"og:title\" content=\"L&#039;\u00c9cole de langue fran\u00e7aise et de culture qu\u00e9b\u00e9coise accueille pr\u00e8s de 200 \u00e9tudiants - UQACtualit\u00e9s\" \/>\r\n<meta property=\"og:description\" content=\"L\u2019\u00c9cole de langue fran\u00e7aise et de culture qu\u00e9b\u00e9coise de l\u2019UQAC accueille cette semaine ses \u00e9tudiants du programme Explore pour la session d\u2019\u00e9t\u00e9. Ce sont 198 \u00e9tudiants qui seront pr\u00e9sents sur le campus et sur le territoire de Ville de Saguenay, et ce jusqu\u2019au 3 ao\u00fbt. Rappelons que pendant la saison estivale, ce sont pr\u00e8s de [&hellip;]\" \/>\r\n<meta property=\"og:url\" content=\"https:\/\/www.uqac.ca\/uqactualites\/2018\/07\/03\/lecole-de-langue-francaise-et-de-culture-quebecoise-accueille-pres-de-200-etudiants\/\" \/>\r\n<meta property=\"og:site_name\" content=\"UQACtualit\u00e9s\" \/>\r\n<meta property=\"article:published_time\" content=\"2018-07-03T18:37:32+00:00\" \/>\r\n<meta property=\"og:image\" content=\"https:\/\/www.uqac.ca\/uqactualites\/wp-content\/uploads\/2018\/07\/ELFCQ_03072018-scaled.jpg\" \/>\r\n\t<meta property=\"og:image:width\" content=\"2560\" \/>\r\n\t<meta property=\"og:image:height\" content=\"1129\" \/>\r\n\t<meta property=\"og:image:type\" content=\"image\/jpeg\" \/>\r\n<meta name=\"author\" content=\"Service des communications et des relations publiques\" \/>\r\n<meta name=\"twitter:card\" content=\"summary_large_image\" \/>\r\n<meta name=\"twitter:label1\" content=\"\u00c9crit par\" \/>\n\t<meta name=\"twitter:data1\" content=\"Service des communications et des relations publiques\" \/>\n\t<meta name=\"twitter:label2\" content=\"Estimation du temps de lecture\" \/>\n\t<meta name=\"twitter:data2\" content=\"1 minute\" \/>\r\n<script type=\"application\/ld+json\" class=\"yoast-schema-graph\">{\"@context\":\"https:\/\/schema.org\",\"@graph\":[{\"@type\":\"WebPage\",\"@id\":\"https:\/\/www.uqac.ca\/uqactualites\/2018\/07\/03\/lecole-de-langue-francaise-et-de-culture-quebecoise-accueille-pres-de-200-etudiants\/\",\"url\":\"https:\/\/www.uqac.ca\/uqactualites\/2018\/07\/03\/lecole-de-langue-francaise-et-de-culture-quebecoise-accueille-pres-de-200-etudiants\/\",\"name\":\"L'\u00c9cole de langue fran\u00e7aise et de culture qu\u00e9b\u00e9coise accueille pr\u00e8s de 200 \u00e9tudiants - UQACtualit\u00e9s\",\"isPartOf\":{\"@id\":\"https:\/\/www.uqac.ca\/uqactualites\/#website\"},\"primaryImageOfPage\":{\"@id\":\"https:\/\/www.uqac.ca\/uqactualites\/2018\/07\/03\/lecole-de-langue-francaise-et-de-culture-quebecoise-accueille-pres-de-200-etudiants\/#primaryimage\"},\"image\":{\"@id\":\"https:\/\/www.uqac.ca\/uqactualites\/2018\/07\/03\/lecole-de-langue-francaise-et-de-culture-quebecoise-accueille-pres-de-200-etudiants\/#primaryimage\"},\"thumbnailUrl\":\"https:\/\/www.uqac.ca\/uqactualites\/wp-content\/uploads\/2018\/07\/ELFCQ_03072018-scaled.jpg\",\"datePublished\":\"2018-07-03T18:37:32+00:00\",\"dateModified\":\"2018-07-03T18:37:32+00:00\",\"author\":{\"@id\":\"https:\/\/www.uqac.ca\/uqactualites\/#\/schema\/person\/366c45a0c4f0e677b41b4af5886e2018\"},\"breadcrumb\":{\"@id\":\"https:\/\/www.uqac.ca\/uqactualites\/2018\/07\/03\/lecole-de-langue-francaise-et-de-culture-quebecoise-accueille-pres-de-200-etudiants\/#breadcrumb\"},\"inLanguage\":\"fr-CA\",\"potentialAction\":[{\"@type\":\"ReadAction\",\"target\":[\"https:\/\/www.uqac.ca\/uqactualites\/2018\/07\/03\/lecole-de-langue-francaise-et-de-culture-quebecoise-accueille-pres-de-200-etudiants\/\"]}]},{\"@type\":\"ImageObject\",\"inLanguage\":\"fr-CA\",\"@id\":\"https:\/\/www.uqac.ca\/uqactualites\/2018\/07\/03\/lecole-de-langue-francaise-et-de-culture-quebecoise-accueille-pres-de-200-etudiants\/#primaryimage\",\"url\":\"https:\/\/www.uqac.ca\/uqactualites\/wp-content\/uploads\/2018\/07\/ELFCQ_03072018-scaled.jpg\",\"contentUrl\":\"https:\/\/www.uqac.ca\/uqactualites\/wp-content\/uploads\/2018\/07\/ELFCQ_03072018-scaled.jpg\",\"width\":2560,\"height\":1129},{\"@type\":\"BreadcrumbList\",\"@id\":\"https:\/\/www.uqac.ca\/uqactualites\/2018\/07\/03\/lecole-de-langue-francaise-et-de-culture-quebecoise-accueille-pres-de-200-etudiants\/#breadcrumb\",\"itemListElement\":[{\"@type\":\"ListItem\",\"position\":1,\"name\":\"Home\",\"item\":\"https:\/\/www.uqac.ca\/uqactualites\/\"},{\"@type\":\"ListItem\",\"position\":2,\"name\":\"L&rsquo;\u00c9cole de langue fran\u00e7aise et de culture qu\u00e9b\u00e9coise accueille pr\u00e8s de 200 \u00e9tudiants\"}]},{\"@type\":\"WebSite\",\"@id\":\"https:\/\/www.uqac.ca\/uqactualites\/#website\",\"url\":\"https:\/\/www.uqac.ca\/uqactualites\/\",\"name\":\"UQACtualit\u00e9s\",\"description\":\"Le portail des nouvelles de l&#039;UQAC\",\"potentialAction\":[{\"@type\":\"SearchAction\",\"target\":{\"@type\":\"EntryPoint\",\"urlTemplate\":\"https:\/\/www.uqac.ca\/uqactualites\/?s={search_term_string}\"},\"query-input\":{\"@type\":\"PropertyValueSpecification\",\"valueRequired\":true,\"valueName\":\"search_term_string\"}}],\"inLanguage\":\"fr-CA\"},{\"@type\":\"Person\",\"@id\":\"https:\/\/www.uqac.ca\/uqactualites\/#\/schema\/person\/366c45a0c4f0e677b41b4af5886e2018\",\"name\":\"Service des communications et des relations publiques\",\"image\":{\"@type\":\"ImageObject\",\"inLanguage\":\"fr-CA\",\"@id\":\"https:\/\/www.uqac.ca\/uqactualites\/#\/schema\/person\/image\/\",\"url\":\"https:\/\/secure.gravatar.com\/avatar\/20fbbda8a292f59f2d3461a5b999c00b?s=96&d=mm&r=g\",\"contentUrl\":\"https:\/\/secure.gravatar.com\/avatar\/20fbbda8a292f59f2d3461a5b999c00b?s=96&d=mm&r=g\",\"caption\":\"Service des communications et des relations publiques\"},\"url\":\"https:\/\/www.uqac.ca\/uqactualites\/author\/bap\/\"}]}<\/script>\r\n<!-- \/ Yoast SEO plugin. -->","yoast_head_json":{"title":"L'\u00c9cole de langue fran\u00e7aise et de culture qu\u00e9b\u00e9coise accueille pr\u00e8s de 200 \u00e9tudiants - UQACtualit\u00e9s","robots":{"index":"index","follow":"follow","max-snippet":"max-snippet:-1","max-image-preview":"max-image-preview:large","max-video-preview":"max-video-preview:-1"},"canonical":"https:\/\/www.uqac.ca\/uqactualites\/2018\/07\/03\/lecole-de-langue-francaise-et-de-culture-quebecoise-accueille-pres-de-200-etudiants\/","og_locale":"fr_CA","og_type":"article","og_title":"L'\u00c9cole de langue fran\u00e7aise et de culture qu\u00e9b\u00e9coise accueille pr\u00e8s de 200 \u00e9tudiants - UQACtualit\u00e9s","og_description":"L\u2019\u00c9cole de langue fran\u00e7aise et de culture qu\u00e9b\u00e9coise de l\u2019UQAC accueille cette semaine ses \u00e9tudiants du programme Explore pour la session d\u2019\u00e9t\u00e9. Ce sont 198 \u00e9tudiants qui seront pr\u00e9sents sur le campus et sur le territoire de Ville de Saguenay, et ce jusqu\u2019au 3 ao\u00fbt. Rappelons que pendant la saison estivale, ce sont pr\u00e8s de [&hellip;]","og_url":"https:\/\/www.uqac.ca\/uqactualites\/2018\/07\/03\/lecole-de-langue-francaise-et-de-culture-quebecoise-accueille-pres-de-200-etudiants\/","og_site_name":"UQACtualit\u00e9s","article_published_time":"2018-07-03T18:37:32+00:00","og_image":[{"width":2560,"height":1129,"url":"https:\/\/www.uqac.ca\/uqactualites\/wp-content\/uploads\/2018\/07\/ELFCQ_03072018-scaled.jpg","type":"image\/jpeg"}],"author":"Service des communications et des relations publiques","twitter_card":"summary_large_image","twitter_misc":{"\u00c9crit par":"Service des communications et des relations publiques","Estimation du temps de lecture":"1 minute"},"schema":{"@context":"https:\/\/schema.org","@graph":[{"@type":"WebPage","@id":"https:\/\/www.uqac.ca\/uqactualites\/2018\/07\/03\/lecole-de-langue-francaise-et-de-culture-quebecoise-accueille-pres-de-200-etudiants\/","url":"https:\/\/www.uqac.ca\/uqactualites\/2018\/07\/03\/lecole-de-langue-francaise-et-de-culture-quebecoise-accueille-pres-de-200-etudiants\/","name":"L'\u00c9cole de langue fran\u00e7aise et de culture qu\u00e9b\u00e9coise accueille pr\u00e8s de 200 \u00e9tudiants - UQACtualit\u00e9s","isPartOf":{"@id":"https:\/\/www.uqac.ca\/uqactualites\/#website"},"primaryImageOfPage":{"@id":"https:\/\/www.uqac.ca\/uqactualites\/2018\/07\/03\/lecole-de-langue-francaise-et-de-culture-quebecoise-accueille-pres-de-200-etudiants\/#primaryimage"},"image":{"@id":"https:\/\/www.uqac.ca\/uqactualites\/2018\/07\/03\/lecole-de-langue-francaise-et-de-culture-quebecoise-accueille-pres-de-200-etudiants\/#primaryimage"},"thumbnailUrl":"https:\/\/www.uqac.ca\/uqactualites\/wp-content\/uploads\/2018\/07\/ELFCQ_03072018-scaled.jpg","datePublished":"2018-07-03T18:37:32+00:00","dateModified":"2018-07-03T18:37:32+00:00","author":{"@id":"https:\/\/www.uqac.ca\/uqactualites\/#\/schema\/person\/366c45a0c4f0e677b41b4af5886e2018"},"breadcrumb":{"@id":"https:\/\/www.uqac.ca\/uqactualites\/2018\/07\/03\/lecole-de-langue-francaise-et-de-culture-quebecoise-accueille-pres-de-200-etudiants\/#breadcrumb"},"inLanguage":"fr-CA","potentialAction":[{"@type":"ReadAction","target":["https:\/\/www.uqac.ca\/uqactualites\/2018\/07\/03\/lecole-de-langue-francaise-et-de-culture-quebecoise-accueille-pres-de-200-etudiants\/"]}]},{"@type":"ImageObject","inLanguage":"fr-CA","@id":"https:\/\/www.uqac.ca\/uqactualites\/2018\/07\/03\/lecole-de-langue-francaise-et-de-culture-quebecoise-accueille-pres-de-200-etudiants\/#primaryimage","url":"https:\/\/www.uqac.ca\/uqactualites\/wp-content\/uploads\/2018\/07\/ELFCQ_03072018-scaled.jpg","contentUrl":"https:\/\/www.uqac.ca\/uqactualites\/wp-content\/uploads\/2018\/07\/ELFCQ_03072018-scaled.jpg","width":2560,"height":1129},{"@type":"BreadcrumbList","@id":"https:\/\/www.uqac.ca\/uqactualites\/2018\/07\/03\/lecole-de-langue-francaise-et-de-culture-quebecoise-accueille-pres-de-200-etudiants\/#breadcrumb","itemListElement":[{"@type":"ListItem","position":1,"name":"Home","item":"https:\/\/www.uqac.ca\/uqactualites\/"},{"@type":"ListItem","position":2,"name":"L&rsquo;\u00c9cole de langue fran\u00e7aise et de culture qu\u00e9b\u00e9coise accueille pr\u00e8s de 200 \u00e9tudiants"}]},{"@type":"WebSite","@id":"https:\/\/www.uqac.ca\/uqactualites\/#website","url":"https:\/\/www.uqac.ca\/uqactualites\/","name":"UQACtualit\u00e9s","description":"Le portail des nouvelles de l&#039;UQAC","potentialAction":[{"@type":"SearchAction","target":{"@type":"EntryPoint","urlTemplate":"https:\/\/www.uqac.ca\/uqactualites\/?s={search_term_string}"},"query-input":{"@type":"PropertyValueSpecification","valueRequired":true,"valueName":"search_term_string"}}],"inLanguage":"fr-CA"},{"@type":"Person","@id":"https:\/\/www.uqac.ca\/uqactualites\/#\/schema\/person\/366c45a0c4f0e677b41b4af5886e2018","name":"Service des communications et des relations publiques","image":{"@type":"ImageObject","inLanguage":"fr-CA","@id":"https:\/\/www.uqac.ca\/uqactualites\/#\/schema\/person\/image\/","url":"https:\/\/secure.gravatar.com\/avatar\/20fbbda8a292f59f2d3461a5b999c00b?s=96&d=mm&r=g","contentUrl":"https:\/\/secure.gravatar.com\/avatar\/20fbbda8a292f59f2d3461a5b999c00b?s=96&d=mm&r=g","caption":"Service des communications et des relations publiques"},"url":"https:\/\/www.uqac.ca\/uqactualites\/author\/bap\/"}]}},"_links":{"self":[{"href":"https:\/\/www.uqac.ca\/uqactualites\/wp-json\/wp\/v2\/posts\/35039"}],"collection":[{"href":"https:\/\/www.uqac.ca\/uqactualites\/wp-json\/wp\/v2\/posts"}],"about":[{"href":"https:\/\/www.uqac.ca\/uqactualites\/wp-json\/wp\/v2\/types\/post"}],"author":[{"embeddable":true,"href":"https:\/\/www.uqac.ca\/uqactualites\/wp-json\/wp\/v2\/users\/5"}],"replies":[{"embeddable":true,"href":"https:\/\/www.uqac.ca\/uqactualites\/wp-json\/wp\/v2\/comments?post=35039"}],"version-history":[{"count":0,"href":"https:\/\/www.uqac.ca\/uqactualites\/wp-json\/wp\/v2\/posts\/35039\/revisions"}],"wp:featuredmedia":[{"embeddable":true,"href":"https:\/\/www.uqac.ca\/uqactualites\/wp-json\/wp\/v2\/media\/35041"}],"wp:attachment":[{"href":"https:\/\/www.uqac.ca\/uqactualites\/wp-json\/wp\/v2\/media?parent=35039"}],"wp:term":[{"taxonomy":"category","embeddable":true,"href":"https:\/\/www.uqac.ca\/uqactualites\/wp-json\/wp\/v2\/categories?post=35039"},{"taxonomy":"post_tag","embeddable":true,"href":"https:\/\/www.uqac.ca\/uqactualites\/wp-json\/wp\/v2\/tags?post=35039"}],"curies":[{"name":"wp","href":"https:\/\/api.w.org\/{rel}","templated":true}]}}