{"id":35124,"date":"2018-08-31T10:11:59","date_gmt":"2018-08-31T14:11:59","guid":{"rendered":"http:\/\/www.uqac.ca\/?p=35124"},"modified":"2018-08-31T10:11:59","modified_gmt":"2018-08-31T14:11:59","slug":"claude-villeneuve-et-martin-cote-recoivent-un-prix-dexcellence-du-reseau-uq","status":"publish","type":"post","link":"https:\/\/www.uqac.ca\/uqactualites\/2018\/08\/31\/claude-villeneuve-et-martin-cote-recoivent-un-prix-dexcellence-du-reseau-uq\/","title":{"rendered":"Claude Villeneuve et Martin C\u00f4t\u00e9 re\u00e7oivent un prix d\u2019excellence du R\u00e9seau UQ"},"content":{"rendered":"<p>Claude Villeneuve, professeur au D\u00e9partement des sciences fondamentales, et Martin C\u00f4t\u00e9, qui a \u00e9t\u00e9 secr\u00e9taire g\u00e9n\u00e9ral de 1993 \u00e0 2018 en plus de cumuler les fonctions de vice-recteur aux affaires \u00e9tudiantes de 2007 jusqu\u2019\u00e0 sa retraire en 2018, ont \u00e9t\u00e9 honor\u00e9s par l\u2019Universit\u00e9 du Qu\u00e9bec en reconnaissance de leurs contributions exceptionnelles.<\/p>\n<p><strong>Claude Villeneuve\u00a0: Prix d\u2019excellence en enseignement, volet Leadership<br \/>\n<\/strong>Le professeur Claude Villeneuve a apport\u00e9 une contribution des plus originales \u00e0 la carte des programmes de l\u2019UQAC. Sur la th\u00e9matique du d\u00e9veloppement durable, il a implant\u00e9 la premi\u00e8re formation en \u00e9co-conseil en Am\u00e9rique du Nord. Aujourd\u2019hui, gr\u00e2ce \u00e0 sa contribution unique, l\u2019UQAC offre six programmes de deuxi\u00e8me cycle en \u00e9co-conseil soit le Dipl\u00f4me d\u2019\u00e9tudes sup\u00e9rieures (DESS) en \u00e9co-conseil ainsi que les programmes courts en d\u00e9veloppement durable appliqu\u00e9, en gestion durable du carbone, en enjeux \u00e9nerg\u00e9tiques et \u00e9co-conseil, en \u00e9ducation au d\u00e9veloppement durable et en analyse syst\u00e9mique de durabilit\u00e9.<\/p>\n<p>Les programmes qu\u2019il a d\u00e9velopp\u00e9s puisent dans diff\u00e9rentes disciplines comme les sciences de l\u2019environnement, la communication, le droit, l\u2019\u00e9conomie et la gestion de projet. Ses m\u00e9thodes p\u00e9dagogiques innovatrices mettent les \u00e9tudiants \u00e0 contribution comme formateurs, ce qui leur permet de d\u00e9velopper un esprit critique tout en gardant une grande rigueur dans le fond et la forme. Les \u00e9tudiants du DESS doivent \u00e9galement effectuer un stage de 600 heures chez un employeur qui leur confie une mission professionnelle qu\u2019ils doivent mener \u00e0 bien, encadr\u00e9s par leurs professeurs, et sur laquelle ils livreront une r\u00e9flexion critique \u00e0 la lumi\u00e8re des comp\u00e9tences qui leur ont \u00e9t\u00e9 enseign\u00e9es. \u00c0 ce jour, le DESS en \u00e9co-conseil compte plus de 200 dipl\u00f4m\u00e9s avec un taux de r\u00e9tention et de r\u00e9ussite de plus de 90\u00a0%. Le professeur Villeneuve a \u00e9galement dirig\u00e9 l\u2019\u00e9quipe qui a proc\u00e9d\u00e9 \u00e0 la mise en place d\u2019une ma\u00eetrise par cumul de grades, offerte depuis 2011, qui permet aux titulaires d\u2019un DESS en \u00e9co-conseil d\u2019obtenir ainsi une ma\u00eetrise en sciences.<\/p>\n<p>Pour le d\u00e9veloppement de ces formations uniques et ses proc\u00e9d\u00e9s p\u00e9dagogiques qui pr\u00e9parent les dipl\u00f4m\u00e9s au travail collectif, \u00e0 la co-construction, au fonctionnement en r\u00e9seau et \u00e0 la communaut\u00e9 de pratique, Claude Villeneuve remporte le Prix d\u2019excellence en enseignement, volet Leadership de l\u2019Universit\u00e9 du Qu\u00e9bec.<\/p>\n<p><strong>Martin C\u00f4t\u00e9\u00a0: Prix d\u2019excellence en gestion, volet Carri\u00e8re<br \/>\n<\/strong>Martin C\u00f4t\u00e9 est entr\u00e9 en fonction \u00e0 titre de secr\u00e9taire g\u00e9n\u00e9ral de l\u2019UQAC en 1993, fonction qu\u2019il a occup\u00e9e sans interruption jusqu\u2019\u00e0 son d\u00e9part \u00e0 la retraite en 2018. Au cours de sa carri\u00e8re, il a cumul\u00e9 de nombreuses responsabilit\u00e9s de gestion avec succ\u00e8s et a particip\u00e9 de mani\u00e8re importante au d\u00e9veloppement de l\u2019UQAC.<\/p>\n<p>D\u00e8s ses d\u00e9buts \u00e0 titre de secr\u00e9taire g\u00e9n\u00e9ral, Martin C\u00f4t\u00e9 fait la r\u00e9vision du Manuel de gestion une t\u00e2che prioritaire et assure sa mise en ligne pour une plus grande diffusion et une consultation simplifi\u00e9e. Par la suite, il implante de nouvelles politiques en recherche, pilote la mise sur pied d\u2019un bureau de r\u00e9ception des plaintes, assure l\u2019\u00e9laboration d\u2019un syst\u00e8me d\u2019archivage en plus de lancer une vaste op\u00e9ration de simplification des politiques et proc\u00e9dures. Au cours de ses cinq mandats, Martin C\u00f4t\u00e9, notaire de formation, prodigue les conseils juridiques appropri\u00e9s, agit \u00e0 titre de m\u00e9diateur entre les divers intervenants de l\u2019UQAC et d\u00e9veloppe une expertise en relation de travail.<\/p>\n<p>En 2007, il devient vice-recteur aux affaires \u00e9tudiantes. Il mobilise alors le personnel de la biblioth\u00e8que, du bureau du registraire, du service des am\u00e9nagements sportifs et du service aux \u00e9tudiants autour d\u2019enjeux majeurs afin notamment de renforcer l\u2019approche personnalis\u00e9e dans la prestation de service aux \u00e9tudiants.<\/p>\n<p>Sous son mandat, l\u2019UQAC augmente consid\u00e9rablement ses activit\u00e9s de recrutement r\u00e9gional, national et international ainsi que le nombre de bourses et d\u2019emplois offerts aux \u00e9tudiants. L\u2019UQAC d\u00e9veloppe \u00e9galement l\u2019int\u00e9gration des \u00e9tudiants avec des troubles d\u2019apprentissage ainsi que, sur le plan r\u00e9gional, la pr\u00e9vention de l\u2019abandon scolaire et de la r\u00e9tention des dipl\u00f4m\u00e9s.<\/p>\n<p>Pour son implication, son influence positive, sa d\u00e9termination et son d\u00e9vouement, Martin C\u00f4t\u00e9 obtient le Prix d\u2019excellence en gestion, volet Carri\u00e8re de l\u2019Universit\u00e9 du Qu\u00e9bec.<\/p>\n<p><strong>\u00c0 propos des prix d\u2019excellence 2018<br \/>\n<\/strong>L\u2019Universit\u00e9 du Qu\u00e9bec a honor\u00e9 huit professeurs et cadres du r\u00e9seau en reconnaissance de leurs contributions exceptionnelles. Comme par les ann\u00e9es pass\u00e9es, des prix d\u2019excellence ont \u00e9t\u00e9 remis en recherche et cr\u00e9ation, en enseignement et en gestion. De plus, afin de souligner le 50<sup>e<\/sup> anniversaire de fondation du r\u00e9seau, deux nouvelles cat\u00e9gories ont \u00e9t\u00e9 instaur\u00e9es\u00a0: une pour reconna\u00eetre le d\u00e9veloppement de partenariats et une autre pour mettre en valeur la rel\u00e8ve.<\/p>\n<p>La pr\u00e9sidente, Johanne Jean, a ainsi honor\u00e9\u00a0: Mona Trudel, de l\u2019Universit\u00e9 du Qu\u00e9bec \u00e0 Montr\u00e9al (UQAM), Julie Houle, Nicolas Berthelot et Simon Barnab\u00e9, de l\u2019Universit\u00e9 du Qu\u00e9bec \u00e0 Trois-Rivi\u00e8res (UQTR), Claude Villeneuve et Martin C\u00f4t\u00e9, de l\u2019Universit\u00e9 du Qu\u00e9bec \u00e0 Chicoutimi (UQAC), Denis Bois, de l\u2019Universit\u00e9 du Qu\u00e9bec en Abitibi-T\u00e9miscamingue (UQAT) et Emanuele Orgiu, de l\u2019Institut national de la recherche scientifique (INRS).<\/p>\n<p>Consultez le communiqu\u00e9 complet de l\u2019Universit\u00e9 du Qu\u00e9bec en ligne\u00a0: <a href=\"http:\/\/www.uquebec.ca\/reseau\/fr\/contenu\/luniversite-du-quebec-remet-ses-prix-dexcellence-2018\">http:\/\/www.uquebec.ca\/reseau\/fr\/contenu\/luniversite-du-quebec-remet-ses-prix-dexcellence-2018<\/a><\/p>\n","protected":false},"excerpt":{"rendered":"<p>Claude Villeneuve, professeur au D\u00e9partement des sciences fondamentales, et Martin C\u00f4t\u00e9, qui a \u00e9t\u00e9 secr\u00e9taire g\u00e9n\u00e9ral de 1993 \u00e0 2018 en plus de cumuler les fonctions de vice-recteur aux affaires \u00e9tudiantes de 2007 jusqu\u2019\u00e0 sa retraire en 2018, ont \u00e9t\u00e9 honor\u00e9s par l\u2019Universit\u00e9 du Qu\u00e9bec en reconnaissance de leurs contributions exceptionnelles. Claude Villeneuve\u00a0: Prix d\u2019excellence [&hellip;]<\/p>\n","protected":false},"author":5,"featured_media":35125,"comment_status":"open","ping_status":"open","sticky":false,"template":"","format":"standard","meta":{"footnotes":""},"categories":[2],"tags":[],"yoast_head":"<!-- This site is optimized with the Yoast SEO plugin v24.2 - https:\/\/yoast.com\/wordpress\/plugins\/seo\/ -->\r\n<title>Claude Villeneuve et Martin C\u00f4t\u00e9 re\u00e7oivent un prix d\u2019excellence du R\u00e9seau UQ - UQACtualit\u00e9s<\/title>\r\n<meta name=\"robots\" content=\"index, follow, max-snippet:-1, max-image-preview:large, max-video-preview:-1\" \/>\r\n<link rel=\"canonical\" href=\"https:\/\/www.uqac.ca\/uqactualites\/2018\/08\/31\/claude-villeneuve-et-martin-cote-recoivent-un-prix-dexcellence-du-reseau-uq\/\" \/>\r\n<meta property=\"og:locale\" content=\"fr_CA\" \/>\r\n<meta property=\"og:type\" content=\"article\" \/>\r\n<meta property=\"og:title\" content=\"Claude Villeneuve et Martin C\u00f4t\u00e9 re\u00e7oivent un prix d\u2019excellence du R\u00e9seau UQ - UQACtualit\u00e9s\" \/>\r\n<meta property=\"og:description\" content=\"Claude Villeneuve, professeur au D\u00e9partement des sciences fondamentales, et Martin C\u00f4t\u00e9, qui a \u00e9t\u00e9 secr\u00e9taire g\u00e9n\u00e9ral de 1993 \u00e0 2018 en plus de cumuler les fonctions de vice-recteur aux affaires \u00e9tudiantes de 2007 jusqu\u2019\u00e0 sa retraire en 2018, ont \u00e9t\u00e9 honor\u00e9s par l\u2019Universit\u00e9 du Qu\u00e9bec en reconnaissance de leurs contributions exceptionnelles. Claude Villeneuve\u00a0: Prix d\u2019excellence [&hellip;]\" \/>\r\n<meta property=\"og:url\" content=\"https:\/\/www.uqac.ca\/uqactualites\/2018\/08\/31\/claude-villeneuve-et-martin-cote-recoivent-un-prix-dexcellence-du-reseau-uq\/\" \/>\r\n<meta property=\"og:site_name\" content=\"UQACtualit\u00e9s\" \/>\r\n<meta property=\"article:published_time\" content=\"2018-08-31T14:11:59+00:00\" \/>\r\n<meta property=\"og:image\" content=\"https:\/\/www.uqac.ca\/uqactualites\/wp-content\/uploads\/2018\/08\/Excellence-2018_UQAC_Villeneuve-C\u00f4t\u00e9.jpg\" \/>\r\n\t<meta property=\"og:image:width\" content=\"1024\" \/>\r\n\t<meta property=\"og:image:height\" content=\"683\" \/>\r\n\t<meta property=\"og:image:type\" content=\"image\/jpeg\" \/>\r\n<meta name=\"author\" content=\"Service des communications et des relations publiques\" \/>\r\n<meta name=\"twitter:card\" content=\"summary_large_image\" \/>\r\n<meta name=\"twitter:label1\" content=\"\u00c9crit par\" \/>\n\t<meta name=\"twitter:data1\" content=\"Service des communications et des relations publiques\" \/>\n\t<meta name=\"twitter:label2\" content=\"Estimation du temps de lecture\" \/>\n\t<meta name=\"twitter:data2\" content=\"5 minutes\" \/>\r\n<script type=\"application\/ld+json\" class=\"yoast-schema-graph\">{\"@context\":\"https:\/\/schema.org\",\"@graph\":[{\"@type\":\"WebPage\",\"@id\":\"https:\/\/www.uqac.ca\/uqactualites\/2018\/08\/31\/claude-villeneuve-et-martin-cote-recoivent-un-prix-dexcellence-du-reseau-uq\/\",\"url\":\"https:\/\/www.uqac.ca\/uqactualites\/2018\/08\/31\/claude-villeneuve-et-martin-cote-recoivent-un-prix-dexcellence-du-reseau-uq\/\",\"name\":\"Claude Villeneuve et Martin C\u00f4t\u00e9 re\u00e7oivent un prix d\u2019excellence du R\u00e9seau UQ - UQACtualit\u00e9s\",\"isPartOf\":{\"@id\":\"https:\/\/www.uqac.ca\/uqactualites\/#website\"},\"primaryImageOfPage\":{\"@id\":\"https:\/\/www.uqac.ca\/uqactualites\/2018\/08\/31\/claude-villeneuve-et-martin-cote-recoivent-un-prix-dexcellence-du-reseau-uq\/#primaryimage\"},\"image\":{\"@id\":\"https:\/\/www.uqac.ca\/uqactualites\/2018\/08\/31\/claude-villeneuve-et-martin-cote-recoivent-un-prix-dexcellence-du-reseau-uq\/#primaryimage\"},\"thumbnailUrl\":\"https:\/\/www.uqac.ca\/uqactualites\/wp-content\/uploads\/2018\/08\/Excellence-2018_UQAC_Villeneuve-C\u00f4t\u00e9.jpg\",\"datePublished\":\"2018-08-31T14:11:59+00:00\",\"dateModified\":\"2018-08-31T14:11:59+00:00\",\"author\":{\"@id\":\"https:\/\/www.uqac.ca\/uqactualites\/#\/schema\/person\/366c45a0c4f0e677b41b4af5886e2018\"},\"breadcrumb\":{\"@id\":\"https:\/\/www.uqac.ca\/uqactualites\/2018\/08\/31\/claude-villeneuve-et-martin-cote-recoivent-un-prix-dexcellence-du-reseau-uq\/#breadcrumb\"},\"inLanguage\":\"fr-CA\",\"potentialAction\":[{\"@type\":\"ReadAction\",\"target\":[\"https:\/\/www.uqac.ca\/uqactualites\/2018\/08\/31\/claude-villeneuve-et-martin-cote-recoivent-un-prix-dexcellence-du-reseau-uq\/\"]}]},{\"@type\":\"ImageObject\",\"inLanguage\":\"fr-CA\",\"@id\":\"https:\/\/www.uqac.ca\/uqactualites\/2018\/08\/31\/claude-villeneuve-et-martin-cote-recoivent-un-prix-dexcellence-du-reseau-uq\/#primaryimage\",\"url\":\"https:\/\/www.uqac.ca\/uqactualites\/wp-content\/uploads\/2018\/08\/Excellence-2018_UQAC_Villeneuve-C\u00f4t\u00e9.jpg\",\"contentUrl\":\"https:\/\/www.uqac.ca\/uqactualites\/wp-content\/uploads\/2018\/08\/Excellence-2018_UQAC_Villeneuve-C\u00f4t\u00e9.jpg\",\"width\":1024,\"height\":683},{\"@type\":\"BreadcrumbList\",\"@id\":\"https:\/\/www.uqac.ca\/uqactualites\/2018\/08\/31\/claude-villeneuve-et-martin-cote-recoivent-un-prix-dexcellence-du-reseau-uq\/#breadcrumb\",\"itemListElement\":[{\"@type\":\"ListItem\",\"position\":1,\"name\":\"Home\",\"item\":\"https:\/\/www.uqac.ca\/uqactualites\/\"},{\"@type\":\"ListItem\",\"position\":2,\"name\":\"Claude Villeneuve et Martin C\u00f4t\u00e9 re\u00e7oivent un prix d\u2019excellence du R\u00e9seau UQ\"}]},{\"@type\":\"WebSite\",\"@id\":\"https:\/\/www.uqac.ca\/uqactualites\/#website\",\"url\":\"https:\/\/www.uqac.ca\/uqactualites\/\",\"name\":\"UQACtualit\u00e9s\",\"description\":\"Le portail des nouvelles de l&#039;UQAC\",\"potentialAction\":[{\"@type\":\"SearchAction\",\"target\":{\"@type\":\"EntryPoint\",\"urlTemplate\":\"https:\/\/www.uqac.ca\/uqactualites\/?s={search_term_string}\"},\"query-input\":{\"@type\":\"PropertyValueSpecification\",\"valueRequired\":true,\"valueName\":\"search_term_string\"}}],\"inLanguage\":\"fr-CA\"},{\"@type\":\"Person\",\"@id\":\"https:\/\/www.uqac.ca\/uqactualites\/#\/schema\/person\/366c45a0c4f0e677b41b4af5886e2018\",\"name\":\"Service des communications et des relations publiques\",\"image\":{\"@type\":\"ImageObject\",\"inLanguage\":\"fr-CA\",\"@id\":\"https:\/\/www.uqac.ca\/uqactualites\/#\/schema\/person\/image\/\",\"url\":\"https:\/\/secure.gravatar.com\/avatar\/20fbbda8a292f59f2d3461a5b999c00b?s=96&d=mm&r=g\",\"contentUrl\":\"https:\/\/secure.gravatar.com\/avatar\/20fbbda8a292f59f2d3461a5b999c00b?s=96&d=mm&r=g\",\"caption\":\"Service des communications et des relations publiques\"},\"url\":\"https:\/\/www.uqac.ca\/uqactualites\/author\/bap\/\"}]}<\/script>\r\n<!-- \/ Yoast SEO plugin. -->","yoast_head_json":{"title":"Claude Villeneuve et Martin C\u00f4t\u00e9 re\u00e7oivent un prix d\u2019excellence du R\u00e9seau UQ - UQACtualit\u00e9s","robots":{"index":"index","follow":"follow","max-snippet":"max-snippet:-1","max-image-preview":"max-image-preview:large","max-video-preview":"max-video-preview:-1"},"canonical":"https:\/\/www.uqac.ca\/uqactualites\/2018\/08\/31\/claude-villeneuve-et-martin-cote-recoivent-un-prix-dexcellence-du-reseau-uq\/","og_locale":"fr_CA","og_type":"article","og_title":"Claude Villeneuve et Martin C\u00f4t\u00e9 re\u00e7oivent un prix d\u2019excellence du R\u00e9seau UQ - UQACtualit\u00e9s","og_description":"Claude Villeneuve, professeur au D\u00e9partement des sciences fondamentales, et Martin C\u00f4t\u00e9, qui a \u00e9t\u00e9 secr\u00e9taire g\u00e9n\u00e9ral de 1993 \u00e0 2018 en plus de cumuler les fonctions de vice-recteur aux affaires \u00e9tudiantes de 2007 jusqu\u2019\u00e0 sa retraire en 2018, ont \u00e9t\u00e9 honor\u00e9s par l\u2019Universit\u00e9 du Qu\u00e9bec en reconnaissance de leurs contributions exceptionnelles. Claude Villeneuve\u00a0: Prix d\u2019excellence [&hellip;]","og_url":"https:\/\/www.uqac.ca\/uqactualites\/2018\/08\/31\/claude-villeneuve-et-martin-cote-recoivent-un-prix-dexcellence-du-reseau-uq\/","og_site_name":"UQACtualit\u00e9s","article_published_time":"2018-08-31T14:11:59+00:00","og_image":[{"width":1024,"height":683,"url":"https:\/\/www.uqac.ca\/uqactualites\/wp-content\/uploads\/2018\/08\/Excellence-2018_UQAC_Villeneuve-C\u00f4t\u00e9.jpg","type":"image\/jpeg"}],"author":"Service des communications et des relations publiques","twitter_card":"summary_large_image","twitter_misc":{"\u00c9crit par":"Service des communications et des relations publiques","Estimation du temps de lecture":"5 minutes"},"schema":{"@context":"https:\/\/schema.org","@graph":[{"@type":"WebPage","@id":"https:\/\/www.uqac.ca\/uqactualites\/2018\/08\/31\/claude-villeneuve-et-martin-cote-recoivent-un-prix-dexcellence-du-reseau-uq\/","url":"https:\/\/www.uqac.ca\/uqactualites\/2018\/08\/31\/claude-villeneuve-et-martin-cote-recoivent-un-prix-dexcellence-du-reseau-uq\/","name":"Claude Villeneuve et Martin C\u00f4t\u00e9 re\u00e7oivent un prix d\u2019excellence du R\u00e9seau UQ - UQACtualit\u00e9s","isPartOf":{"@id":"https:\/\/www.uqac.ca\/uqactualites\/#website"},"primaryImageOfPage":{"@id":"https:\/\/www.uqac.ca\/uqactualites\/2018\/08\/31\/claude-villeneuve-et-martin-cote-recoivent-un-prix-dexcellence-du-reseau-uq\/#primaryimage"},"image":{"@id":"https:\/\/www.uqac.ca\/uqactualites\/2018\/08\/31\/claude-villeneuve-et-martin-cote-recoivent-un-prix-dexcellence-du-reseau-uq\/#primaryimage"},"thumbnailUrl":"https:\/\/www.uqac.ca\/uqactualites\/wp-content\/uploads\/2018\/08\/Excellence-2018_UQAC_Villeneuve-C\u00f4t\u00e9.jpg","datePublished":"2018-08-31T14:11:59+00:00","dateModified":"2018-08-31T14:11:59+00:00","author":{"@id":"https:\/\/www.uqac.ca\/uqactualites\/#\/schema\/person\/366c45a0c4f0e677b41b4af5886e2018"},"breadcrumb":{"@id":"https:\/\/www.uqac.ca\/uqactualites\/2018\/08\/31\/claude-villeneuve-et-martin-cote-recoivent-un-prix-dexcellence-du-reseau-uq\/#breadcrumb"},"inLanguage":"fr-CA","potentialAction":[{"@type":"ReadAction","target":["https:\/\/www.uqac.ca\/uqactualites\/2018\/08\/31\/claude-villeneuve-et-martin-cote-recoivent-un-prix-dexcellence-du-reseau-uq\/"]}]},{"@type":"ImageObject","inLanguage":"fr-CA","@id":"https:\/\/www.uqac.ca\/uqactualites\/2018\/08\/31\/claude-villeneuve-et-martin-cote-recoivent-un-prix-dexcellence-du-reseau-uq\/#primaryimage","url":"https:\/\/www.uqac.ca\/uqactualites\/wp-content\/uploads\/2018\/08\/Excellence-2018_UQAC_Villeneuve-C\u00f4t\u00e9.jpg","contentUrl":"https:\/\/www.uqac.ca\/uqactualites\/wp-content\/uploads\/2018\/08\/Excellence-2018_UQAC_Villeneuve-C\u00f4t\u00e9.jpg","width":1024,"height":683},{"@type":"BreadcrumbList","@id":"https:\/\/www.uqac.ca\/uqactualites\/2018\/08\/31\/claude-villeneuve-et-martin-cote-recoivent-un-prix-dexcellence-du-reseau-uq\/#breadcrumb","itemListElement":[{"@type":"ListItem","position":1,"name":"Home","item":"https:\/\/www.uqac.ca\/uqactualites\/"},{"@type":"ListItem","position":2,"name":"Claude Villeneuve et Martin C\u00f4t\u00e9 re\u00e7oivent un prix d\u2019excellence du R\u00e9seau UQ"}]},{"@type":"WebSite","@id":"https:\/\/www.uqac.ca\/uqactualites\/#website","url":"https:\/\/www.uqac.ca\/uqactualites\/","name":"UQACtualit\u00e9s","description":"Le portail des nouvelles de l&#039;UQAC","potentialAction":[{"@type":"SearchAction","target":{"@type":"EntryPoint","urlTemplate":"https:\/\/www.uqac.ca\/uqactualites\/?s={search_term_string}"},"query-input":{"@type":"PropertyValueSpecification","valueRequired":true,"valueName":"search_term_string"}}],"inLanguage":"fr-CA"},{"@type":"Person","@id":"https:\/\/www.uqac.ca\/uqactualites\/#\/schema\/person\/366c45a0c4f0e677b41b4af5886e2018","name":"Service des communications et des relations publiques","image":{"@type":"ImageObject","inLanguage":"fr-CA","@id":"https:\/\/www.uqac.ca\/uqactualites\/#\/schema\/person\/image\/","url":"https:\/\/secure.gravatar.com\/avatar\/20fbbda8a292f59f2d3461a5b999c00b?s=96&d=mm&r=g","contentUrl":"https:\/\/secure.gravatar.com\/avatar\/20fbbda8a292f59f2d3461a5b999c00b?s=96&d=mm&r=g","caption":"Service des communications et des relations publiques"},"url":"https:\/\/www.uqac.ca\/uqactualites\/author\/bap\/"}]}},"_links":{"self":[{"href":"https:\/\/www.uqac.ca\/uqactualites\/wp-json\/wp\/v2\/posts\/35124"}],"collection":[{"href":"https:\/\/www.uqac.ca\/uqactualites\/wp-json\/wp\/v2\/posts"}],"about":[{"href":"https:\/\/www.uqac.ca\/uqactualites\/wp-json\/wp\/v2\/types\/post"}],"author":[{"embeddable":true,"href":"https:\/\/www.uqac.ca\/uqactualites\/wp-json\/wp\/v2\/users\/5"}],"replies":[{"embeddable":true,"href":"https:\/\/www.uqac.ca\/uqactualites\/wp-json\/wp\/v2\/comments?post=35124"}],"version-history":[{"count":0,"href":"https:\/\/www.uqac.ca\/uqactualites\/wp-json\/wp\/v2\/posts\/35124\/revisions"}],"wp:featuredmedia":[{"embeddable":true,"href":"https:\/\/www.uqac.ca\/uqactualites\/wp-json\/wp\/v2\/media\/35125"}],"wp:attachment":[{"href":"https:\/\/www.uqac.ca\/uqactualites\/wp-json\/wp\/v2\/media?parent=35124"}],"wp:term":[{"taxonomy":"category","embeddable":true,"href":"https:\/\/www.uqac.ca\/uqactualites\/wp-json\/wp\/v2\/categories?post=35124"},{"taxonomy":"post_tag","embeddable":true,"href":"https:\/\/www.uqac.ca\/uqactualites\/wp-json\/wp\/v2\/tags?post=35124"}],"curies":[{"name":"wp","href":"https:\/\/api.w.org\/{rel}","templated":true}]}}