{"id":35247,"date":"2018-10-03T08:26:12","date_gmt":"2018-10-03T12:26:12","guid":{"rendered":"http:\/\/www.uqac.ca\/?p=35247"},"modified":"2018-10-03T08:26:12","modified_gmt":"2018-10-03T12:26:12","slug":"8e-conference-internationale-adventure-therapy-virginie-gargano-presente-ses-resultats-de-recherche-et-siege-au-comite-international","status":"publish","type":"post","link":"https:\/\/www.uqac.ca\/uqactualites\/2018\/10\/03\/8e-conference-internationale-adventure-therapy-virginie-gargano-presente-ses-resultats-de-recherche-et-siege-au-comite-international\/","title":{"rendered":"8e conf\u00e9rence internationale \u00ab\u00a0Adventure Therapy\u00a0\u00bb : Virginie Gargano pr\u00e9sente ses r\u00e9sultats de recherche et si\u00e8ge au comit\u00e9 international"},"content":{"rendered":"<p>Du 28 ao\u00fbt au 2 septembre derniers, Virginie Gargano, charg\u00e9e de cours au D\u00e9partement des sciences humaines et sociales de l\u2019UQAC, prenait part \u00e0 la huiti\u00e8me \u00e9dition de l\u2019<em>International Adventure Therapy Conference<\/em>. C\u2019est \u00e0 Sydney, en Australie, que se d\u00e9roulait l\u2019\u00e9v\u00e9nement d\u2019envergure internationale visant\u00a0\u00e0 faire la lumi\u00e8re sur les avanc\u00e9es en recherche et \u00e0 rassembler la communaut\u00e9 de pratique du domaine de la th\u00e9rapie en contexte de nature et d\u2019aventure.<\/p>\n<p>Celle qui enseigne depuis 2006 au sein de l\u2019Unit\u00e9 d&rsquo;enseignement en travail social \u2013 notamment au baccalaur\u00e9at en intervention plein air ainsi qu\u2019au dipl\u00f4me de second cycle \u2013 s\u2019est vu octroyer par l\u2019UQAC un perfectionnement court afin de participer \u00e0 cet \u00e9v\u00e9nement \u00e0 titre de conf\u00e9renci\u00e8re. Elle a ainsi pu y pr\u00e9senter ses r\u00e9sultats de recherche, qui ont d\u2019ailleurs \u00e9t\u00e9 accueillis avec enthousiasme par la communaut\u00e9 scientifique. Lors du m\u00eame \u00e9v\u00e9nement, les membres du comit\u00e9 international visant le d\u00e9veloppement du domaine (ITAC) se sont rassembl\u00e9s afin de circonscrire les objectifs des prochaines ann\u00e9es et d\u2019\u00e9lire les nouveaux responsables du comit\u00e9. Repr\u00e9sentant le Canada depuis deux ans, Mme\u00a0Gargano s\u2019est taill\u00e9 une place au sein de l\u2019\u00e9quipe comptant quatre si\u00e8ges.<\/p>\n<p>Toutes nos f\u00e9licitations!<\/p>\n","protected":false},"excerpt":{"rendered":"<p>Du 28 ao\u00fbt au 2 septembre derniers, Virginie Gargano, charg\u00e9e de cours au D\u00e9partement des sciences humaines et sociales de l\u2019UQAC, prenait part \u00e0 la huiti\u00e8me \u00e9dition de l\u2019International Adventure Therapy Conference. C\u2019est \u00e0 Sydney, en Australie, que se d\u00e9roulait l\u2019\u00e9v\u00e9nement d\u2019envergure internationale visant\u00a0\u00e0 faire la lumi\u00e8re sur les avanc\u00e9es en recherche et \u00e0 rassembler [&hellip;]<\/p>\n","protected":false},"author":5,"featured_media":35248,"comment_status":"open","ping_status":"open","sticky":false,"template":"","format":"standard","meta":{"footnotes":""},"categories":[2,4],"tags":[22],"yoast_head":"<!-- This site is optimized with the Yoast SEO plugin v24.2 - https:\/\/yoast.com\/wordpress\/plugins\/seo\/ -->\r\n<title>8e conf\u00e9rence internationale \u00ab\u00a0Adventure Therapy\u00a0\u00bb : Virginie Gargano pr\u00e9sente ses r\u00e9sultats de recherche et si\u00e8ge au comit\u00e9 international - UQACtualit\u00e9s<\/title>\r\n<meta name=\"robots\" content=\"index, follow, max-snippet:-1, max-image-preview:large, max-video-preview:-1\" \/>\r\n<link rel=\"canonical\" href=\"https:\/\/www.uqac.ca\/uqactualites\/2018\/10\/03\/8e-conference-internationale-adventure-therapy-virginie-gargano-presente-ses-resultats-de-recherche-et-siege-au-comite-international\/\" \/>\r\n<meta property=\"og:locale\" content=\"fr_CA\" \/>\r\n<meta property=\"og:type\" content=\"article\" \/>\r\n<meta property=\"og:title\" content=\"8e conf\u00e9rence internationale \u00ab\u00a0Adventure Therapy\u00a0\u00bb : Virginie Gargano pr\u00e9sente ses r\u00e9sultats de recherche et si\u00e8ge au comit\u00e9 international - UQACtualit\u00e9s\" \/>\r\n<meta property=\"og:description\" content=\"Du 28 ao\u00fbt au 2 septembre derniers, Virginie Gargano, charg\u00e9e de cours au D\u00e9partement des sciences humaines et sociales de l\u2019UQAC, prenait part \u00e0 la huiti\u00e8me \u00e9dition de l\u2019International Adventure Therapy Conference. C\u2019est \u00e0 Sydney, en Australie, que se d\u00e9roulait l\u2019\u00e9v\u00e9nement d\u2019envergure internationale visant\u00a0\u00e0 faire la lumi\u00e8re sur les avanc\u00e9es en recherche et \u00e0 rassembler [&hellip;]\" \/>\r\n<meta property=\"og:url\" content=\"https:\/\/www.uqac.ca\/uqactualites\/2018\/10\/03\/8e-conference-internationale-adventure-therapy-virginie-gargano-presente-ses-resultats-de-recherche-et-siege-au-comite-international\/\" \/>\r\n<meta property=\"og:site_name\" content=\"UQACtualit\u00e9s\" \/>\r\n<meta property=\"article:published_time\" content=\"2018-10-03T12:26:12+00:00\" \/>\r\n<meta property=\"og:image\" content=\"https:\/\/www.uqac.ca\/uqactualites\/wp-content\/uploads\/2018\/10\/VGargano-Gracieuset\u00e9-scaled.jpg\" \/>\r\n\t<meta property=\"og:image:width\" content=\"2560\" \/>\r\n\t<meta property=\"og:image:height\" content=\"1707\" \/>\r\n\t<meta property=\"og:image:type\" content=\"image\/jpeg\" \/>\r\n<meta name=\"author\" content=\"Service des communications et des relations publiques\" \/>\r\n<meta name=\"twitter:card\" content=\"summary_large_image\" \/>\r\n<meta name=\"twitter:label1\" content=\"\u00c9crit par\" \/>\n\t<meta name=\"twitter:data1\" content=\"Service des communications et des relations publiques\" \/>\n\t<meta name=\"twitter:label2\" content=\"Estimation du temps de lecture\" \/>\n\t<meta name=\"twitter:data2\" content=\"1 minute\" \/>\r\n<script type=\"application\/ld+json\" class=\"yoast-schema-graph\">{\"@context\":\"https:\/\/schema.org\",\"@graph\":[{\"@type\":\"WebPage\",\"@id\":\"https:\/\/www.uqac.ca\/uqactualites\/2018\/10\/03\/8e-conference-internationale-adventure-therapy-virginie-gargano-presente-ses-resultats-de-recherche-et-siege-au-comite-international\/\",\"url\":\"https:\/\/www.uqac.ca\/uqactualites\/2018\/10\/03\/8e-conference-internationale-adventure-therapy-virginie-gargano-presente-ses-resultats-de-recherche-et-siege-au-comite-international\/\",\"name\":\"8e conf\u00e9rence internationale \u00ab\u00a0Adventure Therapy\u00a0\u00bb : Virginie Gargano pr\u00e9sente ses r\u00e9sultats de recherche et si\u00e8ge au comit\u00e9 international - UQACtualit\u00e9s\",\"isPartOf\":{\"@id\":\"https:\/\/www.uqac.ca\/uqactualites\/#website\"},\"primaryImageOfPage\":{\"@id\":\"https:\/\/www.uqac.ca\/uqactualites\/2018\/10\/03\/8e-conference-internationale-adventure-therapy-virginie-gargano-presente-ses-resultats-de-recherche-et-siege-au-comite-international\/#primaryimage\"},\"image\":{\"@id\":\"https:\/\/www.uqac.ca\/uqactualites\/2018\/10\/03\/8e-conference-internationale-adventure-therapy-virginie-gargano-presente-ses-resultats-de-recherche-et-siege-au-comite-international\/#primaryimage\"},\"thumbnailUrl\":\"https:\/\/www.uqac.ca\/uqactualites\/wp-content\/uploads\/2018\/10\/VGargano-Gracieuset\u00e9-scaled.jpg\",\"datePublished\":\"2018-10-03T12:26:12+00:00\",\"dateModified\":\"2018-10-03T12:26:12+00:00\",\"author\":{\"@id\":\"https:\/\/www.uqac.ca\/uqactualites\/#\/schema\/person\/366c45a0c4f0e677b41b4af5886e2018\"},\"breadcrumb\":{\"@id\":\"https:\/\/www.uqac.ca\/uqactualites\/2018\/10\/03\/8e-conference-internationale-adventure-therapy-virginie-gargano-presente-ses-resultats-de-recherche-et-siege-au-comite-international\/#breadcrumb\"},\"inLanguage\":\"fr-CA\",\"potentialAction\":[{\"@type\":\"ReadAction\",\"target\":[\"https:\/\/www.uqac.ca\/uqactualites\/2018\/10\/03\/8e-conference-internationale-adventure-therapy-virginie-gargano-presente-ses-resultats-de-recherche-et-siege-au-comite-international\/\"]}]},{\"@type\":\"ImageObject\",\"inLanguage\":\"fr-CA\",\"@id\":\"https:\/\/www.uqac.ca\/uqactualites\/2018\/10\/03\/8e-conference-internationale-adventure-therapy-virginie-gargano-presente-ses-resultats-de-recherche-et-siege-au-comite-international\/#primaryimage\",\"url\":\"https:\/\/www.uqac.ca\/uqactualites\/wp-content\/uploads\/2018\/10\/VGargano-Gracieuset\u00e9-scaled.jpg\",\"contentUrl\":\"https:\/\/www.uqac.ca\/uqactualites\/wp-content\/uploads\/2018\/10\/VGargano-Gracieuset\u00e9-scaled.jpg\",\"width\":2560,\"height\":1707},{\"@type\":\"BreadcrumbList\",\"@id\":\"https:\/\/www.uqac.ca\/uqactualites\/2018\/10\/03\/8e-conference-internationale-adventure-therapy-virginie-gargano-presente-ses-resultats-de-recherche-et-siege-au-comite-international\/#breadcrumb\",\"itemListElement\":[{\"@type\":\"ListItem\",\"position\":1,\"name\":\"Home\",\"item\":\"https:\/\/www.uqac.ca\/uqactualites\/\"},{\"@type\":\"ListItem\",\"position\":2,\"name\":\"8e conf\u00e9rence internationale \u00ab\u00a0Adventure Therapy\u00a0\u00bb : Virginie Gargano pr\u00e9sente ses r\u00e9sultats de recherche et si\u00e8ge au comit\u00e9 international\"}]},{\"@type\":\"WebSite\",\"@id\":\"https:\/\/www.uqac.ca\/uqactualites\/#website\",\"url\":\"https:\/\/www.uqac.ca\/uqactualites\/\",\"name\":\"UQACtualit\u00e9s\",\"description\":\"Le portail des nouvelles de l&#039;UQAC\",\"potentialAction\":[{\"@type\":\"SearchAction\",\"target\":{\"@type\":\"EntryPoint\",\"urlTemplate\":\"https:\/\/www.uqac.ca\/uqactualites\/?s={search_term_string}\"},\"query-input\":{\"@type\":\"PropertyValueSpecification\",\"valueRequired\":true,\"valueName\":\"search_term_string\"}}],\"inLanguage\":\"fr-CA\"},{\"@type\":\"Person\",\"@id\":\"https:\/\/www.uqac.ca\/uqactualites\/#\/schema\/person\/366c45a0c4f0e677b41b4af5886e2018\",\"name\":\"Service des communications et des relations publiques\",\"image\":{\"@type\":\"ImageObject\",\"inLanguage\":\"fr-CA\",\"@id\":\"https:\/\/www.uqac.ca\/uqactualites\/#\/schema\/person\/image\/\",\"url\":\"https:\/\/secure.gravatar.com\/avatar\/20fbbda8a292f59f2d3461a5b999c00b?s=96&d=mm&r=g\",\"contentUrl\":\"https:\/\/secure.gravatar.com\/avatar\/20fbbda8a292f59f2d3461a5b999c00b?s=96&d=mm&r=g\",\"caption\":\"Service des communications et des relations publiques\"},\"url\":\"https:\/\/www.uqac.ca\/uqactualites\/author\/bap\/\"}]}<\/script>\r\n<!-- \/ Yoast SEO plugin. -->","yoast_head_json":{"title":"8e conf\u00e9rence internationale \u00ab\u00a0Adventure Therapy\u00a0\u00bb : Virginie Gargano pr\u00e9sente ses r\u00e9sultats de recherche et si\u00e8ge au comit\u00e9 international - UQACtualit\u00e9s","robots":{"index":"index","follow":"follow","max-snippet":"max-snippet:-1","max-image-preview":"max-image-preview:large","max-video-preview":"max-video-preview:-1"},"canonical":"https:\/\/www.uqac.ca\/uqactualites\/2018\/10\/03\/8e-conference-internationale-adventure-therapy-virginie-gargano-presente-ses-resultats-de-recherche-et-siege-au-comite-international\/","og_locale":"fr_CA","og_type":"article","og_title":"8e conf\u00e9rence internationale \u00ab\u00a0Adventure Therapy\u00a0\u00bb : Virginie Gargano pr\u00e9sente ses r\u00e9sultats de recherche et si\u00e8ge au comit\u00e9 international - UQACtualit\u00e9s","og_description":"Du 28 ao\u00fbt au 2 septembre derniers, Virginie Gargano, charg\u00e9e de cours au D\u00e9partement des sciences humaines et sociales de l\u2019UQAC, prenait part \u00e0 la huiti\u00e8me \u00e9dition de l\u2019International Adventure Therapy Conference. C\u2019est \u00e0 Sydney, en Australie, que se d\u00e9roulait l\u2019\u00e9v\u00e9nement d\u2019envergure internationale visant\u00a0\u00e0 faire la lumi\u00e8re sur les avanc\u00e9es en recherche et \u00e0 rassembler [&hellip;]","og_url":"https:\/\/www.uqac.ca\/uqactualites\/2018\/10\/03\/8e-conference-internationale-adventure-therapy-virginie-gargano-presente-ses-resultats-de-recherche-et-siege-au-comite-international\/","og_site_name":"UQACtualit\u00e9s","article_published_time":"2018-10-03T12:26:12+00:00","og_image":[{"width":2560,"height":1707,"url":"https:\/\/www.uqac.ca\/uqactualites\/wp-content\/uploads\/2018\/10\/VGargano-Gracieuset\u00e9-scaled.jpg","type":"image\/jpeg"}],"author":"Service des communications et des relations publiques","twitter_card":"summary_large_image","twitter_misc":{"\u00c9crit par":"Service des communications et des relations publiques","Estimation du temps de lecture":"1 minute"},"schema":{"@context":"https:\/\/schema.org","@graph":[{"@type":"WebPage","@id":"https:\/\/www.uqac.ca\/uqactualites\/2018\/10\/03\/8e-conference-internationale-adventure-therapy-virginie-gargano-presente-ses-resultats-de-recherche-et-siege-au-comite-international\/","url":"https:\/\/www.uqac.ca\/uqactualites\/2018\/10\/03\/8e-conference-internationale-adventure-therapy-virginie-gargano-presente-ses-resultats-de-recherche-et-siege-au-comite-international\/","name":"8e conf\u00e9rence internationale \u00ab\u00a0Adventure Therapy\u00a0\u00bb : Virginie Gargano pr\u00e9sente ses r\u00e9sultats de recherche et si\u00e8ge au comit\u00e9 international - UQACtualit\u00e9s","isPartOf":{"@id":"https:\/\/www.uqac.ca\/uqactualites\/#website"},"primaryImageOfPage":{"@id":"https:\/\/www.uqac.ca\/uqactualites\/2018\/10\/03\/8e-conference-internationale-adventure-therapy-virginie-gargano-presente-ses-resultats-de-recherche-et-siege-au-comite-international\/#primaryimage"},"image":{"@id":"https:\/\/www.uqac.ca\/uqactualites\/2018\/10\/03\/8e-conference-internationale-adventure-therapy-virginie-gargano-presente-ses-resultats-de-recherche-et-siege-au-comite-international\/#primaryimage"},"thumbnailUrl":"https:\/\/www.uqac.ca\/uqactualites\/wp-content\/uploads\/2018\/10\/VGargano-Gracieuset\u00e9-scaled.jpg","datePublished":"2018-10-03T12:26:12+00:00","dateModified":"2018-10-03T12:26:12+00:00","author":{"@id":"https:\/\/www.uqac.ca\/uqactualites\/#\/schema\/person\/366c45a0c4f0e677b41b4af5886e2018"},"breadcrumb":{"@id":"https:\/\/www.uqac.ca\/uqactualites\/2018\/10\/03\/8e-conference-internationale-adventure-therapy-virginie-gargano-presente-ses-resultats-de-recherche-et-siege-au-comite-international\/#breadcrumb"},"inLanguage":"fr-CA","potentialAction":[{"@type":"ReadAction","target":["https:\/\/www.uqac.ca\/uqactualites\/2018\/10\/03\/8e-conference-internationale-adventure-therapy-virginie-gargano-presente-ses-resultats-de-recherche-et-siege-au-comite-international\/"]}]},{"@type":"ImageObject","inLanguage":"fr-CA","@id":"https:\/\/www.uqac.ca\/uqactualites\/2018\/10\/03\/8e-conference-internationale-adventure-therapy-virginie-gargano-presente-ses-resultats-de-recherche-et-siege-au-comite-international\/#primaryimage","url":"https:\/\/www.uqac.ca\/uqactualites\/wp-content\/uploads\/2018\/10\/VGargano-Gracieuset\u00e9-scaled.jpg","contentUrl":"https:\/\/www.uqac.ca\/uqactualites\/wp-content\/uploads\/2018\/10\/VGargano-Gracieuset\u00e9-scaled.jpg","width":2560,"height":1707},{"@type":"BreadcrumbList","@id":"https:\/\/www.uqac.ca\/uqactualites\/2018\/10\/03\/8e-conference-internationale-adventure-therapy-virginie-gargano-presente-ses-resultats-de-recherche-et-siege-au-comite-international\/#breadcrumb","itemListElement":[{"@type":"ListItem","position":1,"name":"Home","item":"https:\/\/www.uqac.ca\/uqactualites\/"},{"@type":"ListItem","position":2,"name":"8e conf\u00e9rence internationale \u00ab\u00a0Adventure Therapy\u00a0\u00bb : Virginie Gargano pr\u00e9sente ses r\u00e9sultats de recherche et si\u00e8ge au comit\u00e9 international"}]},{"@type":"WebSite","@id":"https:\/\/www.uqac.ca\/uqactualites\/#website","url":"https:\/\/www.uqac.ca\/uqactualites\/","name":"UQACtualit\u00e9s","description":"Le portail des nouvelles de l&#039;UQAC","potentialAction":[{"@type":"SearchAction","target":{"@type":"EntryPoint","urlTemplate":"https:\/\/www.uqac.ca\/uqactualites\/?s={search_term_string}"},"query-input":{"@type":"PropertyValueSpecification","valueRequired":true,"valueName":"search_term_string"}}],"inLanguage":"fr-CA"},{"@type":"Person","@id":"https:\/\/www.uqac.ca\/uqactualites\/#\/schema\/person\/366c45a0c4f0e677b41b4af5886e2018","name":"Service des communications et des relations publiques","image":{"@type":"ImageObject","inLanguage":"fr-CA","@id":"https:\/\/www.uqac.ca\/uqactualites\/#\/schema\/person\/image\/","url":"https:\/\/secure.gravatar.com\/avatar\/20fbbda8a292f59f2d3461a5b999c00b?s=96&d=mm&r=g","contentUrl":"https:\/\/secure.gravatar.com\/avatar\/20fbbda8a292f59f2d3461a5b999c00b?s=96&d=mm&r=g","caption":"Service des communications et des relations publiques"},"url":"https:\/\/www.uqac.ca\/uqactualites\/author\/bap\/"}]}},"_links":{"self":[{"href":"https:\/\/www.uqac.ca\/uqactualites\/wp-json\/wp\/v2\/posts\/35247"}],"collection":[{"href":"https:\/\/www.uqac.ca\/uqactualites\/wp-json\/wp\/v2\/posts"}],"about":[{"href":"https:\/\/www.uqac.ca\/uqactualites\/wp-json\/wp\/v2\/types\/post"}],"author":[{"embeddable":true,"href":"https:\/\/www.uqac.ca\/uqactualites\/wp-json\/wp\/v2\/users\/5"}],"replies":[{"embeddable":true,"href":"https:\/\/www.uqac.ca\/uqactualites\/wp-json\/wp\/v2\/comments?post=35247"}],"version-history":[{"count":0,"href":"https:\/\/www.uqac.ca\/uqactualites\/wp-json\/wp\/v2\/posts\/35247\/revisions"}],"wp:featuredmedia":[{"embeddable":true,"href":"https:\/\/www.uqac.ca\/uqactualites\/wp-json\/wp\/v2\/media\/35248"}],"wp:attachment":[{"href":"https:\/\/www.uqac.ca\/uqactualites\/wp-json\/wp\/v2\/media?parent=35247"}],"wp:term":[{"taxonomy":"category","embeddable":true,"href":"https:\/\/www.uqac.ca\/uqactualites\/wp-json\/wp\/v2\/categories?post=35247"},{"taxonomy":"post_tag","embeddable":true,"href":"https:\/\/www.uqac.ca\/uqactualites\/wp-json\/wp\/v2\/tags?post=35247"}],"curies":[{"name":"wp","href":"https:\/\/api.w.org\/{rel}","templated":true}]}}