{"id":35260,"date":"2018-10-09T13:53:45","date_gmt":"2018-10-09T17:53:45","guid":{"rendered":"http:\/\/www.uqac.ca\/?p=35260"},"modified":"2018-10-09T13:53:45","modified_gmt":"2018-10-09T17:53:45","slug":"un-prix-pour-le-professeur-mustapha-fahmi","status":"publish","type":"post","link":"https:\/\/www.uqac.ca\/uqactualites\/2018\/10\/09\/un-prix-pour-le-professeur-mustapha-fahmi\/","title":{"rendered":"Un prix pour le professeur Mustapha Fahmi"},"content":{"rendered":"<p>Le professeur Mustapha Fahmi remporte le prix du meilleur livre (int\u00e9r\u00eat g\u00e9n\u00e9ral) au 54e Salon du livre du Saguenay\u2013Lac-Saint-Jean pour son ouvrage <em>La le\u00e7on de Rosalinde<\/em>. \u00ab Dans cet essai, souligne le jury dans son commentaire, Mustapha Fahmi dispense un profond enseignement en puisant sa sagesse dans sa lecture de chefs-d&rsquo;\u0153uvre philosophiques et litt\u00e9raires. Avec simplicit\u00e9 et humilit\u00e9, il \u00e9lucide des v\u00e9rit\u00e9s universelles. Son analyse devient un pr\u00e9texte pour viser le beau et le bien. Cette bienveillance dans les propos s&rsquo;impr\u00e8gne dans l&rsquo;esprit du lecteur qui termine les pages en se demandant : quel genre de personne est-ce que je veux devenir ? Le plus exceptionnel, c&rsquo;est que ce texte ne se limite pas \u00e0 donner des r\u00e9ponses, mais il conduit aux questions d&rsquo;importance. Comment puis-je voir au lieu de regarder ? Comment puis-je faire briller l&rsquo;autre, dialoguer avec lui, le reconna\u00eetre, le respecter ? <em>La le\u00e7on de Rosalinde<\/em>, voil\u00e0 un livre \u00e9difiant qui tire vers le haut. \u00bb<\/p>\n<p>Rappelons que <em>La le\u00e7on de Rosaline<\/em> a \u00e9t\u00e9, entre autres, \u00ab\u00a0choix du mois\u00a0\u00bb du prestigieux Philosophie Magazine et \u00ab\u00a0coup de c\u0153ur de la semaine\u00a0\u00bb du Quotidien Le Devoir.<\/p>\n<p>Mustapha Fahmi est professeur titulaire \u00e0 l&rsquo;Universit\u00e9 du Qu\u00e9bec \u00e0 Chicoutimi, dont il a \u00e9t\u00e9 le vice-recteur \u00e0 l&rsquo;enseignement, \u00e0 la recherche et \u00e0 la cr\u00e9ation de 2012 \u00e0 2017.<\/p>\n<p>&nbsp;<\/p>\n<p>&nbsp;<\/p>\n","protected":false},"excerpt":{"rendered":"<p>Le professeur Mustapha Fahmi remporte le prix du meilleur livre (int\u00e9r\u00eat g\u00e9n\u00e9ral) au 54e Salon du livre du Saguenay\u2013Lac-Saint-Jean pour son ouvrage La le\u00e7on de Rosalinde. \u00ab Dans cet essai, souligne le jury dans son commentaire, Mustapha Fahmi dispense un profond enseignement en puisant sa sagesse dans sa lecture de chefs-d&rsquo;\u0153uvre philosophiques et litt\u00e9raires. Avec [&hellip;]<\/p>\n","protected":false},"author":5,"featured_media":35261,"comment_status":"open","ping_status":"open","sticky":false,"template":"","format":"standard","meta":{"footnotes":""},"categories":[2,9,4],"tags":[152],"yoast_head":"<!-- This site is optimized with the Yoast SEO plugin v24.2 - https:\/\/yoast.com\/wordpress\/plugins\/seo\/ -->\r\n<title>Un prix pour le professeur Mustapha Fahmi - UQACtualit\u00e9s<\/title>\r\n<meta name=\"robots\" content=\"index, follow, max-snippet:-1, max-image-preview:large, max-video-preview:-1\" \/>\r\n<link rel=\"canonical\" href=\"https:\/\/www.uqac.ca\/uqactualites\/2018\/10\/09\/un-prix-pour-le-professeur-mustapha-fahmi\/\" \/>\r\n<meta property=\"og:locale\" content=\"fr_CA\" \/>\r\n<meta property=\"og:type\" content=\"article\" \/>\r\n<meta property=\"og:title\" content=\"Un prix pour le professeur Mustapha Fahmi - UQACtualit\u00e9s\" \/>\r\n<meta property=\"og:description\" content=\"Le professeur Mustapha Fahmi remporte le prix du meilleur livre (int\u00e9r\u00eat g\u00e9n\u00e9ral) au 54e Salon du livre du Saguenay\u2013Lac-Saint-Jean pour son ouvrage La le\u00e7on de Rosalinde. \u00ab Dans cet essai, souligne le jury dans son commentaire, Mustapha Fahmi dispense un profond enseignement en puisant sa sagesse dans sa lecture de chefs-d&rsquo;\u0153uvre philosophiques et litt\u00e9raires. Avec [&hellip;]\" \/>\r\n<meta property=\"og:url\" content=\"https:\/\/www.uqac.ca\/uqactualites\/2018\/10\/09\/un-prix-pour-le-professeur-mustapha-fahmi\/\" \/>\r\n<meta property=\"og:site_name\" content=\"UQACtualit\u00e9s\" \/>\r\n<meta property=\"article:published_time\" content=\"2018-10-09T17:53:45+00:00\" \/>\r\n<meta property=\"og:image\" content=\"https:\/\/www.uqac.ca\/uqactualites\/wp-content\/uploads\/2018\/10\/LP2018-LECONROSALINDE-COV-180205-LR.png\" \/>\r\n\t<meta property=\"og:image:width\" content=\"1500\" \/>\r\n\t<meta property=\"og:image:height\" content=\"2250\" \/>\r\n\t<meta property=\"og:image:type\" content=\"image\/png\" \/>\r\n<meta name=\"author\" content=\"Service des communications et des relations publiques\" \/>\r\n<meta name=\"twitter:card\" content=\"summary_large_image\" \/>\r\n<meta name=\"twitter:label1\" content=\"\u00c9crit par\" \/>\n\t<meta name=\"twitter:data1\" content=\"Service des communications et des relations publiques\" \/>\n\t<meta name=\"twitter:label2\" content=\"Estimation du temps de lecture\" \/>\n\t<meta name=\"twitter:data2\" content=\"1 minute\" \/>\r\n<script type=\"application\/ld+json\" class=\"yoast-schema-graph\">{\"@context\":\"https:\/\/schema.org\",\"@graph\":[{\"@type\":\"WebPage\",\"@id\":\"https:\/\/www.uqac.ca\/uqactualites\/2018\/10\/09\/un-prix-pour-le-professeur-mustapha-fahmi\/\",\"url\":\"https:\/\/www.uqac.ca\/uqactualites\/2018\/10\/09\/un-prix-pour-le-professeur-mustapha-fahmi\/\",\"name\":\"Un prix pour le professeur Mustapha Fahmi - UQACtualit\u00e9s\",\"isPartOf\":{\"@id\":\"https:\/\/www.uqac.ca\/uqactualites\/#website\"},\"primaryImageOfPage\":{\"@id\":\"https:\/\/www.uqac.ca\/uqactualites\/2018\/10\/09\/un-prix-pour-le-professeur-mustapha-fahmi\/#primaryimage\"},\"image\":{\"@id\":\"https:\/\/www.uqac.ca\/uqactualites\/2018\/10\/09\/un-prix-pour-le-professeur-mustapha-fahmi\/#primaryimage\"},\"thumbnailUrl\":\"https:\/\/www.uqac.ca\/uqactualites\/wp-content\/uploads\/2018\/10\/LP2018-LECONROSALINDE-COV-180205-LR.png\",\"datePublished\":\"2018-10-09T17:53:45+00:00\",\"dateModified\":\"2018-10-09T17:53:45+00:00\",\"author\":{\"@id\":\"https:\/\/www.uqac.ca\/uqactualites\/#\/schema\/person\/366c45a0c4f0e677b41b4af5886e2018\"},\"breadcrumb\":{\"@id\":\"https:\/\/www.uqac.ca\/uqactualites\/2018\/10\/09\/un-prix-pour-le-professeur-mustapha-fahmi\/#breadcrumb\"},\"inLanguage\":\"fr-CA\",\"potentialAction\":[{\"@type\":\"ReadAction\",\"target\":[\"https:\/\/www.uqac.ca\/uqactualites\/2018\/10\/09\/un-prix-pour-le-professeur-mustapha-fahmi\/\"]}]},{\"@type\":\"ImageObject\",\"inLanguage\":\"fr-CA\",\"@id\":\"https:\/\/www.uqac.ca\/uqactualites\/2018\/10\/09\/un-prix-pour-le-professeur-mustapha-fahmi\/#primaryimage\",\"url\":\"https:\/\/www.uqac.ca\/uqactualites\/wp-content\/uploads\/2018\/10\/LP2018-LECONROSALINDE-COV-180205-LR.png\",\"contentUrl\":\"https:\/\/www.uqac.ca\/uqactualites\/wp-content\/uploads\/2018\/10\/LP2018-LECONROSALINDE-COV-180205-LR.png\",\"width\":1500,\"height\":2250},{\"@type\":\"BreadcrumbList\",\"@id\":\"https:\/\/www.uqac.ca\/uqactualites\/2018\/10\/09\/un-prix-pour-le-professeur-mustapha-fahmi\/#breadcrumb\",\"itemListElement\":[{\"@type\":\"ListItem\",\"position\":1,\"name\":\"Home\",\"item\":\"https:\/\/www.uqac.ca\/uqactualites\/\"},{\"@type\":\"ListItem\",\"position\":2,\"name\":\"Un prix pour le professeur Mustapha Fahmi\"}]},{\"@type\":\"WebSite\",\"@id\":\"https:\/\/www.uqac.ca\/uqactualites\/#website\",\"url\":\"https:\/\/www.uqac.ca\/uqactualites\/\",\"name\":\"UQACtualit\u00e9s\",\"description\":\"Le portail des nouvelles de l&#039;UQAC\",\"potentialAction\":[{\"@type\":\"SearchAction\",\"target\":{\"@type\":\"EntryPoint\",\"urlTemplate\":\"https:\/\/www.uqac.ca\/uqactualites\/?s={search_term_string}\"},\"query-input\":{\"@type\":\"PropertyValueSpecification\",\"valueRequired\":true,\"valueName\":\"search_term_string\"}}],\"inLanguage\":\"fr-CA\"},{\"@type\":\"Person\",\"@id\":\"https:\/\/www.uqac.ca\/uqactualites\/#\/schema\/person\/366c45a0c4f0e677b41b4af5886e2018\",\"name\":\"Service des communications et des relations publiques\",\"image\":{\"@type\":\"ImageObject\",\"inLanguage\":\"fr-CA\",\"@id\":\"https:\/\/www.uqac.ca\/uqactualites\/#\/schema\/person\/image\/\",\"url\":\"https:\/\/secure.gravatar.com\/avatar\/20fbbda8a292f59f2d3461a5b999c00b?s=96&d=mm&r=g\",\"contentUrl\":\"https:\/\/secure.gravatar.com\/avatar\/20fbbda8a292f59f2d3461a5b999c00b?s=96&d=mm&r=g\",\"caption\":\"Service des communications et des relations publiques\"},\"url\":\"https:\/\/www.uqac.ca\/uqactualites\/author\/bap\/\"}]}<\/script>\r\n<!-- \/ Yoast SEO plugin. -->","yoast_head_json":{"title":"Un prix pour le professeur Mustapha Fahmi - UQACtualit\u00e9s","robots":{"index":"index","follow":"follow","max-snippet":"max-snippet:-1","max-image-preview":"max-image-preview:large","max-video-preview":"max-video-preview:-1"},"canonical":"https:\/\/www.uqac.ca\/uqactualites\/2018\/10\/09\/un-prix-pour-le-professeur-mustapha-fahmi\/","og_locale":"fr_CA","og_type":"article","og_title":"Un prix pour le professeur Mustapha Fahmi - UQACtualit\u00e9s","og_description":"Le professeur Mustapha Fahmi remporte le prix du meilleur livre (int\u00e9r\u00eat g\u00e9n\u00e9ral) au 54e Salon du livre du Saguenay\u2013Lac-Saint-Jean pour son ouvrage La le\u00e7on de Rosalinde. \u00ab Dans cet essai, souligne le jury dans son commentaire, Mustapha Fahmi dispense un profond enseignement en puisant sa sagesse dans sa lecture de chefs-d&rsquo;\u0153uvre philosophiques et litt\u00e9raires. Avec [&hellip;]","og_url":"https:\/\/www.uqac.ca\/uqactualites\/2018\/10\/09\/un-prix-pour-le-professeur-mustapha-fahmi\/","og_site_name":"UQACtualit\u00e9s","article_published_time":"2018-10-09T17:53:45+00:00","og_image":[{"width":1500,"height":2250,"url":"https:\/\/www.uqac.ca\/uqactualites\/wp-content\/uploads\/2018\/10\/LP2018-LECONROSALINDE-COV-180205-LR.png","type":"image\/png"}],"author":"Service des communications et des relations publiques","twitter_card":"summary_large_image","twitter_misc":{"\u00c9crit par":"Service des communications et des relations publiques","Estimation du temps de lecture":"1 minute"},"schema":{"@context":"https:\/\/schema.org","@graph":[{"@type":"WebPage","@id":"https:\/\/www.uqac.ca\/uqactualites\/2018\/10\/09\/un-prix-pour-le-professeur-mustapha-fahmi\/","url":"https:\/\/www.uqac.ca\/uqactualites\/2018\/10\/09\/un-prix-pour-le-professeur-mustapha-fahmi\/","name":"Un prix pour le professeur Mustapha Fahmi - UQACtualit\u00e9s","isPartOf":{"@id":"https:\/\/www.uqac.ca\/uqactualites\/#website"},"primaryImageOfPage":{"@id":"https:\/\/www.uqac.ca\/uqactualites\/2018\/10\/09\/un-prix-pour-le-professeur-mustapha-fahmi\/#primaryimage"},"image":{"@id":"https:\/\/www.uqac.ca\/uqactualites\/2018\/10\/09\/un-prix-pour-le-professeur-mustapha-fahmi\/#primaryimage"},"thumbnailUrl":"https:\/\/www.uqac.ca\/uqactualites\/wp-content\/uploads\/2018\/10\/LP2018-LECONROSALINDE-COV-180205-LR.png","datePublished":"2018-10-09T17:53:45+00:00","dateModified":"2018-10-09T17:53:45+00:00","author":{"@id":"https:\/\/www.uqac.ca\/uqactualites\/#\/schema\/person\/366c45a0c4f0e677b41b4af5886e2018"},"breadcrumb":{"@id":"https:\/\/www.uqac.ca\/uqactualites\/2018\/10\/09\/un-prix-pour-le-professeur-mustapha-fahmi\/#breadcrumb"},"inLanguage":"fr-CA","potentialAction":[{"@type":"ReadAction","target":["https:\/\/www.uqac.ca\/uqactualites\/2018\/10\/09\/un-prix-pour-le-professeur-mustapha-fahmi\/"]}]},{"@type":"ImageObject","inLanguage":"fr-CA","@id":"https:\/\/www.uqac.ca\/uqactualites\/2018\/10\/09\/un-prix-pour-le-professeur-mustapha-fahmi\/#primaryimage","url":"https:\/\/www.uqac.ca\/uqactualites\/wp-content\/uploads\/2018\/10\/LP2018-LECONROSALINDE-COV-180205-LR.png","contentUrl":"https:\/\/www.uqac.ca\/uqactualites\/wp-content\/uploads\/2018\/10\/LP2018-LECONROSALINDE-COV-180205-LR.png","width":1500,"height":2250},{"@type":"BreadcrumbList","@id":"https:\/\/www.uqac.ca\/uqactualites\/2018\/10\/09\/un-prix-pour-le-professeur-mustapha-fahmi\/#breadcrumb","itemListElement":[{"@type":"ListItem","position":1,"name":"Home","item":"https:\/\/www.uqac.ca\/uqactualites\/"},{"@type":"ListItem","position":2,"name":"Un prix pour le professeur Mustapha Fahmi"}]},{"@type":"WebSite","@id":"https:\/\/www.uqac.ca\/uqactualites\/#website","url":"https:\/\/www.uqac.ca\/uqactualites\/","name":"UQACtualit\u00e9s","description":"Le portail des nouvelles de l&#039;UQAC","potentialAction":[{"@type":"SearchAction","target":{"@type":"EntryPoint","urlTemplate":"https:\/\/www.uqac.ca\/uqactualites\/?s={search_term_string}"},"query-input":{"@type":"PropertyValueSpecification","valueRequired":true,"valueName":"search_term_string"}}],"inLanguage":"fr-CA"},{"@type":"Person","@id":"https:\/\/www.uqac.ca\/uqactualites\/#\/schema\/person\/366c45a0c4f0e677b41b4af5886e2018","name":"Service des communications et des relations publiques","image":{"@type":"ImageObject","inLanguage":"fr-CA","@id":"https:\/\/www.uqac.ca\/uqactualites\/#\/schema\/person\/image\/","url":"https:\/\/secure.gravatar.com\/avatar\/20fbbda8a292f59f2d3461a5b999c00b?s=96&d=mm&r=g","contentUrl":"https:\/\/secure.gravatar.com\/avatar\/20fbbda8a292f59f2d3461a5b999c00b?s=96&d=mm&r=g","caption":"Service des communications et des relations publiques"},"url":"https:\/\/www.uqac.ca\/uqactualites\/author\/bap\/"}]}},"_links":{"self":[{"href":"https:\/\/www.uqac.ca\/uqactualites\/wp-json\/wp\/v2\/posts\/35260"}],"collection":[{"href":"https:\/\/www.uqac.ca\/uqactualites\/wp-json\/wp\/v2\/posts"}],"about":[{"href":"https:\/\/www.uqac.ca\/uqactualites\/wp-json\/wp\/v2\/types\/post"}],"author":[{"embeddable":true,"href":"https:\/\/www.uqac.ca\/uqactualites\/wp-json\/wp\/v2\/users\/5"}],"replies":[{"embeddable":true,"href":"https:\/\/www.uqac.ca\/uqactualites\/wp-json\/wp\/v2\/comments?post=35260"}],"version-history":[{"count":0,"href":"https:\/\/www.uqac.ca\/uqactualites\/wp-json\/wp\/v2\/posts\/35260\/revisions"}],"wp:featuredmedia":[{"embeddable":true,"href":"https:\/\/www.uqac.ca\/uqactualites\/wp-json\/wp\/v2\/media\/35261"}],"wp:attachment":[{"href":"https:\/\/www.uqac.ca\/uqactualites\/wp-json\/wp\/v2\/media?parent=35260"}],"wp:term":[{"taxonomy":"category","embeddable":true,"href":"https:\/\/www.uqac.ca\/uqactualites\/wp-json\/wp\/v2\/categories?post=35260"},{"taxonomy":"post_tag","embeddable":true,"href":"https:\/\/www.uqac.ca\/uqactualites\/wp-json\/wp\/v2\/tags?post=35260"}],"curies":[{"name":"wp","href":"https:\/\/api.w.org\/{rel}","templated":true}]}}