{"id":35329,"date":"2018-11-05T09:14:23","date_gmt":"2018-11-05T14:14:23","guid":{"rendered":"https:\/\/www.uqac.ca\/?p=35329"},"modified":"2018-11-05T09:14:23","modified_gmt":"2018-11-05T14:14:23","slug":"damien-gaboury-recipiendaire-dun-prix-de-lordre-des-geologues-du-quebec","status":"publish","type":"post","link":"https:\/\/www.uqac.ca\/uqactualites\/2018\/11\/05\/damien-gaboury-recipiendaire-dun-prix-de-lordre-des-geologues-du-quebec\/","title":{"rendered":"Damien Gaboury r\u00e9cipiendaire d\u2019un prix de l\u2019Ordre des g\u00e9ologues du Qu\u00e9bec"},"content":{"rendered":"<p>Damien Gaboury, professeur au D\u00e9partement des sciences appliqu\u00e9es de l\u2019UQAC, s\u2019est vu d\u00e9cerner le prix <em>M\u00e9rite Ressources<\/em> lors de l\u2019assembl\u00e9e annuelle de l\u2019Ordre des g\u00e9ologues qui s\u2019est tenue \u00e0 Montr\u00e9al, vendredi le 19 octobre dernier. L\u2019obtention de ce prix souligne l\u2019implication tr\u00e8s importante de M. Gaboury dans la communaut\u00e9 de l\u2019exploration min\u00e9rale au Qu\u00e9bec et \u00e0 l\u2019\u00e9tranger.<\/p>\n<p>Depuis sa cr\u00e9ation en 2001 et en continuation d\u2019une tradition \u00e9tablie sous l\u2019Association professionnelle des g\u00e9ologues et g\u00e9ophysiciens du Qu\u00e9bec, l\u2019Ordre des g\u00e9ologues honore les r\u00e9alisations de ses membres en d\u00e9cernant chaque ann\u00e9e diverses 3 reconnaissances. Les prix sont d\u00e9cern\u00e9s \u00e0 des praticiens des sciences de la Terre qui se sont distingu\u00e9s de fa\u00e7on particuli\u00e8re par leurs r\u00e9alisations scientifiques et professionnelles et par l\u2019impact de leurs travaux dans la soci\u00e9t\u00e9 qu\u00e9b\u00e9coise.<\/p>\n<p>Plus sp\u00e9cifiquement, le <em>M\u00e9rite Ressources<\/em> est une distinction accord\u00e9e \u00e0 des g\u00e9ologues en cours de carri\u00e8re pour reconna\u00eetre leurs r\u00e9alisations exceptionnelles reli\u00e9es au d\u00e9veloppement des sciences de la Terre, \u00e0 leur utilisation ou \u00e0 l\u2019enseignement dans le secteur des ressources min\u00e9rales.<\/p>\n<p>Depuis 2001, cette reconnaissance a \u00e9t\u00e9 attribu\u00e9e 15 fois, dont seulement \u00e0 3 reprise \u00e0 des professeurs universitaires. Il s\u2019agit donc d\u2019une reconnaissance professionnelle li\u00e9e \u00e0 la pratique dans le domaine des ressources min\u00e9rales.<\/p>\n<p>L\u2019UQAC est particuli\u00e8rement reconnue au Qu\u00e9bec pour ses programmes de formation de g\u00e9ologues et d\u2019ing\u00e9nieurs en g\u00e9ologie qui sont fortement orient\u00e9s vers la pratique.<\/p>\n<p><strong>Photo<br \/>\n<\/strong>De gauche \u00e0 droite\u00a0: Robert Wares, pr\u00e9sident sortant de l\u2019Ordre des g\u00e9ologues, Michel A. Crevier, ancien vice-pr\u00e9sident Exploration et G\u00e9ologie mini\u00e8re de SEMAFO, Damien Gaboury, professeur en sciences de la Terre \u00e0 l\u2019UQAC et Danielle Giovenazzo, pr\u00e9sidente de l\u2019Ordre des g\u00e9ologues.\u00a0<em>\u00a9Claude David, directeur g\u00e9n\u00e9ral et secr\u00e9taire de l\u2019Ordre des g\u00e9ologues<\/em><\/p>\n","protected":false},"excerpt":{"rendered":"<p>Damien Gaboury, professeur au D\u00e9partement des sciences appliqu\u00e9es de l\u2019UQAC, s\u2019est vu d\u00e9cerner le prix M\u00e9rite Ressources lors de l\u2019assembl\u00e9e annuelle de l\u2019Ordre des g\u00e9ologues qui s\u2019est tenue \u00e0 Montr\u00e9al, vendredi le 19 octobre dernier. L\u2019obtention de ce prix souligne l\u2019implication tr\u00e8s importante de M. Gaboury dans la communaut\u00e9 de l\u2019exploration min\u00e9rale au Qu\u00e9bec et [&hellip;]<\/p>\n","protected":false},"author":5,"featured_media":35330,"comment_status":"open","ping_status":"open","sticky":false,"template":"","format":"standard","meta":{"footnotes":""},"categories":[2],"tags":[21],"yoast_head":"<!-- This site is optimized with the Yoast SEO plugin v24.2 - https:\/\/yoast.com\/wordpress\/plugins\/seo\/ -->\r\n<title>Damien Gaboury r\u00e9cipiendaire d\u2019un prix de l\u2019Ordre des g\u00e9ologues du Qu\u00e9bec - UQACtualit\u00e9s<\/title>\r\n<meta name=\"robots\" content=\"index, follow, max-snippet:-1, max-image-preview:large, max-video-preview:-1\" \/>\r\n<link rel=\"canonical\" href=\"https:\/\/www.uqac.ca\/uqactualites\/2018\/11\/05\/damien-gaboury-recipiendaire-dun-prix-de-lordre-des-geologues-du-quebec\/\" \/>\r\n<meta property=\"og:locale\" content=\"fr_CA\" \/>\r\n<meta property=\"og:type\" content=\"article\" \/>\r\n<meta property=\"og:title\" content=\"Damien Gaboury r\u00e9cipiendaire d\u2019un prix de l\u2019Ordre des g\u00e9ologues du Qu\u00e9bec - UQACtualit\u00e9s\" \/>\r\n<meta property=\"og:description\" content=\"Damien Gaboury, professeur au D\u00e9partement des sciences appliqu\u00e9es de l\u2019UQAC, s\u2019est vu d\u00e9cerner le prix M\u00e9rite Ressources lors de l\u2019assembl\u00e9e annuelle de l\u2019Ordre des g\u00e9ologues qui s\u2019est tenue \u00e0 Montr\u00e9al, vendredi le 19 octobre dernier. L\u2019obtention de ce prix souligne l\u2019implication tr\u00e8s importante de M. Gaboury dans la communaut\u00e9 de l\u2019exploration min\u00e9rale au Qu\u00e9bec et [&hellip;]\" \/>\r\n<meta property=\"og:url\" content=\"https:\/\/www.uqac.ca\/uqactualites\/2018\/11\/05\/damien-gaboury-recipiendaire-dun-prix-de-lordre-des-geologues-du-quebec\/\" \/>\r\n<meta property=\"og:site_name\" content=\"UQACtualit\u00e9s\" \/>\r\n<meta property=\"article:published_time\" content=\"2018-11-05T14:14:23+00:00\" \/>\r\n<meta property=\"og:image\" content=\"https:\/\/www.uqac.ca\/uqactualites\/wp-content\/uploads\/2018\/11\/2018-AGA-D-Gaboury2-scaled.jpg\" \/>\r\n\t<meta property=\"og:image:width\" content=\"2560\" \/>\r\n\t<meta property=\"og:image:height\" content=\"1707\" \/>\r\n\t<meta property=\"og:image:type\" content=\"image\/jpeg\" \/>\r\n<meta name=\"author\" content=\"Service des communications et des relations publiques\" \/>\r\n<meta name=\"twitter:card\" content=\"summary_large_image\" \/>\r\n<meta name=\"twitter:label1\" content=\"\u00c9crit par\" \/>\n\t<meta name=\"twitter:data1\" content=\"Service des communications et des relations publiques\" \/>\n\t<meta name=\"twitter:label2\" content=\"Estimation du temps de lecture\" \/>\n\t<meta name=\"twitter:data2\" content=\"2 minutes\" \/>\r\n<script type=\"application\/ld+json\" class=\"yoast-schema-graph\">{\"@context\":\"https:\/\/schema.org\",\"@graph\":[{\"@type\":\"WebPage\",\"@id\":\"https:\/\/www.uqac.ca\/uqactualites\/2018\/11\/05\/damien-gaboury-recipiendaire-dun-prix-de-lordre-des-geologues-du-quebec\/\",\"url\":\"https:\/\/www.uqac.ca\/uqactualites\/2018\/11\/05\/damien-gaboury-recipiendaire-dun-prix-de-lordre-des-geologues-du-quebec\/\",\"name\":\"Damien Gaboury r\u00e9cipiendaire d\u2019un prix de l\u2019Ordre des g\u00e9ologues du Qu\u00e9bec - UQACtualit\u00e9s\",\"isPartOf\":{\"@id\":\"https:\/\/www.uqac.ca\/uqactualites\/#website\"},\"primaryImageOfPage\":{\"@id\":\"https:\/\/www.uqac.ca\/uqactualites\/2018\/11\/05\/damien-gaboury-recipiendaire-dun-prix-de-lordre-des-geologues-du-quebec\/#primaryimage\"},\"image\":{\"@id\":\"https:\/\/www.uqac.ca\/uqactualites\/2018\/11\/05\/damien-gaboury-recipiendaire-dun-prix-de-lordre-des-geologues-du-quebec\/#primaryimage\"},\"thumbnailUrl\":\"https:\/\/www.uqac.ca\/uqactualites\/wp-content\/uploads\/2018\/11\/2018-AGA-D-Gaboury2-scaled.jpg\",\"datePublished\":\"2018-11-05T14:14:23+00:00\",\"dateModified\":\"2018-11-05T14:14:23+00:00\",\"author\":{\"@id\":\"https:\/\/www.uqac.ca\/uqactualites\/#\/schema\/person\/366c45a0c4f0e677b41b4af5886e2018\"},\"breadcrumb\":{\"@id\":\"https:\/\/www.uqac.ca\/uqactualites\/2018\/11\/05\/damien-gaboury-recipiendaire-dun-prix-de-lordre-des-geologues-du-quebec\/#breadcrumb\"},\"inLanguage\":\"fr-CA\",\"potentialAction\":[{\"@type\":\"ReadAction\",\"target\":[\"https:\/\/www.uqac.ca\/uqactualites\/2018\/11\/05\/damien-gaboury-recipiendaire-dun-prix-de-lordre-des-geologues-du-quebec\/\"]}]},{\"@type\":\"ImageObject\",\"inLanguage\":\"fr-CA\",\"@id\":\"https:\/\/www.uqac.ca\/uqactualites\/2018\/11\/05\/damien-gaboury-recipiendaire-dun-prix-de-lordre-des-geologues-du-quebec\/#primaryimage\",\"url\":\"https:\/\/www.uqac.ca\/uqactualites\/wp-content\/uploads\/2018\/11\/2018-AGA-D-Gaboury2-scaled.jpg\",\"contentUrl\":\"https:\/\/www.uqac.ca\/uqactualites\/wp-content\/uploads\/2018\/11\/2018-AGA-D-Gaboury2-scaled.jpg\",\"width\":2560,\"height\":1707},{\"@type\":\"BreadcrumbList\",\"@id\":\"https:\/\/www.uqac.ca\/uqactualites\/2018\/11\/05\/damien-gaboury-recipiendaire-dun-prix-de-lordre-des-geologues-du-quebec\/#breadcrumb\",\"itemListElement\":[{\"@type\":\"ListItem\",\"position\":1,\"name\":\"Home\",\"item\":\"https:\/\/www.uqac.ca\/uqactualites\/\"},{\"@type\":\"ListItem\",\"position\":2,\"name\":\"Damien Gaboury r\u00e9cipiendaire d\u2019un prix de l\u2019Ordre des g\u00e9ologues du Qu\u00e9bec\"}]},{\"@type\":\"WebSite\",\"@id\":\"https:\/\/www.uqac.ca\/uqactualites\/#website\",\"url\":\"https:\/\/www.uqac.ca\/uqactualites\/\",\"name\":\"UQACtualit\u00e9s\",\"description\":\"Le portail des nouvelles de l&#039;UQAC\",\"potentialAction\":[{\"@type\":\"SearchAction\",\"target\":{\"@type\":\"EntryPoint\",\"urlTemplate\":\"https:\/\/www.uqac.ca\/uqactualites\/?s={search_term_string}\"},\"query-input\":{\"@type\":\"PropertyValueSpecification\",\"valueRequired\":true,\"valueName\":\"search_term_string\"}}],\"inLanguage\":\"fr-CA\"},{\"@type\":\"Person\",\"@id\":\"https:\/\/www.uqac.ca\/uqactualites\/#\/schema\/person\/366c45a0c4f0e677b41b4af5886e2018\",\"name\":\"Service des communications et des relations publiques\",\"image\":{\"@type\":\"ImageObject\",\"inLanguage\":\"fr-CA\",\"@id\":\"https:\/\/www.uqac.ca\/uqactualites\/#\/schema\/person\/image\/\",\"url\":\"https:\/\/secure.gravatar.com\/avatar\/20fbbda8a292f59f2d3461a5b999c00b?s=96&d=mm&r=g\",\"contentUrl\":\"https:\/\/secure.gravatar.com\/avatar\/20fbbda8a292f59f2d3461a5b999c00b?s=96&d=mm&r=g\",\"caption\":\"Service des communications et des relations publiques\"},\"url\":\"https:\/\/www.uqac.ca\/uqactualites\/author\/bap\/\"}]}<\/script>\r\n<!-- \/ Yoast SEO plugin. -->","yoast_head_json":{"title":"Damien Gaboury r\u00e9cipiendaire d\u2019un prix de l\u2019Ordre des g\u00e9ologues du Qu\u00e9bec - UQACtualit\u00e9s","robots":{"index":"index","follow":"follow","max-snippet":"max-snippet:-1","max-image-preview":"max-image-preview:large","max-video-preview":"max-video-preview:-1"},"canonical":"https:\/\/www.uqac.ca\/uqactualites\/2018\/11\/05\/damien-gaboury-recipiendaire-dun-prix-de-lordre-des-geologues-du-quebec\/","og_locale":"fr_CA","og_type":"article","og_title":"Damien Gaboury r\u00e9cipiendaire d\u2019un prix de l\u2019Ordre des g\u00e9ologues du Qu\u00e9bec - UQACtualit\u00e9s","og_description":"Damien Gaboury, professeur au D\u00e9partement des sciences appliqu\u00e9es de l\u2019UQAC, s\u2019est vu d\u00e9cerner le prix M\u00e9rite Ressources lors de l\u2019assembl\u00e9e annuelle de l\u2019Ordre des g\u00e9ologues qui s\u2019est tenue \u00e0 Montr\u00e9al, vendredi le 19 octobre dernier. L\u2019obtention de ce prix souligne l\u2019implication tr\u00e8s importante de M. Gaboury dans la communaut\u00e9 de l\u2019exploration min\u00e9rale au Qu\u00e9bec et [&hellip;]","og_url":"https:\/\/www.uqac.ca\/uqactualites\/2018\/11\/05\/damien-gaboury-recipiendaire-dun-prix-de-lordre-des-geologues-du-quebec\/","og_site_name":"UQACtualit\u00e9s","article_published_time":"2018-11-05T14:14:23+00:00","og_image":[{"width":2560,"height":1707,"url":"https:\/\/www.uqac.ca\/uqactualites\/wp-content\/uploads\/2018\/11\/2018-AGA-D-Gaboury2-scaled.jpg","type":"image\/jpeg"}],"author":"Service des communications et des relations publiques","twitter_card":"summary_large_image","twitter_misc":{"\u00c9crit par":"Service des communications et des relations publiques","Estimation du temps de lecture":"2 minutes"},"schema":{"@context":"https:\/\/schema.org","@graph":[{"@type":"WebPage","@id":"https:\/\/www.uqac.ca\/uqactualites\/2018\/11\/05\/damien-gaboury-recipiendaire-dun-prix-de-lordre-des-geologues-du-quebec\/","url":"https:\/\/www.uqac.ca\/uqactualites\/2018\/11\/05\/damien-gaboury-recipiendaire-dun-prix-de-lordre-des-geologues-du-quebec\/","name":"Damien Gaboury r\u00e9cipiendaire d\u2019un prix de l\u2019Ordre des g\u00e9ologues du Qu\u00e9bec - UQACtualit\u00e9s","isPartOf":{"@id":"https:\/\/www.uqac.ca\/uqactualites\/#website"},"primaryImageOfPage":{"@id":"https:\/\/www.uqac.ca\/uqactualites\/2018\/11\/05\/damien-gaboury-recipiendaire-dun-prix-de-lordre-des-geologues-du-quebec\/#primaryimage"},"image":{"@id":"https:\/\/www.uqac.ca\/uqactualites\/2018\/11\/05\/damien-gaboury-recipiendaire-dun-prix-de-lordre-des-geologues-du-quebec\/#primaryimage"},"thumbnailUrl":"https:\/\/www.uqac.ca\/uqactualites\/wp-content\/uploads\/2018\/11\/2018-AGA-D-Gaboury2-scaled.jpg","datePublished":"2018-11-05T14:14:23+00:00","dateModified":"2018-11-05T14:14:23+00:00","author":{"@id":"https:\/\/www.uqac.ca\/uqactualites\/#\/schema\/person\/366c45a0c4f0e677b41b4af5886e2018"},"breadcrumb":{"@id":"https:\/\/www.uqac.ca\/uqactualites\/2018\/11\/05\/damien-gaboury-recipiendaire-dun-prix-de-lordre-des-geologues-du-quebec\/#breadcrumb"},"inLanguage":"fr-CA","potentialAction":[{"@type":"ReadAction","target":["https:\/\/www.uqac.ca\/uqactualites\/2018\/11\/05\/damien-gaboury-recipiendaire-dun-prix-de-lordre-des-geologues-du-quebec\/"]}]},{"@type":"ImageObject","inLanguage":"fr-CA","@id":"https:\/\/www.uqac.ca\/uqactualites\/2018\/11\/05\/damien-gaboury-recipiendaire-dun-prix-de-lordre-des-geologues-du-quebec\/#primaryimage","url":"https:\/\/www.uqac.ca\/uqactualites\/wp-content\/uploads\/2018\/11\/2018-AGA-D-Gaboury2-scaled.jpg","contentUrl":"https:\/\/www.uqac.ca\/uqactualites\/wp-content\/uploads\/2018\/11\/2018-AGA-D-Gaboury2-scaled.jpg","width":2560,"height":1707},{"@type":"BreadcrumbList","@id":"https:\/\/www.uqac.ca\/uqactualites\/2018\/11\/05\/damien-gaboury-recipiendaire-dun-prix-de-lordre-des-geologues-du-quebec\/#breadcrumb","itemListElement":[{"@type":"ListItem","position":1,"name":"Home","item":"https:\/\/www.uqac.ca\/uqactualites\/"},{"@type":"ListItem","position":2,"name":"Damien Gaboury r\u00e9cipiendaire d\u2019un prix de l\u2019Ordre des g\u00e9ologues du Qu\u00e9bec"}]},{"@type":"WebSite","@id":"https:\/\/www.uqac.ca\/uqactualites\/#website","url":"https:\/\/www.uqac.ca\/uqactualites\/","name":"UQACtualit\u00e9s","description":"Le portail des nouvelles de l&#039;UQAC","potentialAction":[{"@type":"SearchAction","target":{"@type":"EntryPoint","urlTemplate":"https:\/\/www.uqac.ca\/uqactualites\/?s={search_term_string}"},"query-input":{"@type":"PropertyValueSpecification","valueRequired":true,"valueName":"search_term_string"}}],"inLanguage":"fr-CA"},{"@type":"Person","@id":"https:\/\/www.uqac.ca\/uqactualites\/#\/schema\/person\/366c45a0c4f0e677b41b4af5886e2018","name":"Service des communications et des relations publiques","image":{"@type":"ImageObject","inLanguage":"fr-CA","@id":"https:\/\/www.uqac.ca\/uqactualites\/#\/schema\/person\/image\/","url":"https:\/\/secure.gravatar.com\/avatar\/20fbbda8a292f59f2d3461a5b999c00b?s=96&d=mm&r=g","contentUrl":"https:\/\/secure.gravatar.com\/avatar\/20fbbda8a292f59f2d3461a5b999c00b?s=96&d=mm&r=g","caption":"Service des communications et des relations publiques"},"url":"https:\/\/www.uqac.ca\/uqactualites\/author\/bap\/"}]}},"_links":{"self":[{"href":"https:\/\/www.uqac.ca\/uqactualites\/wp-json\/wp\/v2\/posts\/35329"}],"collection":[{"href":"https:\/\/www.uqac.ca\/uqactualites\/wp-json\/wp\/v2\/posts"}],"about":[{"href":"https:\/\/www.uqac.ca\/uqactualites\/wp-json\/wp\/v2\/types\/post"}],"author":[{"embeddable":true,"href":"https:\/\/www.uqac.ca\/uqactualites\/wp-json\/wp\/v2\/users\/5"}],"replies":[{"embeddable":true,"href":"https:\/\/www.uqac.ca\/uqactualites\/wp-json\/wp\/v2\/comments?post=35329"}],"version-history":[{"count":0,"href":"https:\/\/www.uqac.ca\/uqactualites\/wp-json\/wp\/v2\/posts\/35329\/revisions"}],"wp:featuredmedia":[{"embeddable":true,"href":"https:\/\/www.uqac.ca\/uqactualites\/wp-json\/wp\/v2\/media\/35330"}],"wp:attachment":[{"href":"https:\/\/www.uqac.ca\/uqactualites\/wp-json\/wp\/v2\/media?parent=35329"}],"wp:term":[{"taxonomy":"category","embeddable":true,"href":"https:\/\/www.uqac.ca\/uqactualites\/wp-json\/wp\/v2\/categories?post=35329"},{"taxonomy":"post_tag","embeddable":true,"href":"https:\/\/www.uqac.ca\/uqactualites\/wp-json\/wp\/v2\/tags?post=35329"}],"curies":[{"name":"wp","href":"https:\/\/api.w.org\/{rel}","templated":true}]}}