{"id":35340,"date":"2018-11-05T10:18:29","date_gmt":"2018-11-05T15:18:29","guid":{"rendered":"https:\/\/www.uqac.ca\/?p=35340"},"modified":"2018-11-05T10:18:29","modified_gmt":"2018-11-05T15:18:29","slug":"la-chaire-en-eco-conseil-contribue-au-plus-recent-rapport-de-developpement-durable-de-la-francophonie","status":"publish","type":"post","link":"https:\/\/www.uqac.ca\/uqactualites\/2018\/11\/05\/la-chaire-en-eco-conseil-contribue-au-plus-recent-rapport-de-developpement-durable-de-la-francophonie\/","title":{"rendered":"La Chaire en \u00e9co-conseil contribue au plus r\u00e9cent rapport de d\u00e9veloppement durable de la Francophonie"},"content":{"rendered":"<p>La <a href=\"http:\/\/ecoconseil.uqac.ca\/\">Chaire en \u00e9co-conseil<\/a> de l\u2019Universit\u00e9 du Qu\u00e9bec \u00e0 Chicoutimi a jou\u00e9 un r\u00f4le de premier plan dans le rapport intitul\u00e9 <a href=\"http:\/\/www.ifdd.francophonie.org\/ressources\/ressources-pub-desc.php?id=744\"><strong>FRANCOPHONIE ET D\u00c9VELOPPEMENT DURABLE : Innovations et bonnes pratiques &#8211; \u00e9dition 2018 <\/strong><\/a>de l\u2019Institut de la Francophonie pour le d\u00e9veloppement durable (IFDD)<strong>.<\/strong> Georges Lanmafankpotin, professeur associ\u00e9 au D\u00e9partement des sciences fondamentales, et membre de la <a href=\"http:\/\/ecoconseil.uqac.ca\/\">Chaire en \u00e9co-conseil<\/a>, y a contribu\u00e9 \u00e0 titre d\u2019expert et d\u2019auteur. Le rapport utilise la fiche de gouvernance du d\u00e9veloppement durable (FGDD) de la Francophonie, un outil d\u2019analyse syst\u00e9mique de durabilit\u00e9 d\u00e9velopp\u00e9 \u00e0 la <a href=\"http:\/\/ecoconseil.uqac.ca\/\">Chaire en \u00e9co-conseil<\/a> de l\u2019UQAC, en partenariat avec l\u2019Institut de la Francophonie pour le D\u00e9veloppement durable (IFDD).\u00a0 La fiche est destin\u00e9e aux \u00c9tats et gouvernements afin de leur permettre de faire l\u2019\u00e9tat des lieux en mati\u00e8re de gouvernance, de documenter et de faire le suivi des indicateurs internationalement reconnus.<\/p>\n<p>En 2018, la capitalisation des r\u00e9sultats d\u2019analyse des FGDD mises \u00e0 jour a servi \u00e0 la r\u00e9daction du \u00ab\u00a0chapitre V.I Les grandes tendances de la gouvernance du d\u00e9veloppement durable\u00a0\u00bb du rapport de l\u2019OIF \u00ab\u00a0<em>Francophonie et d\u00e9veloppement durable\u00a0: Innovations et bonnes pratiques. \u00c9dition 2018<\/em>\u00a0\u00bb dont elles constituent l\u2019\u00e9pine dorsale. Le chapitre V est, en effet, l\u2019une des deux charpentes de l\u2019architecture du rapport qui dresse sp\u00e9cifiquement un bilan de l\u2019\u00e9volution de la gouvernance du d\u00e9veloppement durable au sein des \u00c9tats et gouvernements membres de la Francophonie et recense 46 innovations majeures en d\u00e9veloppement durable au sein de 34 d\u2019entre eux, de m\u00eame qu\u2019une trentaine de bonnes pratiques gouvernementales et d\u2019acteurs non \u00e9tatiques. Le lancement officiel du rapport a eu lieu lors du Forum \u00e9conomique dans le cadre du 17<sup>e<\/sup> Sommet de la Francophonie \u00e0 Erevan.<\/p>\n<p>La r\u00e9alisation de la FGDD est n\u00e9e d\u2019un projet initi\u00e9 en 2011 par l\u2019IFDD et son d\u00e9veloppement a \u00e9t\u00e9 confi\u00e9 \u00e0 la Chaire en \u00e9co-conseil dans le cadre de la contribution de la Francophonie \u00e0 Rio+20. Ce projet a abouti \u00e0 la production de profils nationaux regroup\u00e9s en un ouvrage unique sur l\u2019\u00e9tat de la gouvernance du DD. La fiche a \u00e9t\u00e9 mise \u00e0 jour en 2017 pour tenir compte des nouveaux enjeux apparus et du Programme de d\u00e9veloppement durable \u00e0 l\u2019horizon 2030 (PDD-H2030) et de ses ODD dans le cadre du partenariat 2015-2018 OIF-UQAC pour le renforcement de capacit\u00e9 des pays membres de la Francophonie en analyse syst\u00e9mique de la durabilit\u00e9. La mise \u00e0 jour a permis d\u2019int\u00e9grer les engagements internationaux intervenus en 2015, comme l\u2019Accord de Paris sur le Climat et le Plan d\u2019Action d\u2019Addis-Abeba. Traduite en anglais, elle a \u00e9t\u00e9 retenue dans les outils privil\u00e9gi\u00e9s par les Nations Unies pour la mise en \u0153uvre du PDD H-2030 en juillet 2017. Les FGDD ont permis \u00e0 chacun des pays de se situer par rapport \u00e0 ses pairs et de mesurer le chemin qu\u2019il lui reste \u00e0 parcourir pour acc\u00e9der \u00e0 l\u2019optimum.<\/p>\n<p>&nbsp;<\/p>\n<p>Source\u00a0:<br \/>\nClaude Villeneuve et Georges Lanmafankpotin, Chaire en \u00e9co-conseil<\/p>\n<p>Le rapport est disponible au <a href=\"http:\/\/www.ifdd.francophonie.org\/ressources\/ressources-pub-desc.php?id=744\"><br \/>\nhttp:\/\/www.ifdd.francophonie.org\/ressources\/ressources-pub-desc.php?id=744<\/a>.<\/p>\n","protected":false},"excerpt":{"rendered":"<p>La Chaire en \u00e9co-conseil de l\u2019Universit\u00e9 du Qu\u00e9bec \u00e0 Chicoutimi a jou\u00e9 un r\u00f4le de premier plan dans le rapport intitul\u00e9 FRANCOPHONIE ET D\u00c9VELOPPEMENT DURABLE : Innovations et bonnes pratiques &#8211; \u00e9dition 2018 de l\u2019Institut de la Francophonie pour le d\u00e9veloppement durable (IFDD). Georges Lanmafankpotin, professeur associ\u00e9 au D\u00e9partement des sciences fondamentales, et membre de [&hellip;]<\/p>\n","protected":false},"author":5,"featured_media":35341,"comment_status":"open","ping_status":"open","sticky":false,"template":"","format":"standard","meta":{"footnotes":""},"categories":[2,2772],"tags":[3],"yoast_head":"<!-- This site is optimized with the Yoast SEO plugin v24.2 - https:\/\/yoast.com\/wordpress\/plugins\/seo\/ -->\r\n<title>La Chaire en \u00e9co-conseil contribue au plus r\u00e9cent rapport de d\u00e9veloppement durable de la Francophonie - UQACtualit\u00e9s<\/title>\r\n<meta name=\"robots\" content=\"index, follow, max-snippet:-1, max-image-preview:large, max-video-preview:-1\" \/>\r\n<link rel=\"canonical\" href=\"https:\/\/www.uqac.ca\/uqactualites\/2018\/11\/05\/la-chaire-en-eco-conseil-contribue-au-plus-recent-rapport-de-developpement-durable-de-la-francophonie\/\" \/>\r\n<meta property=\"og:locale\" content=\"fr_CA\" \/>\r\n<meta property=\"og:type\" content=\"article\" \/>\r\n<meta property=\"og:title\" content=\"La Chaire en \u00e9co-conseil contribue au plus r\u00e9cent rapport de d\u00e9veloppement durable de la Francophonie - UQACtualit\u00e9s\" \/>\r\n<meta property=\"og:description\" content=\"La Chaire en \u00e9co-conseil de l\u2019Universit\u00e9 du Qu\u00e9bec \u00e0 Chicoutimi a jou\u00e9 un r\u00f4le de premier plan dans le rapport intitul\u00e9 FRANCOPHONIE ET D\u00c9VELOPPEMENT DURABLE : Innovations et bonnes pratiques &#8211; \u00e9dition 2018 de l\u2019Institut de la Francophonie pour le d\u00e9veloppement durable (IFDD). Georges Lanmafankpotin, professeur associ\u00e9 au D\u00e9partement des sciences fondamentales, et membre de [&hellip;]\" \/>\r\n<meta property=\"og:url\" content=\"https:\/\/www.uqac.ca\/uqactualites\/2018\/11\/05\/la-chaire-en-eco-conseil-contribue-au-plus-recent-rapport-de-developpement-durable-de-la-francophonie\/\" \/>\r\n<meta property=\"og:site_name\" content=\"UQACtualit\u00e9s\" \/>\r\n<meta property=\"article:published_time\" content=\"2018-11-05T15:18:29+00:00\" \/>\r\n<meta property=\"og:image\" content=\"https:\/\/www.uqac.ca\/uqactualites\/wp-content\/uploads\/2018\/11\/Chaire-eco-conseil-scaled.jpg\" \/>\r\n\t<meta property=\"og:image:width\" content=\"2560\" \/>\r\n\t<meta property=\"og:image:height\" content=\"1700\" \/>\r\n\t<meta property=\"og:image:type\" content=\"image\/jpeg\" \/>\r\n<meta name=\"author\" content=\"Service des communications et des relations publiques\" \/>\r\n<meta name=\"twitter:card\" content=\"summary_large_image\" \/>\r\n<meta name=\"twitter:label1\" content=\"\u00c9crit par\" \/>\n\t<meta name=\"twitter:data1\" content=\"Service des communications et des relations publiques\" \/>\n\t<meta name=\"twitter:label2\" content=\"Estimation du temps de lecture\" \/>\n\t<meta name=\"twitter:data2\" content=\"3 minutes\" \/>\r\n<script type=\"application\/ld+json\" class=\"yoast-schema-graph\">{\"@context\":\"https:\/\/schema.org\",\"@graph\":[{\"@type\":\"WebPage\",\"@id\":\"https:\/\/www.uqac.ca\/uqactualites\/2018\/11\/05\/la-chaire-en-eco-conseil-contribue-au-plus-recent-rapport-de-developpement-durable-de-la-francophonie\/\",\"url\":\"https:\/\/www.uqac.ca\/uqactualites\/2018\/11\/05\/la-chaire-en-eco-conseil-contribue-au-plus-recent-rapport-de-developpement-durable-de-la-francophonie\/\",\"name\":\"La Chaire en \u00e9co-conseil contribue au plus r\u00e9cent rapport de d\u00e9veloppement durable de la Francophonie - UQACtualit\u00e9s\",\"isPartOf\":{\"@id\":\"https:\/\/www.uqac.ca\/uqactualites\/#website\"},\"primaryImageOfPage\":{\"@id\":\"https:\/\/www.uqac.ca\/uqactualites\/2018\/11\/05\/la-chaire-en-eco-conseil-contribue-au-plus-recent-rapport-de-developpement-durable-de-la-francophonie\/#primaryimage\"},\"image\":{\"@id\":\"https:\/\/www.uqac.ca\/uqactualites\/2018\/11\/05\/la-chaire-en-eco-conseil-contribue-au-plus-recent-rapport-de-developpement-durable-de-la-francophonie\/#primaryimage\"},\"thumbnailUrl\":\"https:\/\/www.uqac.ca\/uqactualites\/wp-content\/uploads\/2018\/11\/Chaire-eco-conseil-scaled.jpg\",\"datePublished\":\"2018-11-05T15:18:29+00:00\",\"dateModified\":\"2018-11-05T15:18:29+00:00\",\"author\":{\"@id\":\"https:\/\/www.uqac.ca\/uqactualites\/#\/schema\/person\/366c45a0c4f0e677b41b4af5886e2018\"},\"breadcrumb\":{\"@id\":\"https:\/\/www.uqac.ca\/uqactualites\/2018\/11\/05\/la-chaire-en-eco-conseil-contribue-au-plus-recent-rapport-de-developpement-durable-de-la-francophonie\/#breadcrumb\"},\"inLanguage\":\"fr-CA\",\"potentialAction\":[{\"@type\":\"ReadAction\",\"target\":[\"https:\/\/www.uqac.ca\/uqactualites\/2018\/11\/05\/la-chaire-en-eco-conseil-contribue-au-plus-recent-rapport-de-developpement-durable-de-la-francophonie\/\"]}]},{\"@type\":\"ImageObject\",\"inLanguage\":\"fr-CA\",\"@id\":\"https:\/\/www.uqac.ca\/uqactualites\/2018\/11\/05\/la-chaire-en-eco-conseil-contribue-au-plus-recent-rapport-de-developpement-durable-de-la-francophonie\/#primaryimage\",\"url\":\"https:\/\/www.uqac.ca\/uqactualites\/wp-content\/uploads\/2018\/11\/Chaire-eco-conseil-scaled.jpg\",\"contentUrl\":\"https:\/\/www.uqac.ca\/uqactualites\/wp-content\/uploads\/2018\/11\/Chaire-eco-conseil-scaled.jpg\",\"width\":2560,\"height\":1700},{\"@type\":\"BreadcrumbList\",\"@id\":\"https:\/\/www.uqac.ca\/uqactualites\/2018\/11\/05\/la-chaire-en-eco-conseil-contribue-au-plus-recent-rapport-de-developpement-durable-de-la-francophonie\/#breadcrumb\",\"itemListElement\":[{\"@type\":\"ListItem\",\"position\":1,\"name\":\"Home\",\"item\":\"https:\/\/www.uqac.ca\/uqactualites\/\"},{\"@type\":\"ListItem\",\"position\":2,\"name\":\"La Chaire en \u00e9co-conseil contribue au plus r\u00e9cent rapport de d\u00e9veloppement durable de la Francophonie\"}]},{\"@type\":\"WebSite\",\"@id\":\"https:\/\/www.uqac.ca\/uqactualites\/#website\",\"url\":\"https:\/\/www.uqac.ca\/uqactualites\/\",\"name\":\"UQACtualit\u00e9s\",\"description\":\"Le portail des nouvelles de l&#039;UQAC\",\"potentialAction\":[{\"@type\":\"SearchAction\",\"target\":{\"@type\":\"EntryPoint\",\"urlTemplate\":\"https:\/\/www.uqac.ca\/uqactualites\/?s={search_term_string}\"},\"query-input\":{\"@type\":\"PropertyValueSpecification\",\"valueRequired\":true,\"valueName\":\"search_term_string\"}}],\"inLanguage\":\"fr-CA\"},{\"@type\":\"Person\",\"@id\":\"https:\/\/www.uqac.ca\/uqactualites\/#\/schema\/person\/366c45a0c4f0e677b41b4af5886e2018\",\"name\":\"Service des communications et des relations publiques\",\"image\":{\"@type\":\"ImageObject\",\"inLanguage\":\"fr-CA\",\"@id\":\"https:\/\/www.uqac.ca\/uqactualites\/#\/schema\/person\/image\/\",\"url\":\"https:\/\/secure.gravatar.com\/avatar\/20fbbda8a292f59f2d3461a5b999c00b?s=96&d=mm&r=g\",\"contentUrl\":\"https:\/\/secure.gravatar.com\/avatar\/20fbbda8a292f59f2d3461a5b999c00b?s=96&d=mm&r=g\",\"caption\":\"Service des communications et des relations publiques\"},\"url\":\"https:\/\/www.uqac.ca\/uqactualites\/author\/bap\/\"}]}<\/script>\r\n<!-- \/ Yoast SEO plugin. -->","yoast_head_json":{"title":"La Chaire en \u00e9co-conseil contribue au plus r\u00e9cent rapport de d\u00e9veloppement durable de la Francophonie - UQACtualit\u00e9s","robots":{"index":"index","follow":"follow","max-snippet":"max-snippet:-1","max-image-preview":"max-image-preview:large","max-video-preview":"max-video-preview:-1"},"canonical":"https:\/\/www.uqac.ca\/uqactualites\/2018\/11\/05\/la-chaire-en-eco-conseil-contribue-au-plus-recent-rapport-de-developpement-durable-de-la-francophonie\/","og_locale":"fr_CA","og_type":"article","og_title":"La Chaire en \u00e9co-conseil contribue au plus r\u00e9cent rapport de d\u00e9veloppement durable de la Francophonie - UQACtualit\u00e9s","og_description":"La Chaire en \u00e9co-conseil de l\u2019Universit\u00e9 du Qu\u00e9bec \u00e0 Chicoutimi a jou\u00e9 un r\u00f4le de premier plan dans le rapport intitul\u00e9 FRANCOPHONIE ET D\u00c9VELOPPEMENT DURABLE : Innovations et bonnes pratiques &#8211; \u00e9dition 2018 de l\u2019Institut de la Francophonie pour le d\u00e9veloppement durable (IFDD). Georges Lanmafankpotin, professeur associ\u00e9 au D\u00e9partement des sciences fondamentales, et membre de [&hellip;]","og_url":"https:\/\/www.uqac.ca\/uqactualites\/2018\/11\/05\/la-chaire-en-eco-conseil-contribue-au-plus-recent-rapport-de-developpement-durable-de-la-francophonie\/","og_site_name":"UQACtualit\u00e9s","article_published_time":"2018-11-05T15:18:29+00:00","og_image":[{"width":2560,"height":1700,"url":"https:\/\/www.uqac.ca\/uqactualites\/wp-content\/uploads\/2018\/11\/Chaire-eco-conseil-scaled.jpg","type":"image\/jpeg"}],"author":"Service des communications et des relations publiques","twitter_card":"summary_large_image","twitter_misc":{"\u00c9crit par":"Service des communications et des relations publiques","Estimation du temps de lecture":"3 minutes"},"schema":{"@context":"https:\/\/schema.org","@graph":[{"@type":"WebPage","@id":"https:\/\/www.uqac.ca\/uqactualites\/2018\/11\/05\/la-chaire-en-eco-conseil-contribue-au-plus-recent-rapport-de-developpement-durable-de-la-francophonie\/","url":"https:\/\/www.uqac.ca\/uqactualites\/2018\/11\/05\/la-chaire-en-eco-conseil-contribue-au-plus-recent-rapport-de-developpement-durable-de-la-francophonie\/","name":"La Chaire en \u00e9co-conseil contribue au plus r\u00e9cent rapport de d\u00e9veloppement durable de la Francophonie - UQACtualit\u00e9s","isPartOf":{"@id":"https:\/\/www.uqac.ca\/uqactualites\/#website"},"primaryImageOfPage":{"@id":"https:\/\/www.uqac.ca\/uqactualites\/2018\/11\/05\/la-chaire-en-eco-conseil-contribue-au-plus-recent-rapport-de-developpement-durable-de-la-francophonie\/#primaryimage"},"image":{"@id":"https:\/\/www.uqac.ca\/uqactualites\/2018\/11\/05\/la-chaire-en-eco-conseil-contribue-au-plus-recent-rapport-de-developpement-durable-de-la-francophonie\/#primaryimage"},"thumbnailUrl":"https:\/\/www.uqac.ca\/uqactualites\/wp-content\/uploads\/2018\/11\/Chaire-eco-conseil-scaled.jpg","datePublished":"2018-11-05T15:18:29+00:00","dateModified":"2018-11-05T15:18:29+00:00","author":{"@id":"https:\/\/www.uqac.ca\/uqactualites\/#\/schema\/person\/366c45a0c4f0e677b41b4af5886e2018"},"breadcrumb":{"@id":"https:\/\/www.uqac.ca\/uqactualites\/2018\/11\/05\/la-chaire-en-eco-conseil-contribue-au-plus-recent-rapport-de-developpement-durable-de-la-francophonie\/#breadcrumb"},"inLanguage":"fr-CA","potentialAction":[{"@type":"ReadAction","target":["https:\/\/www.uqac.ca\/uqactualites\/2018\/11\/05\/la-chaire-en-eco-conseil-contribue-au-plus-recent-rapport-de-developpement-durable-de-la-francophonie\/"]}]},{"@type":"ImageObject","inLanguage":"fr-CA","@id":"https:\/\/www.uqac.ca\/uqactualites\/2018\/11\/05\/la-chaire-en-eco-conseil-contribue-au-plus-recent-rapport-de-developpement-durable-de-la-francophonie\/#primaryimage","url":"https:\/\/www.uqac.ca\/uqactualites\/wp-content\/uploads\/2018\/11\/Chaire-eco-conseil-scaled.jpg","contentUrl":"https:\/\/www.uqac.ca\/uqactualites\/wp-content\/uploads\/2018\/11\/Chaire-eco-conseil-scaled.jpg","width":2560,"height":1700},{"@type":"BreadcrumbList","@id":"https:\/\/www.uqac.ca\/uqactualites\/2018\/11\/05\/la-chaire-en-eco-conseil-contribue-au-plus-recent-rapport-de-developpement-durable-de-la-francophonie\/#breadcrumb","itemListElement":[{"@type":"ListItem","position":1,"name":"Home","item":"https:\/\/www.uqac.ca\/uqactualites\/"},{"@type":"ListItem","position":2,"name":"La Chaire en \u00e9co-conseil contribue au plus r\u00e9cent rapport de d\u00e9veloppement durable de la Francophonie"}]},{"@type":"WebSite","@id":"https:\/\/www.uqac.ca\/uqactualites\/#website","url":"https:\/\/www.uqac.ca\/uqactualites\/","name":"UQACtualit\u00e9s","description":"Le portail des nouvelles de l&#039;UQAC","potentialAction":[{"@type":"SearchAction","target":{"@type":"EntryPoint","urlTemplate":"https:\/\/www.uqac.ca\/uqactualites\/?s={search_term_string}"},"query-input":{"@type":"PropertyValueSpecification","valueRequired":true,"valueName":"search_term_string"}}],"inLanguage":"fr-CA"},{"@type":"Person","@id":"https:\/\/www.uqac.ca\/uqactualites\/#\/schema\/person\/366c45a0c4f0e677b41b4af5886e2018","name":"Service des communications et des relations publiques","image":{"@type":"ImageObject","inLanguage":"fr-CA","@id":"https:\/\/www.uqac.ca\/uqactualites\/#\/schema\/person\/image\/","url":"https:\/\/secure.gravatar.com\/avatar\/20fbbda8a292f59f2d3461a5b999c00b?s=96&d=mm&r=g","contentUrl":"https:\/\/secure.gravatar.com\/avatar\/20fbbda8a292f59f2d3461a5b999c00b?s=96&d=mm&r=g","caption":"Service des communications et des relations publiques"},"url":"https:\/\/www.uqac.ca\/uqactualites\/author\/bap\/"}]}},"_links":{"self":[{"href":"https:\/\/www.uqac.ca\/uqactualites\/wp-json\/wp\/v2\/posts\/35340"}],"collection":[{"href":"https:\/\/www.uqac.ca\/uqactualites\/wp-json\/wp\/v2\/posts"}],"about":[{"href":"https:\/\/www.uqac.ca\/uqactualites\/wp-json\/wp\/v2\/types\/post"}],"author":[{"embeddable":true,"href":"https:\/\/www.uqac.ca\/uqactualites\/wp-json\/wp\/v2\/users\/5"}],"replies":[{"embeddable":true,"href":"https:\/\/www.uqac.ca\/uqactualites\/wp-json\/wp\/v2\/comments?post=35340"}],"version-history":[{"count":0,"href":"https:\/\/www.uqac.ca\/uqactualites\/wp-json\/wp\/v2\/posts\/35340\/revisions"}],"wp:featuredmedia":[{"embeddable":true,"href":"https:\/\/www.uqac.ca\/uqactualites\/wp-json\/wp\/v2\/media\/35341"}],"wp:attachment":[{"href":"https:\/\/www.uqac.ca\/uqactualites\/wp-json\/wp\/v2\/media?parent=35340"}],"wp:term":[{"taxonomy":"category","embeddable":true,"href":"https:\/\/www.uqac.ca\/uqactualites\/wp-json\/wp\/v2\/categories?post=35340"},{"taxonomy":"post_tag","embeddable":true,"href":"https:\/\/www.uqac.ca\/uqactualites\/wp-json\/wp\/v2\/tags?post=35340"}],"curies":[{"name":"wp","href":"https:\/\/api.w.org\/{rel}","templated":true}]}}