{"id":35396,"date":"2018-11-29T08:59:26","date_gmt":"2018-11-29T13:59:26","guid":{"rendered":"https:\/\/www.uqac.ca\/?p=35396"},"modified":"2024-09-30T16:26:28","modified_gmt":"2024-09-30T20:26:28","slug":"luqac-inaugure-sa-clinique-universitaire-de-physiotherapie","status":"publish","type":"post","link":"https:\/\/www.uqac.ca\/uqactualites\/2018\/11\/29\/luqac-inaugure-sa-clinique-universitaire-de-physiotherapie\/","title":{"rendered":"L\u2019UQAC inaugure sa Clinique universitaire de physioth\u00e9rapie"},"content":{"rendered":"<p>La rectrice de l\u2019Universit\u00e9 du Qu\u00e9bec \u00e0 Chicoutimi, Nicole Bouchard, a proc\u00e9d\u00e9, cet apr\u00e8s-midi, \u00e0 l\u2019inauguration de la Clinique universitaire de physioth\u00e9rapie, situ\u00e9e au Pavillon du Grand S\u00e9minaire, en compagnie de Julie Labb\u00e9, pr\u00e9sidente-directrice g\u00e9n\u00e9rale du Centre int\u00e9gr\u00e9 universitaire de sant\u00e9 et de services sociaux du Saguenay\u2013Lac-Saint-Jean\u00a0et de Dre Judith Soicher, directrice associ\u00e9e de l\u2019\u00c9cole d\u2019ergoth\u00e9rapie et de physioth\u00e9rapie de l\u2019Universit\u00e9 McGill.<\/p>\n<p>Cette nouvelle clinique, unique au Qu\u00e9bec, propose des traitements pour des client\u00e8les sp\u00e9cifiques pr\u00e9sentant des conditions complexes et multiples. L\u2019ouverture de la Clinique de physioth\u00e9rapie de l\u2019UQAC am\u00e9liorera ainsi de fa\u00e7on marqu\u00e9e l\u2019acc\u00e8s aux services de physioth\u00e9rapie pour les client\u00e8les vuln\u00e9rables en plus de constituer une valeur ajout\u00e9e pour les autres cliniciens de la r\u00e9gion qui auront acc\u00e8s plus facilement aux avanc\u00e9es en recherche et aux meilleures pratiques.<\/p>\n<p>Par ailleurs, la nouvelle clinique, mise sur pied dans le cadre du programme de physioth\u00e9rapie offert gr\u00e2ce au soutien et \u00e0 la collaboration de l\u2019Universit\u00e9 McGill, procurera \u00e9galement un plus grand nombre de places de stages pour les \u00e9tudiants assurant ainsi un meilleur taux de r\u00e9tention de professionnels de la sant\u00e9 ayant re\u00e7u une formation de niveau sup\u00e9rieur en termes de sp\u00e9cialisation. De plus, la Clinique de physioth\u00e9rapie de l\u2019UQAC permettra \u00e9galement la cr\u00e9ation de milieux de recherches par et pour les professeurs de l\u2019Unit\u00e9 d\u2019enseignement en physioth\u00e9rapie de l\u2019UQAC en collaboration avec des intervenants du r\u00e9seau de la sant\u00e9 et des services sociaux provenant de la Clinique des maladies neuromusculaires du CIUSSS SLSJ, situ\u00e9e \u00e0 Jonqui\u00e8re, de l\u2019h\u00f4pital de jour et de l\u2019URFI g\u00e9riatrique de La Baie.<\/p>\n<p><strong>Obtention de l\u2019agr\u00e9ment<br \/>\n<\/strong>L\u2019Universit\u00e9 du Qu\u00e9bec \u00e0 Chicoutimi profite \u00e9galement de l\u2019inauguration d\u2019aujourd\u2019hui pour annoncer que le programme de ma\u00eetrise \u00e8s sciences appliqu\u00e9es en physioth\u00e9rapie de l\u2019UQAC a compl\u00e9t\u00e9 le processus d\u2019\u00e9valuation d\u2019agr\u00e9ment administr\u00e9 par l\u2019Agr\u00e9ment de l\u2019enseignement de la physioth\u00e9rapie au Canada (AEPC). Le statut d\u2019agr\u00e9ment en conformit\u00e9 totale a \u00e9t\u00e9 accord\u00e9 jusqu\u2019au 31 octobre 2022 attestant de la grande qualit\u00e9 de notre programme. C\u2019est avec une grande fiert\u00e9 que l\u2019UQAC accueille cette nouvelle d\u2019autant plus qu\u2019il est tr\u00e8s rare qu\u2019un programme compl\u00e8te tout le processus d\u2019agr\u00e9ment sans devoir produire des rapports p\u00e9riodiques pour le conserver.<\/p>\n","protected":false},"excerpt":{"rendered":"<p>La rectrice de l\u2019Universit\u00e9 du Qu\u00e9bec \u00e0 Chicoutimi, Nicole Bouchard, a proc\u00e9d\u00e9, cet apr\u00e8s-midi, \u00e0 l\u2019inauguration de la Clinique universitaire de physioth\u00e9rapie, situ\u00e9e au Pavillon du Grand S\u00e9minaire, en compagnie de Julie Labb\u00e9, pr\u00e9sidente-directrice g\u00e9n\u00e9rale du Centre int\u00e9gr\u00e9 universitaire de sant\u00e9 et de services sociaux du Saguenay\u2013Lac-Saint-Jean\u00a0et de Dre Judith Soicher, directrice associ\u00e9e de l\u2019\u00c9cole [&hellip;]<\/p>\n","protected":false},"author":5,"featured_media":35398,"comment_status":"open","ping_status":"open","sticky":false,"template":"","format":"standard","meta":{"footnotes":""},"categories":[2,2772,2854,4],"tags":[433,23,99],"yoast_head":"<!-- This site is optimized with the Yoast SEO plugin v24.2 - https:\/\/yoast.com\/wordpress\/plugins\/seo\/ -->\r\n<title>L\u2019UQAC inaugure sa Clinique universitaire de physioth\u00e9rapie - UQACtualit\u00e9s<\/title>\r\n<meta name=\"robots\" content=\"index, follow, max-snippet:-1, max-image-preview:large, max-video-preview:-1\" \/>\r\n<link rel=\"canonical\" href=\"https:\/\/www.uqac.ca\/uqactualites\/2018\/11\/29\/luqac-inaugure-sa-clinique-universitaire-de-physiotherapie\/\" \/>\r\n<meta property=\"og:locale\" content=\"fr_CA\" \/>\r\n<meta property=\"og:type\" content=\"article\" \/>\r\n<meta property=\"og:title\" content=\"L\u2019UQAC inaugure sa Clinique universitaire de physioth\u00e9rapie - UQACtualit\u00e9s\" \/>\r\n<meta property=\"og:description\" content=\"La rectrice de l\u2019Universit\u00e9 du Qu\u00e9bec \u00e0 Chicoutimi, Nicole Bouchard, a proc\u00e9d\u00e9, cet apr\u00e8s-midi, \u00e0 l\u2019inauguration de la Clinique universitaire de physioth\u00e9rapie, situ\u00e9e au Pavillon du Grand S\u00e9minaire, en compagnie de Julie Labb\u00e9, pr\u00e9sidente-directrice g\u00e9n\u00e9rale du Centre int\u00e9gr\u00e9 universitaire de sant\u00e9 et de services sociaux du Saguenay\u2013Lac-Saint-Jean\u00a0et de Dre Judith Soicher, directrice associ\u00e9e de l\u2019\u00c9cole [&hellip;]\" \/>\r\n<meta property=\"og:url\" content=\"https:\/\/www.uqac.ca\/uqactualites\/2018\/11\/29\/luqac-inaugure-sa-clinique-universitaire-de-physiotherapie\/\" \/>\r\n<meta property=\"og:site_name\" content=\"UQACtualit\u00e9s\" \/>\r\n<meta property=\"article:published_time\" content=\"2018-11-29T13:59:26+00:00\" \/>\r\n<meta property=\"article:modified_time\" content=\"2024-09-30T20:26:28+00:00\" \/>\r\n<meta property=\"og:image\" content=\"https:\/\/www.uqac.ca\/uqactualites\/wp-content\/uploads\/2018\/11\/IMG_1487.jpg\" \/>\r\n\t<meta property=\"og:image:width\" content=\"1200\" \/>\r\n\t<meta property=\"og:image:height\" content=\"800\" \/>\r\n\t<meta property=\"og:image:type\" content=\"image\/jpeg\" \/>\r\n<meta name=\"author\" content=\"Service des communications et des relations publiques\" \/>\r\n<meta name=\"twitter:card\" content=\"summary_large_image\" \/>\r\n<meta name=\"twitter:label1\" content=\"\u00c9crit par\" \/>\n\t<meta name=\"twitter:data1\" content=\"Service des communications et des relations publiques\" \/>\n\t<meta name=\"twitter:label2\" content=\"Estimation du temps de lecture\" \/>\n\t<meta name=\"twitter:data2\" content=\"3 minutes\" \/>\r\n<script type=\"application\/ld+json\" class=\"yoast-schema-graph\">{\"@context\":\"https:\/\/schema.org\",\"@graph\":[{\"@type\":\"WebPage\",\"@id\":\"https:\/\/www.uqac.ca\/uqactualites\/2018\/11\/29\/luqac-inaugure-sa-clinique-universitaire-de-physiotherapie\/\",\"url\":\"https:\/\/www.uqac.ca\/uqactualites\/2018\/11\/29\/luqac-inaugure-sa-clinique-universitaire-de-physiotherapie\/\",\"name\":\"L\u2019UQAC inaugure sa Clinique universitaire de physioth\u00e9rapie - UQACtualit\u00e9s\",\"isPartOf\":{\"@id\":\"https:\/\/www.uqac.ca\/uqactualites\/#website\"},\"primaryImageOfPage\":{\"@id\":\"https:\/\/www.uqac.ca\/uqactualites\/2018\/11\/29\/luqac-inaugure-sa-clinique-universitaire-de-physiotherapie\/#primaryimage\"},\"image\":{\"@id\":\"https:\/\/www.uqac.ca\/uqactualites\/2018\/11\/29\/luqac-inaugure-sa-clinique-universitaire-de-physiotherapie\/#primaryimage\"},\"thumbnailUrl\":\"https:\/\/www.uqac.ca\/uqactualites\/wp-content\/uploads\/2018\/11\/IMG_1487.jpg\",\"datePublished\":\"2018-11-29T13:59:26+00:00\",\"dateModified\":\"2024-09-30T20:26:28+00:00\",\"author\":{\"@id\":\"https:\/\/www.uqac.ca\/uqactualites\/#\/schema\/person\/366c45a0c4f0e677b41b4af5886e2018\"},\"breadcrumb\":{\"@id\":\"https:\/\/www.uqac.ca\/uqactualites\/2018\/11\/29\/luqac-inaugure-sa-clinique-universitaire-de-physiotherapie\/#breadcrumb\"},\"inLanguage\":\"fr-CA\",\"potentialAction\":[{\"@type\":\"ReadAction\",\"target\":[\"https:\/\/www.uqac.ca\/uqactualites\/2018\/11\/29\/luqac-inaugure-sa-clinique-universitaire-de-physiotherapie\/\"]}]},{\"@type\":\"ImageObject\",\"inLanguage\":\"fr-CA\",\"@id\":\"https:\/\/www.uqac.ca\/uqactualites\/2018\/11\/29\/luqac-inaugure-sa-clinique-universitaire-de-physiotherapie\/#primaryimage\",\"url\":\"https:\/\/www.uqac.ca\/uqactualites\/wp-content\/uploads\/2018\/11\/IMG_1487.jpg\",\"contentUrl\":\"https:\/\/www.uqac.ca\/uqactualites\/wp-content\/uploads\/2018\/11\/IMG_1487.jpg\",\"width\":1200,\"height\":800},{\"@type\":\"BreadcrumbList\",\"@id\":\"https:\/\/www.uqac.ca\/uqactualites\/2018\/11\/29\/luqac-inaugure-sa-clinique-universitaire-de-physiotherapie\/#breadcrumb\",\"itemListElement\":[{\"@type\":\"ListItem\",\"position\":1,\"name\":\"Home\",\"item\":\"https:\/\/www.uqac.ca\/uqactualites\/\"},{\"@type\":\"ListItem\",\"position\":2,\"name\":\"L\u2019UQAC inaugure sa Clinique universitaire de physioth\u00e9rapie\"}]},{\"@type\":\"WebSite\",\"@id\":\"https:\/\/www.uqac.ca\/uqactualites\/#website\",\"url\":\"https:\/\/www.uqac.ca\/uqactualites\/\",\"name\":\"UQACtualit\u00e9s\",\"description\":\"Le portail des nouvelles de l&#039;UQAC\",\"potentialAction\":[{\"@type\":\"SearchAction\",\"target\":{\"@type\":\"EntryPoint\",\"urlTemplate\":\"https:\/\/www.uqac.ca\/uqactualites\/?s={search_term_string}\"},\"query-input\":{\"@type\":\"PropertyValueSpecification\",\"valueRequired\":true,\"valueName\":\"search_term_string\"}}],\"inLanguage\":\"fr-CA\"},{\"@type\":\"Person\",\"@id\":\"https:\/\/www.uqac.ca\/uqactualites\/#\/schema\/person\/366c45a0c4f0e677b41b4af5886e2018\",\"name\":\"Service des communications et des relations publiques\",\"image\":{\"@type\":\"ImageObject\",\"inLanguage\":\"fr-CA\",\"@id\":\"https:\/\/www.uqac.ca\/uqactualites\/#\/schema\/person\/image\/\",\"url\":\"https:\/\/secure.gravatar.com\/avatar\/20fbbda8a292f59f2d3461a5b999c00b?s=96&d=mm&r=g\",\"contentUrl\":\"https:\/\/secure.gravatar.com\/avatar\/20fbbda8a292f59f2d3461a5b999c00b?s=96&d=mm&r=g\",\"caption\":\"Service des communications et des relations publiques\"},\"url\":\"https:\/\/www.uqac.ca\/uqactualites\/author\/bap\/\"}]}<\/script>\r\n<!-- \/ Yoast SEO plugin. -->","yoast_head_json":{"title":"L\u2019UQAC inaugure sa Clinique universitaire de physioth\u00e9rapie - UQACtualit\u00e9s","robots":{"index":"index","follow":"follow","max-snippet":"max-snippet:-1","max-image-preview":"max-image-preview:large","max-video-preview":"max-video-preview:-1"},"canonical":"https:\/\/www.uqac.ca\/uqactualites\/2018\/11\/29\/luqac-inaugure-sa-clinique-universitaire-de-physiotherapie\/","og_locale":"fr_CA","og_type":"article","og_title":"L\u2019UQAC inaugure sa Clinique universitaire de physioth\u00e9rapie - UQACtualit\u00e9s","og_description":"La rectrice de l\u2019Universit\u00e9 du Qu\u00e9bec \u00e0 Chicoutimi, Nicole Bouchard, a proc\u00e9d\u00e9, cet apr\u00e8s-midi, \u00e0 l\u2019inauguration de la Clinique universitaire de physioth\u00e9rapie, situ\u00e9e au Pavillon du Grand S\u00e9minaire, en compagnie de Julie Labb\u00e9, pr\u00e9sidente-directrice g\u00e9n\u00e9rale du Centre int\u00e9gr\u00e9 universitaire de sant\u00e9 et de services sociaux du Saguenay\u2013Lac-Saint-Jean\u00a0et de Dre Judith Soicher, directrice associ\u00e9e de l\u2019\u00c9cole [&hellip;]","og_url":"https:\/\/www.uqac.ca\/uqactualites\/2018\/11\/29\/luqac-inaugure-sa-clinique-universitaire-de-physiotherapie\/","og_site_name":"UQACtualit\u00e9s","article_published_time":"2018-11-29T13:59:26+00:00","article_modified_time":"2024-09-30T20:26:28+00:00","og_image":[{"width":1200,"height":800,"url":"https:\/\/www.uqac.ca\/uqactualites\/wp-content\/uploads\/2018\/11\/IMG_1487.jpg","type":"image\/jpeg"}],"author":"Service des communications et des relations publiques","twitter_card":"summary_large_image","twitter_misc":{"\u00c9crit par":"Service des communications et des relations publiques","Estimation du temps de lecture":"3 minutes"},"schema":{"@context":"https:\/\/schema.org","@graph":[{"@type":"WebPage","@id":"https:\/\/www.uqac.ca\/uqactualites\/2018\/11\/29\/luqac-inaugure-sa-clinique-universitaire-de-physiotherapie\/","url":"https:\/\/www.uqac.ca\/uqactualites\/2018\/11\/29\/luqac-inaugure-sa-clinique-universitaire-de-physiotherapie\/","name":"L\u2019UQAC inaugure sa Clinique universitaire de physioth\u00e9rapie - UQACtualit\u00e9s","isPartOf":{"@id":"https:\/\/www.uqac.ca\/uqactualites\/#website"},"primaryImageOfPage":{"@id":"https:\/\/www.uqac.ca\/uqactualites\/2018\/11\/29\/luqac-inaugure-sa-clinique-universitaire-de-physiotherapie\/#primaryimage"},"image":{"@id":"https:\/\/www.uqac.ca\/uqactualites\/2018\/11\/29\/luqac-inaugure-sa-clinique-universitaire-de-physiotherapie\/#primaryimage"},"thumbnailUrl":"https:\/\/www.uqac.ca\/uqactualites\/wp-content\/uploads\/2018\/11\/IMG_1487.jpg","datePublished":"2018-11-29T13:59:26+00:00","dateModified":"2024-09-30T20:26:28+00:00","author":{"@id":"https:\/\/www.uqac.ca\/uqactualites\/#\/schema\/person\/366c45a0c4f0e677b41b4af5886e2018"},"breadcrumb":{"@id":"https:\/\/www.uqac.ca\/uqactualites\/2018\/11\/29\/luqac-inaugure-sa-clinique-universitaire-de-physiotherapie\/#breadcrumb"},"inLanguage":"fr-CA","potentialAction":[{"@type":"ReadAction","target":["https:\/\/www.uqac.ca\/uqactualites\/2018\/11\/29\/luqac-inaugure-sa-clinique-universitaire-de-physiotherapie\/"]}]},{"@type":"ImageObject","inLanguage":"fr-CA","@id":"https:\/\/www.uqac.ca\/uqactualites\/2018\/11\/29\/luqac-inaugure-sa-clinique-universitaire-de-physiotherapie\/#primaryimage","url":"https:\/\/www.uqac.ca\/uqactualites\/wp-content\/uploads\/2018\/11\/IMG_1487.jpg","contentUrl":"https:\/\/www.uqac.ca\/uqactualites\/wp-content\/uploads\/2018\/11\/IMG_1487.jpg","width":1200,"height":800},{"@type":"BreadcrumbList","@id":"https:\/\/www.uqac.ca\/uqactualites\/2018\/11\/29\/luqac-inaugure-sa-clinique-universitaire-de-physiotherapie\/#breadcrumb","itemListElement":[{"@type":"ListItem","position":1,"name":"Home","item":"https:\/\/www.uqac.ca\/uqactualites\/"},{"@type":"ListItem","position":2,"name":"L\u2019UQAC inaugure sa Clinique universitaire de physioth\u00e9rapie"}]},{"@type":"WebSite","@id":"https:\/\/www.uqac.ca\/uqactualites\/#website","url":"https:\/\/www.uqac.ca\/uqactualites\/","name":"UQACtualit\u00e9s","description":"Le portail des nouvelles de l&#039;UQAC","potentialAction":[{"@type":"SearchAction","target":{"@type":"EntryPoint","urlTemplate":"https:\/\/www.uqac.ca\/uqactualites\/?s={search_term_string}"},"query-input":{"@type":"PropertyValueSpecification","valueRequired":true,"valueName":"search_term_string"}}],"inLanguage":"fr-CA"},{"@type":"Person","@id":"https:\/\/www.uqac.ca\/uqactualites\/#\/schema\/person\/366c45a0c4f0e677b41b4af5886e2018","name":"Service des communications et des relations publiques","image":{"@type":"ImageObject","inLanguage":"fr-CA","@id":"https:\/\/www.uqac.ca\/uqactualites\/#\/schema\/person\/image\/","url":"https:\/\/secure.gravatar.com\/avatar\/20fbbda8a292f59f2d3461a5b999c00b?s=96&d=mm&r=g","contentUrl":"https:\/\/secure.gravatar.com\/avatar\/20fbbda8a292f59f2d3461a5b999c00b?s=96&d=mm&r=g","caption":"Service des communications et des relations publiques"},"url":"https:\/\/www.uqac.ca\/uqactualites\/author\/bap\/"}]}},"_links":{"self":[{"href":"https:\/\/www.uqac.ca\/uqactualites\/wp-json\/wp\/v2\/posts\/35396"}],"collection":[{"href":"https:\/\/www.uqac.ca\/uqactualites\/wp-json\/wp\/v2\/posts"}],"about":[{"href":"https:\/\/www.uqac.ca\/uqactualites\/wp-json\/wp\/v2\/types\/post"}],"author":[{"embeddable":true,"href":"https:\/\/www.uqac.ca\/uqactualites\/wp-json\/wp\/v2\/users\/5"}],"replies":[{"embeddable":true,"href":"https:\/\/www.uqac.ca\/uqactualites\/wp-json\/wp\/v2\/comments?post=35396"}],"version-history":[{"count":1,"href":"https:\/\/www.uqac.ca\/uqactualites\/wp-json\/wp\/v2\/posts\/35396\/revisions"}],"predecessor-version":[{"id":48778,"href":"https:\/\/www.uqac.ca\/uqactualites\/wp-json\/wp\/v2\/posts\/35396\/revisions\/48778"}],"wp:featuredmedia":[{"embeddable":true,"href":"https:\/\/www.uqac.ca\/uqactualites\/wp-json\/wp\/v2\/media\/35398"}],"wp:attachment":[{"href":"https:\/\/www.uqac.ca\/uqactualites\/wp-json\/wp\/v2\/media?parent=35396"}],"wp:term":[{"taxonomy":"category","embeddable":true,"href":"https:\/\/www.uqac.ca\/uqactualites\/wp-json\/wp\/v2\/categories?post=35396"},{"taxonomy":"post_tag","embeddable":true,"href":"https:\/\/www.uqac.ca\/uqactualites\/wp-json\/wp\/v2\/tags?post=35396"}],"curies":[{"name":"wp","href":"https:\/\/api.w.org\/{rel}","templated":true}]}}