{"id":35405,"date":"2018-12-06T08:57:00","date_gmt":"2018-12-06T13:57:00","guid":{"rendered":"https:\/\/www.uqac.ca\/?p=35405"},"modified":"2018-12-06T08:57:00","modified_gmt":"2018-12-06T13:57:00","slug":"le-dsea-lance-la-premiere-version-de-son-atelier-dedie-a-la-communication-scientifique","status":"publish","type":"post","link":"https:\/\/www.uqac.ca\/uqactualites\/2018\/12\/06\/le-dsea-lance-la-premiere-version-de-son-atelier-dedie-a-la-communication-scientifique\/","title":{"rendered":"Le DSEA lance la premi\u00e8re version de son atelier d\u00e9di\u00e9 \u00e0 la communication scientifique"},"content":{"rendered":"<p>Le comit\u00e9 de la recherche du DSEA, en collaboration avec Myriam Ertz, professeure de marketing au DSEA,\u00a0a\u00a0tenu la premi\u00e8re \u00e9dition de l&rsquo;<em>Atelier de r\u00e9daction et de pr\u00e9sentation de communication scientifique<\/em>, \u00e0 l&rsquo;intention des \u00e9tudiants de ma\u00eetrise et de doctorat dans le domaine des\u00a0sciences \u00e9conomiques et administratives.<\/p>\n<p>L&rsquo;atelier a d\u00e9but\u00e9 avec une pr\u00e9sentation de la chercheuse Anne-Fran\u00e7oise Audrain-Pontevia,\u00a0professeure de marketing \u00e0 l&rsquo;\u00c9SG-UQ\u00c0M et chercheuse associ\u00e9e \u00e0 l&rsquo;Observatoire de la consommation responsable (OCR). La professeure a fait b\u00e9n\u00e9ficier\u00a0l&rsquo;assistance de son expertise en\u00a0pr\u00e9sentation orale\u00a0d&rsquo;une communication scientifique, notamment dans le cadre\u00a0de conf\u00e9rences, colloques et congr\u00e8s.\u00a0En ce qui a trait \u00e0 l&rsquo;\u00e9crit, la professeure Ertz, qui est \u00e9galement responsable du LaboNFC, a introduit les participants aux m\u00e9thodes de r\u00e9daction d&rsquo;un article scientifique.<\/p>\n<p>D\u00e9bats, questions-r\u00e9ponses, jeu, concours\u00a0(avec bonbons \u00e0 la cl\u00e9!), l&rsquo;atelier se voulait certes scientifique, mais aussi ludique et\u00a0interactif. Il\u00a0a connu un vif succ\u00e8s aupr\u00e8s des \u00e9tudiants et a donn\u00e9 lieu \u00e0 des \u00e9changes stimulants et enrichissants pour toutes les parties en pr\u00e9sence.<\/p>\n<p>L&rsquo;atelier avait deux objectifs fondamentaux : 1) familiariser les participants avec les notions, m\u00e9thodes, et bonnes pratiques en r\u00e9daction et pr\u00e9sentation de communications scientifiques; et 2) permettre aux participants\u00a0de mettre les\u00a0connaissances th\u00e9oriques ainsi acquises\u00a0en pratique. En effet, tous les participants \u00e0 l&rsquo;atelier\u00a0sont \u00e9ligibles \u00e0 prendre part \u00e0 la\u00a0journ\u00e9e\u00a0de la rel\u00e8ve en recherche du DSEA en mars 2019. Ils peuvent donc, d\u00e8s \u00e0 pr\u00e9sent,\u00a0r\u00e9diger une communication scientifique, laquelle sera \u00e9valu\u00e9e par un comit\u00e9 de relecture.\u00a0Ils pr\u00e9senteront ensuite leur recherche lors de la journ\u00e9e de la rel\u00e8ve\u00a0devant un public universitaire. Des prix pour les meilleures communications \u00e0 la ma\u00eetrise et au doctorat seront \u00e9galement\u00a0remis.\u00a0Des informations suppl\u00e9mentaires seront communiqu\u00e9es ult\u00e9rieurement.<\/p>\n","protected":false},"excerpt":{"rendered":"<p>Le comit\u00e9 de la recherche du DSEA, en collaboration avec Myriam Ertz, professeure de marketing au DSEA,\u00a0a\u00a0tenu la premi\u00e8re \u00e9dition de l&rsquo;Atelier de r\u00e9daction et de pr\u00e9sentation de communication scientifique, \u00e0 l&rsquo;intention des \u00e9tudiants de ma\u00eetrise et de doctorat dans le domaine des\u00a0sciences \u00e9conomiques et administratives. L&rsquo;atelier a d\u00e9but\u00e9 avec une pr\u00e9sentation de la chercheuse [&hellip;]<\/p>\n","protected":false},"author":5,"featured_media":35406,"comment_status":"open","ping_status":"open","sticky":false,"template":"","format":"standard","meta":{"footnotes":""},"categories":[2,4],"tags":[8],"yoast_head":"<!-- This site is optimized with the Yoast SEO plugin v24.2 - https:\/\/yoast.com\/wordpress\/plugins\/seo\/ -->\r\n<title>Le DSEA lance la premi\u00e8re version de son atelier d\u00e9di\u00e9 \u00e0 la communication scientifique - UQACtualit\u00e9s<\/title>\r\n<meta name=\"robots\" content=\"index, follow, max-snippet:-1, max-image-preview:large, max-video-preview:-1\" \/>\r\n<link rel=\"canonical\" href=\"https:\/\/www.uqac.ca\/uqactualites\/2018\/12\/06\/le-dsea-lance-la-premiere-version-de-son-atelier-dedie-a-la-communication-scientifique\/\" \/>\r\n<meta property=\"og:locale\" content=\"fr_CA\" \/>\r\n<meta property=\"og:type\" content=\"article\" \/>\r\n<meta property=\"og:title\" content=\"Le DSEA lance la premi\u00e8re version de son atelier d\u00e9di\u00e9 \u00e0 la communication scientifique - UQACtualit\u00e9s\" \/>\r\n<meta property=\"og:description\" content=\"Le comit\u00e9 de la recherche du DSEA, en collaboration avec Myriam Ertz, professeure de marketing au DSEA,\u00a0a\u00a0tenu la premi\u00e8re \u00e9dition de l&rsquo;Atelier de r\u00e9daction et de pr\u00e9sentation de communication scientifique, \u00e0 l&rsquo;intention des \u00e9tudiants de ma\u00eetrise et de doctorat dans le domaine des\u00a0sciences \u00e9conomiques et administratives. L&rsquo;atelier a d\u00e9but\u00e9 avec une pr\u00e9sentation de la chercheuse [&hellip;]\" \/>\r\n<meta property=\"og:url\" content=\"https:\/\/www.uqac.ca\/uqactualites\/2018\/12\/06\/le-dsea-lance-la-premiere-version-de-son-atelier-dedie-a-la-communication-scientifique\/\" \/>\r\n<meta property=\"og:site_name\" content=\"UQACtualit\u00e9s\" \/>\r\n<meta property=\"article:published_time\" content=\"2018-12-06T13:57:00+00:00\" \/>\r\n<meta property=\"og:image\" content=\"https:\/\/www.uqac.ca\/uqactualites\/wp-content\/uploads\/2018\/12\/47316578_407345109805970_5143192576404226048_n-scaled.jpg\" \/>\r\n\t<meta property=\"og:image:width\" content=\"2560\" \/>\r\n\t<meta property=\"og:image:height\" content=\"1920\" \/>\r\n\t<meta property=\"og:image:type\" content=\"image\/jpeg\" \/>\r\n<meta name=\"author\" content=\"Service des communications et des relations publiques\" \/>\r\n<meta name=\"twitter:card\" content=\"summary_large_image\" \/>\r\n<meta name=\"twitter:label1\" content=\"\u00c9crit par\" \/>\n\t<meta name=\"twitter:data1\" content=\"Service des communications et des relations publiques\" \/>\n\t<meta name=\"twitter:label2\" content=\"Estimation du temps de lecture\" \/>\n\t<meta name=\"twitter:data2\" content=\"2 minutes\" \/>\r\n<script type=\"application\/ld+json\" class=\"yoast-schema-graph\">{\"@context\":\"https:\/\/schema.org\",\"@graph\":[{\"@type\":\"WebPage\",\"@id\":\"https:\/\/www.uqac.ca\/uqactualites\/2018\/12\/06\/le-dsea-lance-la-premiere-version-de-son-atelier-dedie-a-la-communication-scientifique\/\",\"url\":\"https:\/\/www.uqac.ca\/uqactualites\/2018\/12\/06\/le-dsea-lance-la-premiere-version-de-son-atelier-dedie-a-la-communication-scientifique\/\",\"name\":\"Le DSEA lance la premi\u00e8re version de son atelier d\u00e9di\u00e9 \u00e0 la communication scientifique - UQACtualit\u00e9s\",\"isPartOf\":{\"@id\":\"https:\/\/www.uqac.ca\/uqactualites\/#website\"},\"primaryImageOfPage\":{\"@id\":\"https:\/\/www.uqac.ca\/uqactualites\/2018\/12\/06\/le-dsea-lance-la-premiere-version-de-son-atelier-dedie-a-la-communication-scientifique\/#primaryimage\"},\"image\":{\"@id\":\"https:\/\/www.uqac.ca\/uqactualites\/2018\/12\/06\/le-dsea-lance-la-premiere-version-de-son-atelier-dedie-a-la-communication-scientifique\/#primaryimage\"},\"thumbnailUrl\":\"https:\/\/www.uqac.ca\/uqactualites\/wp-content\/uploads\/2018\/12\/47316578_407345109805970_5143192576404226048_n-scaled.jpg\",\"datePublished\":\"2018-12-06T13:57:00+00:00\",\"dateModified\":\"2018-12-06T13:57:00+00:00\",\"author\":{\"@id\":\"https:\/\/www.uqac.ca\/uqactualites\/#\/schema\/person\/366c45a0c4f0e677b41b4af5886e2018\"},\"breadcrumb\":{\"@id\":\"https:\/\/www.uqac.ca\/uqactualites\/2018\/12\/06\/le-dsea-lance-la-premiere-version-de-son-atelier-dedie-a-la-communication-scientifique\/#breadcrumb\"},\"inLanguage\":\"fr-CA\",\"potentialAction\":[{\"@type\":\"ReadAction\",\"target\":[\"https:\/\/www.uqac.ca\/uqactualites\/2018\/12\/06\/le-dsea-lance-la-premiere-version-de-son-atelier-dedie-a-la-communication-scientifique\/\"]}]},{\"@type\":\"ImageObject\",\"inLanguage\":\"fr-CA\",\"@id\":\"https:\/\/www.uqac.ca\/uqactualites\/2018\/12\/06\/le-dsea-lance-la-premiere-version-de-son-atelier-dedie-a-la-communication-scientifique\/#primaryimage\",\"url\":\"https:\/\/www.uqac.ca\/uqactualites\/wp-content\/uploads\/2018\/12\/47316578_407345109805970_5143192576404226048_n-scaled.jpg\",\"contentUrl\":\"https:\/\/www.uqac.ca\/uqactualites\/wp-content\/uploads\/2018\/12\/47316578_407345109805970_5143192576404226048_n-scaled.jpg\",\"width\":2560,\"height\":1920},{\"@type\":\"BreadcrumbList\",\"@id\":\"https:\/\/www.uqac.ca\/uqactualites\/2018\/12\/06\/le-dsea-lance-la-premiere-version-de-son-atelier-dedie-a-la-communication-scientifique\/#breadcrumb\",\"itemListElement\":[{\"@type\":\"ListItem\",\"position\":1,\"name\":\"Home\",\"item\":\"https:\/\/www.uqac.ca\/uqactualites\/\"},{\"@type\":\"ListItem\",\"position\":2,\"name\":\"Le DSEA lance la premi\u00e8re version de son atelier d\u00e9di\u00e9 \u00e0 la communication scientifique\"}]},{\"@type\":\"WebSite\",\"@id\":\"https:\/\/www.uqac.ca\/uqactualites\/#website\",\"url\":\"https:\/\/www.uqac.ca\/uqactualites\/\",\"name\":\"UQACtualit\u00e9s\",\"description\":\"Le portail des nouvelles de l&#039;UQAC\",\"potentialAction\":[{\"@type\":\"SearchAction\",\"target\":{\"@type\":\"EntryPoint\",\"urlTemplate\":\"https:\/\/www.uqac.ca\/uqactualites\/?s={search_term_string}\"},\"query-input\":{\"@type\":\"PropertyValueSpecification\",\"valueRequired\":true,\"valueName\":\"search_term_string\"}}],\"inLanguage\":\"fr-CA\"},{\"@type\":\"Person\",\"@id\":\"https:\/\/www.uqac.ca\/uqactualites\/#\/schema\/person\/366c45a0c4f0e677b41b4af5886e2018\",\"name\":\"Service des communications et des relations publiques\",\"image\":{\"@type\":\"ImageObject\",\"inLanguage\":\"fr-CA\",\"@id\":\"https:\/\/www.uqac.ca\/uqactualites\/#\/schema\/person\/image\/\",\"url\":\"https:\/\/secure.gravatar.com\/avatar\/20fbbda8a292f59f2d3461a5b999c00b?s=96&d=mm&r=g\",\"contentUrl\":\"https:\/\/secure.gravatar.com\/avatar\/20fbbda8a292f59f2d3461a5b999c00b?s=96&d=mm&r=g\",\"caption\":\"Service des communications et des relations publiques\"},\"url\":\"https:\/\/www.uqac.ca\/uqactualites\/author\/bap\/\"}]}<\/script>\r\n<!-- \/ Yoast SEO plugin. -->","yoast_head_json":{"title":"Le DSEA lance la premi\u00e8re version de son atelier d\u00e9di\u00e9 \u00e0 la communication scientifique - UQACtualit\u00e9s","robots":{"index":"index","follow":"follow","max-snippet":"max-snippet:-1","max-image-preview":"max-image-preview:large","max-video-preview":"max-video-preview:-1"},"canonical":"https:\/\/www.uqac.ca\/uqactualites\/2018\/12\/06\/le-dsea-lance-la-premiere-version-de-son-atelier-dedie-a-la-communication-scientifique\/","og_locale":"fr_CA","og_type":"article","og_title":"Le DSEA lance la premi\u00e8re version de son atelier d\u00e9di\u00e9 \u00e0 la communication scientifique - UQACtualit\u00e9s","og_description":"Le comit\u00e9 de la recherche du DSEA, en collaboration avec Myriam Ertz, professeure de marketing au DSEA,\u00a0a\u00a0tenu la premi\u00e8re \u00e9dition de l&rsquo;Atelier de r\u00e9daction et de pr\u00e9sentation de communication scientifique, \u00e0 l&rsquo;intention des \u00e9tudiants de ma\u00eetrise et de doctorat dans le domaine des\u00a0sciences \u00e9conomiques et administratives. L&rsquo;atelier a d\u00e9but\u00e9 avec une pr\u00e9sentation de la chercheuse [&hellip;]","og_url":"https:\/\/www.uqac.ca\/uqactualites\/2018\/12\/06\/le-dsea-lance-la-premiere-version-de-son-atelier-dedie-a-la-communication-scientifique\/","og_site_name":"UQACtualit\u00e9s","article_published_time":"2018-12-06T13:57:00+00:00","og_image":[{"width":2560,"height":1920,"url":"https:\/\/www.uqac.ca\/uqactualites\/wp-content\/uploads\/2018\/12\/47316578_407345109805970_5143192576404226048_n-scaled.jpg","type":"image\/jpeg"}],"author":"Service des communications et des relations publiques","twitter_card":"summary_large_image","twitter_misc":{"\u00c9crit par":"Service des communications et des relations publiques","Estimation du temps de lecture":"2 minutes"},"schema":{"@context":"https:\/\/schema.org","@graph":[{"@type":"WebPage","@id":"https:\/\/www.uqac.ca\/uqactualites\/2018\/12\/06\/le-dsea-lance-la-premiere-version-de-son-atelier-dedie-a-la-communication-scientifique\/","url":"https:\/\/www.uqac.ca\/uqactualites\/2018\/12\/06\/le-dsea-lance-la-premiere-version-de-son-atelier-dedie-a-la-communication-scientifique\/","name":"Le DSEA lance la premi\u00e8re version de son atelier d\u00e9di\u00e9 \u00e0 la communication scientifique - UQACtualit\u00e9s","isPartOf":{"@id":"https:\/\/www.uqac.ca\/uqactualites\/#website"},"primaryImageOfPage":{"@id":"https:\/\/www.uqac.ca\/uqactualites\/2018\/12\/06\/le-dsea-lance-la-premiere-version-de-son-atelier-dedie-a-la-communication-scientifique\/#primaryimage"},"image":{"@id":"https:\/\/www.uqac.ca\/uqactualites\/2018\/12\/06\/le-dsea-lance-la-premiere-version-de-son-atelier-dedie-a-la-communication-scientifique\/#primaryimage"},"thumbnailUrl":"https:\/\/www.uqac.ca\/uqactualites\/wp-content\/uploads\/2018\/12\/47316578_407345109805970_5143192576404226048_n-scaled.jpg","datePublished":"2018-12-06T13:57:00+00:00","dateModified":"2018-12-06T13:57:00+00:00","author":{"@id":"https:\/\/www.uqac.ca\/uqactualites\/#\/schema\/person\/366c45a0c4f0e677b41b4af5886e2018"},"breadcrumb":{"@id":"https:\/\/www.uqac.ca\/uqactualites\/2018\/12\/06\/le-dsea-lance-la-premiere-version-de-son-atelier-dedie-a-la-communication-scientifique\/#breadcrumb"},"inLanguage":"fr-CA","potentialAction":[{"@type":"ReadAction","target":["https:\/\/www.uqac.ca\/uqactualites\/2018\/12\/06\/le-dsea-lance-la-premiere-version-de-son-atelier-dedie-a-la-communication-scientifique\/"]}]},{"@type":"ImageObject","inLanguage":"fr-CA","@id":"https:\/\/www.uqac.ca\/uqactualites\/2018\/12\/06\/le-dsea-lance-la-premiere-version-de-son-atelier-dedie-a-la-communication-scientifique\/#primaryimage","url":"https:\/\/www.uqac.ca\/uqactualites\/wp-content\/uploads\/2018\/12\/47316578_407345109805970_5143192576404226048_n-scaled.jpg","contentUrl":"https:\/\/www.uqac.ca\/uqactualites\/wp-content\/uploads\/2018\/12\/47316578_407345109805970_5143192576404226048_n-scaled.jpg","width":2560,"height":1920},{"@type":"BreadcrumbList","@id":"https:\/\/www.uqac.ca\/uqactualites\/2018\/12\/06\/le-dsea-lance-la-premiere-version-de-son-atelier-dedie-a-la-communication-scientifique\/#breadcrumb","itemListElement":[{"@type":"ListItem","position":1,"name":"Home","item":"https:\/\/www.uqac.ca\/uqactualites\/"},{"@type":"ListItem","position":2,"name":"Le DSEA lance la premi\u00e8re version de son atelier d\u00e9di\u00e9 \u00e0 la communication scientifique"}]},{"@type":"WebSite","@id":"https:\/\/www.uqac.ca\/uqactualites\/#website","url":"https:\/\/www.uqac.ca\/uqactualites\/","name":"UQACtualit\u00e9s","description":"Le portail des nouvelles de l&#039;UQAC","potentialAction":[{"@type":"SearchAction","target":{"@type":"EntryPoint","urlTemplate":"https:\/\/www.uqac.ca\/uqactualites\/?s={search_term_string}"},"query-input":{"@type":"PropertyValueSpecification","valueRequired":true,"valueName":"search_term_string"}}],"inLanguage":"fr-CA"},{"@type":"Person","@id":"https:\/\/www.uqac.ca\/uqactualites\/#\/schema\/person\/366c45a0c4f0e677b41b4af5886e2018","name":"Service des communications et des relations publiques","image":{"@type":"ImageObject","inLanguage":"fr-CA","@id":"https:\/\/www.uqac.ca\/uqactualites\/#\/schema\/person\/image\/","url":"https:\/\/secure.gravatar.com\/avatar\/20fbbda8a292f59f2d3461a5b999c00b?s=96&d=mm&r=g","contentUrl":"https:\/\/secure.gravatar.com\/avatar\/20fbbda8a292f59f2d3461a5b999c00b?s=96&d=mm&r=g","caption":"Service des communications et des relations publiques"},"url":"https:\/\/www.uqac.ca\/uqactualites\/author\/bap\/"}]}},"_links":{"self":[{"href":"https:\/\/www.uqac.ca\/uqactualites\/wp-json\/wp\/v2\/posts\/35405"}],"collection":[{"href":"https:\/\/www.uqac.ca\/uqactualites\/wp-json\/wp\/v2\/posts"}],"about":[{"href":"https:\/\/www.uqac.ca\/uqactualites\/wp-json\/wp\/v2\/types\/post"}],"author":[{"embeddable":true,"href":"https:\/\/www.uqac.ca\/uqactualites\/wp-json\/wp\/v2\/users\/5"}],"replies":[{"embeddable":true,"href":"https:\/\/www.uqac.ca\/uqactualites\/wp-json\/wp\/v2\/comments?post=35405"}],"version-history":[{"count":0,"href":"https:\/\/www.uqac.ca\/uqactualites\/wp-json\/wp\/v2\/posts\/35405\/revisions"}],"wp:featuredmedia":[{"embeddable":true,"href":"https:\/\/www.uqac.ca\/uqactualites\/wp-json\/wp\/v2\/media\/35406"}],"wp:attachment":[{"href":"https:\/\/www.uqac.ca\/uqactualites\/wp-json\/wp\/v2\/media?parent=35405"}],"wp:term":[{"taxonomy":"category","embeddable":true,"href":"https:\/\/www.uqac.ca\/uqactualites\/wp-json\/wp\/v2\/categories?post=35405"},{"taxonomy":"post_tag","embeddable":true,"href":"https:\/\/www.uqac.ca\/uqactualites\/wp-json\/wp\/v2\/tags?post=35405"}],"curies":[{"name":"wp","href":"https:\/\/api.w.org\/{rel}","templated":true}]}}