{"id":35430,"date":"2018-12-13T14:05:40","date_gmt":"2018-12-13T19:05:40","guid":{"rendered":"https:\/\/www.uqac.ca\/?p=35430"},"modified":"2018-12-13T14:05:40","modified_gmt":"2018-12-13T19:05:40","slug":"nos-etudiants-prennent-un-moment-de-relaxation-avec-des-chiens-mira","status":"publish","type":"post","link":"https:\/\/www.uqac.ca\/uqactualites\/2018\/12\/13\/nos-etudiants-prennent-un-moment-de-relaxation-avec-des-chiens-mira\/","title":{"rendered":"Nos \u00e9tudiants prennent un moment de relaxation avec des chiens Mira"},"content":{"rendered":"<p>Avec la fin du trimestre qui arrive, les \u00e9tudiants de l\u2019UQAC \u00e9taient invit\u00e9s aujourd\u2019hui \u00e0 participer \u00e0 un moment de relaxation avec des chiens MIRA. Ce projet des \u00e9tudiants en psychologie et en physioth\u00e9rapie prenait la forme de s\u00e9ance de d\u00e9tente de style zooth\u00e9rapie.<\/p>\n<p>De 11\u00a0h \u00e0 13\u00a0h, au centre social de l\u2019UQAC, les \u00e9tudiants \u00e9taient accueillis avec un bon chocolat chaud par l\u2019\u00e9quipe du Service de pairs aidants et la campagne de sensibilisation sur la sant\u00e9 mentale \u00e9tudiante \u00ab Est-ce normal?\u00a0\u00bb. Par la suite, en groupe de 5 \u00e0 7 personnes, ils ont pu passer un court moment avec les 3 chiens Mira sur place avant de retourner \u00e0 leurs travaux et examens.<\/p>\n<p>F\u00e9licitations \u00e0 nos \u00e9tudiants pour cette initiative et bonne fin de trimestre \u00e0 tous!<\/p>\n<p><strong>PHOTO:<\/strong><br \/>\nCl\u00e9mentine Pages et David Choquette, \u00e9tudiants en psychologie et responsables de la campagne \u00abEst-ce normal?\u00bb, Patricia Morissette, famille d&rsquo;accueil pour la fondation Mira, J\u00e9r\u00e9mie D\u00e9silets-Paquet, \u00e9tudiant en physioth\u00e9rapie et Aquarelle, l&rsquo;un des chiens Mira sur place.<\/p>\n","protected":false},"excerpt":{"rendered":"<p>Avec la fin du trimestre qui arrive, les \u00e9tudiants de l\u2019UQAC \u00e9taient invit\u00e9s aujourd\u2019hui \u00e0 participer \u00e0 un moment de relaxation avec des chiens MIRA. Ce projet des \u00e9tudiants en psychologie et en physioth\u00e9rapie prenait la forme de s\u00e9ance de d\u00e9tente de style zooth\u00e9rapie. De 11\u00a0h \u00e0 13\u00a0h, au centre social de l\u2019UQAC, les \u00e9tudiants [&hellip;]<\/p>\n","protected":false},"author":5,"featured_media":35431,"comment_status":"open","ping_status":"open","sticky":false,"template":"","format":"standard","meta":{"footnotes":""},"categories":[2],"tags":[],"yoast_head":"<!-- This site is optimized with the Yoast SEO plugin v24.2 - https:\/\/yoast.com\/wordpress\/plugins\/seo\/ -->\r\n<title>Nos \u00e9tudiants prennent un moment de relaxation avec des chiens Mira - UQACtualit\u00e9s<\/title>\r\n<meta name=\"robots\" content=\"index, follow, max-snippet:-1, max-image-preview:large, max-video-preview:-1\" \/>\r\n<link rel=\"canonical\" href=\"https:\/\/www.uqac.ca\/uqactualites\/2018\/12\/13\/nos-etudiants-prennent-un-moment-de-relaxation-avec-des-chiens-mira\/\" \/>\r\n<meta property=\"og:locale\" content=\"fr_CA\" \/>\r\n<meta property=\"og:type\" content=\"article\" \/>\r\n<meta property=\"og:title\" content=\"Nos \u00e9tudiants prennent un moment de relaxation avec des chiens Mira - UQACtualit\u00e9s\" \/>\r\n<meta property=\"og:description\" content=\"Avec la fin du trimestre qui arrive, les \u00e9tudiants de l\u2019UQAC \u00e9taient invit\u00e9s aujourd\u2019hui \u00e0 participer \u00e0 un moment de relaxation avec des chiens MIRA. Ce projet des \u00e9tudiants en psychologie et en physioth\u00e9rapie prenait la forme de s\u00e9ance de d\u00e9tente de style zooth\u00e9rapie. De 11\u00a0h \u00e0 13\u00a0h, au centre social de l\u2019UQAC, les \u00e9tudiants [&hellip;]\" \/>\r\n<meta property=\"og:url\" content=\"https:\/\/www.uqac.ca\/uqactualites\/2018\/12\/13\/nos-etudiants-prennent-un-moment-de-relaxation-avec-des-chiens-mira\/\" \/>\r\n<meta property=\"og:site_name\" content=\"UQACtualit\u00e9s\" \/>\r\n<meta property=\"article:published_time\" content=\"2018-12-13T19:05:40+00:00\" \/>\r\n<meta property=\"og:image\" content=\"https:\/\/www.uqac.ca\/uqactualites\/wp-content\/uploads\/2018\/12\/bonne-mira-recadree-web.jpg\" \/>\r\n\t<meta property=\"og:image:width\" content=\"1042\" \/>\r\n\t<meta property=\"og:image:height\" content=\"695\" \/>\r\n\t<meta property=\"og:image:type\" content=\"image\/jpeg\" \/>\r\n<meta name=\"author\" content=\"Service des communications et des relations publiques\" \/>\r\n<meta name=\"twitter:card\" content=\"summary_large_image\" \/>\r\n<meta name=\"twitter:label1\" content=\"\u00c9crit par\" \/>\n\t<meta name=\"twitter:data1\" content=\"Service des communications et des relations publiques\" \/>\n\t<meta name=\"twitter:label2\" content=\"Estimation du temps de lecture\" \/>\n\t<meta name=\"twitter:data2\" content=\"1 minute\" \/>\r\n<script type=\"application\/ld+json\" class=\"yoast-schema-graph\">{\"@context\":\"https:\/\/schema.org\",\"@graph\":[{\"@type\":\"WebPage\",\"@id\":\"https:\/\/www.uqac.ca\/uqactualites\/2018\/12\/13\/nos-etudiants-prennent-un-moment-de-relaxation-avec-des-chiens-mira\/\",\"url\":\"https:\/\/www.uqac.ca\/uqactualites\/2018\/12\/13\/nos-etudiants-prennent-un-moment-de-relaxation-avec-des-chiens-mira\/\",\"name\":\"Nos \u00e9tudiants prennent un moment de relaxation avec des chiens Mira - UQACtualit\u00e9s\",\"isPartOf\":{\"@id\":\"https:\/\/www.uqac.ca\/uqactualites\/#website\"},\"primaryImageOfPage\":{\"@id\":\"https:\/\/www.uqac.ca\/uqactualites\/2018\/12\/13\/nos-etudiants-prennent-un-moment-de-relaxation-avec-des-chiens-mira\/#primaryimage\"},\"image\":{\"@id\":\"https:\/\/www.uqac.ca\/uqactualites\/2018\/12\/13\/nos-etudiants-prennent-un-moment-de-relaxation-avec-des-chiens-mira\/#primaryimage\"},\"thumbnailUrl\":\"https:\/\/www.uqac.ca\/uqactualites\/wp-content\/uploads\/2018\/12\/bonne-mira-recadree-web.jpg\",\"datePublished\":\"2018-12-13T19:05:40+00:00\",\"dateModified\":\"2018-12-13T19:05:40+00:00\",\"author\":{\"@id\":\"https:\/\/www.uqac.ca\/uqactualites\/#\/schema\/person\/366c45a0c4f0e677b41b4af5886e2018\"},\"breadcrumb\":{\"@id\":\"https:\/\/www.uqac.ca\/uqactualites\/2018\/12\/13\/nos-etudiants-prennent-un-moment-de-relaxation-avec-des-chiens-mira\/#breadcrumb\"},\"inLanguage\":\"fr-CA\",\"potentialAction\":[{\"@type\":\"ReadAction\",\"target\":[\"https:\/\/www.uqac.ca\/uqactualites\/2018\/12\/13\/nos-etudiants-prennent-un-moment-de-relaxation-avec-des-chiens-mira\/\"]}]},{\"@type\":\"ImageObject\",\"inLanguage\":\"fr-CA\",\"@id\":\"https:\/\/www.uqac.ca\/uqactualites\/2018\/12\/13\/nos-etudiants-prennent-un-moment-de-relaxation-avec-des-chiens-mira\/#primaryimage\",\"url\":\"https:\/\/www.uqac.ca\/uqactualites\/wp-content\/uploads\/2018\/12\/bonne-mira-recadree-web.jpg\",\"contentUrl\":\"https:\/\/www.uqac.ca\/uqactualites\/wp-content\/uploads\/2018\/12\/bonne-mira-recadree-web.jpg\",\"width\":1042,\"height\":695},{\"@type\":\"BreadcrumbList\",\"@id\":\"https:\/\/www.uqac.ca\/uqactualites\/2018\/12\/13\/nos-etudiants-prennent-un-moment-de-relaxation-avec-des-chiens-mira\/#breadcrumb\",\"itemListElement\":[{\"@type\":\"ListItem\",\"position\":1,\"name\":\"Home\",\"item\":\"https:\/\/www.uqac.ca\/uqactualites\/\"},{\"@type\":\"ListItem\",\"position\":2,\"name\":\"Nos \u00e9tudiants prennent un moment de relaxation avec des chiens Mira\"}]},{\"@type\":\"WebSite\",\"@id\":\"https:\/\/www.uqac.ca\/uqactualites\/#website\",\"url\":\"https:\/\/www.uqac.ca\/uqactualites\/\",\"name\":\"UQACtualit\u00e9s\",\"description\":\"Le portail des nouvelles de l&#039;UQAC\",\"potentialAction\":[{\"@type\":\"SearchAction\",\"target\":{\"@type\":\"EntryPoint\",\"urlTemplate\":\"https:\/\/www.uqac.ca\/uqactualites\/?s={search_term_string}\"},\"query-input\":{\"@type\":\"PropertyValueSpecification\",\"valueRequired\":true,\"valueName\":\"search_term_string\"}}],\"inLanguage\":\"fr-CA\"},{\"@type\":\"Person\",\"@id\":\"https:\/\/www.uqac.ca\/uqactualites\/#\/schema\/person\/366c45a0c4f0e677b41b4af5886e2018\",\"name\":\"Service des communications et des relations publiques\",\"image\":{\"@type\":\"ImageObject\",\"inLanguage\":\"fr-CA\",\"@id\":\"https:\/\/www.uqac.ca\/uqactualites\/#\/schema\/person\/image\/\",\"url\":\"https:\/\/secure.gravatar.com\/avatar\/20fbbda8a292f59f2d3461a5b999c00b?s=96&d=mm&r=g\",\"contentUrl\":\"https:\/\/secure.gravatar.com\/avatar\/20fbbda8a292f59f2d3461a5b999c00b?s=96&d=mm&r=g\",\"caption\":\"Service des communications et des relations publiques\"},\"url\":\"https:\/\/www.uqac.ca\/uqactualites\/author\/bap\/\"}]}<\/script>\r\n<!-- \/ Yoast SEO plugin. -->","yoast_head_json":{"title":"Nos \u00e9tudiants prennent un moment de relaxation avec des chiens Mira - UQACtualit\u00e9s","robots":{"index":"index","follow":"follow","max-snippet":"max-snippet:-1","max-image-preview":"max-image-preview:large","max-video-preview":"max-video-preview:-1"},"canonical":"https:\/\/www.uqac.ca\/uqactualites\/2018\/12\/13\/nos-etudiants-prennent-un-moment-de-relaxation-avec-des-chiens-mira\/","og_locale":"fr_CA","og_type":"article","og_title":"Nos \u00e9tudiants prennent un moment de relaxation avec des chiens Mira - UQACtualit\u00e9s","og_description":"Avec la fin du trimestre qui arrive, les \u00e9tudiants de l\u2019UQAC \u00e9taient invit\u00e9s aujourd\u2019hui \u00e0 participer \u00e0 un moment de relaxation avec des chiens MIRA. Ce projet des \u00e9tudiants en psychologie et en physioth\u00e9rapie prenait la forme de s\u00e9ance de d\u00e9tente de style zooth\u00e9rapie. De 11\u00a0h \u00e0 13\u00a0h, au centre social de l\u2019UQAC, les \u00e9tudiants [&hellip;]","og_url":"https:\/\/www.uqac.ca\/uqactualites\/2018\/12\/13\/nos-etudiants-prennent-un-moment-de-relaxation-avec-des-chiens-mira\/","og_site_name":"UQACtualit\u00e9s","article_published_time":"2018-12-13T19:05:40+00:00","og_image":[{"width":1042,"height":695,"url":"https:\/\/www.uqac.ca\/uqactualites\/wp-content\/uploads\/2018\/12\/bonne-mira-recadree-web.jpg","type":"image\/jpeg"}],"author":"Service des communications et des relations publiques","twitter_card":"summary_large_image","twitter_misc":{"\u00c9crit par":"Service des communications et des relations publiques","Estimation du temps de lecture":"1 minute"},"schema":{"@context":"https:\/\/schema.org","@graph":[{"@type":"WebPage","@id":"https:\/\/www.uqac.ca\/uqactualites\/2018\/12\/13\/nos-etudiants-prennent-un-moment-de-relaxation-avec-des-chiens-mira\/","url":"https:\/\/www.uqac.ca\/uqactualites\/2018\/12\/13\/nos-etudiants-prennent-un-moment-de-relaxation-avec-des-chiens-mira\/","name":"Nos \u00e9tudiants prennent un moment de relaxation avec des chiens Mira - UQACtualit\u00e9s","isPartOf":{"@id":"https:\/\/www.uqac.ca\/uqactualites\/#website"},"primaryImageOfPage":{"@id":"https:\/\/www.uqac.ca\/uqactualites\/2018\/12\/13\/nos-etudiants-prennent-un-moment-de-relaxation-avec-des-chiens-mira\/#primaryimage"},"image":{"@id":"https:\/\/www.uqac.ca\/uqactualites\/2018\/12\/13\/nos-etudiants-prennent-un-moment-de-relaxation-avec-des-chiens-mira\/#primaryimage"},"thumbnailUrl":"https:\/\/www.uqac.ca\/uqactualites\/wp-content\/uploads\/2018\/12\/bonne-mira-recadree-web.jpg","datePublished":"2018-12-13T19:05:40+00:00","dateModified":"2018-12-13T19:05:40+00:00","author":{"@id":"https:\/\/www.uqac.ca\/uqactualites\/#\/schema\/person\/366c45a0c4f0e677b41b4af5886e2018"},"breadcrumb":{"@id":"https:\/\/www.uqac.ca\/uqactualites\/2018\/12\/13\/nos-etudiants-prennent-un-moment-de-relaxation-avec-des-chiens-mira\/#breadcrumb"},"inLanguage":"fr-CA","potentialAction":[{"@type":"ReadAction","target":["https:\/\/www.uqac.ca\/uqactualites\/2018\/12\/13\/nos-etudiants-prennent-un-moment-de-relaxation-avec-des-chiens-mira\/"]}]},{"@type":"ImageObject","inLanguage":"fr-CA","@id":"https:\/\/www.uqac.ca\/uqactualites\/2018\/12\/13\/nos-etudiants-prennent-un-moment-de-relaxation-avec-des-chiens-mira\/#primaryimage","url":"https:\/\/www.uqac.ca\/uqactualites\/wp-content\/uploads\/2018\/12\/bonne-mira-recadree-web.jpg","contentUrl":"https:\/\/www.uqac.ca\/uqactualites\/wp-content\/uploads\/2018\/12\/bonne-mira-recadree-web.jpg","width":1042,"height":695},{"@type":"BreadcrumbList","@id":"https:\/\/www.uqac.ca\/uqactualites\/2018\/12\/13\/nos-etudiants-prennent-un-moment-de-relaxation-avec-des-chiens-mira\/#breadcrumb","itemListElement":[{"@type":"ListItem","position":1,"name":"Home","item":"https:\/\/www.uqac.ca\/uqactualites\/"},{"@type":"ListItem","position":2,"name":"Nos \u00e9tudiants prennent un moment de relaxation avec des chiens Mira"}]},{"@type":"WebSite","@id":"https:\/\/www.uqac.ca\/uqactualites\/#website","url":"https:\/\/www.uqac.ca\/uqactualites\/","name":"UQACtualit\u00e9s","description":"Le portail des nouvelles de l&#039;UQAC","potentialAction":[{"@type":"SearchAction","target":{"@type":"EntryPoint","urlTemplate":"https:\/\/www.uqac.ca\/uqactualites\/?s={search_term_string}"},"query-input":{"@type":"PropertyValueSpecification","valueRequired":true,"valueName":"search_term_string"}}],"inLanguage":"fr-CA"},{"@type":"Person","@id":"https:\/\/www.uqac.ca\/uqactualites\/#\/schema\/person\/366c45a0c4f0e677b41b4af5886e2018","name":"Service des communications et des relations publiques","image":{"@type":"ImageObject","inLanguage":"fr-CA","@id":"https:\/\/www.uqac.ca\/uqactualites\/#\/schema\/person\/image\/","url":"https:\/\/secure.gravatar.com\/avatar\/20fbbda8a292f59f2d3461a5b999c00b?s=96&d=mm&r=g","contentUrl":"https:\/\/secure.gravatar.com\/avatar\/20fbbda8a292f59f2d3461a5b999c00b?s=96&d=mm&r=g","caption":"Service des communications et des relations publiques"},"url":"https:\/\/www.uqac.ca\/uqactualites\/author\/bap\/"}]}},"_links":{"self":[{"href":"https:\/\/www.uqac.ca\/uqactualites\/wp-json\/wp\/v2\/posts\/35430"}],"collection":[{"href":"https:\/\/www.uqac.ca\/uqactualites\/wp-json\/wp\/v2\/posts"}],"about":[{"href":"https:\/\/www.uqac.ca\/uqactualites\/wp-json\/wp\/v2\/types\/post"}],"author":[{"embeddable":true,"href":"https:\/\/www.uqac.ca\/uqactualites\/wp-json\/wp\/v2\/users\/5"}],"replies":[{"embeddable":true,"href":"https:\/\/www.uqac.ca\/uqactualites\/wp-json\/wp\/v2\/comments?post=35430"}],"version-history":[{"count":0,"href":"https:\/\/www.uqac.ca\/uqactualites\/wp-json\/wp\/v2\/posts\/35430\/revisions"}],"wp:featuredmedia":[{"embeddable":true,"href":"https:\/\/www.uqac.ca\/uqactualites\/wp-json\/wp\/v2\/media\/35431"}],"wp:attachment":[{"href":"https:\/\/www.uqac.ca\/uqactualites\/wp-json\/wp\/v2\/media?parent=35430"}],"wp:term":[{"taxonomy":"category","embeddable":true,"href":"https:\/\/www.uqac.ca\/uqactualites\/wp-json\/wp\/v2\/categories?post=35430"},{"taxonomy":"post_tag","embeddable":true,"href":"https:\/\/www.uqac.ca\/uqactualites\/wp-json\/wp\/v2\/tags?post=35430"}],"curies":[{"name":"wp","href":"https:\/\/api.w.org\/{rel}","templated":true}]}}