{"id":35645,"date":"2019-02-04T12:02:38","date_gmt":"2019-02-04T17:02:38","guid":{"rendered":"https:\/\/www.uqac.ca\/?p=35645"},"modified":"2019-02-04T12:02:38","modified_gmt":"2019-02-04T17:02:38","slug":"uqac-en-publications-janvier-2019-sciences-fondamentales","status":"publish","type":"post","link":"https:\/\/www.uqac.ca\/uqactualites\/2019\/02\/04\/uqac-en-publications-janvier-2019-sciences-fondamentales\/","title":{"rendered":"[UQAC en publications] JANVIER 2019 \u2013 Sciences fondamentales"},"content":{"rendered":"<p>La liste ci-dessous recense les \u00e9crits et les collaborations \u00e0 de la documentation scientifique ou acad\u00e9mique dans le domaine des sciences fondamentales, r\u00e9alis\u00e9s par des membres de la communaut\u00e9 universitaire de l\u2019UQAC au cours du mois de janvier 2019.<\/p>\n<div><\/div>\n<p><strong style=\"color: #000000;\"><span style=\"color: #6b8a16;\">ARTICLE DE REVUE<\/span><br \/>\n<\/strong><strong style=\"color: #000000;\"><strong>\u2022\u00a0<\/strong>Deslauriers, A.<\/strong><span style=\"color: #000000;\">,\u00a0<\/span><strong style=\"color: #000000;\">Fournier, M.-P.<\/strong><span style=\"color: #000000;\">, Carten\u00ec, F., &amp; Mackay, J. (2018). Phenological shifts in conifer species stressed by spruce budworm defoliation.\u00a0<\/span><em style=\"color: #000000;\">Tree Physiology<\/em><span style=\"color: #000000;\">. doi: 10.1093\/treephys\/tpy135<\/span><\/p>\n<p><span style=\"color: #000000;\"><strong>\u2022\u00a0<\/strong><\/span><span style=\"color: #000000;\">Kivil\u00e4, E. H., Luoto, T. P., Rantala, M. V., Kiljunen, M.,\u00a0<\/span><strong style=\"color: #000000;\">Rautio, M.<\/strong><span style=\"color: #000000;\">, &amp; Nevalainen, L. (2019).\u00a0<\/span><a href=\"http:\/\/go.uqac.ca\/SB3C\"><span style=\"color: #000000;\">Environmental controls on benthic food web functions and carbon resource use in subarctic lakes<\/span><\/a><span style=\"color: #000000;\">.\u00a0<\/span><em style=\"color: #000000;\">Freshwater Biology<\/em><span style=\"color: #000000;\">. doi: 10.1111\/fwb.13250<\/span><\/p>\n<p><span style=\"color: #000000;\"><strong>\u2022\u00a0<\/strong><\/span><strong style=\"color: #000000;\">Morissette, O.<\/strong><span style=\"color: #000000;\">,\u00a0<\/span><strong style=\"color: #000000;\">Sirois, P.<\/strong><span style=\"color: #000000;\">, Wilson, C. C., Laporte, M., &amp; Bernatchez, L. (2019).\u00a0<\/span><a href=\"http:\/\/go.uqac.ca\/CTZE\"><span style=\"color: #000000;\">The role of ecotype-environment interactions in intraspecific trophic niche partitioning subsequent to stocking<\/span><\/a><span style=\"color: #000000;\">.\u00a0<\/span><em style=\"color: #000000;\">Ecological Applications: A Publication Of The Ecological Society Of America<\/em><span style=\"color: #000000;\">, e01857-e01857. doi: 10.1002\/eap.1857<\/span><\/p>\n<p><span style=\"color: #000000;\"><strong>\u2022\u00a0<\/strong>Saulino, L., Allevato, E., Todaro, L.,\u00a0<\/span><strong style=\"color: #000000;\">Rossi, S.<\/strong><span style=\"color: #000000;\">, Bonanomi, G., &amp; Saracino, A. (2019).\u00a0<\/span><a href=\"file:\/\/sfadm\/bap$\/p3jean\/Bureau\/UQAC%20en%20publications\/Saulino,%20L.,%20Allevato,%20E.,%20Todaro,%20L.,%20Rossi,%20S.,%20Bonanomi,%20G.,%20&amp;%20Saracino,%20A.%20(2019).%20Comparative%20study%20of%20hybrid%20and%20wild%20black%20poplar%20genotypes%20in%20the%20first%20three-year%20cycle%20of%20multi-stem%20short-rotation%20coppice.%20Biomass%20and%20Bioenergy,%20122,%2017-27.%20doi:%2010.1016\/j.biombioe.2019.01.001\"><span style=\"color: #000000;\">Comparative study of hybrid and wild black poplar genotypes in the first three-year cycle of multi-stem short-rotation coppice<\/span><\/a><span style=\"color: #000000;\">.\u00a0<\/span><em style=\"color: #000000;\">Biomass and Bioenergy<\/em><span style=\"color: #000000;\">,\u00a0<\/span><em style=\"color: #000000;\">122<\/em><span style=\"color: #000000;\">, 17-27. doi: 10.1016\/j.biombioe.2019.01.001<\/span><\/p>\n<p><span style=\"color: #000000;\"><strong>\u2022\u00a0<\/strong>Silvestro, R.,\u00a0<\/span><strong style=\"color: #000000;\">Rossi, S.<\/strong><span style=\"color: #000000;\">, Zhang, S.,\u00a0<\/span><strong style=\"color: #000000;\">Froment, I.<\/strong><span style=\"color: #000000;\">, Huang, J. G., &amp; Saracino, A. (2019).\u00a0<\/span><a href=\"http:\/\/go.uqac.ca\/tt5U\"><span style=\"color: #000000;\">From phenology to forest management: Ecotypes selection can avoid early or late frosts, but not both<\/span><\/a><span style=\"color: #000000;\">.\u00a0<\/span><em style=\"color: #000000;\">Forest Ecology and Management<\/em><span style=\"color: #000000;\">,\u00a0<\/span><em style=\"color: #000000;\">436<\/em><span style=\"color: #000000;\">, 21-26. doi: 10.1016\/j.foreco.2019.01.005<\/span><\/p>\n<p><span style=\"color: #000000;\"><strong>\u2022\u00a0<\/strong><\/span><strong style=\"color: #000000;\">Verreault, R.<\/strong><span style=\"color: #000000;\">\u00a0(2018).\u00a0<\/span><a href=\"http:\/\/go.uqac.ca\/IhNN\"><span style=\"color: #000000;\">Anisosphere analysis of the equivalence between a precessing Foucault pendulum and a torsional balance<\/span><\/a><span style=\"color: #000000;\">.\u00a0<\/span><em style=\"color: #000000;\">Journal of Physics: Conference Series<\/em><span style=\"color: #000000;\">,\u00a0<\/span><em style=\"color: #000000;\">1141<\/em><span style=\"color: #000000;\">(1), 012064. doi: 10.1088\/1742-6596\/1141\/1\/012064<\/span><\/p>\n<p><span style=\"color: #000000;\"><strong>\u2022\u00a0<\/strong><\/span><strong style=\"color: #000000;\">Verreault, R.<\/strong><span style=\"color: #000000;\">\u00a0(2018).\u00a0<\/span><a href=\"http:\/\/go.uqac.ca\/g2Xy\"><span style=\"color: #000000;\">The anisosphere model: A novel differential phase space representation for Foucault pendulums and 2D oscillators<\/span><\/a><span style=\"color: #000000;\">.\u00a0<\/span><em style=\"color: #000000;\">Journal of Physics: Conference Series<\/em><span style=\"color: #000000;\">,\u00a0<\/span><em style=\"color: #000000;\">1141<\/em><span style=\"color: #000000;\">(1), 012063. doi: 10.1088\/1742-6596\/1141\/1\/012063<\/span><\/p>\n<p><span style=\"color: #6b8a16;\"><strong>RAPPORT<\/strong><\/span><\/p>\n<p><span style=\"color: #000000;\"><strong>\u2022\u00a0Tremblay, C.<\/strong>,\u00a0<strong>Tremblay, J.-B.<\/strong>,\u00a0<strong>Savard, G.<\/strong>,\u00a0<strong>Ibarzabal, J.<\/strong>, &amp;\u00a0<strong>Par\u00e9, M. C.<\/strong>\u00a0(2018).\u00a0<em><a href=\"https:\/\/constellation.uqac.ca\/4772\/\">Rapport final de la caract\u00e9risation de la faune et la flore pour la nouvelle bleueti\u00e8re d\u2019enseignement et de recherche (BER)<\/a><\/em>. Rep\u00e9r\u00e9 \u00e0 https:\/\/constellation.uqac.ca\/4772\/<\/span><\/p>\n<p>&nbsp;<\/p>\n","protected":false},"excerpt":{"rendered":"<p>La liste ci-dessous recense les \u00e9crits et les collaborations \u00e0 de la documentation scientifique ou acad\u00e9mique dans le domaine des sciences fondamentales, r\u00e9alis\u00e9s par des membres de la communaut\u00e9 universitaire de l\u2019UQAC au cours du mois de janvier 2019. ARTICLE DE REVUE \u2022\u00a0Deslauriers, A.,\u00a0Fournier, M.-P., Carten\u00ec, F., &amp; Mackay, J. (2018). Phenological shifts in conifer [&hellip;]<\/p>\n","protected":false},"author":5,"featured_media":35667,"comment_status":"open","ping_status":"open","sticky":false,"template":"","format":"standard","meta":{"footnotes":""},"categories":[2,25],"tags":[3,16],"yoast_head":"<!-- This site is optimized with the Yoast SEO plugin v24.2 - https:\/\/yoast.com\/wordpress\/plugins\/seo\/ -->\r\n<title>[UQAC en publications] JANVIER 2019 \u2013 Sciences fondamentales - UQACtualit\u00e9s<\/title>\r\n<meta name=\"robots\" content=\"index, follow, max-snippet:-1, max-image-preview:large, max-video-preview:-1\" \/>\r\n<link rel=\"canonical\" href=\"https:\/\/www.uqac.ca\/uqactualites\/2019\/02\/04\/uqac-en-publications-janvier-2019-sciences-fondamentales\/\" \/>\r\n<meta property=\"og:locale\" content=\"fr_CA\" \/>\r\n<meta property=\"og:type\" content=\"article\" \/>\r\n<meta property=\"og:title\" content=\"[UQAC en publications] JANVIER 2019 \u2013 Sciences fondamentales - UQACtualit\u00e9s\" \/>\r\n<meta property=\"og:description\" content=\"La liste ci-dessous recense les \u00e9crits et les collaborations \u00e0 de la documentation scientifique ou acad\u00e9mique dans le domaine des sciences fondamentales, r\u00e9alis\u00e9s par des membres de la communaut\u00e9 universitaire de l\u2019UQAC au cours du mois de janvier 2019. ARTICLE DE REVUE \u2022\u00a0Deslauriers, A.,\u00a0Fournier, M.-P., Carten\u00ec, F., &amp; Mackay, J. (2018). Phenological shifts in conifer [&hellip;]\" \/>\r\n<meta property=\"og:url\" content=\"https:\/\/www.uqac.ca\/uqactualites\/2019\/02\/04\/uqac-en-publications-janvier-2019-sciences-fondamentales\/\" \/>\r\n<meta property=\"og:site_name\" content=\"UQACtualit\u00e9s\" \/>\r\n<meta property=\"article:published_time\" content=\"2019-02-04T17:02:38+00:00\" \/>\r\n<meta property=\"og:image\" content=\"https:\/\/www.uqac.ca\/uqactualites\/wp-content\/uploads\/2019\/02\/uqacEnPublication4X6-DSF-1.jpg\" \/>\r\n\t<meta property=\"og:image:width\" content=\"1801\" \/>\r\n\t<meta property=\"og:image:height\" content=\"1201\" \/>\r\n\t<meta property=\"og:image:type\" content=\"image\/jpeg\" \/>\r\n<meta name=\"author\" content=\"Service des communications et des relations publiques\" \/>\r\n<meta name=\"twitter:card\" content=\"summary_large_image\" \/>\r\n<meta name=\"twitter:label1\" content=\"\u00c9crit par\" \/>\n\t<meta name=\"twitter:data1\" content=\"Service des communications et des relations publiques\" \/>\n\t<meta name=\"twitter:label2\" content=\"Estimation du temps de lecture\" \/>\n\t<meta name=\"twitter:data2\" content=\"2 minutes\" \/>\r\n<script type=\"application\/ld+json\" class=\"yoast-schema-graph\">{\"@context\":\"https:\/\/schema.org\",\"@graph\":[{\"@type\":\"WebPage\",\"@id\":\"https:\/\/www.uqac.ca\/uqactualites\/2019\/02\/04\/uqac-en-publications-janvier-2019-sciences-fondamentales\/\",\"url\":\"https:\/\/www.uqac.ca\/uqactualites\/2019\/02\/04\/uqac-en-publications-janvier-2019-sciences-fondamentales\/\",\"name\":\"[UQAC en publications] JANVIER 2019 \u2013 Sciences fondamentales - UQACtualit\u00e9s\",\"isPartOf\":{\"@id\":\"https:\/\/www.uqac.ca\/uqactualites\/#website\"},\"primaryImageOfPage\":{\"@id\":\"https:\/\/www.uqac.ca\/uqactualites\/2019\/02\/04\/uqac-en-publications-janvier-2019-sciences-fondamentales\/#primaryimage\"},\"image\":{\"@id\":\"https:\/\/www.uqac.ca\/uqactualites\/2019\/02\/04\/uqac-en-publications-janvier-2019-sciences-fondamentales\/#primaryimage\"},\"thumbnailUrl\":\"https:\/\/www.uqac.ca\/uqactualites\/wp-content\/uploads\/2019\/02\/uqacEnPublication4X6-DSF-1.jpg\",\"datePublished\":\"2019-02-04T17:02:38+00:00\",\"dateModified\":\"2019-02-04T17:02:38+00:00\",\"author\":{\"@id\":\"https:\/\/www.uqac.ca\/uqactualites\/#\/schema\/person\/366c45a0c4f0e677b41b4af5886e2018\"},\"breadcrumb\":{\"@id\":\"https:\/\/www.uqac.ca\/uqactualites\/2019\/02\/04\/uqac-en-publications-janvier-2019-sciences-fondamentales\/#breadcrumb\"},\"inLanguage\":\"fr-CA\",\"potentialAction\":[{\"@type\":\"ReadAction\",\"target\":[\"https:\/\/www.uqac.ca\/uqactualites\/2019\/02\/04\/uqac-en-publications-janvier-2019-sciences-fondamentales\/\"]}]},{\"@type\":\"ImageObject\",\"inLanguage\":\"fr-CA\",\"@id\":\"https:\/\/www.uqac.ca\/uqactualites\/2019\/02\/04\/uqac-en-publications-janvier-2019-sciences-fondamentales\/#primaryimage\",\"url\":\"https:\/\/www.uqac.ca\/uqactualites\/wp-content\/uploads\/2019\/02\/uqacEnPublication4X6-DSF-1.jpg\",\"contentUrl\":\"https:\/\/www.uqac.ca\/uqactualites\/wp-content\/uploads\/2019\/02\/uqacEnPublication4X6-DSF-1.jpg\",\"width\":1801,\"height\":1201},{\"@type\":\"BreadcrumbList\",\"@id\":\"https:\/\/www.uqac.ca\/uqactualites\/2019\/02\/04\/uqac-en-publications-janvier-2019-sciences-fondamentales\/#breadcrumb\",\"itemListElement\":[{\"@type\":\"ListItem\",\"position\":1,\"name\":\"Home\",\"item\":\"https:\/\/www.uqac.ca\/uqactualites\/\"},{\"@type\":\"ListItem\",\"position\":2,\"name\":\"[UQAC en publications] JANVIER 2019 \u2013 Sciences fondamentales\"}]},{\"@type\":\"WebSite\",\"@id\":\"https:\/\/www.uqac.ca\/uqactualites\/#website\",\"url\":\"https:\/\/www.uqac.ca\/uqactualites\/\",\"name\":\"UQACtualit\u00e9s\",\"description\":\"Le portail des nouvelles de l&#039;UQAC\",\"potentialAction\":[{\"@type\":\"SearchAction\",\"target\":{\"@type\":\"EntryPoint\",\"urlTemplate\":\"https:\/\/www.uqac.ca\/uqactualites\/?s={search_term_string}\"},\"query-input\":{\"@type\":\"PropertyValueSpecification\",\"valueRequired\":true,\"valueName\":\"search_term_string\"}}],\"inLanguage\":\"fr-CA\"},{\"@type\":\"Person\",\"@id\":\"https:\/\/www.uqac.ca\/uqactualites\/#\/schema\/person\/366c45a0c4f0e677b41b4af5886e2018\",\"name\":\"Service des communications et des relations publiques\",\"image\":{\"@type\":\"ImageObject\",\"inLanguage\":\"fr-CA\",\"@id\":\"https:\/\/www.uqac.ca\/uqactualites\/#\/schema\/person\/image\/\",\"url\":\"https:\/\/secure.gravatar.com\/avatar\/20fbbda8a292f59f2d3461a5b999c00b?s=96&d=mm&r=g\",\"contentUrl\":\"https:\/\/secure.gravatar.com\/avatar\/20fbbda8a292f59f2d3461a5b999c00b?s=96&d=mm&r=g\",\"caption\":\"Service des communications et des relations publiques\"},\"url\":\"https:\/\/www.uqac.ca\/uqactualites\/author\/bap\/\"}]}<\/script>\r\n<!-- \/ Yoast SEO plugin. -->","yoast_head_json":{"title":"[UQAC en publications] JANVIER 2019 \u2013 Sciences fondamentales - UQACtualit\u00e9s","robots":{"index":"index","follow":"follow","max-snippet":"max-snippet:-1","max-image-preview":"max-image-preview:large","max-video-preview":"max-video-preview:-1"},"canonical":"https:\/\/www.uqac.ca\/uqactualites\/2019\/02\/04\/uqac-en-publications-janvier-2019-sciences-fondamentales\/","og_locale":"fr_CA","og_type":"article","og_title":"[UQAC en publications] JANVIER 2019 \u2013 Sciences fondamentales - UQACtualit\u00e9s","og_description":"La liste ci-dessous recense les \u00e9crits et les collaborations \u00e0 de la documentation scientifique ou acad\u00e9mique dans le domaine des sciences fondamentales, r\u00e9alis\u00e9s par des membres de la communaut\u00e9 universitaire de l\u2019UQAC au cours du mois de janvier 2019. ARTICLE DE REVUE \u2022\u00a0Deslauriers, A.,\u00a0Fournier, M.-P., Carten\u00ec, F., &amp; Mackay, J. (2018). Phenological shifts in conifer [&hellip;]","og_url":"https:\/\/www.uqac.ca\/uqactualites\/2019\/02\/04\/uqac-en-publications-janvier-2019-sciences-fondamentales\/","og_site_name":"UQACtualit\u00e9s","article_published_time":"2019-02-04T17:02:38+00:00","og_image":[{"width":1801,"height":1201,"url":"https:\/\/www.uqac.ca\/uqactualites\/wp-content\/uploads\/2019\/02\/uqacEnPublication4X6-DSF-1.jpg","type":"image\/jpeg"}],"author":"Service des communications et des relations publiques","twitter_card":"summary_large_image","twitter_misc":{"\u00c9crit par":"Service des communications et des relations publiques","Estimation du temps de lecture":"2 minutes"},"schema":{"@context":"https:\/\/schema.org","@graph":[{"@type":"WebPage","@id":"https:\/\/www.uqac.ca\/uqactualites\/2019\/02\/04\/uqac-en-publications-janvier-2019-sciences-fondamentales\/","url":"https:\/\/www.uqac.ca\/uqactualites\/2019\/02\/04\/uqac-en-publications-janvier-2019-sciences-fondamentales\/","name":"[UQAC en publications] JANVIER 2019 \u2013 Sciences fondamentales - UQACtualit\u00e9s","isPartOf":{"@id":"https:\/\/www.uqac.ca\/uqactualites\/#website"},"primaryImageOfPage":{"@id":"https:\/\/www.uqac.ca\/uqactualites\/2019\/02\/04\/uqac-en-publications-janvier-2019-sciences-fondamentales\/#primaryimage"},"image":{"@id":"https:\/\/www.uqac.ca\/uqactualites\/2019\/02\/04\/uqac-en-publications-janvier-2019-sciences-fondamentales\/#primaryimage"},"thumbnailUrl":"https:\/\/www.uqac.ca\/uqactualites\/wp-content\/uploads\/2019\/02\/uqacEnPublication4X6-DSF-1.jpg","datePublished":"2019-02-04T17:02:38+00:00","dateModified":"2019-02-04T17:02:38+00:00","author":{"@id":"https:\/\/www.uqac.ca\/uqactualites\/#\/schema\/person\/366c45a0c4f0e677b41b4af5886e2018"},"breadcrumb":{"@id":"https:\/\/www.uqac.ca\/uqactualites\/2019\/02\/04\/uqac-en-publications-janvier-2019-sciences-fondamentales\/#breadcrumb"},"inLanguage":"fr-CA","potentialAction":[{"@type":"ReadAction","target":["https:\/\/www.uqac.ca\/uqactualites\/2019\/02\/04\/uqac-en-publications-janvier-2019-sciences-fondamentales\/"]}]},{"@type":"ImageObject","inLanguage":"fr-CA","@id":"https:\/\/www.uqac.ca\/uqactualites\/2019\/02\/04\/uqac-en-publications-janvier-2019-sciences-fondamentales\/#primaryimage","url":"https:\/\/www.uqac.ca\/uqactualites\/wp-content\/uploads\/2019\/02\/uqacEnPublication4X6-DSF-1.jpg","contentUrl":"https:\/\/www.uqac.ca\/uqactualites\/wp-content\/uploads\/2019\/02\/uqacEnPublication4X6-DSF-1.jpg","width":1801,"height":1201},{"@type":"BreadcrumbList","@id":"https:\/\/www.uqac.ca\/uqactualites\/2019\/02\/04\/uqac-en-publications-janvier-2019-sciences-fondamentales\/#breadcrumb","itemListElement":[{"@type":"ListItem","position":1,"name":"Home","item":"https:\/\/www.uqac.ca\/uqactualites\/"},{"@type":"ListItem","position":2,"name":"[UQAC en publications] JANVIER 2019 \u2013 Sciences fondamentales"}]},{"@type":"WebSite","@id":"https:\/\/www.uqac.ca\/uqactualites\/#website","url":"https:\/\/www.uqac.ca\/uqactualites\/","name":"UQACtualit\u00e9s","description":"Le portail des nouvelles de l&#039;UQAC","potentialAction":[{"@type":"SearchAction","target":{"@type":"EntryPoint","urlTemplate":"https:\/\/www.uqac.ca\/uqactualites\/?s={search_term_string}"},"query-input":{"@type":"PropertyValueSpecification","valueRequired":true,"valueName":"search_term_string"}}],"inLanguage":"fr-CA"},{"@type":"Person","@id":"https:\/\/www.uqac.ca\/uqactualites\/#\/schema\/person\/366c45a0c4f0e677b41b4af5886e2018","name":"Service des communications et des relations publiques","image":{"@type":"ImageObject","inLanguage":"fr-CA","@id":"https:\/\/www.uqac.ca\/uqactualites\/#\/schema\/person\/image\/","url":"https:\/\/secure.gravatar.com\/avatar\/20fbbda8a292f59f2d3461a5b999c00b?s=96&d=mm&r=g","contentUrl":"https:\/\/secure.gravatar.com\/avatar\/20fbbda8a292f59f2d3461a5b999c00b?s=96&d=mm&r=g","caption":"Service des communications et des relations publiques"},"url":"https:\/\/www.uqac.ca\/uqactualites\/author\/bap\/"}]}},"_links":{"self":[{"href":"https:\/\/www.uqac.ca\/uqactualites\/wp-json\/wp\/v2\/posts\/35645"}],"collection":[{"href":"https:\/\/www.uqac.ca\/uqactualites\/wp-json\/wp\/v2\/posts"}],"about":[{"href":"https:\/\/www.uqac.ca\/uqactualites\/wp-json\/wp\/v2\/types\/post"}],"author":[{"embeddable":true,"href":"https:\/\/www.uqac.ca\/uqactualites\/wp-json\/wp\/v2\/users\/5"}],"replies":[{"embeddable":true,"href":"https:\/\/www.uqac.ca\/uqactualites\/wp-json\/wp\/v2\/comments?post=35645"}],"version-history":[{"count":0,"href":"https:\/\/www.uqac.ca\/uqactualites\/wp-json\/wp\/v2\/posts\/35645\/revisions"}],"wp:featuredmedia":[{"embeddable":true,"href":"https:\/\/www.uqac.ca\/uqactualites\/wp-json\/wp\/v2\/media\/35667"}],"wp:attachment":[{"href":"https:\/\/www.uqac.ca\/uqactualites\/wp-json\/wp\/v2\/media?parent=35645"}],"wp:term":[{"taxonomy":"category","embeddable":true,"href":"https:\/\/www.uqac.ca\/uqactualites\/wp-json\/wp\/v2\/categories?post=35645"},{"taxonomy":"post_tag","embeddable":true,"href":"https:\/\/www.uqac.ca\/uqactualites\/wp-json\/wp\/v2\/tags?post=35645"}],"curies":[{"name":"wp","href":"https:\/\/api.w.org\/{rel}","templated":true}]}}