{"id":35659,"date":"2019-02-04T12:06:59","date_gmt":"2019-02-04T17:06:59","guid":{"rendered":"https:\/\/www.uqac.ca\/?p=35659"},"modified":"2019-02-04T12:06:59","modified_gmt":"2019-02-04T17:06:59","slug":"uqac-en-publications-janvier-2019-sciences-de-la-sante","status":"publish","type":"post","link":"https:\/\/www.uqac.ca\/uqactualites\/2019\/02\/04\/uqac-en-publications-janvier-2019-sciences-de-la-sante\/","title":{"rendered":"[UQAC en publications] JANVIER 2019 \u2013 Sciences de la sant\u00e9"},"content":{"rendered":"<p>La liste ci-dessous recense les \u00e9crits et les collaborations \u00e0 de la documentation scientifique ou acad\u00e9mique dans le domaine des sciences de la sant\u00e9, r\u00e9alis\u00e9s par des membres de la communaut\u00e9 universitaire de l\u2019UQAC au cours du mois de janvier 2019.<\/p>\n<div><\/div>\n<p><span style=\"color: #6b8a16;\"><strong>ARTICLE DE REVUE<\/strong><\/span><\/p>\n<p><span style=\"color: #000000;\"><strong>\u2022\u00a0da Silva, R. A.<\/strong>, Vieira, E. R., L\u00e9onard, G.,\u00a0<strong>Beaulieu, L. D.<\/strong>,\u00a0<strong>Ngomo, S.<\/strong>, Nowotny, A. H., &amp; Amorim, C. F. (2019).\u00a0<a href=\"http:\/\/go.uqac.ca\/8NTm\">Age- and low back pain-related differences in trunk muscle activation during one-legged stance balance task<\/a>.\u00a0<em>Gait and Posture<\/em>,\u00a0<em>69<\/em>, 25-30. doi: 10.1016\/j.gaitpost.2019.01.016<\/span><\/p>\n<p><span style=\"color: #000000;\"><strong>\u2022\u00a0<\/strong><\/span><span style=\"color: #000000;\">Fortin, M.,\u00a0<\/span><strong style=\"color: #000000;\">Chouinard, M. C.<\/strong><span style=\"color: #000000;\">, Diallo, B. B., &amp; Bouhali, T. (2019).\u00a0<\/span><a href=\"http:\/\/go.uqac.ca\/K7jZ\"><span style=\"color: #000000;\">Integration of chronic disease prevention and management services into primary care (PR1MaC): Findings from an embedded qualitative study<\/span><\/a><span style=\"color: #000000;\">.\u00a0<\/span><em style=\"color: #000000;\">BMC Family Practice<\/em><span style=\"color: #000000;\">,\u00a0<\/span><em style=\"color: #000000;\">20<\/em><span style=\"color: #000000;\">(1). doi: 10.1186\/s12875-018-0898-z<\/span><\/p>\n<p><span style=\"color: #000000;\"><strong>\u2022\u00a0<\/strong><\/span><span style=\"color: #000000;\">Marcio, R. O., Edgar, R. V., Andr\u00e9, W. O. G., Karen, B. P. F., Denilson, C. T., Cesar, F. A., &amp;\u00a0<\/span><strong style=\"color: #000000;\">Rubens, A. D. S.<\/strong><span style=\"color: #000000;\">\u00a0(2018).\u00a0<\/span><a href=\"https:\/\/constellation.uqac.ca\/4768\/\"><span style=\"color: #000000;\">One-legged stance sway of older adults with and without falls<\/span><\/a><span style=\"color: #000000;\">.\u00a0<\/span><em style=\"color: #000000;\">PLoS ONE<\/em><span style=\"color: #000000;\">,\u00a0<\/span><em style=\"color: #000000;\">13<\/em><span style=\"color: #000000;\">(9), e0203887. doi: 10.1371\/journal.pone.0203887<\/span><\/p>\n<p><span style=\"color: #000000;\"><strong>\u2022\u00a0<\/strong><\/span><span style=\"color: #000000;\">Rancourt, A.,\u00a0<\/span><strong style=\"color: #000000;\">Dufresne, S. S.<\/strong><span style=\"color: #000000;\">, St-Pierre, G., Levesque, J.-C., Nakamura, H., Kikuchi, Y., &#8230; Sato, S. (2018).\u00a0<\/span><a href=\"https:\/\/constellation.uqac.ca\/4770\/\"><span style=\"color: #000000;\">Galectin-3 and N-acetylglucosamine promote myogenesis and improve skeletal muscle function in the mdx model of Duchenne muscular dystrophy<\/span><\/a><span style=\"color: #000000;\">.\u00a0<\/span><em style=\"color: #000000;\">Faseb Journal<\/em><span style=\"color: #000000;\">,\u00a0<\/span><em style=\"color: #000000;\">32<\/em><span style=\"color: #000000;\">(12), 6445-6455.<\/span><\/p>\n<p><span style=\"color: #000000;\"><strong>\u2022\u00a0<\/strong><\/span><span style=\"color: #000000;\">Roveratti, M. C., Jacinto, J. L., Oliveira, D. B.,\u00a0<\/span><strong style=\"color: #000000;\">da Silva, R. A.<\/strong><span style=\"color: #000000;\">, Andraus, R. A. C., de Oliveira, E. P., &#8230; Aguiar, A. F. (2019).\u00a0<\/span><a href=\"http:\/\/go.uqac.ca\/qBLc\"><span style=\"color: #000000;\">Effects of beta-alanine supplementation on muscle function during recovery from resistance exercise in young adults<\/span><\/a><span style=\"color: #000000;\">.\u00a0<\/span><em style=\"color: #000000;\">Amino Acids<\/em><span style=\"color: #000000;\">. doi: 10.1007\/s00726-018-02686-y<\/span><\/p>\n<p><span style=\"color: #000000;\"><strong>\u2022\u00a0<\/strong><\/span><strong style=\"color: #000000;\">Sasseville, M.<\/strong><span style=\"color: #000000;\">, Smith, S. M., Freyne, L., McDowell, R., Boland, F., Fortin, M., &amp; Wallace, E. (2019).\u00a0<\/span><a href=\"http:\/\/go.uqac.ca\/bFAi\"><span style=\"color: #000000;\">Predicting poorer health outcomes in older community-dwelling patients with multimorbidity: prospective cohort study assessing the accuracy of different multimorbidity definitions.<\/span><\/a><em style=\"color: #000000;\">BMJ open<\/em><span style=\"color: #000000;\">,\u00a0<\/span><em style=\"color: #000000;\">9<\/em><span style=\"color: #000000;\">(1), e023919. doi: 10.1136\/bmjopen-2018-023919<\/span><\/p>\n<p><span style=\"color: #000000;\"><strong>\u2022\u00a0<\/strong><\/span><strong style=\"color: #000000;\">Simard, M.<\/strong><span style=\"color: #000000;\">,\u00a0<\/span><strong style=\"color: #000000;\">Laprise, C.<\/strong><span style=\"color: #000000;\">, &amp;\u00a0<\/span><strong style=\"color: #000000;\">Girard, S. L.<\/strong><span style=\"color: #000000;\">\u00a0(2019). Impact of Paternal Age at Conception on Human Health.\u00a0<\/span><em style=\"color: #000000;\">Clinical Chemistry<\/em><span style=\"color: #000000;\">,\u00a0<\/span><em style=\"color: #000000;\">65<\/em><span style=\"color: #000000;\">(1), 146-152. doi: 10.1373\/clinchem.2018.294421<\/span><\/p>\n<p><span style=\"color: #000000;\"><strong>\u2022\u00a0<\/strong><\/span><span style=\"color: #000000;\">Syme, C., Shin, J.,\u00a0<\/span><strong style=\"color: #000000;\">Richer, L.<\/strong><span style=\"color: #000000;\">, Gaudet, D., Fornage, M., Paus, T., &amp; Pausova, Z. (2019). Epigenetic Loci of Blood Pressure.\u00a0<\/span><em style=\"color: #000000;\">Circulation. Genomic And Precision Medicine<\/em><span style=\"color: #000000;\">,\u00a0<\/span><em style=\"color: #000000;\">12<\/em><span style=\"color: #000000;\">(1), e002341-e002341. doi: 10.1161\/CIRCGEN.118.002341<\/span><\/p>\n","protected":false},"excerpt":{"rendered":"<p>La liste ci-dessous recense les \u00e9crits et les collaborations \u00e0 de la documentation scientifique ou acad\u00e9mique dans le domaine des sciences de la sant\u00e9, r\u00e9alis\u00e9s par des membres de la communaut\u00e9 universitaire de l\u2019UQAC au cours du mois de janvier 2019. ARTICLE DE REVUE \u2022\u00a0da Silva, R. A., Vieira, E. R., L\u00e9onard, G.,\u00a0Beaulieu, L. D.,\u00a0Ngomo, [&hellip;]<\/p>\n","protected":false},"author":5,"featured_media":35665,"comment_status":"open","ping_status":"open","sticky":false,"template":"","format":"standard","meta":{"footnotes":""},"categories":[2,25],"tags":[23,16],"yoast_head":"<!-- This site is optimized with the Yoast SEO plugin v24.2 - https:\/\/yoast.com\/wordpress\/plugins\/seo\/ -->\r\n<title>[UQAC en publications] JANVIER 2019 \u2013 Sciences de la sant\u00e9 - UQACtualit\u00e9s<\/title>\r\n<meta name=\"robots\" content=\"index, follow, max-snippet:-1, max-image-preview:large, max-video-preview:-1\" \/>\r\n<link rel=\"canonical\" href=\"https:\/\/www.uqac.ca\/uqactualites\/2019\/02\/04\/uqac-en-publications-janvier-2019-sciences-de-la-sante\/\" \/>\r\n<meta property=\"og:locale\" content=\"fr_CA\" \/>\r\n<meta property=\"og:type\" content=\"article\" \/>\r\n<meta property=\"og:title\" content=\"[UQAC en publications] JANVIER 2019 \u2013 Sciences de la sant\u00e9 - UQACtualit\u00e9s\" \/>\r\n<meta property=\"og:description\" content=\"La liste ci-dessous recense les \u00e9crits et les collaborations \u00e0 de la documentation scientifique ou acad\u00e9mique dans le domaine des sciences de la sant\u00e9, r\u00e9alis\u00e9s par des membres de la communaut\u00e9 universitaire de l\u2019UQAC au cours du mois de janvier 2019. ARTICLE DE REVUE \u2022\u00a0da Silva, R. A., Vieira, E. R., L\u00e9onard, G.,\u00a0Beaulieu, L. D.,\u00a0Ngomo, [&hellip;]\" \/>\r\n<meta property=\"og:url\" content=\"https:\/\/www.uqac.ca\/uqactualites\/2019\/02\/04\/uqac-en-publications-janvier-2019-sciences-de-la-sante\/\" \/>\r\n<meta property=\"og:site_name\" content=\"UQACtualit\u00e9s\" \/>\r\n<meta property=\"article:published_time\" content=\"2019-02-04T17:06:59+00:00\" \/>\r\n<meta property=\"og:image\" content=\"https:\/\/www.uqac.ca\/uqactualites\/wp-content\/uploads\/2019\/02\/uqacEnPublication4X6.jpg\" \/>\r\n\t<meta property=\"og:image:width\" content=\"1801\" \/>\r\n\t<meta property=\"og:image:height\" content=\"1201\" \/>\r\n\t<meta property=\"og:image:type\" content=\"image\/jpeg\" \/>\r\n<meta name=\"author\" content=\"Service des communications et des relations publiques\" \/>\r\n<meta name=\"twitter:card\" content=\"summary_large_image\" \/>\r\n<meta name=\"twitter:label1\" content=\"\u00c9crit par\" \/>\n\t<meta name=\"twitter:data1\" content=\"Service des communications et des relations publiques\" \/>\n\t<meta name=\"twitter:label2\" content=\"Estimation du temps de lecture\" \/>\n\t<meta name=\"twitter:data2\" content=\"2 minutes\" \/>\r\n<script type=\"application\/ld+json\" class=\"yoast-schema-graph\">{\"@context\":\"https:\/\/schema.org\",\"@graph\":[{\"@type\":\"WebPage\",\"@id\":\"https:\/\/www.uqac.ca\/uqactualites\/2019\/02\/04\/uqac-en-publications-janvier-2019-sciences-de-la-sante\/\",\"url\":\"https:\/\/www.uqac.ca\/uqactualites\/2019\/02\/04\/uqac-en-publications-janvier-2019-sciences-de-la-sante\/\",\"name\":\"[UQAC en publications] JANVIER 2019 \u2013 Sciences de la sant\u00e9 - UQACtualit\u00e9s\",\"isPartOf\":{\"@id\":\"https:\/\/www.uqac.ca\/uqactualites\/#website\"},\"primaryImageOfPage\":{\"@id\":\"https:\/\/www.uqac.ca\/uqactualites\/2019\/02\/04\/uqac-en-publications-janvier-2019-sciences-de-la-sante\/#primaryimage\"},\"image\":{\"@id\":\"https:\/\/www.uqac.ca\/uqactualites\/2019\/02\/04\/uqac-en-publications-janvier-2019-sciences-de-la-sante\/#primaryimage\"},\"thumbnailUrl\":\"https:\/\/www.uqac.ca\/uqactualites\/wp-content\/uploads\/2019\/02\/uqacEnPublication4X6.jpg\",\"datePublished\":\"2019-02-04T17:06:59+00:00\",\"dateModified\":\"2019-02-04T17:06:59+00:00\",\"author\":{\"@id\":\"https:\/\/www.uqac.ca\/uqactualites\/#\/schema\/person\/366c45a0c4f0e677b41b4af5886e2018\"},\"breadcrumb\":{\"@id\":\"https:\/\/www.uqac.ca\/uqactualites\/2019\/02\/04\/uqac-en-publications-janvier-2019-sciences-de-la-sante\/#breadcrumb\"},\"inLanguage\":\"fr-CA\",\"potentialAction\":[{\"@type\":\"ReadAction\",\"target\":[\"https:\/\/www.uqac.ca\/uqactualites\/2019\/02\/04\/uqac-en-publications-janvier-2019-sciences-de-la-sante\/\"]}]},{\"@type\":\"ImageObject\",\"inLanguage\":\"fr-CA\",\"@id\":\"https:\/\/www.uqac.ca\/uqactualites\/2019\/02\/04\/uqac-en-publications-janvier-2019-sciences-de-la-sante\/#primaryimage\",\"url\":\"https:\/\/www.uqac.ca\/uqactualites\/wp-content\/uploads\/2019\/02\/uqacEnPublication4X6.jpg\",\"contentUrl\":\"https:\/\/www.uqac.ca\/uqactualites\/wp-content\/uploads\/2019\/02\/uqacEnPublication4X6.jpg\",\"width\":1801,\"height\":1201},{\"@type\":\"BreadcrumbList\",\"@id\":\"https:\/\/www.uqac.ca\/uqactualites\/2019\/02\/04\/uqac-en-publications-janvier-2019-sciences-de-la-sante\/#breadcrumb\",\"itemListElement\":[{\"@type\":\"ListItem\",\"position\":1,\"name\":\"Home\",\"item\":\"https:\/\/www.uqac.ca\/uqactualites\/\"},{\"@type\":\"ListItem\",\"position\":2,\"name\":\"[UQAC en publications] JANVIER 2019 \u2013 Sciences de la sant\u00e9\"}]},{\"@type\":\"WebSite\",\"@id\":\"https:\/\/www.uqac.ca\/uqactualites\/#website\",\"url\":\"https:\/\/www.uqac.ca\/uqactualites\/\",\"name\":\"UQACtualit\u00e9s\",\"description\":\"Le portail des nouvelles de l&#039;UQAC\",\"potentialAction\":[{\"@type\":\"SearchAction\",\"target\":{\"@type\":\"EntryPoint\",\"urlTemplate\":\"https:\/\/www.uqac.ca\/uqactualites\/?s={search_term_string}\"},\"query-input\":{\"@type\":\"PropertyValueSpecification\",\"valueRequired\":true,\"valueName\":\"search_term_string\"}}],\"inLanguage\":\"fr-CA\"},{\"@type\":\"Person\",\"@id\":\"https:\/\/www.uqac.ca\/uqactualites\/#\/schema\/person\/366c45a0c4f0e677b41b4af5886e2018\",\"name\":\"Service des communications et des relations publiques\",\"image\":{\"@type\":\"ImageObject\",\"inLanguage\":\"fr-CA\",\"@id\":\"https:\/\/www.uqac.ca\/uqactualites\/#\/schema\/person\/image\/\",\"url\":\"https:\/\/secure.gravatar.com\/avatar\/20fbbda8a292f59f2d3461a5b999c00b?s=96&d=mm&r=g\",\"contentUrl\":\"https:\/\/secure.gravatar.com\/avatar\/20fbbda8a292f59f2d3461a5b999c00b?s=96&d=mm&r=g\",\"caption\":\"Service des communications et des relations publiques\"},\"url\":\"https:\/\/www.uqac.ca\/uqactualites\/author\/bap\/\"}]}<\/script>\r\n<!-- \/ Yoast SEO plugin. -->","yoast_head_json":{"title":"[UQAC en publications] JANVIER 2019 \u2013 Sciences de la sant\u00e9 - UQACtualit\u00e9s","robots":{"index":"index","follow":"follow","max-snippet":"max-snippet:-1","max-image-preview":"max-image-preview:large","max-video-preview":"max-video-preview:-1"},"canonical":"https:\/\/www.uqac.ca\/uqactualites\/2019\/02\/04\/uqac-en-publications-janvier-2019-sciences-de-la-sante\/","og_locale":"fr_CA","og_type":"article","og_title":"[UQAC en publications] JANVIER 2019 \u2013 Sciences de la sant\u00e9 - UQACtualit\u00e9s","og_description":"La liste ci-dessous recense les \u00e9crits et les collaborations \u00e0 de la documentation scientifique ou acad\u00e9mique dans le domaine des sciences de la sant\u00e9, r\u00e9alis\u00e9s par des membres de la communaut\u00e9 universitaire de l\u2019UQAC au cours du mois de janvier 2019. ARTICLE DE REVUE \u2022\u00a0da Silva, R. A., Vieira, E. R., L\u00e9onard, G.,\u00a0Beaulieu, L. D.,\u00a0Ngomo, [&hellip;]","og_url":"https:\/\/www.uqac.ca\/uqactualites\/2019\/02\/04\/uqac-en-publications-janvier-2019-sciences-de-la-sante\/","og_site_name":"UQACtualit\u00e9s","article_published_time":"2019-02-04T17:06:59+00:00","og_image":[{"width":1801,"height":1201,"url":"https:\/\/www.uqac.ca\/uqactualites\/wp-content\/uploads\/2019\/02\/uqacEnPublication4X6.jpg","type":"image\/jpeg"}],"author":"Service des communications et des relations publiques","twitter_card":"summary_large_image","twitter_misc":{"\u00c9crit par":"Service des communications et des relations publiques","Estimation du temps de lecture":"2 minutes"},"schema":{"@context":"https:\/\/schema.org","@graph":[{"@type":"WebPage","@id":"https:\/\/www.uqac.ca\/uqactualites\/2019\/02\/04\/uqac-en-publications-janvier-2019-sciences-de-la-sante\/","url":"https:\/\/www.uqac.ca\/uqactualites\/2019\/02\/04\/uqac-en-publications-janvier-2019-sciences-de-la-sante\/","name":"[UQAC en publications] JANVIER 2019 \u2013 Sciences de la sant\u00e9 - UQACtualit\u00e9s","isPartOf":{"@id":"https:\/\/www.uqac.ca\/uqactualites\/#website"},"primaryImageOfPage":{"@id":"https:\/\/www.uqac.ca\/uqactualites\/2019\/02\/04\/uqac-en-publications-janvier-2019-sciences-de-la-sante\/#primaryimage"},"image":{"@id":"https:\/\/www.uqac.ca\/uqactualites\/2019\/02\/04\/uqac-en-publications-janvier-2019-sciences-de-la-sante\/#primaryimage"},"thumbnailUrl":"https:\/\/www.uqac.ca\/uqactualites\/wp-content\/uploads\/2019\/02\/uqacEnPublication4X6.jpg","datePublished":"2019-02-04T17:06:59+00:00","dateModified":"2019-02-04T17:06:59+00:00","author":{"@id":"https:\/\/www.uqac.ca\/uqactualites\/#\/schema\/person\/366c45a0c4f0e677b41b4af5886e2018"},"breadcrumb":{"@id":"https:\/\/www.uqac.ca\/uqactualites\/2019\/02\/04\/uqac-en-publications-janvier-2019-sciences-de-la-sante\/#breadcrumb"},"inLanguage":"fr-CA","potentialAction":[{"@type":"ReadAction","target":["https:\/\/www.uqac.ca\/uqactualites\/2019\/02\/04\/uqac-en-publications-janvier-2019-sciences-de-la-sante\/"]}]},{"@type":"ImageObject","inLanguage":"fr-CA","@id":"https:\/\/www.uqac.ca\/uqactualites\/2019\/02\/04\/uqac-en-publications-janvier-2019-sciences-de-la-sante\/#primaryimage","url":"https:\/\/www.uqac.ca\/uqactualites\/wp-content\/uploads\/2019\/02\/uqacEnPublication4X6.jpg","contentUrl":"https:\/\/www.uqac.ca\/uqactualites\/wp-content\/uploads\/2019\/02\/uqacEnPublication4X6.jpg","width":1801,"height":1201},{"@type":"BreadcrumbList","@id":"https:\/\/www.uqac.ca\/uqactualites\/2019\/02\/04\/uqac-en-publications-janvier-2019-sciences-de-la-sante\/#breadcrumb","itemListElement":[{"@type":"ListItem","position":1,"name":"Home","item":"https:\/\/www.uqac.ca\/uqactualites\/"},{"@type":"ListItem","position":2,"name":"[UQAC en publications] JANVIER 2019 \u2013 Sciences de la sant\u00e9"}]},{"@type":"WebSite","@id":"https:\/\/www.uqac.ca\/uqactualites\/#website","url":"https:\/\/www.uqac.ca\/uqactualites\/","name":"UQACtualit\u00e9s","description":"Le portail des nouvelles de l&#039;UQAC","potentialAction":[{"@type":"SearchAction","target":{"@type":"EntryPoint","urlTemplate":"https:\/\/www.uqac.ca\/uqactualites\/?s={search_term_string}"},"query-input":{"@type":"PropertyValueSpecification","valueRequired":true,"valueName":"search_term_string"}}],"inLanguage":"fr-CA"},{"@type":"Person","@id":"https:\/\/www.uqac.ca\/uqactualites\/#\/schema\/person\/366c45a0c4f0e677b41b4af5886e2018","name":"Service des communications et des relations publiques","image":{"@type":"ImageObject","inLanguage":"fr-CA","@id":"https:\/\/www.uqac.ca\/uqactualites\/#\/schema\/person\/image\/","url":"https:\/\/secure.gravatar.com\/avatar\/20fbbda8a292f59f2d3461a5b999c00b?s=96&d=mm&r=g","contentUrl":"https:\/\/secure.gravatar.com\/avatar\/20fbbda8a292f59f2d3461a5b999c00b?s=96&d=mm&r=g","caption":"Service des communications et des relations publiques"},"url":"https:\/\/www.uqac.ca\/uqactualites\/author\/bap\/"}]}},"_links":{"self":[{"href":"https:\/\/www.uqac.ca\/uqactualites\/wp-json\/wp\/v2\/posts\/35659"}],"collection":[{"href":"https:\/\/www.uqac.ca\/uqactualites\/wp-json\/wp\/v2\/posts"}],"about":[{"href":"https:\/\/www.uqac.ca\/uqactualites\/wp-json\/wp\/v2\/types\/post"}],"author":[{"embeddable":true,"href":"https:\/\/www.uqac.ca\/uqactualites\/wp-json\/wp\/v2\/users\/5"}],"replies":[{"embeddable":true,"href":"https:\/\/www.uqac.ca\/uqactualites\/wp-json\/wp\/v2\/comments?post=35659"}],"version-history":[{"count":0,"href":"https:\/\/www.uqac.ca\/uqactualites\/wp-json\/wp\/v2\/posts\/35659\/revisions"}],"wp:featuredmedia":[{"embeddable":true,"href":"https:\/\/www.uqac.ca\/uqactualites\/wp-json\/wp\/v2\/media\/35665"}],"wp:attachment":[{"href":"https:\/\/www.uqac.ca\/uqactualites\/wp-json\/wp\/v2\/media?parent=35659"}],"wp:term":[{"taxonomy":"category","embeddable":true,"href":"https:\/\/www.uqac.ca\/uqactualites\/wp-json\/wp\/v2\/categories?post=35659"},{"taxonomy":"post_tag","embeddable":true,"href":"https:\/\/www.uqac.ca\/uqactualites\/wp-json\/wp\/v2\/tags?post=35659"}],"curies":[{"name":"wp","href":"https:\/\/api.w.org\/{rel}","templated":true}]}}