{"id":35687,"date":"2019-02-06T11:15:08","date_gmt":"2019-02-06T16:15:08","guid":{"rendered":"https:\/\/www.uqac.ca\/?p=35687"},"modified":"2019-02-06T11:15:08","modified_gmt":"2019-02-06T16:15:08","slug":"les-etudiants-de-luqac-sillustrent-lors-du-defi-cecobois","status":"publish","type":"post","link":"https:\/\/www.uqac.ca\/uqactualites\/2019\/02\/06\/les-etudiants-de-luqac-sillustrent-lors-du-defi-cecobois\/","title":{"rendered":"Les \u00e9tudiants de l\u2019UQAC s\u2019illustrent lors du d\u00e9fi Cecobois"},"content":{"rendered":"<p>Encore une fois cette ann\u00e9e, 14 \u00e9tudiants du baccalaur\u00e9at et de la ma\u00eetrise professionnelle en g\u00e9nie de l\u2019UQAC ont brill\u00e9 lors du d\u00e9fi Cecobois.<\/p>\n<p>Leur participation a \u00e9t\u00e9 rendue possible gr\u00e2ce \u00e0 une subvention du minist\u00e8re de la For\u00eat, de la Faune et des Parcs accord\u00e9e \u00e0 l\u2019UQAC pour renforcer l\u2019utilisation du bois dans nos formations.<\/p>\n<p>Pour conna\u00eetre les d\u00e9tails de la comp\u00e9tition et en savoir plus sur les performances de nos \u00e9tudiants\u00a0:\u00a0<a href=\"https:\/\/cecobois.com\/fr\/nouvelles\/defi-cecobois-les-etudiants-imaginent-les-stations-rem-du-futur\">https:\/\/cecobois.com\/fr\/nouvelles\/defi-cecobois-les-etudiants-imaginent-les-stations-rem-du-futur<\/a><\/p>\n<p><strong>F\u00e9licitations \u00e0 nos \u00e9tudiants :<\/strong><\/p>\n<ul>\n<li>Dena Shalaby<\/li>\n<li>Bonkoungou Sidpagnagd\u00e9 Prisca<\/li>\n<li>Arisan Recep<\/li>\n<li>Oivier Boily<\/li>\n<li>Gr\u00e9goire Oizel<\/li>\n<li>Mathieu Broggini<\/li>\n<li>Rajaa Rakba<\/li>\n<li>Paul Sergerie<\/li>\n<li>Michel Larouche<\/li>\n<li>Th\u00e9o Dumont<\/li>\n<li>Donny Chopin<\/li>\n<li>Dimitri Sozonoff<\/li>\n<li>Oumaima Lahlou<\/li>\n<li>Fr\u00e9d\u00e9rique Pilote<\/li>\n<\/ul>\n<p>&nbsp;<\/p>\n<p><em>Source photo:\u00a0<a href=\"https:\/\/cecobois.com\">https:\/\/cecobois.com<\/a><\/em><\/p>\n","protected":false},"excerpt":{"rendered":"<p>Encore une fois cette ann\u00e9e, 14 \u00e9tudiants du baccalaur\u00e9at et de la ma\u00eetrise professionnelle en g\u00e9nie de l\u2019UQAC ont brill\u00e9 lors du d\u00e9fi Cecobois. Leur participation a \u00e9t\u00e9 rendue possible gr\u00e2ce \u00e0 une subvention du minist\u00e8re de la For\u00eat, de la Faune et des Parcs accord\u00e9e \u00e0 l\u2019UQAC pour renforcer l\u2019utilisation du bois dans nos [&hellip;]<\/p>\n","protected":false},"author":5,"featured_media":35689,"comment_status":"open","ping_status":"open","sticky":false,"template":"","format":"standard","meta":{"footnotes":""},"categories":[2],"tags":[21],"yoast_head":"<!-- This site is optimized with the Yoast SEO plugin v24.2 - https:\/\/yoast.com\/wordpress\/plugins\/seo\/ -->\r\n<title>Les \u00e9tudiants de l\u2019UQAC s\u2019illustrent lors du d\u00e9fi Cecobois - UQACtualit\u00e9s<\/title>\r\n<meta name=\"robots\" content=\"index, follow, max-snippet:-1, max-image-preview:large, max-video-preview:-1\" \/>\r\n<link rel=\"canonical\" href=\"https:\/\/www.uqac.ca\/uqactualites\/2019\/02\/06\/les-etudiants-de-luqac-sillustrent-lors-du-defi-cecobois\/\" \/>\r\n<meta property=\"og:locale\" content=\"fr_CA\" \/>\r\n<meta property=\"og:type\" content=\"article\" \/>\r\n<meta property=\"og:title\" content=\"Les \u00e9tudiants de l\u2019UQAC s\u2019illustrent lors du d\u00e9fi Cecobois - UQACtualit\u00e9s\" \/>\r\n<meta property=\"og:description\" content=\"Encore une fois cette ann\u00e9e, 14 \u00e9tudiants du baccalaur\u00e9at et de la ma\u00eetrise professionnelle en g\u00e9nie de l\u2019UQAC ont brill\u00e9 lors du d\u00e9fi Cecobois. Leur participation a \u00e9t\u00e9 rendue possible gr\u00e2ce \u00e0 une subvention du minist\u00e8re de la For\u00eat, de la Faune et des Parcs accord\u00e9e \u00e0 l\u2019UQAC pour renforcer l\u2019utilisation du bois dans nos [&hellip;]\" \/>\r\n<meta property=\"og:url\" content=\"https:\/\/www.uqac.ca\/uqactualites\/2019\/02\/06\/les-etudiants-de-luqac-sillustrent-lors-du-defi-cecobois\/\" \/>\r\n<meta property=\"og:site_name\" content=\"UQACtualit\u00e9s\" \/>\r\n<meta property=\"article:published_time\" content=\"2019-02-06T16:15:08+00:00\" \/>\r\n<meta property=\"og:image\" content=\"https:\/\/www.uqac.ca\/uqactualites\/wp-content\/uploads\/2019\/02\/Cecobois_2019.jpg\" \/>\r\n\t<meta property=\"og:image:width\" content=\"1200\" \/>\r\n\t<meta property=\"og:image:height\" content=\"627\" \/>\r\n\t<meta property=\"og:image:type\" content=\"image\/jpeg\" \/>\r\n<meta name=\"author\" content=\"Service des communications et des relations publiques\" \/>\r\n<meta name=\"twitter:card\" content=\"summary_large_image\" \/>\r\n<meta name=\"twitter:label1\" content=\"\u00c9crit par\" \/>\n\t<meta name=\"twitter:data1\" content=\"Service des communications et des relations publiques\" \/>\n\t<meta name=\"twitter:label2\" content=\"Estimation du temps de lecture\" \/>\n\t<meta name=\"twitter:data2\" content=\"1 minute\" \/>\r\n<script type=\"application\/ld+json\" class=\"yoast-schema-graph\">{\"@context\":\"https:\/\/schema.org\",\"@graph\":[{\"@type\":\"WebPage\",\"@id\":\"https:\/\/www.uqac.ca\/uqactualites\/2019\/02\/06\/les-etudiants-de-luqac-sillustrent-lors-du-defi-cecobois\/\",\"url\":\"https:\/\/www.uqac.ca\/uqactualites\/2019\/02\/06\/les-etudiants-de-luqac-sillustrent-lors-du-defi-cecobois\/\",\"name\":\"Les \u00e9tudiants de l\u2019UQAC s\u2019illustrent lors du d\u00e9fi Cecobois - UQACtualit\u00e9s\",\"isPartOf\":{\"@id\":\"https:\/\/www.uqac.ca\/uqactualites\/#website\"},\"primaryImageOfPage\":{\"@id\":\"https:\/\/www.uqac.ca\/uqactualites\/2019\/02\/06\/les-etudiants-de-luqac-sillustrent-lors-du-defi-cecobois\/#primaryimage\"},\"image\":{\"@id\":\"https:\/\/www.uqac.ca\/uqactualites\/2019\/02\/06\/les-etudiants-de-luqac-sillustrent-lors-du-defi-cecobois\/#primaryimage\"},\"thumbnailUrl\":\"https:\/\/www.uqac.ca\/uqactualites\/wp-content\/uploads\/2019\/02\/Cecobois_2019.jpg\",\"datePublished\":\"2019-02-06T16:15:08+00:00\",\"dateModified\":\"2019-02-06T16:15:08+00:00\",\"author\":{\"@id\":\"https:\/\/www.uqac.ca\/uqactualites\/#\/schema\/person\/366c45a0c4f0e677b41b4af5886e2018\"},\"breadcrumb\":{\"@id\":\"https:\/\/www.uqac.ca\/uqactualites\/2019\/02\/06\/les-etudiants-de-luqac-sillustrent-lors-du-defi-cecobois\/#breadcrumb\"},\"inLanguage\":\"fr-CA\",\"potentialAction\":[{\"@type\":\"ReadAction\",\"target\":[\"https:\/\/www.uqac.ca\/uqactualites\/2019\/02\/06\/les-etudiants-de-luqac-sillustrent-lors-du-defi-cecobois\/\"]}]},{\"@type\":\"ImageObject\",\"inLanguage\":\"fr-CA\",\"@id\":\"https:\/\/www.uqac.ca\/uqactualites\/2019\/02\/06\/les-etudiants-de-luqac-sillustrent-lors-du-defi-cecobois\/#primaryimage\",\"url\":\"https:\/\/www.uqac.ca\/uqactualites\/wp-content\/uploads\/2019\/02\/Cecobois_2019.jpg\",\"contentUrl\":\"https:\/\/www.uqac.ca\/uqactualites\/wp-content\/uploads\/2019\/02\/Cecobois_2019.jpg\",\"width\":1200,\"height\":627},{\"@type\":\"BreadcrumbList\",\"@id\":\"https:\/\/www.uqac.ca\/uqactualites\/2019\/02\/06\/les-etudiants-de-luqac-sillustrent-lors-du-defi-cecobois\/#breadcrumb\",\"itemListElement\":[{\"@type\":\"ListItem\",\"position\":1,\"name\":\"Home\",\"item\":\"https:\/\/www.uqac.ca\/uqactualites\/\"},{\"@type\":\"ListItem\",\"position\":2,\"name\":\"Les \u00e9tudiants de l\u2019UQAC s\u2019illustrent lors du d\u00e9fi Cecobois\"}]},{\"@type\":\"WebSite\",\"@id\":\"https:\/\/www.uqac.ca\/uqactualites\/#website\",\"url\":\"https:\/\/www.uqac.ca\/uqactualites\/\",\"name\":\"UQACtualit\u00e9s\",\"description\":\"Le portail des nouvelles de l&#039;UQAC\",\"potentialAction\":[{\"@type\":\"SearchAction\",\"target\":{\"@type\":\"EntryPoint\",\"urlTemplate\":\"https:\/\/www.uqac.ca\/uqactualites\/?s={search_term_string}\"},\"query-input\":{\"@type\":\"PropertyValueSpecification\",\"valueRequired\":true,\"valueName\":\"search_term_string\"}}],\"inLanguage\":\"fr-CA\"},{\"@type\":\"Person\",\"@id\":\"https:\/\/www.uqac.ca\/uqactualites\/#\/schema\/person\/366c45a0c4f0e677b41b4af5886e2018\",\"name\":\"Service des communications et des relations publiques\",\"image\":{\"@type\":\"ImageObject\",\"inLanguage\":\"fr-CA\",\"@id\":\"https:\/\/www.uqac.ca\/uqactualites\/#\/schema\/person\/image\/\",\"url\":\"https:\/\/secure.gravatar.com\/avatar\/20fbbda8a292f59f2d3461a5b999c00b?s=96&d=mm&r=g\",\"contentUrl\":\"https:\/\/secure.gravatar.com\/avatar\/20fbbda8a292f59f2d3461a5b999c00b?s=96&d=mm&r=g\",\"caption\":\"Service des communications et des relations publiques\"},\"url\":\"https:\/\/www.uqac.ca\/uqactualites\/author\/bap\/\"}]}<\/script>\r\n<!-- \/ Yoast SEO plugin. -->","yoast_head_json":{"title":"Les \u00e9tudiants de l\u2019UQAC s\u2019illustrent lors du d\u00e9fi Cecobois - UQACtualit\u00e9s","robots":{"index":"index","follow":"follow","max-snippet":"max-snippet:-1","max-image-preview":"max-image-preview:large","max-video-preview":"max-video-preview:-1"},"canonical":"https:\/\/www.uqac.ca\/uqactualites\/2019\/02\/06\/les-etudiants-de-luqac-sillustrent-lors-du-defi-cecobois\/","og_locale":"fr_CA","og_type":"article","og_title":"Les \u00e9tudiants de l\u2019UQAC s\u2019illustrent lors du d\u00e9fi Cecobois - UQACtualit\u00e9s","og_description":"Encore une fois cette ann\u00e9e, 14 \u00e9tudiants du baccalaur\u00e9at et de la ma\u00eetrise professionnelle en g\u00e9nie de l\u2019UQAC ont brill\u00e9 lors du d\u00e9fi Cecobois. Leur participation a \u00e9t\u00e9 rendue possible gr\u00e2ce \u00e0 une subvention du minist\u00e8re de la For\u00eat, de la Faune et des Parcs accord\u00e9e \u00e0 l\u2019UQAC pour renforcer l\u2019utilisation du bois dans nos [&hellip;]","og_url":"https:\/\/www.uqac.ca\/uqactualites\/2019\/02\/06\/les-etudiants-de-luqac-sillustrent-lors-du-defi-cecobois\/","og_site_name":"UQACtualit\u00e9s","article_published_time":"2019-02-06T16:15:08+00:00","og_image":[{"width":1200,"height":627,"url":"https:\/\/www.uqac.ca\/uqactualites\/wp-content\/uploads\/2019\/02\/Cecobois_2019.jpg","type":"image\/jpeg"}],"author":"Service des communications et des relations publiques","twitter_card":"summary_large_image","twitter_misc":{"\u00c9crit par":"Service des communications et des relations publiques","Estimation du temps de lecture":"1 minute"},"schema":{"@context":"https:\/\/schema.org","@graph":[{"@type":"WebPage","@id":"https:\/\/www.uqac.ca\/uqactualites\/2019\/02\/06\/les-etudiants-de-luqac-sillustrent-lors-du-defi-cecobois\/","url":"https:\/\/www.uqac.ca\/uqactualites\/2019\/02\/06\/les-etudiants-de-luqac-sillustrent-lors-du-defi-cecobois\/","name":"Les \u00e9tudiants de l\u2019UQAC s\u2019illustrent lors du d\u00e9fi Cecobois - UQACtualit\u00e9s","isPartOf":{"@id":"https:\/\/www.uqac.ca\/uqactualites\/#website"},"primaryImageOfPage":{"@id":"https:\/\/www.uqac.ca\/uqactualites\/2019\/02\/06\/les-etudiants-de-luqac-sillustrent-lors-du-defi-cecobois\/#primaryimage"},"image":{"@id":"https:\/\/www.uqac.ca\/uqactualites\/2019\/02\/06\/les-etudiants-de-luqac-sillustrent-lors-du-defi-cecobois\/#primaryimage"},"thumbnailUrl":"https:\/\/www.uqac.ca\/uqactualites\/wp-content\/uploads\/2019\/02\/Cecobois_2019.jpg","datePublished":"2019-02-06T16:15:08+00:00","dateModified":"2019-02-06T16:15:08+00:00","author":{"@id":"https:\/\/www.uqac.ca\/uqactualites\/#\/schema\/person\/366c45a0c4f0e677b41b4af5886e2018"},"breadcrumb":{"@id":"https:\/\/www.uqac.ca\/uqactualites\/2019\/02\/06\/les-etudiants-de-luqac-sillustrent-lors-du-defi-cecobois\/#breadcrumb"},"inLanguage":"fr-CA","potentialAction":[{"@type":"ReadAction","target":["https:\/\/www.uqac.ca\/uqactualites\/2019\/02\/06\/les-etudiants-de-luqac-sillustrent-lors-du-defi-cecobois\/"]}]},{"@type":"ImageObject","inLanguage":"fr-CA","@id":"https:\/\/www.uqac.ca\/uqactualites\/2019\/02\/06\/les-etudiants-de-luqac-sillustrent-lors-du-defi-cecobois\/#primaryimage","url":"https:\/\/www.uqac.ca\/uqactualites\/wp-content\/uploads\/2019\/02\/Cecobois_2019.jpg","contentUrl":"https:\/\/www.uqac.ca\/uqactualites\/wp-content\/uploads\/2019\/02\/Cecobois_2019.jpg","width":1200,"height":627},{"@type":"BreadcrumbList","@id":"https:\/\/www.uqac.ca\/uqactualites\/2019\/02\/06\/les-etudiants-de-luqac-sillustrent-lors-du-defi-cecobois\/#breadcrumb","itemListElement":[{"@type":"ListItem","position":1,"name":"Home","item":"https:\/\/www.uqac.ca\/uqactualites\/"},{"@type":"ListItem","position":2,"name":"Les \u00e9tudiants de l\u2019UQAC s\u2019illustrent lors du d\u00e9fi Cecobois"}]},{"@type":"WebSite","@id":"https:\/\/www.uqac.ca\/uqactualites\/#website","url":"https:\/\/www.uqac.ca\/uqactualites\/","name":"UQACtualit\u00e9s","description":"Le portail des nouvelles de l&#039;UQAC","potentialAction":[{"@type":"SearchAction","target":{"@type":"EntryPoint","urlTemplate":"https:\/\/www.uqac.ca\/uqactualites\/?s={search_term_string}"},"query-input":{"@type":"PropertyValueSpecification","valueRequired":true,"valueName":"search_term_string"}}],"inLanguage":"fr-CA"},{"@type":"Person","@id":"https:\/\/www.uqac.ca\/uqactualites\/#\/schema\/person\/366c45a0c4f0e677b41b4af5886e2018","name":"Service des communications et des relations publiques","image":{"@type":"ImageObject","inLanguage":"fr-CA","@id":"https:\/\/www.uqac.ca\/uqactualites\/#\/schema\/person\/image\/","url":"https:\/\/secure.gravatar.com\/avatar\/20fbbda8a292f59f2d3461a5b999c00b?s=96&d=mm&r=g","contentUrl":"https:\/\/secure.gravatar.com\/avatar\/20fbbda8a292f59f2d3461a5b999c00b?s=96&d=mm&r=g","caption":"Service des communications et des relations publiques"},"url":"https:\/\/www.uqac.ca\/uqactualites\/author\/bap\/"}]}},"_links":{"self":[{"href":"https:\/\/www.uqac.ca\/uqactualites\/wp-json\/wp\/v2\/posts\/35687"}],"collection":[{"href":"https:\/\/www.uqac.ca\/uqactualites\/wp-json\/wp\/v2\/posts"}],"about":[{"href":"https:\/\/www.uqac.ca\/uqactualites\/wp-json\/wp\/v2\/types\/post"}],"author":[{"embeddable":true,"href":"https:\/\/www.uqac.ca\/uqactualites\/wp-json\/wp\/v2\/users\/5"}],"replies":[{"embeddable":true,"href":"https:\/\/www.uqac.ca\/uqactualites\/wp-json\/wp\/v2\/comments?post=35687"}],"version-history":[{"count":0,"href":"https:\/\/www.uqac.ca\/uqactualites\/wp-json\/wp\/v2\/posts\/35687\/revisions"}],"wp:featuredmedia":[{"embeddable":true,"href":"https:\/\/www.uqac.ca\/uqactualites\/wp-json\/wp\/v2\/media\/35689"}],"wp:attachment":[{"href":"https:\/\/www.uqac.ca\/uqactualites\/wp-json\/wp\/v2\/media?parent=35687"}],"wp:term":[{"taxonomy":"category","embeddable":true,"href":"https:\/\/www.uqac.ca\/uqactualites\/wp-json\/wp\/v2\/categories?post=35687"},{"taxonomy":"post_tag","embeddable":true,"href":"https:\/\/www.uqac.ca\/uqactualites\/wp-json\/wp\/v2\/tags?post=35687"}],"curies":[{"name":"wp","href":"https:\/\/api.w.org\/{rel}","templated":true}]}}