{"id":35705,"date":"2019-02-08T11:45:16","date_gmt":"2019-02-08T16:45:16","guid":{"rendered":"https:\/\/www.uqac.ca\/?p=35705"},"modified":"2019-02-08T11:45:16","modified_gmt":"2019-02-08T16:45:16","slug":"les-deplacements-aeriens-des-etudiants-boursiers-du-programme-canadien-de-bourses-de-la-francophonie-seront-carboneutres-grace-a-carbone-boreal","status":"publish","type":"post","link":"https:\/\/www.uqac.ca\/uqactualites\/2019\/02\/08\/les-deplacements-aeriens-des-etudiants-boursiers-du-programme-canadien-de-bourses-de-la-francophonie-seront-carboneutres-grace-a-carbone-boreal\/","title":{"rendered":"Les d\u00e9placements a\u00e9riens des \u00e9tudiants boursiers du Programme canadien de bourses de la Francophonie seront carboneutres gr\u00e2ce \u00e0 Carbone bor\u00e9al"},"content":{"rendered":"<p>Le Consortium form\u00e9 par le Bureau canadien de l\u2019\u00e9ducation internationale (BCEI) et l\u2019Entraide universitaire mondiale du Canada (EUMC), qui g\u00e8re conjointement le Programme canadien de bourses de la Francophonie (PCBF), est fier d\u2019annoncer, via son directeur, M. Tony Toufic, sa collaboration avec Carbone bor\u00e9al. Ce programme de l\u2019Universit\u00e9 du Qu\u00e9bec \u00e0 Chicoutimi (UQAC) est unique en son genre. Il vise \u00e0 compenser les \u00e9missions de gaz \u00e0 effet de serre par la plantation d&rsquo;arbres, tout en se consacrant \u00e0 la recherche sur les enjeux climatiques.<\/p>\n<p>Le consortium BCEI-EUMC souhaite, au travers de cette collaboration, contribuer \u00e0 r\u00e9duire de mani\u00e8re significative les impacts environnementaux des activit\u00e9s du PCBF. Cette initiative n\u2019aurait pu se concr\u00e9tiser sans le soutien d\u2019Affaires mondiales Canada, le bailleur de fonds du PCBF.<\/p>\n<p>Les d\u00e9placements en avion des boursiers s\u00e9lectionn\u00e9s par le PCBF en 2017 et 2018 repr\u00e9sentent environ 5 278 642 km a\u00e9riens, soit 634 tonnes de CO<sub>2<\/sub> \u00e9quivalent en raison de la combustion de k\u00e9ros\u00e8ne. 4\u00a0529 arbres ont donc \u00e9t\u00e9 plant\u00e9s au profit de la recherche de Carbone bor\u00e9al pour couvrir l\u2019\u00e9quivalent de ces \u00e9missions. La plantation des arbres a \u00e9t\u00e9 r\u00e9alis\u00e9e au nord du Lac-Saint-Jean et ils figureront au registre public du mois de janvier 2019. Le PCBF s\u2019est engag\u00e9 \u00e0 continuer de compenser les \u00e9missions de gaz \u00e0 effet de serre des vols des boursiers de 2019 et collectera au cours de l\u2019ann\u00e9e les donn\u00e9es relatives \u00e0 leurs d\u00e9placements.<\/p>\n<p>Tony Toufic est fier de pr\u00e9senter un ch\u00e8que de 17\u00a0750\u00a0$ au directeur de Carbone bor\u00e9al, M. Claude Villeneuve, \u00e0 titre de compensation des activit\u00e9s du PCBF, ayant eu lieu au cours des ann\u00e9es 2017 et 2018, qui ont engendr\u00e9 des \u00e9missions de gaz.<\/p>\n<p>Pour Carbone bor\u00e9al, cette initiative repr\u00e9sente une premi\u00e8re compensation par un programme financ\u00e9 par le gouvernement f\u00e9d\u00e9ral, ce qui renforce ainsi la reconnaissance du programme \u00e0 l\u2019ext\u00e9rieur du Qu\u00e9bec. Selon le professeur Claude Villeneuve,\u00a0\u00ab\u00a0La rigueur et l\u2019originalit\u00e9 de Carbone bor\u00e9al sont reconnues par des v\u00e9rificateurs externes et ind\u00e9pendants du Bureau de Normalisation du Qu\u00e9bec qui font des audits r\u00e9guliers pour valider la s\u00e9questration de CO<sub>2<\/sub> selon la norme ISO 14064-3. Le b\u00e9n\u00e9fice de Carbone bor\u00e9al pour le d\u00e9veloppement durable est double\u00a0: il permet de lutter efficacement contre les changements climatiques et de soutenir la recherche et le d\u00e9veloppement de nouvelles connaissances par la formation de personnel hautement qualifi\u00e9.\u00a0\u00bb<\/p>\n<p>Carbone bor\u00e9al permet \u00e0 toutes personnes et organisations qui le souhaitent (entreprises, organismes, minist\u00e8res, etc.) de compenser les \u00e9missions de gaz \u00e0 effet de serre li\u00e9es \u00e0 leurs activit\u00e9s. Pour ce faire, il suffit d\u2019estimer les \u00e9missions produites gr\u00e2ce \u00e0 un calculateur sur le site <a href=\"http:\/\/carboneboreal.uqac.ca\">http:\/\/carboneboreal.uqac.ca<\/a> et de faire un don au Fonds de d\u00e9veloppement de l\u2019UQAC. Carbone bor\u00e9al attribue et prot\u00e8ge les arbres requis pour capter ces gaz. Un certificat de compensation est ensuite \u00e9mis et les arbres sont inscrits au registre, au nom de la donatrice ou du donateur. Une part de chaque don, 20\u00a0%, est capitalis\u00e9e afin d\u2019assurer la p\u00e9rennit\u00e9 de Carbone bor\u00e9al.<\/p>\n<p>PHOTO\u00a0:<br \/>\nTony Toufic, directeur du Programme canadien de bourses de la Francophonie (PCBF), Claude Villeneuve, professeur titulaire de la Chaire en \u00e9co-conseil et de Carbone bor\u00e9al, et Claude Gilbert, directeur de la planification et du d\u00e9veloppement strat\u00e9gique de l\u2019UQAC.<\/p>\n","protected":false},"excerpt":{"rendered":"<p>Le Consortium form\u00e9 par le Bureau canadien de l\u2019\u00e9ducation internationale (BCEI) et l\u2019Entraide universitaire mondiale du Canada (EUMC), qui g\u00e8re conjointement le Programme canadien de bourses de la Francophonie (PCBF), est fier d\u2019annoncer, via son directeur, M. Tony Toufic, sa collaboration avec Carbone bor\u00e9al. Ce programme de l\u2019Universit\u00e9 du Qu\u00e9bec \u00e0 Chicoutimi (UQAC) est unique [&hellip;]<\/p>\n","protected":false},"author":5,"featured_media":35706,"comment_status":"open","ping_status":"open","sticky":false,"template":"","format":"standard","meta":{"footnotes":""},"categories":[2,2772],"tags":[3,16],"yoast_head":"<!-- This site is optimized with the Yoast SEO plugin v24.2 - https:\/\/yoast.com\/wordpress\/plugins\/seo\/ -->\r\n<title>Les d\u00e9placements a\u00e9riens des \u00e9tudiants boursiers du Programme canadien de bourses de la Francophonie seront carboneutres gr\u00e2ce \u00e0 Carbone bor\u00e9al - UQACtualit\u00e9s<\/title>\r\n<meta name=\"robots\" content=\"index, follow, max-snippet:-1, max-image-preview:large, max-video-preview:-1\" \/>\r\n<link rel=\"canonical\" href=\"https:\/\/www.uqac.ca\/uqactualites\/2019\/02\/08\/les-deplacements-aeriens-des-etudiants-boursiers-du-programme-canadien-de-bourses-de-la-francophonie-seront-carboneutres-grace-a-carbone-boreal\/\" \/>\r\n<meta property=\"og:locale\" content=\"fr_CA\" \/>\r\n<meta property=\"og:type\" content=\"article\" \/>\r\n<meta property=\"og:title\" content=\"Les d\u00e9placements a\u00e9riens des \u00e9tudiants boursiers du Programme canadien de bourses de la Francophonie seront carboneutres gr\u00e2ce \u00e0 Carbone bor\u00e9al - UQACtualit\u00e9s\" \/>\r\n<meta property=\"og:description\" content=\"Le Consortium form\u00e9 par le Bureau canadien de l\u2019\u00e9ducation internationale (BCEI) et l\u2019Entraide universitaire mondiale du Canada (EUMC), qui g\u00e8re conjointement le Programme canadien de bourses de la Francophonie (PCBF), est fier d\u2019annoncer, via son directeur, M. Tony Toufic, sa collaboration avec Carbone bor\u00e9al. Ce programme de l\u2019Universit\u00e9 du Qu\u00e9bec \u00e0 Chicoutimi (UQAC) est unique [&hellip;]\" \/>\r\n<meta property=\"og:url\" content=\"https:\/\/www.uqac.ca\/uqactualites\/2019\/02\/08\/les-deplacements-aeriens-des-etudiants-boursiers-du-programme-canadien-de-bourses-de-la-francophonie-seront-carboneutres-grace-a-carbone-boreal\/\" \/>\r\n<meta property=\"og:site_name\" content=\"UQACtualit\u00e9s\" \/>\r\n<meta property=\"article:published_time\" content=\"2019-02-08T16:45:16+00:00\" \/>\r\n<meta property=\"og:image\" content=\"https:\/\/www.uqac.ca\/uqactualites\/wp-content\/uploads\/2019\/02\/cheque-web.jpg\" \/>\r\n\t<meta property=\"og:image:width\" content=\"1200\" \/>\r\n\t<meta property=\"og:image:height\" content=\"800\" \/>\r\n\t<meta property=\"og:image:type\" content=\"image\/jpeg\" \/>\r\n<meta name=\"author\" content=\"Service des communications et des relations publiques\" \/>\r\n<meta name=\"twitter:card\" content=\"summary_large_image\" \/>\r\n<meta name=\"twitter:label1\" content=\"\u00c9crit par\" \/>\n\t<meta name=\"twitter:data1\" content=\"Service des communications et des relations publiques\" \/>\n\t<meta name=\"twitter:label2\" content=\"Estimation du temps de lecture\" \/>\n\t<meta name=\"twitter:data2\" content=\"3 minutes\" \/>\r\n<script type=\"application\/ld+json\" class=\"yoast-schema-graph\">{\"@context\":\"https:\/\/schema.org\",\"@graph\":[{\"@type\":\"WebPage\",\"@id\":\"https:\/\/www.uqac.ca\/uqactualites\/2019\/02\/08\/les-deplacements-aeriens-des-etudiants-boursiers-du-programme-canadien-de-bourses-de-la-francophonie-seront-carboneutres-grace-a-carbone-boreal\/\",\"url\":\"https:\/\/www.uqac.ca\/uqactualites\/2019\/02\/08\/les-deplacements-aeriens-des-etudiants-boursiers-du-programme-canadien-de-bourses-de-la-francophonie-seront-carboneutres-grace-a-carbone-boreal\/\",\"name\":\"Les d\u00e9placements a\u00e9riens des \u00e9tudiants boursiers du Programme canadien de bourses de la Francophonie seront carboneutres gr\u00e2ce \u00e0 Carbone bor\u00e9al - UQACtualit\u00e9s\",\"isPartOf\":{\"@id\":\"https:\/\/www.uqac.ca\/uqactualites\/#website\"},\"primaryImageOfPage\":{\"@id\":\"https:\/\/www.uqac.ca\/uqactualites\/2019\/02\/08\/les-deplacements-aeriens-des-etudiants-boursiers-du-programme-canadien-de-bourses-de-la-francophonie-seront-carboneutres-grace-a-carbone-boreal\/#primaryimage\"},\"image\":{\"@id\":\"https:\/\/www.uqac.ca\/uqactualites\/2019\/02\/08\/les-deplacements-aeriens-des-etudiants-boursiers-du-programme-canadien-de-bourses-de-la-francophonie-seront-carboneutres-grace-a-carbone-boreal\/#primaryimage\"},\"thumbnailUrl\":\"https:\/\/www.uqac.ca\/uqactualites\/wp-content\/uploads\/2019\/02\/cheque-web.jpg\",\"datePublished\":\"2019-02-08T16:45:16+00:00\",\"dateModified\":\"2019-02-08T16:45:16+00:00\",\"author\":{\"@id\":\"https:\/\/www.uqac.ca\/uqactualites\/#\/schema\/person\/366c45a0c4f0e677b41b4af5886e2018\"},\"breadcrumb\":{\"@id\":\"https:\/\/www.uqac.ca\/uqactualites\/2019\/02\/08\/les-deplacements-aeriens-des-etudiants-boursiers-du-programme-canadien-de-bourses-de-la-francophonie-seront-carboneutres-grace-a-carbone-boreal\/#breadcrumb\"},\"inLanguage\":\"fr-CA\",\"potentialAction\":[{\"@type\":\"ReadAction\",\"target\":[\"https:\/\/www.uqac.ca\/uqactualites\/2019\/02\/08\/les-deplacements-aeriens-des-etudiants-boursiers-du-programme-canadien-de-bourses-de-la-francophonie-seront-carboneutres-grace-a-carbone-boreal\/\"]}]},{\"@type\":\"ImageObject\",\"inLanguage\":\"fr-CA\",\"@id\":\"https:\/\/www.uqac.ca\/uqactualites\/2019\/02\/08\/les-deplacements-aeriens-des-etudiants-boursiers-du-programme-canadien-de-bourses-de-la-francophonie-seront-carboneutres-grace-a-carbone-boreal\/#primaryimage\",\"url\":\"https:\/\/www.uqac.ca\/uqactualites\/wp-content\/uploads\/2019\/02\/cheque-web.jpg\",\"contentUrl\":\"https:\/\/www.uqac.ca\/uqactualites\/wp-content\/uploads\/2019\/02\/cheque-web.jpg\",\"width\":1200,\"height\":800},{\"@type\":\"BreadcrumbList\",\"@id\":\"https:\/\/www.uqac.ca\/uqactualites\/2019\/02\/08\/les-deplacements-aeriens-des-etudiants-boursiers-du-programme-canadien-de-bourses-de-la-francophonie-seront-carboneutres-grace-a-carbone-boreal\/#breadcrumb\",\"itemListElement\":[{\"@type\":\"ListItem\",\"position\":1,\"name\":\"Home\",\"item\":\"https:\/\/www.uqac.ca\/uqactualites\/\"},{\"@type\":\"ListItem\",\"position\":2,\"name\":\"Les d\u00e9placements a\u00e9riens des \u00e9tudiants boursiers du Programme canadien de bourses de la Francophonie seront carboneutres gr\u00e2ce \u00e0 Carbone bor\u00e9al\"}]},{\"@type\":\"WebSite\",\"@id\":\"https:\/\/www.uqac.ca\/uqactualites\/#website\",\"url\":\"https:\/\/www.uqac.ca\/uqactualites\/\",\"name\":\"UQACtualit\u00e9s\",\"description\":\"Le portail des nouvelles de l&#039;UQAC\",\"potentialAction\":[{\"@type\":\"SearchAction\",\"target\":{\"@type\":\"EntryPoint\",\"urlTemplate\":\"https:\/\/www.uqac.ca\/uqactualites\/?s={search_term_string}\"},\"query-input\":{\"@type\":\"PropertyValueSpecification\",\"valueRequired\":true,\"valueName\":\"search_term_string\"}}],\"inLanguage\":\"fr-CA\"},{\"@type\":\"Person\",\"@id\":\"https:\/\/www.uqac.ca\/uqactualites\/#\/schema\/person\/366c45a0c4f0e677b41b4af5886e2018\",\"name\":\"Service des communications et des relations publiques\",\"image\":{\"@type\":\"ImageObject\",\"inLanguage\":\"fr-CA\",\"@id\":\"https:\/\/www.uqac.ca\/uqactualites\/#\/schema\/person\/image\/\",\"url\":\"https:\/\/secure.gravatar.com\/avatar\/20fbbda8a292f59f2d3461a5b999c00b?s=96&d=mm&r=g\",\"contentUrl\":\"https:\/\/secure.gravatar.com\/avatar\/20fbbda8a292f59f2d3461a5b999c00b?s=96&d=mm&r=g\",\"caption\":\"Service des communications et des relations publiques\"},\"url\":\"https:\/\/www.uqac.ca\/uqactualites\/author\/bap\/\"}]}<\/script>\r\n<!-- \/ Yoast SEO plugin. -->","yoast_head_json":{"title":"Les d\u00e9placements a\u00e9riens des \u00e9tudiants boursiers du Programme canadien de bourses de la Francophonie seront carboneutres gr\u00e2ce \u00e0 Carbone bor\u00e9al - UQACtualit\u00e9s","robots":{"index":"index","follow":"follow","max-snippet":"max-snippet:-1","max-image-preview":"max-image-preview:large","max-video-preview":"max-video-preview:-1"},"canonical":"https:\/\/www.uqac.ca\/uqactualites\/2019\/02\/08\/les-deplacements-aeriens-des-etudiants-boursiers-du-programme-canadien-de-bourses-de-la-francophonie-seront-carboneutres-grace-a-carbone-boreal\/","og_locale":"fr_CA","og_type":"article","og_title":"Les d\u00e9placements a\u00e9riens des \u00e9tudiants boursiers du Programme canadien de bourses de la Francophonie seront carboneutres gr\u00e2ce \u00e0 Carbone bor\u00e9al - UQACtualit\u00e9s","og_description":"Le Consortium form\u00e9 par le Bureau canadien de l\u2019\u00e9ducation internationale (BCEI) et l\u2019Entraide universitaire mondiale du Canada (EUMC), qui g\u00e8re conjointement le Programme canadien de bourses de la Francophonie (PCBF), est fier d\u2019annoncer, via son directeur, M. Tony Toufic, sa collaboration avec Carbone bor\u00e9al. Ce programme de l\u2019Universit\u00e9 du Qu\u00e9bec \u00e0 Chicoutimi (UQAC) est unique [&hellip;]","og_url":"https:\/\/www.uqac.ca\/uqactualites\/2019\/02\/08\/les-deplacements-aeriens-des-etudiants-boursiers-du-programme-canadien-de-bourses-de-la-francophonie-seront-carboneutres-grace-a-carbone-boreal\/","og_site_name":"UQACtualit\u00e9s","article_published_time":"2019-02-08T16:45:16+00:00","og_image":[{"width":1200,"height":800,"url":"https:\/\/www.uqac.ca\/uqactualites\/wp-content\/uploads\/2019\/02\/cheque-web.jpg","type":"image\/jpeg"}],"author":"Service des communications et des relations publiques","twitter_card":"summary_large_image","twitter_misc":{"\u00c9crit par":"Service des communications et des relations publiques","Estimation du temps de lecture":"3 minutes"},"schema":{"@context":"https:\/\/schema.org","@graph":[{"@type":"WebPage","@id":"https:\/\/www.uqac.ca\/uqactualites\/2019\/02\/08\/les-deplacements-aeriens-des-etudiants-boursiers-du-programme-canadien-de-bourses-de-la-francophonie-seront-carboneutres-grace-a-carbone-boreal\/","url":"https:\/\/www.uqac.ca\/uqactualites\/2019\/02\/08\/les-deplacements-aeriens-des-etudiants-boursiers-du-programme-canadien-de-bourses-de-la-francophonie-seront-carboneutres-grace-a-carbone-boreal\/","name":"Les d\u00e9placements a\u00e9riens des \u00e9tudiants boursiers du Programme canadien de bourses de la Francophonie seront carboneutres gr\u00e2ce \u00e0 Carbone bor\u00e9al - UQACtualit\u00e9s","isPartOf":{"@id":"https:\/\/www.uqac.ca\/uqactualites\/#website"},"primaryImageOfPage":{"@id":"https:\/\/www.uqac.ca\/uqactualites\/2019\/02\/08\/les-deplacements-aeriens-des-etudiants-boursiers-du-programme-canadien-de-bourses-de-la-francophonie-seront-carboneutres-grace-a-carbone-boreal\/#primaryimage"},"image":{"@id":"https:\/\/www.uqac.ca\/uqactualites\/2019\/02\/08\/les-deplacements-aeriens-des-etudiants-boursiers-du-programme-canadien-de-bourses-de-la-francophonie-seront-carboneutres-grace-a-carbone-boreal\/#primaryimage"},"thumbnailUrl":"https:\/\/www.uqac.ca\/uqactualites\/wp-content\/uploads\/2019\/02\/cheque-web.jpg","datePublished":"2019-02-08T16:45:16+00:00","dateModified":"2019-02-08T16:45:16+00:00","author":{"@id":"https:\/\/www.uqac.ca\/uqactualites\/#\/schema\/person\/366c45a0c4f0e677b41b4af5886e2018"},"breadcrumb":{"@id":"https:\/\/www.uqac.ca\/uqactualites\/2019\/02\/08\/les-deplacements-aeriens-des-etudiants-boursiers-du-programme-canadien-de-bourses-de-la-francophonie-seront-carboneutres-grace-a-carbone-boreal\/#breadcrumb"},"inLanguage":"fr-CA","potentialAction":[{"@type":"ReadAction","target":["https:\/\/www.uqac.ca\/uqactualites\/2019\/02\/08\/les-deplacements-aeriens-des-etudiants-boursiers-du-programme-canadien-de-bourses-de-la-francophonie-seront-carboneutres-grace-a-carbone-boreal\/"]}]},{"@type":"ImageObject","inLanguage":"fr-CA","@id":"https:\/\/www.uqac.ca\/uqactualites\/2019\/02\/08\/les-deplacements-aeriens-des-etudiants-boursiers-du-programme-canadien-de-bourses-de-la-francophonie-seront-carboneutres-grace-a-carbone-boreal\/#primaryimage","url":"https:\/\/www.uqac.ca\/uqactualites\/wp-content\/uploads\/2019\/02\/cheque-web.jpg","contentUrl":"https:\/\/www.uqac.ca\/uqactualites\/wp-content\/uploads\/2019\/02\/cheque-web.jpg","width":1200,"height":800},{"@type":"BreadcrumbList","@id":"https:\/\/www.uqac.ca\/uqactualites\/2019\/02\/08\/les-deplacements-aeriens-des-etudiants-boursiers-du-programme-canadien-de-bourses-de-la-francophonie-seront-carboneutres-grace-a-carbone-boreal\/#breadcrumb","itemListElement":[{"@type":"ListItem","position":1,"name":"Home","item":"https:\/\/www.uqac.ca\/uqactualites\/"},{"@type":"ListItem","position":2,"name":"Les d\u00e9placements a\u00e9riens des \u00e9tudiants boursiers du Programme canadien de bourses de la Francophonie seront carboneutres gr\u00e2ce \u00e0 Carbone bor\u00e9al"}]},{"@type":"WebSite","@id":"https:\/\/www.uqac.ca\/uqactualites\/#website","url":"https:\/\/www.uqac.ca\/uqactualites\/","name":"UQACtualit\u00e9s","description":"Le portail des nouvelles de l&#039;UQAC","potentialAction":[{"@type":"SearchAction","target":{"@type":"EntryPoint","urlTemplate":"https:\/\/www.uqac.ca\/uqactualites\/?s={search_term_string}"},"query-input":{"@type":"PropertyValueSpecification","valueRequired":true,"valueName":"search_term_string"}}],"inLanguage":"fr-CA"},{"@type":"Person","@id":"https:\/\/www.uqac.ca\/uqactualites\/#\/schema\/person\/366c45a0c4f0e677b41b4af5886e2018","name":"Service des communications et des relations publiques","image":{"@type":"ImageObject","inLanguage":"fr-CA","@id":"https:\/\/www.uqac.ca\/uqactualites\/#\/schema\/person\/image\/","url":"https:\/\/secure.gravatar.com\/avatar\/20fbbda8a292f59f2d3461a5b999c00b?s=96&d=mm&r=g","contentUrl":"https:\/\/secure.gravatar.com\/avatar\/20fbbda8a292f59f2d3461a5b999c00b?s=96&d=mm&r=g","caption":"Service des communications et des relations publiques"},"url":"https:\/\/www.uqac.ca\/uqactualites\/author\/bap\/"}]}},"_links":{"self":[{"href":"https:\/\/www.uqac.ca\/uqactualites\/wp-json\/wp\/v2\/posts\/35705"}],"collection":[{"href":"https:\/\/www.uqac.ca\/uqactualites\/wp-json\/wp\/v2\/posts"}],"about":[{"href":"https:\/\/www.uqac.ca\/uqactualites\/wp-json\/wp\/v2\/types\/post"}],"author":[{"embeddable":true,"href":"https:\/\/www.uqac.ca\/uqactualites\/wp-json\/wp\/v2\/users\/5"}],"replies":[{"embeddable":true,"href":"https:\/\/www.uqac.ca\/uqactualites\/wp-json\/wp\/v2\/comments?post=35705"}],"version-history":[{"count":0,"href":"https:\/\/www.uqac.ca\/uqactualites\/wp-json\/wp\/v2\/posts\/35705\/revisions"}],"wp:featuredmedia":[{"embeddable":true,"href":"https:\/\/www.uqac.ca\/uqactualites\/wp-json\/wp\/v2\/media\/35706"}],"wp:attachment":[{"href":"https:\/\/www.uqac.ca\/uqactualites\/wp-json\/wp\/v2\/media?parent=35705"}],"wp:term":[{"taxonomy":"category","embeddable":true,"href":"https:\/\/www.uqac.ca\/uqactualites\/wp-json\/wp\/v2\/categories?post=35705"},{"taxonomy":"post_tag","embeddable":true,"href":"https:\/\/www.uqac.ca\/uqactualites\/wp-json\/wp\/v2\/tags?post=35705"}],"curies":[{"name":"wp","href":"https:\/\/api.w.org\/{rel}","templated":true}]}}