{"id":35880,"date":"2019-03-13T09:05:49","date_gmt":"2019-03-13T13:05:49","guid":{"rendered":"https:\/\/www.uqac.ca\/?p=35880"},"modified":"2019-03-13T09:05:49","modified_gmt":"2019-03-13T13:05:49","slug":"le-projet-dune-etudiante-de-la-maitrise-en-art-de-luqac-mis-en-lumiere-durant-levenement-interculturel-de-ludem","status":"publish","type":"post","link":"https:\/\/www.uqac.ca\/uqactualites\/2019\/03\/13\/le-projet-dune-etudiante-de-la-maitrise-en-art-de-luqac-mis-en-lumiere-durant-levenement-interculturel-de-ludem\/","title":{"rendered":"Le projet d\u2019une \u00e9tudiante de la ma\u00eetrise en art de l\u2019UQAC mis en lumi\u00e8re durant l\u2019\u00e9v\u00e9nement interculturel de l\u2019UdeM"},"content":{"rendered":"<p>Le mois dernier, Khadija Meherzi, \u00e9tudiante \u00e0\u00a0<a href=\"https:\/\/www.nad.ca\/fr\/futurs-etudiants\/maitrise\">la ma\u00eetrise en art<\/a>, a eu la chance de pr\u00e9senter son projet immersif durant la soir\u00e9e de cl\u00f4ture de l\u2019\u00e9v\u00e9nement interculturel de l\u2019UdeM.<\/p>\n<p>Ce projet est n\u00e9 d\u2019une collaboration entre Khadija et une \u00e9tudiante de la ma\u00eetrise en histoire de l\u2019art de l\u2019Universit\u00e9 de Montr\u00e9al, Morgane Huber. Durant l\u2019activit\u00e9, les deux jeunes femmes ont projet\u00e9 sur multi-\u00e9cran leur film capt\u00e9 en 360\u00b0 sur le boulevard Saint-Laurent. Le film met en valeur la pr\u00e9sence de la diversit\u00e9 culturelle \u00e0 Montr\u00e9al.<\/p>\n<p>Tout au long de la vid\u00e9o, le spectateur visite diff\u00e9rents quartiers de la ville tels que Petite Italie, les quartiers chinois et portugais et ceux de la communaut\u00e9 juive et africaine. Le film est alors ponctu\u00e9 de bulles de bandes dessin\u00e9es permettant d\u2019indiquer le nom des diff\u00e9rents locaux dans chacun des quartiers.<\/p>\n<p>La participation des deux \u00e9tudiantes compl\u00e9tait \u00e0 merveille les valeurs culturelles v\u00e9hicul\u00e9es durant toutes les performances de la soir\u00e9e.<\/p>\n<p>Khadija Meherzi est \u00e9tudiante en\u00a0<a href=\"https:\/\/www.nad.ca\/fr\/futurs-etudiants\/maitrise\">ma\u00eetrise en art \u00e0 l\u2019\u00c9cole NAD \u2013 UQAC<\/a>\u00a0: post production (montage et photographie).<br \/>\nMorgane Huber est \u00e9tudiante en ma\u00eetrise en histoire de l\u2019art \u00e0 l\u2019Universit\u00e9 de Montr\u00e9al : conception et r\u00e9alisation.<\/p>\n","protected":false},"excerpt":{"rendered":"<p>Le mois dernier, Khadija Meherzi, \u00e9tudiante \u00e0\u00a0la ma\u00eetrise en art, a eu la chance de pr\u00e9senter son projet immersif durant la soir\u00e9e de cl\u00f4ture de l\u2019\u00e9v\u00e9nement interculturel de l\u2019UdeM. Ce projet est n\u00e9 d\u2019une collaboration entre Khadija et une \u00e9tudiante de la ma\u00eetrise en histoire de l\u2019art de l\u2019Universit\u00e9 de Montr\u00e9al, Morgane Huber. Durant l\u2019activit\u00e9, [&hellip;]<\/p>\n","protected":false},"author":5,"featured_media":35881,"comment_status":"open","ping_status":"open","sticky":false,"template":"","format":"standard","meta":{"footnotes":""},"categories":[2],"tags":[152],"yoast_head":"<!-- This site is optimized with the Yoast SEO plugin v24.2 - https:\/\/yoast.com\/wordpress\/plugins\/seo\/ -->\r\n<title>Le projet d\u2019une \u00e9tudiante de la ma\u00eetrise en art de l\u2019UQAC mis en lumi\u00e8re durant l\u2019\u00e9v\u00e9nement interculturel de l\u2019UdeM - UQACtualit\u00e9s<\/title>\r\n<meta name=\"robots\" content=\"index, follow, max-snippet:-1, max-image-preview:large, max-video-preview:-1\" \/>\r\n<link rel=\"canonical\" href=\"https:\/\/www.uqac.ca\/uqactualites\/2019\/03\/13\/le-projet-dune-etudiante-de-la-maitrise-en-art-de-luqac-mis-en-lumiere-durant-levenement-interculturel-de-ludem\/\" \/>\r\n<meta property=\"og:locale\" content=\"fr_CA\" \/>\r\n<meta property=\"og:type\" content=\"article\" \/>\r\n<meta property=\"og:title\" content=\"Le projet d\u2019une \u00e9tudiante de la ma\u00eetrise en art de l\u2019UQAC mis en lumi\u00e8re durant l\u2019\u00e9v\u00e9nement interculturel de l\u2019UdeM - UQACtualit\u00e9s\" \/>\r\n<meta property=\"og:description\" content=\"Le mois dernier, Khadija Meherzi, \u00e9tudiante \u00e0\u00a0la ma\u00eetrise en art, a eu la chance de pr\u00e9senter son projet immersif durant la soir\u00e9e de cl\u00f4ture de l\u2019\u00e9v\u00e9nement interculturel de l\u2019UdeM. Ce projet est n\u00e9 d\u2019une collaboration entre Khadija et une \u00e9tudiante de la ma\u00eetrise en histoire de l\u2019art de l\u2019Universit\u00e9 de Montr\u00e9al, Morgane Huber. Durant l\u2019activit\u00e9, [&hellip;]\" \/>\r\n<meta property=\"og:url\" content=\"https:\/\/www.uqac.ca\/uqactualites\/2019\/03\/13\/le-projet-dune-etudiante-de-la-maitrise-en-art-de-luqac-mis-en-lumiere-durant-levenement-interculturel-de-ludem\/\" \/>\r\n<meta property=\"og:site_name\" content=\"UQACtualit\u00e9s\" \/>\r\n<meta property=\"article:published_time\" content=\"2019-03-13T13:05:49+00:00\" \/>\r\n<meta property=\"og:image\" content=\"https:\/\/www.uqac.ca\/uqactualites\/wp-content\/uploads\/2019\/03\/khadija_projetmaitrise2.jpg\" \/>\r\n\t<meta property=\"og:image:width\" content=\"2048\" \/>\r\n\t<meta property=\"og:image:height\" content=\"1152\" \/>\r\n\t<meta property=\"og:image:type\" content=\"image\/jpeg\" \/>\r\n<meta name=\"author\" content=\"Service des communications et des relations publiques\" \/>\r\n<meta name=\"twitter:card\" content=\"summary_large_image\" \/>\r\n<meta name=\"twitter:label1\" content=\"\u00c9crit par\" \/>\n\t<meta name=\"twitter:data1\" content=\"Service des communications et des relations publiques\" \/>\n\t<meta name=\"twitter:label2\" content=\"Estimation du temps de lecture\" \/>\n\t<meta name=\"twitter:data2\" content=\"1 minute\" \/>\r\n<script type=\"application\/ld+json\" class=\"yoast-schema-graph\">{\"@context\":\"https:\/\/schema.org\",\"@graph\":[{\"@type\":\"WebPage\",\"@id\":\"https:\/\/www.uqac.ca\/uqactualites\/2019\/03\/13\/le-projet-dune-etudiante-de-la-maitrise-en-art-de-luqac-mis-en-lumiere-durant-levenement-interculturel-de-ludem\/\",\"url\":\"https:\/\/www.uqac.ca\/uqactualites\/2019\/03\/13\/le-projet-dune-etudiante-de-la-maitrise-en-art-de-luqac-mis-en-lumiere-durant-levenement-interculturel-de-ludem\/\",\"name\":\"Le projet d\u2019une \u00e9tudiante de la ma\u00eetrise en art de l\u2019UQAC mis en lumi\u00e8re durant l\u2019\u00e9v\u00e9nement interculturel de l\u2019UdeM - UQACtualit\u00e9s\",\"isPartOf\":{\"@id\":\"https:\/\/www.uqac.ca\/uqactualites\/#website\"},\"primaryImageOfPage\":{\"@id\":\"https:\/\/www.uqac.ca\/uqactualites\/2019\/03\/13\/le-projet-dune-etudiante-de-la-maitrise-en-art-de-luqac-mis-en-lumiere-durant-levenement-interculturel-de-ludem\/#primaryimage\"},\"image\":{\"@id\":\"https:\/\/www.uqac.ca\/uqactualites\/2019\/03\/13\/le-projet-dune-etudiante-de-la-maitrise-en-art-de-luqac-mis-en-lumiere-durant-levenement-interculturel-de-ludem\/#primaryimage\"},\"thumbnailUrl\":\"https:\/\/www.uqac.ca\/uqactualites\/wp-content\/uploads\/2019\/03\/khadija_projetmaitrise2.jpg\",\"datePublished\":\"2019-03-13T13:05:49+00:00\",\"dateModified\":\"2019-03-13T13:05:49+00:00\",\"author\":{\"@id\":\"https:\/\/www.uqac.ca\/uqactualites\/#\/schema\/person\/366c45a0c4f0e677b41b4af5886e2018\"},\"breadcrumb\":{\"@id\":\"https:\/\/www.uqac.ca\/uqactualites\/2019\/03\/13\/le-projet-dune-etudiante-de-la-maitrise-en-art-de-luqac-mis-en-lumiere-durant-levenement-interculturel-de-ludem\/#breadcrumb\"},\"inLanguage\":\"fr-CA\",\"potentialAction\":[{\"@type\":\"ReadAction\",\"target\":[\"https:\/\/www.uqac.ca\/uqactualites\/2019\/03\/13\/le-projet-dune-etudiante-de-la-maitrise-en-art-de-luqac-mis-en-lumiere-durant-levenement-interculturel-de-ludem\/\"]}]},{\"@type\":\"ImageObject\",\"inLanguage\":\"fr-CA\",\"@id\":\"https:\/\/www.uqac.ca\/uqactualites\/2019\/03\/13\/le-projet-dune-etudiante-de-la-maitrise-en-art-de-luqac-mis-en-lumiere-durant-levenement-interculturel-de-ludem\/#primaryimage\",\"url\":\"https:\/\/www.uqac.ca\/uqactualites\/wp-content\/uploads\/2019\/03\/khadija_projetmaitrise2.jpg\",\"contentUrl\":\"https:\/\/www.uqac.ca\/uqactualites\/wp-content\/uploads\/2019\/03\/khadija_projetmaitrise2.jpg\",\"width\":2048,\"height\":1152},{\"@type\":\"BreadcrumbList\",\"@id\":\"https:\/\/www.uqac.ca\/uqactualites\/2019\/03\/13\/le-projet-dune-etudiante-de-la-maitrise-en-art-de-luqac-mis-en-lumiere-durant-levenement-interculturel-de-ludem\/#breadcrumb\",\"itemListElement\":[{\"@type\":\"ListItem\",\"position\":1,\"name\":\"Home\",\"item\":\"https:\/\/www.uqac.ca\/uqactualites\/\"},{\"@type\":\"ListItem\",\"position\":2,\"name\":\"Le projet d\u2019une \u00e9tudiante de la ma\u00eetrise en art de l\u2019UQAC mis en lumi\u00e8re durant l\u2019\u00e9v\u00e9nement interculturel de l\u2019UdeM\"}]},{\"@type\":\"WebSite\",\"@id\":\"https:\/\/www.uqac.ca\/uqactualites\/#website\",\"url\":\"https:\/\/www.uqac.ca\/uqactualites\/\",\"name\":\"UQACtualit\u00e9s\",\"description\":\"Le portail des nouvelles de l&#039;UQAC\",\"potentialAction\":[{\"@type\":\"SearchAction\",\"target\":{\"@type\":\"EntryPoint\",\"urlTemplate\":\"https:\/\/www.uqac.ca\/uqactualites\/?s={search_term_string}\"},\"query-input\":{\"@type\":\"PropertyValueSpecification\",\"valueRequired\":true,\"valueName\":\"search_term_string\"}}],\"inLanguage\":\"fr-CA\"},{\"@type\":\"Person\",\"@id\":\"https:\/\/www.uqac.ca\/uqactualites\/#\/schema\/person\/366c45a0c4f0e677b41b4af5886e2018\",\"name\":\"Service des communications et des relations publiques\",\"image\":{\"@type\":\"ImageObject\",\"inLanguage\":\"fr-CA\",\"@id\":\"https:\/\/www.uqac.ca\/uqactualites\/#\/schema\/person\/image\/\",\"url\":\"https:\/\/secure.gravatar.com\/avatar\/20fbbda8a292f59f2d3461a5b999c00b?s=96&d=mm&r=g\",\"contentUrl\":\"https:\/\/secure.gravatar.com\/avatar\/20fbbda8a292f59f2d3461a5b999c00b?s=96&d=mm&r=g\",\"caption\":\"Service des communications et des relations publiques\"},\"url\":\"https:\/\/www.uqac.ca\/uqactualites\/author\/bap\/\"}]}<\/script>\r\n<!-- \/ Yoast SEO plugin. -->","yoast_head_json":{"title":"Le projet d\u2019une \u00e9tudiante de la ma\u00eetrise en art de l\u2019UQAC mis en lumi\u00e8re durant l\u2019\u00e9v\u00e9nement interculturel de l\u2019UdeM - UQACtualit\u00e9s","robots":{"index":"index","follow":"follow","max-snippet":"max-snippet:-1","max-image-preview":"max-image-preview:large","max-video-preview":"max-video-preview:-1"},"canonical":"https:\/\/www.uqac.ca\/uqactualites\/2019\/03\/13\/le-projet-dune-etudiante-de-la-maitrise-en-art-de-luqac-mis-en-lumiere-durant-levenement-interculturel-de-ludem\/","og_locale":"fr_CA","og_type":"article","og_title":"Le projet d\u2019une \u00e9tudiante de la ma\u00eetrise en art de l\u2019UQAC mis en lumi\u00e8re durant l\u2019\u00e9v\u00e9nement interculturel de l\u2019UdeM - UQACtualit\u00e9s","og_description":"Le mois dernier, Khadija Meherzi, \u00e9tudiante \u00e0\u00a0la ma\u00eetrise en art, a eu la chance de pr\u00e9senter son projet immersif durant la soir\u00e9e de cl\u00f4ture de l\u2019\u00e9v\u00e9nement interculturel de l\u2019UdeM. Ce projet est n\u00e9 d\u2019une collaboration entre Khadija et une \u00e9tudiante de la ma\u00eetrise en histoire de l\u2019art de l\u2019Universit\u00e9 de Montr\u00e9al, Morgane Huber. Durant l\u2019activit\u00e9, [&hellip;]","og_url":"https:\/\/www.uqac.ca\/uqactualites\/2019\/03\/13\/le-projet-dune-etudiante-de-la-maitrise-en-art-de-luqac-mis-en-lumiere-durant-levenement-interculturel-de-ludem\/","og_site_name":"UQACtualit\u00e9s","article_published_time":"2019-03-13T13:05:49+00:00","og_image":[{"width":2048,"height":1152,"url":"https:\/\/www.uqac.ca\/uqactualites\/wp-content\/uploads\/2019\/03\/khadija_projetmaitrise2.jpg","type":"image\/jpeg"}],"author":"Service des communications et des relations publiques","twitter_card":"summary_large_image","twitter_misc":{"\u00c9crit par":"Service des communications et des relations publiques","Estimation du temps de lecture":"1 minute"},"schema":{"@context":"https:\/\/schema.org","@graph":[{"@type":"WebPage","@id":"https:\/\/www.uqac.ca\/uqactualites\/2019\/03\/13\/le-projet-dune-etudiante-de-la-maitrise-en-art-de-luqac-mis-en-lumiere-durant-levenement-interculturel-de-ludem\/","url":"https:\/\/www.uqac.ca\/uqactualites\/2019\/03\/13\/le-projet-dune-etudiante-de-la-maitrise-en-art-de-luqac-mis-en-lumiere-durant-levenement-interculturel-de-ludem\/","name":"Le projet d\u2019une \u00e9tudiante de la ma\u00eetrise en art de l\u2019UQAC mis en lumi\u00e8re durant l\u2019\u00e9v\u00e9nement interculturel de l\u2019UdeM - UQACtualit\u00e9s","isPartOf":{"@id":"https:\/\/www.uqac.ca\/uqactualites\/#website"},"primaryImageOfPage":{"@id":"https:\/\/www.uqac.ca\/uqactualites\/2019\/03\/13\/le-projet-dune-etudiante-de-la-maitrise-en-art-de-luqac-mis-en-lumiere-durant-levenement-interculturel-de-ludem\/#primaryimage"},"image":{"@id":"https:\/\/www.uqac.ca\/uqactualites\/2019\/03\/13\/le-projet-dune-etudiante-de-la-maitrise-en-art-de-luqac-mis-en-lumiere-durant-levenement-interculturel-de-ludem\/#primaryimage"},"thumbnailUrl":"https:\/\/www.uqac.ca\/uqactualites\/wp-content\/uploads\/2019\/03\/khadija_projetmaitrise2.jpg","datePublished":"2019-03-13T13:05:49+00:00","dateModified":"2019-03-13T13:05:49+00:00","author":{"@id":"https:\/\/www.uqac.ca\/uqactualites\/#\/schema\/person\/366c45a0c4f0e677b41b4af5886e2018"},"breadcrumb":{"@id":"https:\/\/www.uqac.ca\/uqactualites\/2019\/03\/13\/le-projet-dune-etudiante-de-la-maitrise-en-art-de-luqac-mis-en-lumiere-durant-levenement-interculturel-de-ludem\/#breadcrumb"},"inLanguage":"fr-CA","potentialAction":[{"@type":"ReadAction","target":["https:\/\/www.uqac.ca\/uqactualites\/2019\/03\/13\/le-projet-dune-etudiante-de-la-maitrise-en-art-de-luqac-mis-en-lumiere-durant-levenement-interculturel-de-ludem\/"]}]},{"@type":"ImageObject","inLanguage":"fr-CA","@id":"https:\/\/www.uqac.ca\/uqactualites\/2019\/03\/13\/le-projet-dune-etudiante-de-la-maitrise-en-art-de-luqac-mis-en-lumiere-durant-levenement-interculturel-de-ludem\/#primaryimage","url":"https:\/\/www.uqac.ca\/uqactualites\/wp-content\/uploads\/2019\/03\/khadija_projetmaitrise2.jpg","contentUrl":"https:\/\/www.uqac.ca\/uqactualites\/wp-content\/uploads\/2019\/03\/khadija_projetmaitrise2.jpg","width":2048,"height":1152},{"@type":"BreadcrumbList","@id":"https:\/\/www.uqac.ca\/uqactualites\/2019\/03\/13\/le-projet-dune-etudiante-de-la-maitrise-en-art-de-luqac-mis-en-lumiere-durant-levenement-interculturel-de-ludem\/#breadcrumb","itemListElement":[{"@type":"ListItem","position":1,"name":"Home","item":"https:\/\/www.uqac.ca\/uqactualites\/"},{"@type":"ListItem","position":2,"name":"Le projet d\u2019une \u00e9tudiante de la ma\u00eetrise en art de l\u2019UQAC mis en lumi\u00e8re durant l\u2019\u00e9v\u00e9nement interculturel de l\u2019UdeM"}]},{"@type":"WebSite","@id":"https:\/\/www.uqac.ca\/uqactualites\/#website","url":"https:\/\/www.uqac.ca\/uqactualites\/","name":"UQACtualit\u00e9s","description":"Le portail des nouvelles de l&#039;UQAC","potentialAction":[{"@type":"SearchAction","target":{"@type":"EntryPoint","urlTemplate":"https:\/\/www.uqac.ca\/uqactualites\/?s={search_term_string}"},"query-input":{"@type":"PropertyValueSpecification","valueRequired":true,"valueName":"search_term_string"}}],"inLanguage":"fr-CA"},{"@type":"Person","@id":"https:\/\/www.uqac.ca\/uqactualites\/#\/schema\/person\/366c45a0c4f0e677b41b4af5886e2018","name":"Service des communications et des relations publiques","image":{"@type":"ImageObject","inLanguage":"fr-CA","@id":"https:\/\/www.uqac.ca\/uqactualites\/#\/schema\/person\/image\/","url":"https:\/\/secure.gravatar.com\/avatar\/20fbbda8a292f59f2d3461a5b999c00b?s=96&d=mm&r=g","contentUrl":"https:\/\/secure.gravatar.com\/avatar\/20fbbda8a292f59f2d3461a5b999c00b?s=96&d=mm&r=g","caption":"Service des communications et des relations publiques"},"url":"https:\/\/www.uqac.ca\/uqactualites\/author\/bap\/"}]}},"_links":{"self":[{"href":"https:\/\/www.uqac.ca\/uqactualites\/wp-json\/wp\/v2\/posts\/35880"}],"collection":[{"href":"https:\/\/www.uqac.ca\/uqactualites\/wp-json\/wp\/v2\/posts"}],"about":[{"href":"https:\/\/www.uqac.ca\/uqactualites\/wp-json\/wp\/v2\/types\/post"}],"author":[{"embeddable":true,"href":"https:\/\/www.uqac.ca\/uqactualites\/wp-json\/wp\/v2\/users\/5"}],"replies":[{"embeddable":true,"href":"https:\/\/www.uqac.ca\/uqactualites\/wp-json\/wp\/v2\/comments?post=35880"}],"version-history":[{"count":0,"href":"https:\/\/www.uqac.ca\/uqactualites\/wp-json\/wp\/v2\/posts\/35880\/revisions"}],"wp:featuredmedia":[{"embeddable":true,"href":"https:\/\/www.uqac.ca\/uqactualites\/wp-json\/wp\/v2\/media\/35881"}],"wp:attachment":[{"href":"https:\/\/www.uqac.ca\/uqactualites\/wp-json\/wp\/v2\/media?parent=35880"}],"wp:term":[{"taxonomy":"category","embeddable":true,"href":"https:\/\/www.uqac.ca\/uqactualites\/wp-json\/wp\/v2\/categories?post=35880"},{"taxonomy":"post_tag","embeddable":true,"href":"https:\/\/www.uqac.ca\/uqactualites\/wp-json\/wp\/v2\/tags?post=35880"}],"curies":[{"name":"wp","href":"https:\/\/api.w.org\/{rel}","templated":true}]}}