{"id":35987,"date":"2019-04-04T15:57:08","date_gmt":"2019-04-04T19:57:08","guid":{"rendered":"https:\/\/www.uqac.ca\/?p=35987"},"modified":"2019-04-04T15:57:08","modified_gmt":"2019-04-04T19:57:08","slug":"le-departement-des-sciences-economiques-et-administratives-met-a-lhonneur-sa-releve-en-recherche","status":"publish","type":"post","link":"https:\/\/www.uqac.ca\/uqactualites\/2019\/04\/04\/le-departement-des-sciences-economiques-et-administratives-met-a-lhonneur-sa-releve-en-recherche\/","title":{"rendered":"Le D\u00e9partement des sciences \u00e9conomiques et administratives met \u00e0 l\u2019honneur sa rel\u00e8ve en recherche"},"content":{"rendered":"<p>C\u2019est dans le cadre des festivit\u00e9s du <a href=\"http:\/\/www.uqac.ca\/celebrons50ans\/\">50<sup>e<\/sup> anniversaire de l\u2019UQAC<\/a> et pour souligner l\u2019importance majeure qu\u2019a jou\u00e9 l\u2019UQAC dans le d\u00e9veloppement intellectuel de la r\u00e9gion, que le comit\u00e9 de la recherche du D\u00e9partement des sciences \u00e9conomiques et administratives (DSEA) a organis\u00e9 le second volet de son \u00e9v\u00e9nement de la rel\u00e8ve en recherche le 22 mars dernier.<\/p>\n<p>\u00c0 cette occasion, les \u00e9tudiants de ma\u00eetrise et de doctorat du DSEA ont mis en application leurs connaissances en pr\u00e9sentation orale d&rsquo;un travail de recherche. Les pr\u00e9sentations se sont succ\u00e9d\u00e9es sur des th\u00e8mes aussi vari\u00e9s tels que le leadership f\u00e9minin (Katy Langley, doctorante), le succ\u00e8s professionnel des immigr\u00e9s (Gildas Agbon, \u00e9tudiant \u00e0 la ma\u00eetrise), le capital intellectuel et l\u2019innovation scientifique (Victor Mignenan, doctorant), le d\u00e9veloppement durable (Salimata Kon\u00e9, \u00e9tudiant \u00e0 la ma\u00eetrise), la gouvernance des projets dans l\u2019industrie 4.0 (Marguerite Duval, doctorante), le e-finance (Awa \u00c8ve Ch\u00e9rif Aidara, \u00e9tudiante \u00e0 la ma\u00eetrise), et la s\u00e9curit\u00e9 routi\u00e8re (France Desjardins, doctorante).<\/p>\n<p>Cet \u00e9v\u00e9nement a permis aux \u00e9tudiants de mieux faire conna\u00eetre leurs sujets de recherche, mais \u00e9galement d\u2019avoir une premi\u00e8re exp\u00e9rience de communication scientifique dans leur curriculum vitae. Les pr\u00e9sentations ont \u00e9galement donn\u00e9 lieu \u00e0 des d\u00e9bats, \u00e9changes, questionnements et prolongements de r\u00e9flexion constructifs dans une atmosph\u00e8re chaleureuse et cordiale.<\/p>\n<p>L&rsquo;activit\u00e9 s\u2019est cl\u00f4tur\u00e9e par l&rsquo;attribution de deux prix. Le premier est un prix de 250\u00a0$ pour la meilleure communication au <a href=\"https:\/\/www.uqac.ca\/programme\/3077-doctorat-en-management-de-projets\/\">doctorat en management de projet<\/a>. Il a \u00e9t\u00e9 attribu\u00e9 \u00e0 l\u2019\u00e9tudiante Katy Langlais pour sa recherche intitul\u00e9e <em>\u00ab\u00a0Leadership f\u00e9minin\u00a0: une gestion humaine bas\u00e9e sur la confiance et contribuant au succ\u00e8s des projets\u00a0\u00bb<\/em>.<\/p>\n<p>Le second de 250\u00a0$, pour la meilleure communication \u00e0 la <a href=\"https:\/\/www.uqac.ca\/programme\/3754-maitrise-en-gestion-des-organisations\/\">ma\u00eetrise en gestion des organisations<\/a>, a \u00e9t\u00e9 attribu\u00e9 \u00e0 l\u2019\u00e9tudiant Gildas Agbon pour sa recherche sur <em>\u00ab\u00a0Le succ\u00e8s professionnel d\u2019un immigr\u00e9 qualifi\u00e9 au Qu\u00e9bec\u00a0: une question de socialisation organisationnelle?\u2009\u00bb<\/em><\/p>\n<p>Cette activit\u00e9 ouverte \u00e0 tous les professeurs du DSEA, ainsi qu&rsquo;aux \u00e9tudiants des cycles sup\u00e9rieurs du DSEA, est une premi\u00e8re que les organisateurs du comit\u00e9 de la recherche form\u00e9 des professeures Imen Latrous, Myriam Ertz, Salmata Ouedraogo, Sonia Boivin, Isabelle Lemay, et Jeanne Simard, esp\u00e8rent fortement r\u00e9it\u00e9rer dans le futur.<\/p>\n<p><strong>Premier volet de la Journ\u00e9e de la rel\u00e8ve en recherche du DSEA<br \/>\n<\/strong>Rappelons que le premier volet de l\u2019\u00e9v\u00e9nement de la rel\u00e8ve en recherche du DSEA s\u2019est tenu le 30 novembre 2018. L\u2019activit\u00e9 a pris la forme d\u2019un atelier de pr\u00e9sentation des bonnes pratiques en communications \u00e9crites et orales, anim\u00e9 par les professeures Anne-Fran\u00e7oise Audrain-Pontevia (\u00c9SG-UQAM), membre de l\u2019Observatoire de la Consommation Responsable, et Myriam Ertz (UQAC), responsable du <a href=\"http:\/\/recherche.uqac.ca\/labonfc\/author\/labonfc\/\">Laboratoire sur les nouvelles formes de consommation<\/a> (LaboNFC). Les \u00e9tudiants ont ensuite pu mettre en application les conseils en publication \u00e9crite en r\u00e9digeant un article avant le 31 janvier 2019 afin de se qualifier pour le second volet de pr\u00e9sentation orale.<\/p>\n<figure id=\"attachment_35989\" aria-describedby=\"caption-attachment-35989\" style=\"width: 300px\" class=\"wp-caption alignleft\"><img loading=\"lazy\" decoding=\"async\" class=\"wp-image-35989 size-medium\" src=\"https:\/\/www.uqac.ca\/wp-content\/uploads\/2019\/04\/Photo2_@ctu_DSEA_releve_04042019-300x200.jpg\" alt=\"\" width=\"300\" height=\"200\" srcset=\"https:\/\/www.uqac.ca\/uqactualites\/wp-content\/uploads\/2019\/04\/Photo2_@ctu_DSEA_releve_04042019-300x200.jpg 300w, https:\/\/www.uqac.ca\/uqactualites\/wp-content\/uploads\/2019\/04\/Photo2_@ctu_DSEA_releve_04042019-1024x683.jpg 1024w, https:\/\/www.uqac.ca\/uqactualites\/wp-content\/uploads\/2019\/04\/Photo2_@ctu_DSEA_releve_04042019-768x512.jpg 768w, https:\/\/www.uqac.ca\/uqactualites\/wp-content\/uploads\/2019\/04\/Photo2_@ctu_DSEA_releve_04042019.jpg 1429w\" sizes=\"(max-width: 300px) 100vw, 300px\" \/><figcaption id=\"caption-attachment-35989\" class=\"wp-caption-text\">De gauche \u00e0 droite : Salmata Ouerdaogo, Christophe Leyrie, Katy Langlais, Imen Latrous, Myriam Ertz, Sonia Boivin<\/figcaption><\/figure>\n<figure id=\"attachment_35990\" aria-describedby=\"caption-attachment-35990\" style=\"width: 300px\" class=\"wp-caption alignright\"><img loading=\"lazy\" decoding=\"async\" class=\"wp-image-35990 size-medium\" src=\"https:\/\/www.uqac.ca\/wp-content\/uploads\/2019\/04\/Photo3_@ctu_DSEA_releve_04042019-300x200.jpg\" alt=\"\" width=\"300\" height=\"200\" srcset=\"https:\/\/www.uqac.ca\/uqactualites\/wp-content\/uploads\/2019\/04\/Photo3_@ctu_DSEA_releve_04042019-300x200.jpg 300w, https:\/\/www.uqac.ca\/uqactualites\/wp-content\/uploads\/2019\/04\/Photo3_@ctu_DSEA_releve_04042019-1024x683.jpg 1024w, https:\/\/www.uqac.ca\/uqactualites\/wp-content\/uploads\/2019\/04\/Photo3_@ctu_DSEA_releve_04042019-768x512.jpg 768w, https:\/\/www.uqac.ca\/uqactualites\/wp-content\/uploads\/2019\/04\/Photo3_@ctu_DSEA_releve_04042019.jpg 1429w\" sizes=\"(max-width: 300px) 100vw, 300px\" \/><figcaption id=\"caption-attachment-35990\" class=\"wp-caption-text\">De gauche \u00e0 droite : Salmata Ouedraogo, Julien Bousquet, Gildas Agbon, Imen Latrous, Sonia Boivin, Myriam Ertz<\/figcaption><\/figure>\n","protected":false},"excerpt":{"rendered":"<p>C\u2019est dans le cadre des festivit\u00e9s du 50e anniversaire de l\u2019UQAC et pour souligner l\u2019importance majeure qu\u2019a jou\u00e9 l\u2019UQAC dans le d\u00e9veloppement intellectuel de la r\u00e9gion, que le comit\u00e9 de la recherche du D\u00e9partement des sciences \u00e9conomiques et administratives (DSEA) a organis\u00e9 le second volet de son \u00e9v\u00e9nement de la rel\u00e8ve en recherche le 22 [&hellip;]<\/p>\n","protected":false},"author":5,"featured_media":35988,"comment_status":"open","ping_status":"open","sticky":false,"template":"","format":"standard","meta":{"footnotes":""},"categories":[2],"tags":[8,16],"yoast_head":"<!-- This site is optimized with the Yoast SEO plugin v24.2 - https:\/\/yoast.com\/wordpress\/plugins\/seo\/ -->\r\n<title>Le D\u00e9partement des sciences \u00e9conomiques et administratives met \u00e0 l\u2019honneur sa rel\u00e8ve en recherche - UQACtualit\u00e9s<\/title>\r\n<meta name=\"robots\" content=\"index, follow, max-snippet:-1, max-image-preview:large, max-video-preview:-1\" \/>\r\n<link rel=\"canonical\" href=\"https:\/\/www.uqac.ca\/uqactualites\/2019\/04\/04\/le-departement-des-sciences-economiques-et-administratives-met-a-lhonneur-sa-releve-en-recherche\/\" \/>\r\n<meta property=\"og:locale\" content=\"fr_CA\" \/>\r\n<meta property=\"og:type\" content=\"article\" \/>\r\n<meta property=\"og:title\" content=\"Le D\u00e9partement des sciences \u00e9conomiques et administratives met \u00e0 l\u2019honneur sa rel\u00e8ve en recherche - UQACtualit\u00e9s\" \/>\r\n<meta property=\"og:description\" content=\"C\u2019est dans le cadre des festivit\u00e9s du 50e anniversaire de l\u2019UQAC et pour souligner l\u2019importance majeure qu\u2019a jou\u00e9 l\u2019UQAC dans le d\u00e9veloppement intellectuel de la r\u00e9gion, que le comit\u00e9 de la recherche du D\u00e9partement des sciences \u00e9conomiques et administratives (DSEA) a organis\u00e9 le second volet de son \u00e9v\u00e9nement de la rel\u00e8ve en recherche le 22 [&hellip;]\" \/>\r\n<meta property=\"og:url\" content=\"https:\/\/www.uqac.ca\/uqactualites\/2019\/04\/04\/le-departement-des-sciences-economiques-et-administratives-met-a-lhonneur-sa-releve-en-recherche\/\" \/>\r\n<meta property=\"og:site_name\" content=\"UQACtualit\u00e9s\" \/>\r\n<meta property=\"article:published_time\" content=\"2019-04-04T19:57:08+00:00\" \/>\r\n<meta property=\"og:image\" content=\"https:\/\/www.uqac.ca\/uqactualites\/wp-content\/uploads\/2019\/04\/Photo1_@ctu_DSEA_releve_04042019.jpg\" \/>\r\n\t<meta property=\"og:image:width\" content=\"1429\" \/>\r\n\t<meta property=\"og:image:height\" content=\"952\" \/>\r\n\t<meta property=\"og:image:type\" content=\"image\/jpeg\" \/>\r\n<meta name=\"author\" content=\"Service des communications et des relations publiques\" \/>\r\n<meta name=\"twitter:card\" content=\"summary_large_image\" \/>\r\n<meta name=\"twitter:label1\" content=\"\u00c9crit par\" \/>\n\t<meta name=\"twitter:data1\" content=\"Service des communications et des relations publiques\" \/>\n\t<meta name=\"twitter:label2\" content=\"Estimation du temps de lecture\" \/>\n\t<meta name=\"twitter:data2\" content=\"3 minutes\" \/>\r\n<script type=\"application\/ld+json\" class=\"yoast-schema-graph\">{\"@context\":\"https:\/\/schema.org\",\"@graph\":[{\"@type\":\"WebPage\",\"@id\":\"https:\/\/www.uqac.ca\/uqactualites\/2019\/04\/04\/le-departement-des-sciences-economiques-et-administratives-met-a-lhonneur-sa-releve-en-recherche\/\",\"url\":\"https:\/\/www.uqac.ca\/uqactualites\/2019\/04\/04\/le-departement-des-sciences-economiques-et-administratives-met-a-lhonneur-sa-releve-en-recherche\/\",\"name\":\"Le D\u00e9partement des sciences \u00e9conomiques et administratives met \u00e0 l\u2019honneur sa rel\u00e8ve en recherche - UQACtualit\u00e9s\",\"isPartOf\":{\"@id\":\"https:\/\/www.uqac.ca\/uqactualites\/#website\"},\"primaryImageOfPage\":{\"@id\":\"https:\/\/www.uqac.ca\/uqactualites\/2019\/04\/04\/le-departement-des-sciences-economiques-et-administratives-met-a-lhonneur-sa-releve-en-recherche\/#primaryimage\"},\"image\":{\"@id\":\"https:\/\/www.uqac.ca\/uqactualites\/2019\/04\/04\/le-departement-des-sciences-economiques-et-administratives-met-a-lhonneur-sa-releve-en-recherche\/#primaryimage\"},\"thumbnailUrl\":\"https:\/\/www.uqac.ca\/uqactualites\/wp-content\/uploads\/2019\/04\/Photo1_@ctu_DSEA_releve_04042019.jpg\",\"datePublished\":\"2019-04-04T19:57:08+00:00\",\"dateModified\":\"2019-04-04T19:57:08+00:00\",\"author\":{\"@id\":\"https:\/\/www.uqac.ca\/uqactualites\/#\/schema\/person\/366c45a0c4f0e677b41b4af5886e2018\"},\"breadcrumb\":{\"@id\":\"https:\/\/www.uqac.ca\/uqactualites\/2019\/04\/04\/le-departement-des-sciences-economiques-et-administratives-met-a-lhonneur-sa-releve-en-recherche\/#breadcrumb\"},\"inLanguage\":\"fr-CA\",\"potentialAction\":[{\"@type\":\"ReadAction\",\"target\":[\"https:\/\/www.uqac.ca\/uqactualites\/2019\/04\/04\/le-departement-des-sciences-economiques-et-administratives-met-a-lhonneur-sa-releve-en-recherche\/\"]}]},{\"@type\":\"ImageObject\",\"inLanguage\":\"fr-CA\",\"@id\":\"https:\/\/www.uqac.ca\/uqactualites\/2019\/04\/04\/le-departement-des-sciences-economiques-et-administratives-met-a-lhonneur-sa-releve-en-recherche\/#primaryimage\",\"url\":\"https:\/\/www.uqac.ca\/uqactualites\/wp-content\/uploads\/2019\/04\/Photo1_@ctu_DSEA_releve_04042019.jpg\",\"contentUrl\":\"https:\/\/www.uqac.ca\/uqactualites\/wp-content\/uploads\/2019\/04\/Photo1_@ctu_DSEA_releve_04042019.jpg\",\"width\":1429,\"height\":952},{\"@type\":\"BreadcrumbList\",\"@id\":\"https:\/\/www.uqac.ca\/uqactualites\/2019\/04\/04\/le-departement-des-sciences-economiques-et-administratives-met-a-lhonneur-sa-releve-en-recherche\/#breadcrumb\",\"itemListElement\":[{\"@type\":\"ListItem\",\"position\":1,\"name\":\"Home\",\"item\":\"https:\/\/www.uqac.ca\/uqactualites\/\"},{\"@type\":\"ListItem\",\"position\":2,\"name\":\"Le D\u00e9partement des sciences \u00e9conomiques et administratives met \u00e0 l\u2019honneur sa rel\u00e8ve en recherche\"}]},{\"@type\":\"WebSite\",\"@id\":\"https:\/\/www.uqac.ca\/uqactualites\/#website\",\"url\":\"https:\/\/www.uqac.ca\/uqactualites\/\",\"name\":\"UQACtualit\u00e9s\",\"description\":\"Le portail des nouvelles de l&#039;UQAC\",\"potentialAction\":[{\"@type\":\"SearchAction\",\"target\":{\"@type\":\"EntryPoint\",\"urlTemplate\":\"https:\/\/www.uqac.ca\/uqactualites\/?s={search_term_string}\"},\"query-input\":{\"@type\":\"PropertyValueSpecification\",\"valueRequired\":true,\"valueName\":\"search_term_string\"}}],\"inLanguage\":\"fr-CA\"},{\"@type\":\"Person\",\"@id\":\"https:\/\/www.uqac.ca\/uqactualites\/#\/schema\/person\/366c45a0c4f0e677b41b4af5886e2018\",\"name\":\"Service des communications et des relations publiques\",\"image\":{\"@type\":\"ImageObject\",\"inLanguage\":\"fr-CA\",\"@id\":\"https:\/\/www.uqac.ca\/uqactualites\/#\/schema\/person\/image\/\",\"url\":\"https:\/\/secure.gravatar.com\/avatar\/20fbbda8a292f59f2d3461a5b999c00b?s=96&d=mm&r=g\",\"contentUrl\":\"https:\/\/secure.gravatar.com\/avatar\/20fbbda8a292f59f2d3461a5b999c00b?s=96&d=mm&r=g\",\"caption\":\"Service des communications et des relations publiques\"},\"url\":\"https:\/\/www.uqac.ca\/uqactualites\/author\/bap\/\"}]}<\/script>\r\n<!-- \/ Yoast SEO plugin. -->","yoast_head_json":{"title":"Le D\u00e9partement des sciences \u00e9conomiques et administratives met \u00e0 l\u2019honneur sa rel\u00e8ve en recherche - UQACtualit\u00e9s","robots":{"index":"index","follow":"follow","max-snippet":"max-snippet:-1","max-image-preview":"max-image-preview:large","max-video-preview":"max-video-preview:-1"},"canonical":"https:\/\/www.uqac.ca\/uqactualites\/2019\/04\/04\/le-departement-des-sciences-economiques-et-administratives-met-a-lhonneur-sa-releve-en-recherche\/","og_locale":"fr_CA","og_type":"article","og_title":"Le D\u00e9partement des sciences \u00e9conomiques et administratives met \u00e0 l\u2019honneur sa rel\u00e8ve en recherche - UQACtualit\u00e9s","og_description":"C\u2019est dans le cadre des festivit\u00e9s du 50e anniversaire de l\u2019UQAC et pour souligner l\u2019importance majeure qu\u2019a jou\u00e9 l\u2019UQAC dans le d\u00e9veloppement intellectuel de la r\u00e9gion, que le comit\u00e9 de la recherche du D\u00e9partement des sciences \u00e9conomiques et administratives (DSEA) a organis\u00e9 le second volet de son \u00e9v\u00e9nement de la rel\u00e8ve en recherche le 22 [&hellip;]","og_url":"https:\/\/www.uqac.ca\/uqactualites\/2019\/04\/04\/le-departement-des-sciences-economiques-et-administratives-met-a-lhonneur-sa-releve-en-recherche\/","og_site_name":"UQACtualit\u00e9s","article_published_time":"2019-04-04T19:57:08+00:00","og_image":[{"width":1429,"height":952,"url":"https:\/\/www.uqac.ca\/uqactualites\/wp-content\/uploads\/2019\/04\/Photo1_@ctu_DSEA_releve_04042019.jpg","type":"image\/jpeg"}],"author":"Service des communications et des relations publiques","twitter_card":"summary_large_image","twitter_misc":{"\u00c9crit par":"Service des communications et des relations publiques","Estimation du temps de lecture":"3 minutes"},"schema":{"@context":"https:\/\/schema.org","@graph":[{"@type":"WebPage","@id":"https:\/\/www.uqac.ca\/uqactualites\/2019\/04\/04\/le-departement-des-sciences-economiques-et-administratives-met-a-lhonneur-sa-releve-en-recherche\/","url":"https:\/\/www.uqac.ca\/uqactualites\/2019\/04\/04\/le-departement-des-sciences-economiques-et-administratives-met-a-lhonneur-sa-releve-en-recherche\/","name":"Le D\u00e9partement des sciences \u00e9conomiques et administratives met \u00e0 l\u2019honneur sa rel\u00e8ve en recherche - UQACtualit\u00e9s","isPartOf":{"@id":"https:\/\/www.uqac.ca\/uqactualites\/#website"},"primaryImageOfPage":{"@id":"https:\/\/www.uqac.ca\/uqactualites\/2019\/04\/04\/le-departement-des-sciences-economiques-et-administratives-met-a-lhonneur-sa-releve-en-recherche\/#primaryimage"},"image":{"@id":"https:\/\/www.uqac.ca\/uqactualites\/2019\/04\/04\/le-departement-des-sciences-economiques-et-administratives-met-a-lhonneur-sa-releve-en-recherche\/#primaryimage"},"thumbnailUrl":"https:\/\/www.uqac.ca\/uqactualites\/wp-content\/uploads\/2019\/04\/Photo1_@ctu_DSEA_releve_04042019.jpg","datePublished":"2019-04-04T19:57:08+00:00","dateModified":"2019-04-04T19:57:08+00:00","author":{"@id":"https:\/\/www.uqac.ca\/uqactualites\/#\/schema\/person\/366c45a0c4f0e677b41b4af5886e2018"},"breadcrumb":{"@id":"https:\/\/www.uqac.ca\/uqactualites\/2019\/04\/04\/le-departement-des-sciences-economiques-et-administratives-met-a-lhonneur-sa-releve-en-recherche\/#breadcrumb"},"inLanguage":"fr-CA","potentialAction":[{"@type":"ReadAction","target":["https:\/\/www.uqac.ca\/uqactualites\/2019\/04\/04\/le-departement-des-sciences-economiques-et-administratives-met-a-lhonneur-sa-releve-en-recherche\/"]}]},{"@type":"ImageObject","inLanguage":"fr-CA","@id":"https:\/\/www.uqac.ca\/uqactualites\/2019\/04\/04\/le-departement-des-sciences-economiques-et-administratives-met-a-lhonneur-sa-releve-en-recherche\/#primaryimage","url":"https:\/\/www.uqac.ca\/uqactualites\/wp-content\/uploads\/2019\/04\/Photo1_@ctu_DSEA_releve_04042019.jpg","contentUrl":"https:\/\/www.uqac.ca\/uqactualites\/wp-content\/uploads\/2019\/04\/Photo1_@ctu_DSEA_releve_04042019.jpg","width":1429,"height":952},{"@type":"BreadcrumbList","@id":"https:\/\/www.uqac.ca\/uqactualites\/2019\/04\/04\/le-departement-des-sciences-economiques-et-administratives-met-a-lhonneur-sa-releve-en-recherche\/#breadcrumb","itemListElement":[{"@type":"ListItem","position":1,"name":"Home","item":"https:\/\/www.uqac.ca\/uqactualites\/"},{"@type":"ListItem","position":2,"name":"Le D\u00e9partement des sciences \u00e9conomiques et administratives met \u00e0 l\u2019honneur sa rel\u00e8ve en recherche"}]},{"@type":"WebSite","@id":"https:\/\/www.uqac.ca\/uqactualites\/#website","url":"https:\/\/www.uqac.ca\/uqactualites\/","name":"UQACtualit\u00e9s","description":"Le portail des nouvelles de l&#039;UQAC","potentialAction":[{"@type":"SearchAction","target":{"@type":"EntryPoint","urlTemplate":"https:\/\/www.uqac.ca\/uqactualites\/?s={search_term_string}"},"query-input":{"@type":"PropertyValueSpecification","valueRequired":true,"valueName":"search_term_string"}}],"inLanguage":"fr-CA"},{"@type":"Person","@id":"https:\/\/www.uqac.ca\/uqactualites\/#\/schema\/person\/366c45a0c4f0e677b41b4af5886e2018","name":"Service des communications et des relations publiques","image":{"@type":"ImageObject","inLanguage":"fr-CA","@id":"https:\/\/www.uqac.ca\/uqactualites\/#\/schema\/person\/image\/","url":"https:\/\/secure.gravatar.com\/avatar\/20fbbda8a292f59f2d3461a5b999c00b?s=96&d=mm&r=g","contentUrl":"https:\/\/secure.gravatar.com\/avatar\/20fbbda8a292f59f2d3461a5b999c00b?s=96&d=mm&r=g","caption":"Service des communications et des relations publiques"},"url":"https:\/\/www.uqac.ca\/uqactualites\/author\/bap\/"}]}},"_links":{"self":[{"href":"https:\/\/www.uqac.ca\/uqactualites\/wp-json\/wp\/v2\/posts\/35987"}],"collection":[{"href":"https:\/\/www.uqac.ca\/uqactualites\/wp-json\/wp\/v2\/posts"}],"about":[{"href":"https:\/\/www.uqac.ca\/uqactualites\/wp-json\/wp\/v2\/types\/post"}],"author":[{"embeddable":true,"href":"https:\/\/www.uqac.ca\/uqactualites\/wp-json\/wp\/v2\/users\/5"}],"replies":[{"embeddable":true,"href":"https:\/\/www.uqac.ca\/uqactualites\/wp-json\/wp\/v2\/comments?post=35987"}],"version-history":[{"count":0,"href":"https:\/\/www.uqac.ca\/uqactualites\/wp-json\/wp\/v2\/posts\/35987\/revisions"}],"wp:featuredmedia":[{"embeddable":true,"href":"https:\/\/www.uqac.ca\/uqactualites\/wp-json\/wp\/v2\/media\/35988"}],"wp:attachment":[{"href":"https:\/\/www.uqac.ca\/uqactualites\/wp-json\/wp\/v2\/media?parent=35987"}],"wp:term":[{"taxonomy":"category","embeddable":true,"href":"https:\/\/www.uqac.ca\/uqactualites\/wp-json\/wp\/v2\/categories?post=35987"},{"taxonomy":"post_tag","embeddable":true,"href":"https:\/\/www.uqac.ca\/uqactualites\/wp-json\/wp\/v2\/tags?post=35987"}],"curies":[{"name":"wp","href":"https:\/\/api.w.org\/{rel}","templated":true}]}}