{"id":36053,"date":"2019-04-11T10:30:18","date_gmt":"2019-04-11T14:30:18","guid":{"rendered":"https:\/\/www.uqac.ca\/?p=36053"},"modified":"2019-04-11T10:30:18","modified_gmt":"2019-04-11T14:30:18","slug":"luqac-hote-de-la-rencontre-de-la-table-de-travail-sur-les-realites-autochtones-de-luniversite-du-quebec","status":"publish","type":"post","link":"https:\/\/www.uqac.ca\/uqactualites\/2019\/04\/11\/luqac-hote-de-la-rencontre-de-la-table-de-travail-sur-les-realites-autochtones-de-luniversite-du-quebec\/","title":{"rendered":"L&rsquo;UQAC, h\u00f4te de la rencontre de la Table de travail sur les r\u00e9alit\u00e9s autochtones de l\u2019Universit\u00e9 du Qu\u00e9bec"},"content":{"rendered":"<p>Les 4 et 5 avril derniers, les membres de la Table de travail sur les r\u00e9alit\u00e9s autochtones (TTRA) de l\u2019Universit\u00e9 du Qu\u00e9bec se sont donn\u00e9 rendez-vous au Pavillon de la culture des peuples autochtones Rio Tinto de l\u2019UQAC afin de poursuivre leurs travaux d\u00e9but\u00e9s il y a un peu plus d\u2019un an. Le s\u00e9jour des membres de la TTRA a \u00e9t\u00e9 notamment ponctu\u00e9 d\u2019un 5 \u00e0 7 o\u00f9 Alexandre Cloutier, vice-recteur aux partenariats et secr\u00e9taire g\u00e9n\u00e9ral de l\u2019UQAC, a souhait\u00e9 officiellement la bienvenue aux d\u00e9l\u00e9gu\u00e9s. L\u2019\u00e9quipe du Centre des Premi\u00e8res Nations Nikanite et son directeur, M. Marco Bacon, avec le concours de la Bo\u00eete Rouge VIF, ont re\u00e7u les participants en leur faisant d\u00e9couvrir la r\u00e9alit\u00e9 autochtone de notre campus ainsi que divers projets qui mettent les cultures et les langues autochtones en avant-plan.<\/p>\n<p>Rappelons que la Table de travail sur les r\u00e9alit\u00e9s autochtones est compos\u00e9e d\u2019un repr\u00e9sentant par \u00e9tablissement du r\u00e9seau de l\u2019Universit\u00e9 du Qu\u00e9bec et qu\u2019elle a pour mandat de stimuler des \u00e9changes et les efforts au sein du r\u00e9seau pour mieux r\u00e9pondre aux besoins des peuples autochtones en termes de formation universitaire, de recherche faite pour, par et avec les autochtones ainsi que de services qui leur sont offerts. Ce mandat d\u00e9coule d\u2019une volont\u00e9 de la Commission de planification de l\u2019Universit\u00e9 du Qu\u00e9bec aupr\u00e8s de qui la TTRA devrait d\u00e9poser un rapport complet l\u2019automne prochain.<\/p>\n<p>&nbsp;<\/p>\n<p><span style=\"color: #808080;\">Sur la photo : Les membres de la TTRA<\/span><\/p>\n","protected":false},"excerpt":{"rendered":"<p>Les 4 et 5 avril derniers, les membres de la Table de travail sur les r\u00e9alit\u00e9s autochtones (TTRA) de l\u2019Universit\u00e9 du Qu\u00e9bec se sont donn\u00e9 rendez-vous au Pavillon de la culture des peuples autochtones Rio Tinto de l\u2019UQAC afin de poursuivre leurs travaux d\u00e9but\u00e9s il y a un peu plus d\u2019un an. Le s\u00e9jour des [&hellip;]<\/p>\n","protected":false},"author":5,"featured_media":36054,"comment_status":"open","ping_status":"open","sticky":false,"template":"","format":"standard","meta":{"footnotes":""},"categories":[2],"tags":[105,151],"yoast_head":"<!-- This site is optimized with the Yoast SEO plugin v24.2 - https:\/\/yoast.com\/wordpress\/plugins\/seo\/ -->\r\n<title>L&#039;UQAC, h\u00f4te de la rencontre de la Table de travail sur les r\u00e9alit\u00e9s autochtones de l\u2019Universit\u00e9 du Qu\u00e9bec - UQACtualit\u00e9s<\/title>\r\n<meta name=\"robots\" content=\"index, follow, max-snippet:-1, max-image-preview:large, max-video-preview:-1\" \/>\r\n<link rel=\"canonical\" href=\"https:\/\/www.uqac.ca\/uqactualites\/2019\/04\/11\/luqac-hote-de-la-rencontre-de-la-table-de-travail-sur-les-realites-autochtones-de-luniversite-du-quebec\/\" \/>\r\n<meta property=\"og:locale\" content=\"fr_CA\" \/>\r\n<meta property=\"og:type\" content=\"article\" \/>\r\n<meta property=\"og:title\" content=\"L&#039;UQAC, h\u00f4te de la rencontre de la Table de travail sur les r\u00e9alit\u00e9s autochtones de l\u2019Universit\u00e9 du Qu\u00e9bec - UQACtualit\u00e9s\" \/>\r\n<meta property=\"og:description\" content=\"Les 4 et 5 avril derniers, les membres de la Table de travail sur les r\u00e9alit\u00e9s autochtones (TTRA) de l\u2019Universit\u00e9 du Qu\u00e9bec se sont donn\u00e9 rendez-vous au Pavillon de la culture des peuples autochtones Rio Tinto de l\u2019UQAC afin de poursuivre leurs travaux d\u00e9but\u00e9s il y a un peu plus d\u2019un an. Le s\u00e9jour des [&hellip;]\" \/>\r\n<meta property=\"og:url\" content=\"https:\/\/www.uqac.ca\/uqactualites\/2019\/04\/11\/luqac-hote-de-la-rencontre-de-la-table-de-travail-sur-les-realites-autochtones-de-luniversite-du-quebec\/\" \/>\r\n<meta property=\"og:site_name\" content=\"UQACtualit\u00e9s\" \/>\r\n<meta property=\"article:published_time\" content=\"2019-04-11T14:30:18+00:00\" \/>\r\n<meta property=\"og:image\" content=\"https:\/\/www.uqac.ca\/uqactualites\/wp-content\/uploads\/2019\/04\/Photo-membres-TTRA-1024x792.jpg\" \/>\r\n\t<meta property=\"og:image:width\" content=\"1024\" \/>\r\n\t<meta property=\"og:image:height\" content=\"792\" \/>\r\n\t<meta property=\"og:image:type\" content=\"image\/jpeg\" \/>\r\n<meta name=\"author\" content=\"Service des communications et des relations publiques\" \/>\r\n<meta name=\"twitter:card\" content=\"summary_large_image\" \/>\r\n<meta name=\"twitter:label1\" content=\"\u00c9crit par\" \/>\n\t<meta name=\"twitter:data1\" content=\"Service des communications et des relations publiques\" \/>\n\t<meta name=\"twitter:label2\" content=\"Estimation du temps de lecture\" \/>\n\t<meta name=\"twitter:data2\" content=\"1 minute\" \/>\r\n<script type=\"application\/ld+json\" class=\"yoast-schema-graph\">{\"@context\":\"https:\/\/schema.org\",\"@graph\":[{\"@type\":\"WebPage\",\"@id\":\"https:\/\/www.uqac.ca\/uqactualites\/2019\/04\/11\/luqac-hote-de-la-rencontre-de-la-table-de-travail-sur-les-realites-autochtones-de-luniversite-du-quebec\/\",\"url\":\"https:\/\/www.uqac.ca\/uqactualites\/2019\/04\/11\/luqac-hote-de-la-rencontre-de-la-table-de-travail-sur-les-realites-autochtones-de-luniversite-du-quebec\/\",\"name\":\"L'UQAC, h\u00f4te de la rencontre de la Table de travail sur les r\u00e9alit\u00e9s autochtones de l\u2019Universit\u00e9 du Qu\u00e9bec - UQACtualit\u00e9s\",\"isPartOf\":{\"@id\":\"https:\/\/www.uqac.ca\/uqactualites\/#website\"},\"primaryImageOfPage\":{\"@id\":\"https:\/\/www.uqac.ca\/uqactualites\/2019\/04\/11\/luqac-hote-de-la-rencontre-de-la-table-de-travail-sur-les-realites-autochtones-de-luniversite-du-quebec\/#primaryimage\"},\"image\":{\"@id\":\"https:\/\/www.uqac.ca\/uqactualites\/2019\/04\/11\/luqac-hote-de-la-rencontre-de-la-table-de-travail-sur-les-realites-autochtones-de-luniversite-du-quebec\/#primaryimage\"},\"thumbnailUrl\":\"https:\/\/www.uqac.ca\/uqactualites\/wp-content\/uploads\/2019\/04\/Photo-membres-TTRA.jpg\",\"datePublished\":\"2019-04-11T14:30:18+00:00\",\"dateModified\":\"2019-04-11T14:30:18+00:00\",\"author\":{\"@id\":\"https:\/\/www.uqac.ca\/uqactualites\/#\/schema\/person\/366c45a0c4f0e677b41b4af5886e2018\"},\"breadcrumb\":{\"@id\":\"https:\/\/www.uqac.ca\/uqactualites\/2019\/04\/11\/luqac-hote-de-la-rencontre-de-la-table-de-travail-sur-les-realites-autochtones-de-luniversite-du-quebec\/#breadcrumb\"},\"inLanguage\":\"fr-CA\",\"potentialAction\":[{\"@type\":\"ReadAction\",\"target\":[\"https:\/\/www.uqac.ca\/uqactualites\/2019\/04\/11\/luqac-hote-de-la-rencontre-de-la-table-de-travail-sur-les-realites-autochtones-de-luniversite-du-quebec\/\"]}]},{\"@type\":\"ImageObject\",\"inLanguage\":\"fr-CA\",\"@id\":\"https:\/\/www.uqac.ca\/uqactualites\/2019\/04\/11\/luqac-hote-de-la-rencontre-de-la-table-de-travail-sur-les-realites-autochtones-de-luniversite-du-quebec\/#primaryimage\",\"url\":\"https:\/\/www.uqac.ca\/uqactualites\/wp-content\/uploads\/2019\/04\/Photo-membres-TTRA.jpg\",\"contentUrl\":\"https:\/\/www.uqac.ca\/uqactualites\/wp-content\/uploads\/2019\/04\/Photo-membres-TTRA.jpg\",\"width\":2500,\"height\":1933},{\"@type\":\"BreadcrumbList\",\"@id\":\"https:\/\/www.uqac.ca\/uqactualites\/2019\/04\/11\/luqac-hote-de-la-rencontre-de-la-table-de-travail-sur-les-realites-autochtones-de-luniversite-du-quebec\/#breadcrumb\",\"itemListElement\":[{\"@type\":\"ListItem\",\"position\":1,\"name\":\"Home\",\"item\":\"https:\/\/www.uqac.ca\/uqactualites\/\"},{\"@type\":\"ListItem\",\"position\":2,\"name\":\"L&rsquo;UQAC, h\u00f4te de la rencontre de la Table de travail sur les r\u00e9alit\u00e9s autochtones de l\u2019Universit\u00e9 du Qu\u00e9bec\"}]},{\"@type\":\"WebSite\",\"@id\":\"https:\/\/www.uqac.ca\/uqactualites\/#website\",\"url\":\"https:\/\/www.uqac.ca\/uqactualites\/\",\"name\":\"UQACtualit\u00e9s\",\"description\":\"Le portail des nouvelles de l&#039;UQAC\",\"potentialAction\":[{\"@type\":\"SearchAction\",\"target\":{\"@type\":\"EntryPoint\",\"urlTemplate\":\"https:\/\/www.uqac.ca\/uqactualites\/?s={search_term_string}\"},\"query-input\":{\"@type\":\"PropertyValueSpecification\",\"valueRequired\":true,\"valueName\":\"search_term_string\"}}],\"inLanguage\":\"fr-CA\"},{\"@type\":\"Person\",\"@id\":\"https:\/\/www.uqac.ca\/uqactualites\/#\/schema\/person\/366c45a0c4f0e677b41b4af5886e2018\",\"name\":\"Service des communications et des relations publiques\",\"image\":{\"@type\":\"ImageObject\",\"inLanguage\":\"fr-CA\",\"@id\":\"https:\/\/www.uqac.ca\/uqactualites\/#\/schema\/person\/image\/\",\"url\":\"https:\/\/secure.gravatar.com\/avatar\/20fbbda8a292f59f2d3461a5b999c00b?s=96&d=mm&r=g\",\"contentUrl\":\"https:\/\/secure.gravatar.com\/avatar\/20fbbda8a292f59f2d3461a5b999c00b?s=96&d=mm&r=g\",\"caption\":\"Service des communications et des relations publiques\"},\"url\":\"https:\/\/www.uqac.ca\/uqactualites\/author\/bap\/\"}]}<\/script>\r\n<!-- \/ Yoast SEO plugin. -->","yoast_head_json":{"title":"L'UQAC, h\u00f4te de la rencontre de la Table de travail sur les r\u00e9alit\u00e9s autochtones de l\u2019Universit\u00e9 du Qu\u00e9bec - UQACtualit\u00e9s","robots":{"index":"index","follow":"follow","max-snippet":"max-snippet:-1","max-image-preview":"max-image-preview:large","max-video-preview":"max-video-preview:-1"},"canonical":"https:\/\/www.uqac.ca\/uqactualites\/2019\/04\/11\/luqac-hote-de-la-rencontre-de-la-table-de-travail-sur-les-realites-autochtones-de-luniversite-du-quebec\/","og_locale":"fr_CA","og_type":"article","og_title":"L'UQAC, h\u00f4te de la rencontre de la Table de travail sur les r\u00e9alit\u00e9s autochtones de l\u2019Universit\u00e9 du Qu\u00e9bec - UQACtualit\u00e9s","og_description":"Les 4 et 5 avril derniers, les membres de la Table de travail sur les r\u00e9alit\u00e9s autochtones (TTRA) de l\u2019Universit\u00e9 du Qu\u00e9bec se sont donn\u00e9 rendez-vous au Pavillon de la culture des peuples autochtones Rio Tinto de l\u2019UQAC afin de poursuivre leurs travaux d\u00e9but\u00e9s il y a un peu plus d\u2019un an. Le s\u00e9jour des [&hellip;]","og_url":"https:\/\/www.uqac.ca\/uqactualites\/2019\/04\/11\/luqac-hote-de-la-rencontre-de-la-table-de-travail-sur-les-realites-autochtones-de-luniversite-du-quebec\/","og_site_name":"UQACtualit\u00e9s","article_published_time":"2019-04-11T14:30:18+00:00","og_image":[{"width":1024,"height":792,"url":"https:\/\/www.uqac.ca\/uqactualites\/wp-content\/uploads\/2019\/04\/Photo-membres-TTRA-1024x792.jpg","type":"image\/jpeg"}],"author":"Service des communications et des relations publiques","twitter_card":"summary_large_image","twitter_misc":{"\u00c9crit par":"Service des communications et des relations publiques","Estimation du temps de lecture":"1 minute"},"schema":{"@context":"https:\/\/schema.org","@graph":[{"@type":"WebPage","@id":"https:\/\/www.uqac.ca\/uqactualites\/2019\/04\/11\/luqac-hote-de-la-rencontre-de-la-table-de-travail-sur-les-realites-autochtones-de-luniversite-du-quebec\/","url":"https:\/\/www.uqac.ca\/uqactualites\/2019\/04\/11\/luqac-hote-de-la-rencontre-de-la-table-de-travail-sur-les-realites-autochtones-de-luniversite-du-quebec\/","name":"L'UQAC, h\u00f4te de la rencontre de la Table de travail sur les r\u00e9alit\u00e9s autochtones de l\u2019Universit\u00e9 du Qu\u00e9bec - UQACtualit\u00e9s","isPartOf":{"@id":"https:\/\/www.uqac.ca\/uqactualites\/#website"},"primaryImageOfPage":{"@id":"https:\/\/www.uqac.ca\/uqactualites\/2019\/04\/11\/luqac-hote-de-la-rencontre-de-la-table-de-travail-sur-les-realites-autochtones-de-luniversite-du-quebec\/#primaryimage"},"image":{"@id":"https:\/\/www.uqac.ca\/uqactualites\/2019\/04\/11\/luqac-hote-de-la-rencontre-de-la-table-de-travail-sur-les-realites-autochtones-de-luniversite-du-quebec\/#primaryimage"},"thumbnailUrl":"https:\/\/www.uqac.ca\/uqactualites\/wp-content\/uploads\/2019\/04\/Photo-membres-TTRA.jpg","datePublished":"2019-04-11T14:30:18+00:00","dateModified":"2019-04-11T14:30:18+00:00","author":{"@id":"https:\/\/www.uqac.ca\/uqactualites\/#\/schema\/person\/366c45a0c4f0e677b41b4af5886e2018"},"breadcrumb":{"@id":"https:\/\/www.uqac.ca\/uqactualites\/2019\/04\/11\/luqac-hote-de-la-rencontre-de-la-table-de-travail-sur-les-realites-autochtones-de-luniversite-du-quebec\/#breadcrumb"},"inLanguage":"fr-CA","potentialAction":[{"@type":"ReadAction","target":["https:\/\/www.uqac.ca\/uqactualites\/2019\/04\/11\/luqac-hote-de-la-rencontre-de-la-table-de-travail-sur-les-realites-autochtones-de-luniversite-du-quebec\/"]}]},{"@type":"ImageObject","inLanguage":"fr-CA","@id":"https:\/\/www.uqac.ca\/uqactualites\/2019\/04\/11\/luqac-hote-de-la-rencontre-de-la-table-de-travail-sur-les-realites-autochtones-de-luniversite-du-quebec\/#primaryimage","url":"https:\/\/www.uqac.ca\/uqactualites\/wp-content\/uploads\/2019\/04\/Photo-membres-TTRA.jpg","contentUrl":"https:\/\/www.uqac.ca\/uqactualites\/wp-content\/uploads\/2019\/04\/Photo-membres-TTRA.jpg","width":2500,"height":1933},{"@type":"BreadcrumbList","@id":"https:\/\/www.uqac.ca\/uqactualites\/2019\/04\/11\/luqac-hote-de-la-rencontre-de-la-table-de-travail-sur-les-realites-autochtones-de-luniversite-du-quebec\/#breadcrumb","itemListElement":[{"@type":"ListItem","position":1,"name":"Home","item":"https:\/\/www.uqac.ca\/uqactualites\/"},{"@type":"ListItem","position":2,"name":"L&rsquo;UQAC, h\u00f4te de la rencontre de la Table de travail sur les r\u00e9alit\u00e9s autochtones de l\u2019Universit\u00e9 du Qu\u00e9bec"}]},{"@type":"WebSite","@id":"https:\/\/www.uqac.ca\/uqactualites\/#website","url":"https:\/\/www.uqac.ca\/uqactualites\/","name":"UQACtualit\u00e9s","description":"Le portail des nouvelles de l&#039;UQAC","potentialAction":[{"@type":"SearchAction","target":{"@type":"EntryPoint","urlTemplate":"https:\/\/www.uqac.ca\/uqactualites\/?s={search_term_string}"},"query-input":{"@type":"PropertyValueSpecification","valueRequired":true,"valueName":"search_term_string"}}],"inLanguage":"fr-CA"},{"@type":"Person","@id":"https:\/\/www.uqac.ca\/uqactualites\/#\/schema\/person\/366c45a0c4f0e677b41b4af5886e2018","name":"Service des communications et des relations publiques","image":{"@type":"ImageObject","inLanguage":"fr-CA","@id":"https:\/\/www.uqac.ca\/uqactualites\/#\/schema\/person\/image\/","url":"https:\/\/secure.gravatar.com\/avatar\/20fbbda8a292f59f2d3461a5b999c00b?s=96&d=mm&r=g","contentUrl":"https:\/\/secure.gravatar.com\/avatar\/20fbbda8a292f59f2d3461a5b999c00b?s=96&d=mm&r=g","caption":"Service des communications et des relations publiques"},"url":"https:\/\/www.uqac.ca\/uqactualites\/author\/bap\/"}]}},"_links":{"self":[{"href":"https:\/\/www.uqac.ca\/uqactualites\/wp-json\/wp\/v2\/posts\/36053"}],"collection":[{"href":"https:\/\/www.uqac.ca\/uqactualites\/wp-json\/wp\/v2\/posts"}],"about":[{"href":"https:\/\/www.uqac.ca\/uqactualites\/wp-json\/wp\/v2\/types\/post"}],"author":[{"embeddable":true,"href":"https:\/\/www.uqac.ca\/uqactualites\/wp-json\/wp\/v2\/users\/5"}],"replies":[{"embeddable":true,"href":"https:\/\/www.uqac.ca\/uqactualites\/wp-json\/wp\/v2\/comments?post=36053"}],"version-history":[{"count":0,"href":"https:\/\/www.uqac.ca\/uqactualites\/wp-json\/wp\/v2\/posts\/36053\/revisions"}],"wp:featuredmedia":[{"embeddable":true,"href":"https:\/\/www.uqac.ca\/uqactualites\/wp-json\/wp\/v2\/media\/36054"}],"wp:attachment":[{"href":"https:\/\/www.uqac.ca\/uqactualites\/wp-json\/wp\/v2\/media?parent=36053"}],"wp:term":[{"taxonomy":"category","embeddable":true,"href":"https:\/\/www.uqac.ca\/uqactualites\/wp-json\/wp\/v2\/categories?post=36053"},{"taxonomy":"post_tag","embeddable":true,"href":"https:\/\/www.uqac.ca\/uqactualites\/wp-json\/wp\/v2\/tags?post=36053"}],"curies":[{"name":"wp","href":"https:\/\/api.w.org\/{rel}","templated":true}]}}