{"id":36101,"date":"2019-04-16T11:46:30","date_gmt":"2019-04-16T15:46:30","guid":{"rendered":"https:\/\/www.uqac.ca\/?p=36101"},"modified":"2019-04-16T11:46:30","modified_gmt":"2019-04-16T15:46:30","slug":"les-etudiants-de-luqac-remportent-la-premiere-place-du-concours-affaire-de-cas-de-lordre-de-cpa-du-quebec","status":"publish","type":"post","link":"https:\/\/www.uqac.ca\/uqactualites\/2019\/04\/16\/les-etudiants-de-luqac-remportent-la-premiere-place-du-concours-affaire-de-cas-de-lordre-de-cpa-du-quebec\/","title":{"rendered":"Les \u00e9tudiants de l\u2019UQAC remportent la premi\u00e8re place du Concours Affaire de cas de l\u2019Ordre de CPA du Qu\u00e9bec"},"content":{"rendered":"<p>Les \u00e9tudiants en sciences comptables de l\u2019UQAC se sont illustr\u00e9s lors de la derni\u00e8re \u00e9dition du <em><a href=\"https:\/\/cpaquebec.ca\/fr\/membres-cpa\/regroupements-regionaux\/jeunes-cpa\/concours-affaire-de-cas-2019\/\">Concours Affaire de cas<\/a><\/em> de l\u2019Ordre des comptables professionnels agr\u00e9\u00e9s du Qu\u00e9bec qui se tenait le 30 mars dernier \u00e0 Montr\u00e9al. L\u2019\u00e9quipe, compos\u00e9e de Patricia Maltais, Heidi Chalifour et Steeven Gagnon, trois \u00e9tudiants du <a href=\"https:\/\/www.uqac.ca\/programme\/1809-dess-en-sciences-comptables\/\">dipl\u00f4me d\u2019\u00e9tudes sup\u00e9rieures sp\u00e9cialis\u00e9es en sciences comptables<\/a>, a rafl\u00e9 la premi\u00e8re position.<\/p>\n<p>Le concours est r\u00e9serv\u00e9 aux \u00e9tudiants inscrits \u00e0 la session d\u2019hiver 2019 dans un programme de 1<sup>er<\/sup> cycle universitaire en sciences comptables et aux \u00e9tudiants inscrits au Programme de formation professionnelle CPA (programme national ou DESS).<\/p>\n<p>Pour participer, les \u00e9tudiants doivent former des \u00e9quipes de 3 et r\u00e9soudre une \u00e9tude de cas qu\u2019ils doivent pr\u00e9senter \u00e0 un jury qui d\u00e9termine les gagnants.<\/p>\n<p>PHOTO\u00a0:<br \/>\nL\u2019\u00e9quipe des \u00e9tudiants de l\u2019UQAC, Patricia Maltais, Heidi Chalifour et Steeven Gagnon, en compagnie d\u2019organisateurs du concours.<\/p>\n","protected":false},"excerpt":{"rendered":"<p>Les \u00e9tudiants en sciences comptables de l\u2019UQAC se sont illustr\u00e9s lors de la derni\u00e8re \u00e9dition du Concours Affaire de cas de l\u2019Ordre des comptables professionnels agr\u00e9\u00e9s du Qu\u00e9bec qui se tenait le 30 mars dernier \u00e0 Montr\u00e9al. L\u2019\u00e9quipe, compos\u00e9e de Patricia Maltais, Heidi Chalifour et Steeven Gagnon, trois \u00e9tudiants du dipl\u00f4me d\u2019\u00e9tudes sup\u00e9rieures sp\u00e9cialis\u00e9es en [&hellip;]<\/p>\n","protected":false},"author":5,"featured_media":36102,"comment_status":"open","ping_status":"open","sticky":false,"template":"","format":"standard","meta":{"footnotes":""},"categories":[2],"tags":[8],"yoast_head":"<!-- This site is optimized with the Yoast SEO plugin v24.2 - https:\/\/yoast.com\/wordpress\/plugins\/seo\/ -->\r\n<title>Les \u00e9tudiants de l\u2019UQAC remportent la premi\u00e8re place du Concours Affaire de cas de l\u2019Ordre de CPA du Qu\u00e9bec - UQACtualit\u00e9s<\/title>\r\n<meta name=\"robots\" content=\"index, follow, max-snippet:-1, max-image-preview:large, max-video-preview:-1\" \/>\r\n<link rel=\"canonical\" href=\"https:\/\/www.uqac.ca\/uqactualites\/2019\/04\/16\/les-etudiants-de-luqac-remportent-la-premiere-place-du-concours-affaire-de-cas-de-lordre-de-cpa-du-quebec\/\" \/>\r\n<meta property=\"og:locale\" content=\"fr_CA\" \/>\r\n<meta property=\"og:type\" content=\"article\" \/>\r\n<meta property=\"og:title\" content=\"Les \u00e9tudiants de l\u2019UQAC remportent la premi\u00e8re place du Concours Affaire de cas de l\u2019Ordre de CPA du Qu\u00e9bec - UQACtualit\u00e9s\" \/>\r\n<meta property=\"og:description\" content=\"Les \u00e9tudiants en sciences comptables de l\u2019UQAC se sont illustr\u00e9s lors de la derni\u00e8re \u00e9dition du Concours Affaire de cas de l\u2019Ordre des comptables professionnels agr\u00e9\u00e9s du Qu\u00e9bec qui se tenait le 30 mars dernier \u00e0 Montr\u00e9al. L\u2019\u00e9quipe, compos\u00e9e de Patricia Maltais, Heidi Chalifour et Steeven Gagnon, trois \u00e9tudiants du dipl\u00f4me d\u2019\u00e9tudes sup\u00e9rieures sp\u00e9cialis\u00e9es en [&hellip;]\" \/>\r\n<meta property=\"og:url\" content=\"https:\/\/www.uqac.ca\/uqactualites\/2019\/04\/16\/les-etudiants-de-luqac-remportent-la-premiere-place-du-concours-affaire-de-cas-de-lordre-de-cpa-du-quebec\/\" \/>\r\n<meta property=\"og:site_name\" content=\"UQACtualit\u00e9s\" \/>\r\n<meta property=\"article:published_time\" content=\"2019-04-16T15:46:30+00:00\" \/>\r\n<meta property=\"og:image\" content=\"https:\/\/www.uqac.ca\/uqactualites\/wp-content\/uploads\/2019\/04\/photo_concoursCPA_16042019.jpg\" \/>\r\n\t<meta property=\"og:image:width\" content=\"2048\" \/>\r\n\t<meta property=\"og:image:height\" content=\"1365\" \/>\r\n\t<meta property=\"og:image:type\" content=\"image\/jpeg\" \/>\r\n<meta name=\"author\" content=\"Service des communications et des relations publiques\" \/>\r\n<meta name=\"twitter:card\" content=\"summary_large_image\" \/>\r\n<meta name=\"twitter:label1\" content=\"\u00c9crit par\" \/>\n\t<meta name=\"twitter:data1\" content=\"Service des communications et des relations publiques\" \/>\n\t<meta name=\"twitter:label2\" content=\"Estimation du temps de lecture\" \/>\n\t<meta name=\"twitter:data2\" content=\"1 minute\" \/>\r\n<script type=\"application\/ld+json\" class=\"yoast-schema-graph\">{\"@context\":\"https:\/\/schema.org\",\"@graph\":[{\"@type\":\"WebPage\",\"@id\":\"https:\/\/www.uqac.ca\/uqactualites\/2019\/04\/16\/les-etudiants-de-luqac-remportent-la-premiere-place-du-concours-affaire-de-cas-de-lordre-de-cpa-du-quebec\/\",\"url\":\"https:\/\/www.uqac.ca\/uqactualites\/2019\/04\/16\/les-etudiants-de-luqac-remportent-la-premiere-place-du-concours-affaire-de-cas-de-lordre-de-cpa-du-quebec\/\",\"name\":\"Les \u00e9tudiants de l\u2019UQAC remportent la premi\u00e8re place du Concours Affaire de cas de l\u2019Ordre de CPA du Qu\u00e9bec - UQACtualit\u00e9s\",\"isPartOf\":{\"@id\":\"https:\/\/www.uqac.ca\/uqactualites\/#website\"},\"primaryImageOfPage\":{\"@id\":\"https:\/\/www.uqac.ca\/uqactualites\/2019\/04\/16\/les-etudiants-de-luqac-remportent-la-premiere-place-du-concours-affaire-de-cas-de-lordre-de-cpa-du-quebec\/#primaryimage\"},\"image\":{\"@id\":\"https:\/\/www.uqac.ca\/uqactualites\/2019\/04\/16\/les-etudiants-de-luqac-remportent-la-premiere-place-du-concours-affaire-de-cas-de-lordre-de-cpa-du-quebec\/#primaryimage\"},\"thumbnailUrl\":\"https:\/\/www.uqac.ca\/uqactualites\/wp-content\/uploads\/2019\/04\/photo_concoursCPA_16042019.jpg\",\"datePublished\":\"2019-04-16T15:46:30+00:00\",\"dateModified\":\"2019-04-16T15:46:30+00:00\",\"author\":{\"@id\":\"https:\/\/www.uqac.ca\/uqactualites\/#\/schema\/person\/366c45a0c4f0e677b41b4af5886e2018\"},\"breadcrumb\":{\"@id\":\"https:\/\/www.uqac.ca\/uqactualites\/2019\/04\/16\/les-etudiants-de-luqac-remportent-la-premiere-place-du-concours-affaire-de-cas-de-lordre-de-cpa-du-quebec\/#breadcrumb\"},\"inLanguage\":\"fr-CA\",\"potentialAction\":[{\"@type\":\"ReadAction\",\"target\":[\"https:\/\/www.uqac.ca\/uqactualites\/2019\/04\/16\/les-etudiants-de-luqac-remportent-la-premiere-place-du-concours-affaire-de-cas-de-lordre-de-cpa-du-quebec\/\"]}]},{\"@type\":\"ImageObject\",\"inLanguage\":\"fr-CA\",\"@id\":\"https:\/\/www.uqac.ca\/uqactualites\/2019\/04\/16\/les-etudiants-de-luqac-remportent-la-premiere-place-du-concours-affaire-de-cas-de-lordre-de-cpa-du-quebec\/#primaryimage\",\"url\":\"https:\/\/www.uqac.ca\/uqactualites\/wp-content\/uploads\/2019\/04\/photo_concoursCPA_16042019.jpg\",\"contentUrl\":\"https:\/\/www.uqac.ca\/uqactualites\/wp-content\/uploads\/2019\/04\/photo_concoursCPA_16042019.jpg\",\"width\":2048,\"height\":1365},{\"@type\":\"BreadcrumbList\",\"@id\":\"https:\/\/www.uqac.ca\/uqactualites\/2019\/04\/16\/les-etudiants-de-luqac-remportent-la-premiere-place-du-concours-affaire-de-cas-de-lordre-de-cpa-du-quebec\/#breadcrumb\",\"itemListElement\":[{\"@type\":\"ListItem\",\"position\":1,\"name\":\"Home\",\"item\":\"https:\/\/www.uqac.ca\/uqactualites\/\"},{\"@type\":\"ListItem\",\"position\":2,\"name\":\"Les \u00e9tudiants de l\u2019UQAC remportent la premi\u00e8re place du Concours Affaire de cas de l\u2019Ordre de CPA du Qu\u00e9bec\"}]},{\"@type\":\"WebSite\",\"@id\":\"https:\/\/www.uqac.ca\/uqactualites\/#website\",\"url\":\"https:\/\/www.uqac.ca\/uqactualites\/\",\"name\":\"UQACtualit\u00e9s\",\"description\":\"Le portail des nouvelles de l&#039;UQAC\",\"potentialAction\":[{\"@type\":\"SearchAction\",\"target\":{\"@type\":\"EntryPoint\",\"urlTemplate\":\"https:\/\/www.uqac.ca\/uqactualites\/?s={search_term_string}\"},\"query-input\":{\"@type\":\"PropertyValueSpecification\",\"valueRequired\":true,\"valueName\":\"search_term_string\"}}],\"inLanguage\":\"fr-CA\"},{\"@type\":\"Person\",\"@id\":\"https:\/\/www.uqac.ca\/uqactualites\/#\/schema\/person\/366c45a0c4f0e677b41b4af5886e2018\",\"name\":\"Service des communications et des relations publiques\",\"image\":{\"@type\":\"ImageObject\",\"inLanguage\":\"fr-CA\",\"@id\":\"https:\/\/www.uqac.ca\/uqactualites\/#\/schema\/person\/image\/\",\"url\":\"https:\/\/secure.gravatar.com\/avatar\/20fbbda8a292f59f2d3461a5b999c00b?s=96&d=mm&r=g\",\"contentUrl\":\"https:\/\/secure.gravatar.com\/avatar\/20fbbda8a292f59f2d3461a5b999c00b?s=96&d=mm&r=g\",\"caption\":\"Service des communications et des relations publiques\"},\"url\":\"https:\/\/www.uqac.ca\/uqactualites\/author\/bap\/\"}]}<\/script>\r\n<!-- \/ Yoast SEO plugin. -->","yoast_head_json":{"title":"Les \u00e9tudiants de l\u2019UQAC remportent la premi\u00e8re place du Concours Affaire de cas de l\u2019Ordre de CPA du Qu\u00e9bec - UQACtualit\u00e9s","robots":{"index":"index","follow":"follow","max-snippet":"max-snippet:-1","max-image-preview":"max-image-preview:large","max-video-preview":"max-video-preview:-1"},"canonical":"https:\/\/www.uqac.ca\/uqactualites\/2019\/04\/16\/les-etudiants-de-luqac-remportent-la-premiere-place-du-concours-affaire-de-cas-de-lordre-de-cpa-du-quebec\/","og_locale":"fr_CA","og_type":"article","og_title":"Les \u00e9tudiants de l\u2019UQAC remportent la premi\u00e8re place du Concours Affaire de cas de l\u2019Ordre de CPA du Qu\u00e9bec - UQACtualit\u00e9s","og_description":"Les \u00e9tudiants en sciences comptables de l\u2019UQAC se sont illustr\u00e9s lors de la derni\u00e8re \u00e9dition du Concours Affaire de cas de l\u2019Ordre des comptables professionnels agr\u00e9\u00e9s du Qu\u00e9bec qui se tenait le 30 mars dernier \u00e0 Montr\u00e9al. L\u2019\u00e9quipe, compos\u00e9e de Patricia Maltais, Heidi Chalifour et Steeven Gagnon, trois \u00e9tudiants du dipl\u00f4me d\u2019\u00e9tudes sup\u00e9rieures sp\u00e9cialis\u00e9es en [&hellip;]","og_url":"https:\/\/www.uqac.ca\/uqactualites\/2019\/04\/16\/les-etudiants-de-luqac-remportent-la-premiere-place-du-concours-affaire-de-cas-de-lordre-de-cpa-du-quebec\/","og_site_name":"UQACtualit\u00e9s","article_published_time":"2019-04-16T15:46:30+00:00","og_image":[{"width":2048,"height":1365,"url":"https:\/\/www.uqac.ca\/uqactualites\/wp-content\/uploads\/2019\/04\/photo_concoursCPA_16042019.jpg","type":"image\/jpeg"}],"author":"Service des communications et des relations publiques","twitter_card":"summary_large_image","twitter_misc":{"\u00c9crit par":"Service des communications et des relations publiques","Estimation du temps de lecture":"1 minute"},"schema":{"@context":"https:\/\/schema.org","@graph":[{"@type":"WebPage","@id":"https:\/\/www.uqac.ca\/uqactualites\/2019\/04\/16\/les-etudiants-de-luqac-remportent-la-premiere-place-du-concours-affaire-de-cas-de-lordre-de-cpa-du-quebec\/","url":"https:\/\/www.uqac.ca\/uqactualites\/2019\/04\/16\/les-etudiants-de-luqac-remportent-la-premiere-place-du-concours-affaire-de-cas-de-lordre-de-cpa-du-quebec\/","name":"Les \u00e9tudiants de l\u2019UQAC remportent la premi\u00e8re place du Concours Affaire de cas de l\u2019Ordre de CPA du Qu\u00e9bec - UQACtualit\u00e9s","isPartOf":{"@id":"https:\/\/www.uqac.ca\/uqactualites\/#website"},"primaryImageOfPage":{"@id":"https:\/\/www.uqac.ca\/uqactualites\/2019\/04\/16\/les-etudiants-de-luqac-remportent-la-premiere-place-du-concours-affaire-de-cas-de-lordre-de-cpa-du-quebec\/#primaryimage"},"image":{"@id":"https:\/\/www.uqac.ca\/uqactualites\/2019\/04\/16\/les-etudiants-de-luqac-remportent-la-premiere-place-du-concours-affaire-de-cas-de-lordre-de-cpa-du-quebec\/#primaryimage"},"thumbnailUrl":"https:\/\/www.uqac.ca\/uqactualites\/wp-content\/uploads\/2019\/04\/photo_concoursCPA_16042019.jpg","datePublished":"2019-04-16T15:46:30+00:00","dateModified":"2019-04-16T15:46:30+00:00","author":{"@id":"https:\/\/www.uqac.ca\/uqactualites\/#\/schema\/person\/366c45a0c4f0e677b41b4af5886e2018"},"breadcrumb":{"@id":"https:\/\/www.uqac.ca\/uqactualites\/2019\/04\/16\/les-etudiants-de-luqac-remportent-la-premiere-place-du-concours-affaire-de-cas-de-lordre-de-cpa-du-quebec\/#breadcrumb"},"inLanguage":"fr-CA","potentialAction":[{"@type":"ReadAction","target":["https:\/\/www.uqac.ca\/uqactualites\/2019\/04\/16\/les-etudiants-de-luqac-remportent-la-premiere-place-du-concours-affaire-de-cas-de-lordre-de-cpa-du-quebec\/"]}]},{"@type":"ImageObject","inLanguage":"fr-CA","@id":"https:\/\/www.uqac.ca\/uqactualites\/2019\/04\/16\/les-etudiants-de-luqac-remportent-la-premiere-place-du-concours-affaire-de-cas-de-lordre-de-cpa-du-quebec\/#primaryimage","url":"https:\/\/www.uqac.ca\/uqactualites\/wp-content\/uploads\/2019\/04\/photo_concoursCPA_16042019.jpg","contentUrl":"https:\/\/www.uqac.ca\/uqactualites\/wp-content\/uploads\/2019\/04\/photo_concoursCPA_16042019.jpg","width":2048,"height":1365},{"@type":"BreadcrumbList","@id":"https:\/\/www.uqac.ca\/uqactualites\/2019\/04\/16\/les-etudiants-de-luqac-remportent-la-premiere-place-du-concours-affaire-de-cas-de-lordre-de-cpa-du-quebec\/#breadcrumb","itemListElement":[{"@type":"ListItem","position":1,"name":"Home","item":"https:\/\/www.uqac.ca\/uqactualites\/"},{"@type":"ListItem","position":2,"name":"Les \u00e9tudiants de l\u2019UQAC remportent la premi\u00e8re place du Concours Affaire de cas de l\u2019Ordre de CPA du Qu\u00e9bec"}]},{"@type":"WebSite","@id":"https:\/\/www.uqac.ca\/uqactualites\/#website","url":"https:\/\/www.uqac.ca\/uqactualites\/","name":"UQACtualit\u00e9s","description":"Le portail des nouvelles de l&#039;UQAC","potentialAction":[{"@type":"SearchAction","target":{"@type":"EntryPoint","urlTemplate":"https:\/\/www.uqac.ca\/uqactualites\/?s={search_term_string}"},"query-input":{"@type":"PropertyValueSpecification","valueRequired":true,"valueName":"search_term_string"}}],"inLanguage":"fr-CA"},{"@type":"Person","@id":"https:\/\/www.uqac.ca\/uqactualites\/#\/schema\/person\/366c45a0c4f0e677b41b4af5886e2018","name":"Service des communications et des relations publiques","image":{"@type":"ImageObject","inLanguage":"fr-CA","@id":"https:\/\/www.uqac.ca\/uqactualites\/#\/schema\/person\/image\/","url":"https:\/\/secure.gravatar.com\/avatar\/20fbbda8a292f59f2d3461a5b999c00b?s=96&d=mm&r=g","contentUrl":"https:\/\/secure.gravatar.com\/avatar\/20fbbda8a292f59f2d3461a5b999c00b?s=96&d=mm&r=g","caption":"Service des communications et des relations publiques"},"url":"https:\/\/www.uqac.ca\/uqactualites\/author\/bap\/"}]}},"_links":{"self":[{"href":"https:\/\/www.uqac.ca\/uqactualites\/wp-json\/wp\/v2\/posts\/36101"}],"collection":[{"href":"https:\/\/www.uqac.ca\/uqactualites\/wp-json\/wp\/v2\/posts"}],"about":[{"href":"https:\/\/www.uqac.ca\/uqactualites\/wp-json\/wp\/v2\/types\/post"}],"author":[{"embeddable":true,"href":"https:\/\/www.uqac.ca\/uqactualites\/wp-json\/wp\/v2\/users\/5"}],"replies":[{"embeddable":true,"href":"https:\/\/www.uqac.ca\/uqactualites\/wp-json\/wp\/v2\/comments?post=36101"}],"version-history":[{"count":0,"href":"https:\/\/www.uqac.ca\/uqactualites\/wp-json\/wp\/v2\/posts\/36101\/revisions"}],"wp:featuredmedia":[{"embeddable":true,"href":"https:\/\/www.uqac.ca\/uqactualites\/wp-json\/wp\/v2\/media\/36102"}],"wp:attachment":[{"href":"https:\/\/www.uqac.ca\/uqactualites\/wp-json\/wp\/v2\/media?parent=36101"}],"wp:term":[{"taxonomy":"category","embeddable":true,"href":"https:\/\/www.uqac.ca\/uqactualites\/wp-json\/wp\/v2\/categories?post=36101"},{"taxonomy":"post_tag","embeddable":true,"href":"https:\/\/www.uqac.ca\/uqactualites\/wp-json\/wp\/v2\/tags?post=36101"}],"curies":[{"name":"wp","href":"https:\/\/api.w.org\/{rel}","templated":true}]}}