{"id":36143,"date":"2019-04-24T10:33:40","date_gmt":"2019-04-24T14:33:40","guid":{"rendered":"https:\/\/www.uqac.ca\/?p=36143"},"modified":"2019-04-24T10:33:40","modified_gmt":"2019-04-24T14:33:40","slug":"jean-paul-queinnec-prix-jean-cleo-godin","status":"publish","type":"post","link":"https:\/\/www.uqac.ca\/uqactualites\/2019\/04\/24\/jean-paul-queinnec-prix-jean-cleo-godin\/","title":{"rendered":"Jean-Paul Qu\u00e9innec r\u00e9compens\u00e9 pour le meilleur article savant de langue fran\u00e7aise en th\u00e9\u00e2tre au Canada"},"content":{"rendered":"<p>Jean-Paul Qu\u00e9innec, professeur au D\u00e9partement des arts et lettres de l\u2019UQAC et titulaire de la <a href=\"https:\/\/dramaturgiesonore.com\/\">Chaire de recherche du Canada en\u00a0dramaturgie\u00a0sonore au th\u00e9\u00e2tre<\/a>, s\u2019est vu d\u00e9cerner le prix Jean Cl\u00e9o Godin pour l\u2019ann\u00e9e\u00a02018 pour son article\u00a0\u00ab\u00a0<a href=\"https:\/\/www.erudit.org\/fr\/revues\/annuaire\/2017-n62-annuaire04052\/1052751ar\/\">De l\u2019informe \u00e0 la dramaturgie sonore au th\u00e9\u00e2tre\u00a0: le devenir ouvertement d\u00e9class\u00e9 et enjou\u00e9 d\u2019une sc\u00e8ne sans bord<\/a>\u00a0\u00bb,\u00a0paru dans <em><a href=\"https:\/\/www.erudit.org\/fr\/revues\/annuaire\/2017-n62-annuaire04052\/1052751ar\/\">L\u2019Annuaire th\u00e9\u00e2tral<\/a>.<\/em><\/p>\n<p>Le prix Jean Cl\u00e9o Godin attribu\u00e9 par <a href=\"http:\/\/catracrt.ca\/\">l\u2019Association canadienne de la recherche th\u00e9\u00e2trale<\/a> (ACRT) r\u00e9compense chaque ann\u00e9e le meilleur article savant de langue fran\u00e7aise sur le th\u00e9\u00e2tre au Canada.<\/p>\n<p>M. Qu\u00e9innec est invit\u00e9 \u00e0 recevoir son prix lors du banquet du colloque annuel de l\u2019ACRT qui aura lieu le 5\u00a0juin \u00e0 Vancouver.<\/p>\n","protected":false},"excerpt":{"rendered":"<p>Jean-Paul Qu\u00e9innec, professeur au D\u00e9partement des arts et lettres de l\u2019UQAC et titulaire de la Chaire de recherche du Canada en\u00a0dramaturgie\u00a0sonore au th\u00e9\u00e2tre, s\u2019est vu d\u00e9cerner le prix Jean Cl\u00e9o Godin pour l\u2019ann\u00e9e\u00a02018 pour son article\u00a0\u00ab\u00a0De l\u2019informe \u00e0 la dramaturgie sonore au th\u00e9\u00e2tre\u00a0: le devenir ouvertement d\u00e9class\u00e9 et enjou\u00e9 d\u2019une sc\u00e8ne sans bord\u00a0\u00bb,\u00a0paru dans L\u2019Annuaire [&hellip;]<\/p>\n","protected":false},"author":5,"featured_media":36144,"comment_status":"open","ping_status":"open","sticky":false,"template":"","format":"standard","meta":{"footnotes":""},"categories":[2],"tags":[152],"yoast_head":"<!-- This site is optimized with the Yoast SEO plugin v24.2 - https:\/\/yoast.com\/wordpress\/plugins\/seo\/ -->\r\n<title>Jean-Paul Qu\u00e9innec r\u00e9compens\u00e9 pour le meilleur article savant de langue fran\u00e7aise en th\u00e9\u00e2tre au Canada - UQACtualit\u00e9s<\/title>\r\n<meta name=\"robots\" content=\"index, follow, max-snippet:-1, max-image-preview:large, max-video-preview:-1\" \/>\r\n<link rel=\"canonical\" href=\"https:\/\/www.uqac.ca\/uqactualites\/2019\/04\/24\/jean-paul-queinnec-prix-jean-cleo-godin\/\" \/>\r\n<meta property=\"og:locale\" content=\"fr_CA\" \/>\r\n<meta property=\"og:type\" content=\"article\" \/>\r\n<meta property=\"og:title\" content=\"Jean-Paul Qu\u00e9innec r\u00e9compens\u00e9 pour le meilleur article savant de langue fran\u00e7aise en th\u00e9\u00e2tre au Canada - UQACtualit\u00e9s\" \/>\r\n<meta property=\"og:description\" content=\"Jean-Paul Qu\u00e9innec, professeur au D\u00e9partement des arts et lettres de l\u2019UQAC et titulaire de la Chaire de recherche du Canada en\u00a0dramaturgie\u00a0sonore au th\u00e9\u00e2tre, s\u2019est vu d\u00e9cerner le prix Jean Cl\u00e9o Godin pour l\u2019ann\u00e9e\u00a02018 pour son article\u00a0\u00ab\u00a0De l\u2019informe \u00e0 la dramaturgie sonore au th\u00e9\u00e2tre\u00a0: le devenir ouvertement d\u00e9class\u00e9 et enjou\u00e9 d\u2019une sc\u00e8ne sans bord\u00a0\u00bb,\u00a0paru dans L\u2019Annuaire [&hellip;]\" \/>\r\n<meta property=\"og:url\" content=\"https:\/\/www.uqac.ca\/uqactualites\/2019\/04\/24\/jean-paul-queinnec-prix-jean-cleo-godin\/\" \/>\r\n<meta property=\"og:site_name\" content=\"UQACtualit\u00e9s\" \/>\r\n<meta property=\"article:published_time\" content=\"2019-04-24T14:33:40+00:00\" \/>\r\n<meta property=\"og:image\" content=\"https:\/\/www.uqac.ca\/uqactualites\/wp-content\/uploads\/2019\/04\/Jean-Paul_Queinnec-scaled.jpg\" \/>\r\n\t<meta property=\"og:image:width\" content=\"2560\" \/>\r\n\t<meta property=\"og:image:height\" content=\"1707\" \/>\r\n\t<meta property=\"og:image:type\" content=\"image\/jpeg\" \/>\r\n<meta name=\"author\" content=\"Service des communications et des relations publiques\" \/>\r\n<meta name=\"twitter:card\" content=\"summary_large_image\" \/>\r\n<meta name=\"twitter:label1\" content=\"\u00c9crit par\" \/>\n\t<meta name=\"twitter:data1\" content=\"Service des communications et des relations publiques\" \/>\n\t<meta name=\"twitter:label2\" content=\"Estimation du temps de lecture\" \/>\n\t<meta name=\"twitter:data2\" content=\"1 minute\" \/>\r\n<script type=\"application\/ld+json\" class=\"yoast-schema-graph\">{\"@context\":\"https:\/\/schema.org\",\"@graph\":[{\"@type\":\"WebPage\",\"@id\":\"https:\/\/www.uqac.ca\/uqactualites\/2019\/04\/24\/jean-paul-queinnec-prix-jean-cleo-godin\/\",\"url\":\"https:\/\/www.uqac.ca\/uqactualites\/2019\/04\/24\/jean-paul-queinnec-prix-jean-cleo-godin\/\",\"name\":\"Jean-Paul Qu\u00e9innec r\u00e9compens\u00e9 pour le meilleur article savant de langue fran\u00e7aise en th\u00e9\u00e2tre au Canada - UQACtualit\u00e9s\",\"isPartOf\":{\"@id\":\"https:\/\/www.uqac.ca\/uqactualites\/#website\"},\"primaryImageOfPage\":{\"@id\":\"https:\/\/www.uqac.ca\/uqactualites\/2019\/04\/24\/jean-paul-queinnec-prix-jean-cleo-godin\/#primaryimage\"},\"image\":{\"@id\":\"https:\/\/www.uqac.ca\/uqactualites\/2019\/04\/24\/jean-paul-queinnec-prix-jean-cleo-godin\/#primaryimage\"},\"thumbnailUrl\":\"https:\/\/www.uqac.ca\/uqactualites\/wp-content\/uploads\/2019\/04\/Jean-Paul_Queinnec-scaled.jpg\",\"datePublished\":\"2019-04-24T14:33:40+00:00\",\"dateModified\":\"2019-04-24T14:33:40+00:00\",\"author\":{\"@id\":\"https:\/\/www.uqac.ca\/uqactualites\/#\/schema\/person\/366c45a0c4f0e677b41b4af5886e2018\"},\"breadcrumb\":{\"@id\":\"https:\/\/www.uqac.ca\/uqactualites\/2019\/04\/24\/jean-paul-queinnec-prix-jean-cleo-godin\/#breadcrumb\"},\"inLanguage\":\"fr-CA\",\"potentialAction\":[{\"@type\":\"ReadAction\",\"target\":[\"https:\/\/www.uqac.ca\/uqactualites\/2019\/04\/24\/jean-paul-queinnec-prix-jean-cleo-godin\/\"]}]},{\"@type\":\"ImageObject\",\"inLanguage\":\"fr-CA\",\"@id\":\"https:\/\/www.uqac.ca\/uqactualites\/2019\/04\/24\/jean-paul-queinnec-prix-jean-cleo-godin\/#primaryimage\",\"url\":\"https:\/\/www.uqac.ca\/uqactualites\/wp-content\/uploads\/2019\/04\/Jean-Paul_Queinnec-scaled.jpg\",\"contentUrl\":\"https:\/\/www.uqac.ca\/uqactualites\/wp-content\/uploads\/2019\/04\/Jean-Paul_Queinnec-scaled.jpg\",\"width\":2560,\"height\":1707},{\"@type\":\"BreadcrumbList\",\"@id\":\"https:\/\/www.uqac.ca\/uqactualites\/2019\/04\/24\/jean-paul-queinnec-prix-jean-cleo-godin\/#breadcrumb\",\"itemListElement\":[{\"@type\":\"ListItem\",\"position\":1,\"name\":\"Home\",\"item\":\"https:\/\/www.uqac.ca\/uqactualites\/\"},{\"@type\":\"ListItem\",\"position\":2,\"name\":\"Jean-Paul Qu\u00e9innec r\u00e9compens\u00e9 pour le meilleur article savant de langue fran\u00e7aise en th\u00e9\u00e2tre au Canada\"}]},{\"@type\":\"WebSite\",\"@id\":\"https:\/\/www.uqac.ca\/uqactualites\/#website\",\"url\":\"https:\/\/www.uqac.ca\/uqactualites\/\",\"name\":\"UQACtualit\u00e9s\",\"description\":\"Le portail des nouvelles de l&#039;UQAC\",\"potentialAction\":[{\"@type\":\"SearchAction\",\"target\":{\"@type\":\"EntryPoint\",\"urlTemplate\":\"https:\/\/www.uqac.ca\/uqactualites\/?s={search_term_string}\"},\"query-input\":{\"@type\":\"PropertyValueSpecification\",\"valueRequired\":true,\"valueName\":\"search_term_string\"}}],\"inLanguage\":\"fr-CA\"},{\"@type\":\"Person\",\"@id\":\"https:\/\/www.uqac.ca\/uqactualites\/#\/schema\/person\/366c45a0c4f0e677b41b4af5886e2018\",\"name\":\"Service des communications et des relations publiques\",\"image\":{\"@type\":\"ImageObject\",\"inLanguage\":\"fr-CA\",\"@id\":\"https:\/\/www.uqac.ca\/uqactualites\/#\/schema\/person\/image\/\",\"url\":\"https:\/\/secure.gravatar.com\/avatar\/20fbbda8a292f59f2d3461a5b999c00b?s=96&d=mm&r=g\",\"contentUrl\":\"https:\/\/secure.gravatar.com\/avatar\/20fbbda8a292f59f2d3461a5b999c00b?s=96&d=mm&r=g\",\"caption\":\"Service des communications et des relations publiques\"},\"url\":\"https:\/\/www.uqac.ca\/uqactualites\/author\/bap\/\"}]}<\/script>\r\n<!-- \/ Yoast SEO plugin. -->","yoast_head_json":{"title":"Jean-Paul Qu\u00e9innec r\u00e9compens\u00e9 pour le meilleur article savant de langue fran\u00e7aise en th\u00e9\u00e2tre au Canada - UQACtualit\u00e9s","robots":{"index":"index","follow":"follow","max-snippet":"max-snippet:-1","max-image-preview":"max-image-preview:large","max-video-preview":"max-video-preview:-1"},"canonical":"https:\/\/www.uqac.ca\/uqactualites\/2019\/04\/24\/jean-paul-queinnec-prix-jean-cleo-godin\/","og_locale":"fr_CA","og_type":"article","og_title":"Jean-Paul Qu\u00e9innec r\u00e9compens\u00e9 pour le meilleur article savant de langue fran\u00e7aise en th\u00e9\u00e2tre au Canada - UQACtualit\u00e9s","og_description":"Jean-Paul Qu\u00e9innec, professeur au D\u00e9partement des arts et lettres de l\u2019UQAC et titulaire de la Chaire de recherche du Canada en\u00a0dramaturgie\u00a0sonore au th\u00e9\u00e2tre, s\u2019est vu d\u00e9cerner le prix Jean Cl\u00e9o Godin pour l\u2019ann\u00e9e\u00a02018 pour son article\u00a0\u00ab\u00a0De l\u2019informe \u00e0 la dramaturgie sonore au th\u00e9\u00e2tre\u00a0: le devenir ouvertement d\u00e9class\u00e9 et enjou\u00e9 d\u2019une sc\u00e8ne sans bord\u00a0\u00bb,\u00a0paru dans L\u2019Annuaire [&hellip;]","og_url":"https:\/\/www.uqac.ca\/uqactualites\/2019\/04\/24\/jean-paul-queinnec-prix-jean-cleo-godin\/","og_site_name":"UQACtualit\u00e9s","article_published_time":"2019-04-24T14:33:40+00:00","og_image":[{"width":2560,"height":1707,"url":"https:\/\/www.uqac.ca\/uqactualites\/wp-content\/uploads\/2019\/04\/Jean-Paul_Queinnec-scaled.jpg","type":"image\/jpeg"}],"author":"Service des communications et des relations publiques","twitter_card":"summary_large_image","twitter_misc":{"\u00c9crit par":"Service des communications et des relations publiques","Estimation du temps de lecture":"1 minute"},"schema":{"@context":"https:\/\/schema.org","@graph":[{"@type":"WebPage","@id":"https:\/\/www.uqac.ca\/uqactualites\/2019\/04\/24\/jean-paul-queinnec-prix-jean-cleo-godin\/","url":"https:\/\/www.uqac.ca\/uqactualites\/2019\/04\/24\/jean-paul-queinnec-prix-jean-cleo-godin\/","name":"Jean-Paul Qu\u00e9innec r\u00e9compens\u00e9 pour le meilleur article savant de langue fran\u00e7aise en th\u00e9\u00e2tre au Canada - UQACtualit\u00e9s","isPartOf":{"@id":"https:\/\/www.uqac.ca\/uqactualites\/#website"},"primaryImageOfPage":{"@id":"https:\/\/www.uqac.ca\/uqactualites\/2019\/04\/24\/jean-paul-queinnec-prix-jean-cleo-godin\/#primaryimage"},"image":{"@id":"https:\/\/www.uqac.ca\/uqactualites\/2019\/04\/24\/jean-paul-queinnec-prix-jean-cleo-godin\/#primaryimage"},"thumbnailUrl":"https:\/\/www.uqac.ca\/uqactualites\/wp-content\/uploads\/2019\/04\/Jean-Paul_Queinnec-scaled.jpg","datePublished":"2019-04-24T14:33:40+00:00","dateModified":"2019-04-24T14:33:40+00:00","author":{"@id":"https:\/\/www.uqac.ca\/uqactualites\/#\/schema\/person\/366c45a0c4f0e677b41b4af5886e2018"},"breadcrumb":{"@id":"https:\/\/www.uqac.ca\/uqactualites\/2019\/04\/24\/jean-paul-queinnec-prix-jean-cleo-godin\/#breadcrumb"},"inLanguage":"fr-CA","potentialAction":[{"@type":"ReadAction","target":["https:\/\/www.uqac.ca\/uqactualites\/2019\/04\/24\/jean-paul-queinnec-prix-jean-cleo-godin\/"]}]},{"@type":"ImageObject","inLanguage":"fr-CA","@id":"https:\/\/www.uqac.ca\/uqactualites\/2019\/04\/24\/jean-paul-queinnec-prix-jean-cleo-godin\/#primaryimage","url":"https:\/\/www.uqac.ca\/uqactualites\/wp-content\/uploads\/2019\/04\/Jean-Paul_Queinnec-scaled.jpg","contentUrl":"https:\/\/www.uqac.ca\/uqactualites\/wp-content\/uploads\/2019\/04\/Jean-Paul_Queinnec-scaled.jpg","width":2560,"height":1707},{"@type":"BreadcrumbList","@id":"https:\/\/www.uqac.ca\/uqactualites\/2019\/04\/24\/jean-paul-queinnec-prix-jean-cleo-godin\/#breadcrumb","itemListElement":[{"@type":"ListItem","position":1,"name":"Home","item":"https:\/\/www.uqac.ca\/uqactualites\/"},{"@type":"ListItem","position":2,"name":"Jean-Paul Qu\u00e9innec r\u00e9compens\u00e9 pour le meilleur article savant de langue fran\u00e7aise en th\u00e9\u00e2tre au Canada"}]},{"@type":"WebSite","@id":"https:\/\/www.uqac.ca\/uqactualites\/#website","url":"https:\/\/www.uqac.ca\/uqactualites\/","name":"UQACtualit\u00e9s","description":"Le portail des nouvelles de l&#039;UQAC","potentialAction":[{"@type":"SearchAction","target":{"@type":"EntryPoint","urlTemplate":"https:\/\/www.uqac.ca\/uqactualites\/?s={search_term_string}"},"query-input":{"@type":"PropertyValueSpecification","valueRequired":true,"valueName":"search_term_string"}}],"inLanguage":"fr-CA"},{"@type":"Person","@id":"https:\/\/www.uqac.ca\/uqactualites\/#\/schema\/person\/366c45a0c4f0e677b41b4af5886e2018","name":"Service des communications et des relations publiques","image":{"@type":"ImageObject","inLanguage":"fr-CA","@id":"https:\/\/www.uqac.ca\/uqactualites\/#\/schema\/person\/image\/","url":"https:\/\/secure.gravatar.com\/avatar\/20fbbda8a292f59f2d3461a5b999c00b?s=96&d=mm&r=g","contentUrl":"https:\/\/secure.gravatar.com\/avatar\/20fbbda8a292f59f2d3461a5b999c00b?s=96&d=mm&r=g","caption":"Service des communications et des relations publiques"},"url":"https:\/\/www.uqac.ca\/uqactualites\/author\/bap\/"}]}},"_links":{"self":[{"href":"https:\/\/www.uqac.ca\/uqactualites\/wp-json\/wp\/v2\/posts\/36143"}],"collection":[{"href":"https:\/\/www.uqac.ca\/uqactualites\/wp-json\/wp\/v2\/posts"}],"about":[{"href":"https:\/\/www.uqac.ca\/uqactualites\/wp-json\/wp\/v2\/types\/post"}],"author":[{"embeddable":true,"href":"https:\/\/www.uqac.ca\/uqactualites\/wp-json\/wp\/v2\/users\/5"}],"replies":[{"embeddable":true,"href":"https:\/\/www.uqac.ca\/uqactualites\/wp-json\/wp\/v2\/comments?post=36143"}],"version-history":[{"count":0,"href":"https:\/\/www.uqac.ca\/uqactualites\/wp-json\/wp\/v2\/posts\/36143\/revisions"}],"wp:featuredmedia":[{"embeddable":true,"href":"https:\/\/www.uqac.ca\/uqactualites\/wp-json\/wp\/v2\/media\/36144"}],"wp:attachment":[{"href":"https:\/\/www.uqac.ca\/uqactualites\/wp-json\/wp\/v2\/media?parent=36143"}],"wp:term":[{"taxonomy":"category","embeddable":true,"href":"https:\/\/www.uqac.ca\/uqactualites\/wp-json\/wp\/v2\/categories?post=36143"},{"taxonomy":"post_tag","embeddable":true,"href":"https:\/\/www.uqac.ca\/uqactualites\/wp-json\/wp\/v2\/tags?post=36143"}],"curies":[{"name":"wp","href":"https:\/\/api.w.org\/{rel}","templated":true}]}}