{"id":36159,"date":"2019-04-25T11:34:16","date_gmt":"2019-04-25T15:34:16","guid":{"rendered":"https:\/\/www.uqac.ca\/?p=36159"},"modified":"2023-10-23T14:11:08","modified_gmt":"2023-10-23T18:11:08","slug":"nomination-de-pierre-ouellet-au-poste-de-directeur-des-ressources-humaines","status":"publish","type":"post","link":"https:\/\/www.uqac.ca\/uqactualites\/2019\/04\/25\/nomination-de-pierre-ouellet-au-poste-de-directeur-des-ressources-humaines\/","title":{"rendered":"Nomination de Pierre Ouellet au poste de directeur des ressources humaines"},"content":{"rendered":"<p>Les membres du comit\u00e9 ex\u00e9cutif du conseil d\u2019administration de l\u2019Universit\u00e9 du Qu\u00e9bec \u00e0 Chicoutimi ont proc\u00e9d\u00e9, le 23 avril, \u00e0 la nomination de M. Pierre Ouellet au poste de directeur des ressources humaines pour un mandat d\u2019une dur\u00e9e de quatre ans.<\/p>\n<p>Membre du barreau depuis 1992 et d\u00e9tenteur d\u2019une maitrise en administration publique,\u00a0M. Ouellet poss\u00e8de une dizaine d\u2019ann\u00e9es d\u2019exp\u00e9rience en droit en pratique priv\u00e9e ainsi qu\u2019une exp\u00e9rience de pr\u00e8s de 15 ans en gestion des ressources humaines dans le r\u00e9seau de la sant\u00e9 et des services sociaux. Il a notamment occup\u00e9 les postes de directeur du d\u00e9veloppement organisationnel et de la planification au Centre jeunesse du Saguenay\u2013Lac-Saint-Jean ainsi que de directeur adjoint \u00e0 la direction des ressources humaines, des communications et des affaires juridiques du Centre int\u00e9gr\u00e9 universitaire de sant\u00e9 et de services sociaux du Saguenay\u2013Lac-Saint-Jean.<\/p>\n<p>Au cours des prochains mois, Pierre Ouellet occupera \u00e9galement la fonction de responsable des affaires juridiques par interim pour permettre la tenue d\u2019un nouveau processus de dotation, ce poste n\u2019ayant pas \u00e9t\u00e9 combl\u00e9. M. Ouellet est un gestionnaire d\u2019exp\u00e9rience reconnu pour son humanisme et sa bienveillance. Sa nomination est un atout important pour l\u2019\u00e9quipe d\u2019encadrement de l\u2019UQAC.<\/p>\n<p>M. Ouellet entrera en fonction le 6 mai prochain. Nous lui souhaitons tout le succ\u00e8s d\u00e9sir\u00e9.<\/p>\n<p>&nbsp;<\/p>\n","protected":false},"excerpt":{"rendered":"<p>Les membres du comit\u00e9 ex\u00e9cutif du conseil d\u2019administration de l\u2019Universit\u00e9 du Qu\u00e9bec \u00e0 Chicoutimi ont proc\u00e9d\u00e9, le 23 avril, \u00e0 la nomination de M. Pierre Ouellet au poste de directeur des ressources humaines pour un mandat d\u2019une dur\u00e9e de quatre ans. Membre du barreau depuis 1992 et d\u00e9tenteur d\u2019une maitrise en administration publique,\u00a0M. Ouellet poss\u00e8de [&hellip;]<\/p>\n","protected":false},"author":5,"featured_media":36160,"comment_status":"open","ping_status":"open","sticky":false,"template":"","format":"standard","meta":{"footnotes":""},"categories":[15],"tags":[401,53,271,402,403,404],"yoast_head":"<!-- This site is optimized with the Yoast SEO plugin v24.2 - https:\/\/yoast.com\/wordpress\/plugins\/seo\/ -->\r\n<title>Nomination de Pierre Ouellet au poste de directeur des ressources humaines - UQACtualit\u00e9s<\/title>\r\n<meta name=\"robots\" content=\"index, follow, max-snippet:-1, max-image-preview:large, max-video-preview:-1\" \/>\r\n<link rel=\"canonical\" href=\"https:\/\/www.uqac.ca\/uqactualites\/2019\/04\/25\/nomination-de-pierre-ouellet-au-poste-de-directeur-des-ressources-humaines\/\" \/>\r\n<meta property=\"og:locale\" content=\"fr_CA\" \/>\r\n<meta property=\"og:type\" content=\"article\" \/>\r\n<meta property=\"og:title\" content=\"Nomination de Pierre Ouellet au poste de directeur des ressources humaines - UQACtualit\u00e9s\" \/>\r\n<meta property=\"og:description\" content=\"Les membres du comit\u00e9 ex\u00e9cutif du conseil d\u2019administration de l\u2019Universit\u00e9 du Qu\u00e9bec \u00e0 Chicoutimi ont proc\u00e9d\u00e9, le 23 avril, \u00e0 la nomination de M. Pierre Ouellet au poste de directeur des ressources humaines pour un mandat d\u2019une dur\u00e9e de quatre ans. Membre du barreau depuis 1992 et d\u00e9tenteur d\u2019une maitrise en administration publique,\u00a0M. Ouellet poss\u00e8de [&hellip;]\" \/>\r\n<meta property=\"og:url\" content=\"https:\/\/www.uqac.ca\/uqactualites\/2019\/04\/25\/nomination-de-pierre-ouellet-au-poste-de-directeur-des-ressources-humaines\/\" \/>\r\n<meta property=\"og:site_name\" content=\"UQACtualit\u00e9s\" \/>\r\n<meta property=\"article:published_time\" content=\"2019-04-25T15:34:16+00:00\" \/>\r\n<meta property=\"article:modified_time\" content=\"2023-10-23T18:11:08+00:00\" \/>\r\n<meta property=\"og:image\" content=\"https:\/\/www.uqac.ca\/uqactualites\/wp-content\/uploads\/2019\/04\/Pierre-Ouellet-scaled.jpg\" \/>\r\n\t<meta property=\"og:image:width\" content=\"2560\" \/>\r\n\t<meta property=\"og:image:height\" content=\"1920\" \/>\r\n\t<meta property=\"og:image:type\" content=\"image\/jpeg\" \/>\r\n<meta name=\"author\" content=\"Service des communications et des relations publiques\" \/>\r\n<meta name=\"twitter:card\" content=\"summary_large_image\" \/>\r\n<meta name=\"twitter:label1\" content=\"\u00c9crit par\" \/>\n\t<meta name=\"twitter:data1\" content=\"Service des communications et des relations publiques\" \/>\n\t<meta name=\"twitter:label2\" content=\"Estimation du temps de lecture\" \/>\n\t<meta name=\"twitter:data2\" content=\"1 minute\" \/>\r\n<script type=\"application\/ld+json\" class=\"yoast-schema-graph\">{\"@context\":\"https:\/\/schema.org\",\"@graph\":[{\"@type\":\"WebPage\",\"@id\":\"https:\/\/www.uqac.ca\/uqactualites\/2019\/04\/25\/nomination-de-pierre-ouellet-au-poste-de-directeur-des-ressources-humaines\/\",\"url\":\"https:\/\/www.uqac.ca\/uqactualites\/2019\/04\/25\/nomination-de-pierre-ouellet-au-poste-de-directeur-des-ressources-humaines\/\",\"name\":\"Nomination de Pierre Ouellet au poste de directeur des ressources humaines - UQACtualit\u00e9s\",\"isPartOf\":{\"@id\":\"https:\/\/www.uqac.ca\/uqactualites\/#website\"},\"primaryImageOfPage\":{\"@id\":\"https:\/\/www.uqac.ca\/uqactualites\/2019\/04\/25\/nomination-de-pierre-ouellet-au-poste-de-directeur-des-ressources-humaines\/#primaryimage\"},\"image\":{\"@id\":\"https:\/\/www.uqac.ca\/uqactualites\/2019\/04\/25\/nomination-de-pierre-ouellet-au-poste-de-directeur-des-ressources-humaines\/#primaryimage\"},\"thumbnailUrl\":\"https:\/\/www.uqac.ca\/uqactualites\/wp-content\/uploads\/2019\/04\/Pierre-Ouellet-scaled.jpg\",\"datePublished\":\"2019-04-25T15:34:16+00:00\",\"dateModified\":\"2023-10-23T18:11:08+00:00\",\"author\":{\"@id\":\"https:\/\/www.uqac.ca\/uqactualites\/#\/schema\/person\/366c45a0c4f0e677b41b4af5886e2018\"},\"breadcrumb\":{\"@id\":\"https:\/\/www.uqac.ca\/uqactualites\/2019\/04\/25\/nomination-de-pierre-ouellet-au-poste-de-directeur-des-ressources-humaines\/#breadcrumb\"},\"inLanguage\":\"fr-CA\",\"potentialAction\":[{\"@type\":\"ReadAction\",\"target\":[\"https:\/\/www.uqac.ca\/uqactualites\/2019\/04\/25\/nomination-de-pierre-ouellet-au-poste-de-directeur-des-ressources-humaines\/\"]}]},{\"@type\":\"ImageObject\",\"inLanguage\":\"fr-CA\",\"@id\":\"https:\/\/www.uqac.ca\/uqactualites\/2019\/04\/25\/nomination-de-pierre-ouellet-au-poste-de-directeur-des-ressources-humaines\/#primaryimage\",\"url\":\"https:\/\/www.uqac.ca\/uqactualites\/wp-content\/uploads\/2019\/04\/Pierre-Ouellet-scaled.jpg\",\"contentUrl\":\"https:\/\/www.uqac.ca\/uqactualites\/wp-content\/uploads\/2019\/04\/Pierre-Ouellet-scaled.jpg\",\"width\":2560,\"height\":1920},{\"@type\":\"BreadcrumbList\",\"@id\":\"https:\/\/www.uqac.ca\/uqactualites\/2019\/04\/25\/nomination-de-pierre-ouellet-au-poste-de-directeur-des-ressources-humaines\/#breadcrumb\",\"itemListElement\":[{\"@type\":\"ListItem\",\"position\":1,\"name\":\"Home\",\"item\":\"https:\/\/www.uqac.ca\/uqactualites\/\"},{\"@type\":\"ListItem\",\"position\":2,\"name\":\"Nomination de Pierre Ouellet au poste de directeur des ressources humaines\"}]},{\"@type\":\"WebSite\",\"@id\":\"https:\/\/www.uqac.ca\/uqactualites\/#website\",\"url\":\"https:\/\/www.uqac.ca\/uqactualites\/\",\"name\":\"UQACtualit\u00e9s\",\"description\":\"Le portail des nouvelles de l&#039;UQAC\",\"potentialAction\":[{\"@type\":\"SearchAction\",\"target\":{\"@type\":\"EntryPoint\",\"urlTemplate\":\"https:\/\/www.uqac.ca\/uqactualites\/?s={search_term_string}\"},\"query-input\":{\"@type\":\"PropertyValueSpecification\",\"valueRequired\":true,\"valueName\":\"search_term_string\"}}],\"inLanguage\":\"fr-CA\"},{\"@type\":\"Person\",\"@id\":\"https:\/\/www.uqac.ca\/uqactualites\/#\/schema\/person\/366c45a0c4f0e677b41b4af5886e2018\",\"name\":\"Service des communications et des relations publiques\",\"image\":{\"@type\":\"ImageObject\",\"inLanguage\":\"fr-CA\",\"@id\":\"https:\/\/www.uqac.ca\/uqactualites\/#\/schema\/person\/image\/\",\"url\":\"https:\/\/secure.gravatar.com\/avatar\/20fbbda8a292f59f2d3461a5b999c00b?s=96&d=mm&r=g\",\"contentUrl\":\"https:\/\/secure.gravatar.com\/avatar\/20fbbda8a292f59f2d3461a5b999c00b?s=96&d=mm&r=g\",\"caption\":\"Service des communications et des relations publiques\"},\"url\":\"https:\/\/www.uqac.ca\/uqactualites\/author\/bap\/\"}]}<\/script>\r\n<!-- \/ Yoast SEO plugin. -->","yoast_head_json":{"title":"Nomination de Pierre Ouellet au poste de directeur des ressources humaines - UQACtualit\u00e9s","robots":{"index":"index","follow":"follow","max-snippet":"max-snippet:-1","max-image-preview":"max-image-preview:large","max-video-preview":"max-video-preview:-1"},"canonical":"https:\/\/www.uqac.ca\/uqactualites\/2019\/04\/25\/nomination-de-pierre-ouellet-au-poste-de-directeur-des-ressources-humaines\/","og_locale":"fr_CA","og_type":"article","og_title":"Nomination de Pierre Ouellet au poste de directeur des ressources humaines - UQACtualit\u00e9s","og_description":"Les membres du comit\u00e9 ex\u00e9cutif du conseil d\u2019administration de l\u2019Universit\u00e9 du Qu\u00e9bec \u00e0 Chicoutimi ont proc\u00e9d\u00e9, le 23 avril, \u00e0 la nomination de M. Pierre Ouellet au poste de directeur des ressources humaines pour un mandat d\u2019une dur\u00e9e de quatre ans. Membre du barreau depuis 1992 et d\u00e9tenteur d\u2019une maitrise en administration publique,\u00a0M. Ouellet poss\u00e8de [&hellip;]","og_url":"https:\/\/www.uqac.ca\/uqactualites\/2019\/04\/25\/nomination-de-pierre-ouellet-au-poste-de-directeur-des-ressources-humaines\/","og_site_name":"UQACtualit\u00e9s","article_published_time":"2019-04-25T15:34:16+00:00","article_modified_time":"2023-10-23T18:11:08+00:00","og_image":[{"width":2560,"height":1920,"url":"https:\/\/www.uqac.ca\/uqactualites\/wp-content\/uploads\/2019\/04\/Pierre-Ouellet-scaled.jpg","type":"image\/jpeg"}],"author":"Service des communications et des relations publiques","twitter_card":"summary_large_image","twitter_misc":{"\u00c9crit par":"Service des communications et des relations publiques","Estimation du temps de lecture":"1 minute"},"schema":{"@context":"https:\/\/schema.org","@graph":[{"@type":"WebPage","@id":"https:\/\/www.uqac.ca\/uqactualites\/2019\/04\/25\/nomination-de-pierre-ouellet-au-poste-de-directeur-des-ressources-humaines\/","url":"https:\/\/www.uqac.ca\/uqactualites\/2019\/04\/25\/nomination-de-pierre-ouellet-au-poste-de-directeur-des-ressources-humaines\/","name":"Nomination de Pierre Ouellet au poste de directeur des ressources humaines - UQACtualit\u00e9s","isPartOf":{"@id":"https:\/\/www.uqac.ca\/uqactualites\/#website"},"primaryImageOfPage":{"@id":"https:\/\/www.uqac.ca\/uqactualites\/2019\/04\/25\/nomination-de-pierre-ouellet-au-poste-de-directeur-des-ressources-humaines\/#primaryimage"},"image":{"@id":"https:\/\/www.uqac.ca\/uqactualites\/2019\/04\/25\/nomination-de-pierre-ouellet-au-poste-de-directeur-des-ressources-humaines\/#primaryimage"},"thumbnailUrl":"https:\/\/www.uqac.ca\/uqactualites\/wp-content\/uploads\/2019\/04\/Pierre-Ouellet-scaled.jpg","datePublished":"2019-04-25T15:34:16+00:00","dateModified":"2023-10-23T18:11:08+00:00","author":{"@id":"https:\/\/www.uqac.ca\/uqactualites\/#\/schema\/person\/366c45a0c4f0e677b41b4af5886e2018"},"breadcrumb":{"@id":"https:\/\/www.uqac.ca\/uqactualites\/2019\/04\/25\/nomination-de-pierre-ouellet-au-poste-de-directeur-des-ressources-humaines\/#breadcrumb"},"inLanguage":"fr-CA","potentialAction":[{"@type":"ReadAction","target":["https:\/\/www.uqac.ca\/uqactualites\/2019\/04\/25\/nomination-de-pierre-ouellet-au-poste-de-directeur-des-ressources-humaines\/"]}]},{"@type":"ImageObject","inLanguage":"fr-CA","@id":"https:\/\/www.uqac.ca\/uqactualites\/2019\/04\/25\/nomination-de-pierre-ouellet-au-poste-de-directeur-des-ressources-humaines\/#primaryimage","url":"https:\/\/www.uqac.ca\/uqactualites\/wp-content\/uploads\/2019\/04\/Pierre-Ouellet-scaled.jpg","contentUrl":"https:\/\/www.uqac.ca\/uqactualites\/wp-content\/uploads\/2019\/04\/Pierre-Ouellet-scaled.jpg","width":2560,"height":1920},{"@type":"BreadcrumbList","@id":"https:\/\/www.uqac.ca\/uqactualites\/2019\/04\/25\/nomination-de-pierre-ouellet-au-poste-de-directeur-des-ressources-humaines\/#breadcrumb","itemListElement":[{"@type":"ListItem","position":1,"name":"Home","item":"https:\/\/www.uqac.ca\/uqactualites\/"},{"@type":"ListItem","position":2,"name":"Nomination de Pierre Ouellet au poste de directeur des ressources humaines"}]},{"@type":"WebSite","@id":"https:\/\/www.uqac.ca\/uqactualites\/#website","url":"https:\/\/www.uqac.ca\/uqactualites\/","name":"UQACtualit\u00e9s","description":"Le portail des nouvelles de l&#039;UQAC","potentialAction":[{"@type":"SearchAction","target":{"@type":"EntryPoint","urlTemplate":"https:\/\/www.uqac.ca\/uqactualites\/?s={search_term_string}"},"query-input":{"@type":"PropertyValueSpecification","valueRequired":true,"valueName":"search_term_string"}}],"inLanguage":"fr-CA"},{"@type":"Person","@id":"https:\/\/www.uqac.ca\/uqactualites\/#\/schema\/person\/366c45a0c4f0e677b41b4af5886e2018","name":"Service des communications et des relations publiques","image":{"@type":"ImageObject","inLanguage":"fr-CA","@id":"https:\/\/www.uqac.ca\/uqactualites\/#\/schema\/person\/image\/","url":"https:\/\/secure.gravatar.com\/avatar\/20fbbda8a292f59f2d3461a5b999c00b?s=96&d=mm&r=g","contentUrl":"https:\/\/secure.gravatar.com\/avatar\/20fbbda8a292f59f2d3461a5b999c00b?s=96&d=mm&r=g","caption":"Service des communications et des relations publiques"},"url":"https:\/\/www.uqac.ca\/uqactualites\/author\/bap\/"}]}},"_links":{"self":[{"href":"https:\/\/www.uqac.ca\/uqactualites\/wp-json\/wp\/v2\/posts\/36159"}],"collection":[{"href":"https:\/\/www.uqac.ca\/uqactualites\/wp-json\/wp\/v2\/posts"}],"about":[{"href":"https:\/\/www.uqac.ca\/uqactualites\/wp-json\/wp\/v2\/types\/post"}],"author":[{"embeddable":true,"href":"https:\/\/www.uqac.ca\/uqactualites\/wp-json\/wp\/v2\/users\/5"}],"replies":[{"embeddable":true,"href":"https:\/\/www.uqac.ca\/uqactualites\/wp-json\/wp\/v2\/comments?post=36159"}],"version-history":[{"count":1,"href":"https:\/\/www.uqac.ca\/uqactualites\/wp-json\/wp\/v2\/posts\/36159\/revisions"}],"predecessor-version":[{"id":44964,"href":"https:\/\/www.uqac.ca\/uqactualites\/wp-json\/wp\/v2\/posts\/36159\/revisions\/44964"}],"wp:featuredmedia":[{"embeddable":true,"href":"https:\/\/www.uqac.ca\/uqactualites\/wp-json\/wp\/v2\/media\/36160"}],"wp:attachment":[{"href":"https:\/\/www.uqac.ca\/uqactualites\/wp-json\/wp\/v2\/media?parent=36159"}],"wp:term":[{"taxonomy":"category","embeddable":true,"href":"https:\/\/www.uqac.ca\/uqactualites\/wp-json\/wp\/v2\/categories?post=36159"},{"taxonomy":"post_tag","embeddable":true,"href":"https:\/\/www.uqac.ca\/uqactualites\/wp-json\/wp\/v2\/tags?post=36159"}],"curies":[{"name":"wp","href":"https:\/\/api.w.org\/{rel}","templated":true}]}}