{"id":36209,"date":"2019-04-29T14:03:32","date_gmt":"2019-04-29T18:03:32","guid":{"rendered":"https:\/\/www.uqac.ca\/?p=36209"},"modified":"2019-04-29T14:03:32","modified_gmt":"2019-04-29T18:03:32","slug":"les-finissants-du-baccalaureat-en-enseignement-secondaire-proposent-levenement-vitrine-sur-lenseignement-secondaire-en-2019","status":"publish","type":"post","link":"https:\/\/www.uqac.ca\/uqactualites\/2019\/04\/29\/les-finissants-du-baccalaureat-en-enseignement-secondaire-proposent-levenement-vitrine-sur-lenseignement-secondaire-en-2019\/","title":{"rendered":"Les finissants du BES proposent l&rsquo;\u00e9v\u00e9nement \u00ab Vitrine sur l\u2019enseignement secondaire en 2019 \u00bb"},"content":{"rendered":"<p>Tenue le 24 avril dernier au centre social de l&rsquo;UQAC, la journ\u00e9e-colloque \u00ab Vitrine sur l\u2019enseignement secondaire au travers des projets p\u00e9dagogiques \u00bb a permis aux finissantes et aux finissants du baccalaur\u00e9at en enseignement secondaire (BES) de pr\u00e9senter les r\u00e9sultats d\u2019exp\u00e9riences professionnelles formatrices v\u00e9cues dans le cadre de leur formation de 120 cr\u00e9dits, et plus particuli\u00e8rement dans le contexte du stage qualifiant \u00e0 l\u2019enseignement secondaire. L&rsquo;\u00e9v\u00e9nement a bien mis en valeur les r\u00f4les des enseignants dans notre soci\u00e9t\u00e9 et les d\u00e9fis auxquels ils doivent faire face, et ce, par la pr\u00e9sentation des projets p\u00e9dagogiques d\u00e9ploy\u00e9s dans les \u00e9coles secondaires.<\/p>\n<p>Les onze projets interdisciplinaires pr\u00e9sent\u00e9s ont montr\u00e9 des collaborations v\u00e9cues en contexte scolaire entre les stagiaires et les enseignants et les enseignantes; des comp\u00e9tences disciplinaires et transversales mises en \u0153uvre par les \u00e9l\u00e8ves du secondaire dans le cadre des activit\u00e9s pr\u00e9vues et relatives \u00e0 un projet; et les domaines g\u00e9n\u00e9raux de formation activ\u00e9s par les situations d\u2019apprentissage propos\u00e9es aux \u00e9l\u00e8ves. Ils ont mis en lumi\u00e8re des r\u00e9sultats fort pertinents au regard des apprentissages des \u00e9l\u00e8ves, notamment en ce qui a trait \u00e0 la communication orale et \u00e9crite, aux math\u00e9matiques, aux sciences, \u00e0 l&rsquo;histoire, \u00e0 l&rsquo;\u00e9conomie ainsi qu\u2019\u00e0 l&rsquo;\u00e9thique et la culture religieuse.<\/p>\n<p>F\u00e9licitations aux finissants 2019\u00a0: Gabriel Auclair, H\u00e4xan Bondu, Antoine Cormier, Karol-Ann C\u00f4t\u00e9, Laura Gu\u00e9nard, Jessica Larouche, Gabriel Lavoie, Jessica Lord, Audrey Malouin-Beaulieu, Philippe Voyer, Patrick Naud!<\/p>\n<p>&nbsp;<\/p>\n","protected":false},"excerpt":{"rendered":"<p>Tenue le 24 avril dernier au centre social de l&rsquo;UQAC, la journ\u00e9e-colloque \u00ab Vitrine sur l\u2019enseignement secondaire au travers des projets p\u00e9dagogiques \u00bb a permis aux finissantes et aux finissants du baccalaur\u00e9at en enseignement secondaire (BES) de pr\u00e9senter les r\u00e9sultats d\u2019exp\u00e9riences professionnelles formatrices v\u00e9cues dans le cadre de leur formation de 120 cr\u00e9dits, et plus [&hellip;]<\/p>\n","protected":false},"author":5,"featured_media":36210,"comment_status":"open","ping_status":"open","sticky":false,"template":"","format":"standard","meta":{"footnotes":""},"categories":[2],"tags":[5,102,409,410],"yoast_head":"<!-- This site is optimized with the Yoast SEO plugin v24.2 - https:\/\/yoast.com\/wordpress\/plugins\/seo\/ -->\r\n<title>Les finissants du BES proposent l&#039;\u00e9v\u00e9nement \u00ab Vitrine sur l\u2019enseignement secondaire en 2019 \u00bb - UQACtualit\u00e9s<\/title>\r\n<meta name=\"robots\" content=\"index, follow, max-snippet:-1, max-image-preview:large, max-video-preview:-1\" \/>\r\n<link rel=\"canonical\" href=\"https:\/\/www.uqac.ca\/uqactualites\/2019\/04\/29\/les-finissants-du-baccalaureat-en-enseignement-secondaire-proposent-levenement-vitrine-sur-lenseignement-secondaire-en-2019\/\" \/>\r\n<meta property=\"og:locale\" content=\"fr_CA\" \/>\r\n<meta property=\"og:type\" content=\"article\" \/>\r\n<meta property=\"og:title\" content=\"Les finissants du BES proposent l&#039;\u00e9v\u00e9nement \u00ab Vitrine sur l\u2019enseignement secondaire en 2019 \u00bb - UQACtualit\u00e9s\" \/>\r\n<meta property=\"og:description\" content=\"Tenue le 24 avril dernier au centre social de l&rsquo;UQAC, la journ\u00e9e-colloque \u00ab Vitrine sur l\u2019enseignement secondaire au travers des projets p\u00e9dagogiques \u00bb a permis aux finissantes et aux finissants du baccalaur\u00e9at en enseignement secondaire (BES) de pr\u00e9senter les r\u00e9sultats d\u2019exp\u00e9riences professionnelles formatrices v\u00e9cues dans le cadre de leur formation de 120 cr\u00e9dits, et plus [&hellip;]\" \/>\r\n<meta property=\"og:url\" content=\"https:\/\/www.uqac.ca\/uqactualites\/2019\/04\/29\/les-finissants-du-baccalaureat-en-enseignement-secondaire-proposent-levenement-vitrine-sur-lenseignement-secondaire-en-2019\/\" \/>\r\n<meta property=\"og:site_name\" content=\"UQACtualit\u00e9s\" \/>\r\n<meta property=\"article:published_time\" content=\"2019-04-29T18:03:32+00:00\" \/>\r\n<meta property=\"og:image\" content=\"https:\/\/www.uqac.ca\/uqactualites\/wp-content\/uploads\/2019\/04\/DSC_6875-scaled.jpg\" \/>\r\n\t<meta property=\"og:image:width\" content=\"2560\" \/>\r\n\t<meta property=\"og:image:height\" content=\"1246\" \/>\r\n\t<meta property=\"og:image:type\" content=\"image\/jpeg\" \/>\r\n<meta name=\"author\" content=\"Service des communications et des relations publiques\" \/>\r\n<meta name=\"twitter:card\" content=\"summary_large_image\" \/>\r\n<meta name=\"twitter:label1\" content=\"\u00c9crit par\" \/>\n\t<meta name=\"twitter:data1\" content=\"Service des communications et des relations publiques\" \/>\n\t<meta name=\"twitter:label2\" content=\"Estimation du temps de lecture\" \/>\n\t<meta name=\"twitter:data2\" content=\"1 minute\" \/>\r\n<script type=\"application\/ld+json\" class=\"yoast-schema-graph\">{\"@context\":\"https:\/\/schema.org\",\"@graph\":[{\"@type\":\"WebPage\",\"@id\":\"https:\/\/www.uqac.ca\/uqactualites\/2019\/04\/29\/les-finissants-du-baccalaureat-en-enseignement-secondaire-proposent-levenement-vitrine-sur-lenseignement-secondaire-en-2019\/\",\"url\":\"https:\/\/www.uqac.ca\/uqactualites\/2019\/04\/29\/les-finissants-du-baccalaureat-en-enseignement-secondaire-proposent-levenement-vitrine-sur-lenseignement-secondaire-en-2019\/\",\"name\":\"Les finissants du BES proposent l'\u00e9v\u00e9nement \u00ab Vitrine sur l\u2019enseignement secondaire en 2019 \u00bb - UQACtualit\u00e9s\",\"isPartOf\":{\"@id\":\"https:\/\/www.uqac.ca\/uqactualites\/#website\"},\"primaryImageOfPage\":{\"@id\":\"https:\/\/www.uqac.ca\/uqactualites\/2019\/04\/29\/les-finissants-du-baccalaureat-en-enseignement-secondaire-proposent-levenement-vitrine-sur-lenseignement-secondaire-en-2019\/#primaryimage\"},\"image\":{\"@id\":\"https:\/\/www.uqac.ca\/uqactualites\/2019\/04\/29\/les-finissants-du-baccalaureat-en-enseignement-secondaire-proposent-levenement-vitrine-sur-lenseignement-secondaire-en-2019\/#primaryimage\"},\"thumbnailUrl\":\"https:\/\/www.uqac.ca\/uqactualites\/wp-content\/uploads\/2019\/04\/DSC_6875-scaled.jpg\",\"datePublished\":\"2019-04-29T18:03:32+00:00\",\"dateModified\":\"2019-04-29T18:03:32+00:00\",\"author\":{\"@id\":\"https:\/\/www.uqac.ca\/uqactualites\/#\/schema\/person\/366c45a0c4f0e677b41b4af5886e2018\"},\"breadcrumb\":{\"@id\":\"https:\/\/www.uqac.ca\/uqactualites\/2019\/04\/29\/les-finissants-du-baccalaureat-en-enseignement-secondaire-proposent-levenement-vitrine-sur-lenseignement-secondaire-en-2019\/#breadcrumb\"},\"inLanguage\":\"fr-CA\",\"potentialAction\":[{\"@type\":\"ReadAction\",\"target\":[\"https:\/\/www.uqac.ca\/uqactualites\/2019\/04\/29\/les-finissants-du-baccalaureat-en-enseignement-secondaire-proposent-levenement-vitrine-sur-lenseignement-secondaire-en-2019\/\"]}]},{\"@type\":\"ImageObject\",\"inLanguage\":\"fr-CA\",\"@id\":\"https:\/\/www.uqac.ca\/uqactualites\/2019\/04\/29\/les-finissants-du-baccalaureat-en-enseignement-secondaire-proposent-levenement-vitrine-sur-lenseignement-secondaire-en-2019\/#primaryimage\",\"url\":\"https:\/\/www.uqac.ca\/uqactualites\/wp-content\/uploads\/2019\/04\/DSC_6875-scaled.jpg\",\"contentUrl\":\"https:\/\/www.uqac.ca\/uqactualites\/wp-content\/uploads\/2019\/04\/DSC_6875-scaled.jpg\",\"width\":2560,\"height\":1246},{\"@type\":\"BreadcrumbList\",\"@id\":\"https:\/\/www.uqac.ca\/uqactualites\/2019\/04\/29\/les-finissants-du-baccalaureat-en-enseignement-secondaire-proposent-levenement-vitrine-sur-lenseignement-secondaire-en-2019\/#breadcrumb\",\"itemListElement\":[{\"@type\":\"ListItem\",\"position\":1,\"name\":\"Home\",\"item\":\"https:\/\/www.uqac.ca\/uqactualites\/\"},{\"@type\":\"ListItem\",\"position\":2,\"name\":\"Les finissants du BES proposent l&rsquo;\u00e9v\u00e9nement \u00ab Vitrine sur l\u2019enseignement secondaire en 2019 \u00bb\"}]},{\"@type\":\"WebSite\",\"@id\":\"https:\/\/www.uqac.ca\/uqactualites\/#website\",\"url\":\"https:\/\/www.uqac.ca\/uqactualites\/\",\"name\":\"UQACtualit\u00e9s\",\"description\":\"Le portail des nouvelles de l&#039;UQAC\",\"potentialAction\":[{\"@type\":\"SearchAction\",\"target\":{\"@type\":\"EntryPoint\",\"urlTemplate\":\"https:\/\/www.uqac.ca\/uqactualites\/?s={search_term_string}\"},\"query-input\":{\"@type\":\"PropertyValueSpecification\",\"valueRequired\":true,\"valueName\":\"search_term_string\"}}],\"inLanguage\":\"fr-CA\"},{\"@type\":\"Person\",\"@id\":\"https:\/\/www.uqac.ca\/uqactualites\/#\/schema\/person\/366c45a0c4f0e677b41b4af5886e2018\",\"name\":\"Service des communications et des relations publiques\",\"image\":{\"@type\":\"ImageObject\",\"inLanguage\":\"fr-CA\",\"@id\":\"https:\/\/www.uqac.ca\/uqactualites\/#\/schema\/person\/image\/\",\"url\":\"https:\/\/secure.gravatar.com\/avatar\/20fbbda8a292f59f2d3461a5b999c00b?s=96&d=mm&r=g\",\"contentUrl\":\"https:\/\/secure.gravatar.com\/avatar\/20fbbda8a292f59f2d3461a5b999c00b?s=96&d=mm&r=g\",\"caption\":\"Service des communications et des relations publiques\"},\"url\":\"https:\/\/www.uqac.ca\/uqactualites\/author\/bap\/\"}]}<\/script>\r\n<!-- \/ Yoast SEO plugin. -->","yoast_head_json":{"title":"Les finissants du BES proposent l'\u00e9v\u00e9nement \u00ab Vitrine sur l\u2019enseignement secondaire en 2019 \u00bb - UQACtualit\u00e9s","robots":{"index":"index","follow":"follow","max-snippet":"max-snippet:-1","max-image-preview":"max-image-preview:large","max-video-preview":"max-video-preview:-1"},"canonical":"https:\/\/www.uqac.ca\/uqactualites\/2019\/04\/29\/les-finissants-du-baccalaureat-en-enseignement-secondaire-proposent-levenement-vitrine-sur-lenseignement-secondaire-en-2019\/","og_locale":"fr_CA","og_type":"article","og_title":"Les finissants du BES proposent l'\u00e9v\u00e9nement \u00ab Vitrine sur l\u2019enseignement secondaire en 2019 \u00bb - UQACtualit\u00e9s","og_description":"Tenue le 24 avril dernier au centre social de l&rsquo;UQAC, la journ\u00e9e-colloque \u00ab Vitrine sur l\u2019enseignement secondaire au travers des projets p\u00e9dagogiques \u00bb a permis aux finissantes et aux finissants du baccalaur\u00e9at en enseignement secondaire (BES) de pr\u00e9senter les r\u00e9sultats d\u2019exp\u00e9riences professionnelles formatrices v\u00e9cues dans le cadre de leur formation de 120 cr\u00e9dits, et plus [&hellip;]","og_url":"https:\/\/www.uqac.ca\/uqactualites\/2019\/04\/29\/les-finissants-du-baccalaureat-en-enseignement-secondaire-proposent-levenement-vitrine-sur-lenseignement-secondaire-en-2019\/","og_site_name":"UQACtualit\u00e9s","article_published_time":"2019-04-29T18:03:32+00:00","og_image":[{"width":2560,"height":1246,"url":"https:\/\/www.uqac.ca\/uqactualites\/wp-content\/uploads\/2019\/04\/DSC_6875-scaled.jpg","type":"image\/jpeg"}],"author":"Service des communications et des relations publiques","twitter_card":"summary_large_image","twitter_misc":{"\u00c9crit par":"Service des communications et des relations publiques","Estimation du temps de lecture":"1 minute"},"schema":{"@context":"https:\/\/schema.org","@graph":[{"@type":"WebPage","@id":"https:\/\/www.uqac.ca\/uqactualites\/2019\/04\/29\/les-finissants-du-baccalaureat-en-enseignement-secondaire-proposent-levenement-vitrine-sur-lenseignement-secondaire-en-2019\/","url":"https:\/\/www.uqac.ca\/uqactualites\/2019\/04\/29\/les-finissants-du-baccalaureat-en-enseignement-secondaire-proposent-levenement-vitrine-sur-lenseignement-secondaire-en-2019\/","name":"Les finissants du BES proposent l'\u00e9v\u00e9nement \u00ab Vitrine sur l\u2019enseignement secondaire en 2019 \u00bb - UQACtualit\u00e9s","isPartOf":{"@id":"https:\/\/www.uqac.ca\/uqactualites\/#website"},"primaryImageOfPage":{"@id":"https:\/\/www.uqac.ca\/uqactualites\/2019\/04\/29\/les-finissants-du-baccalaureat-en-enseignement-secondaire-proposent-levenement-vitrine-sur-lenseignement-secondaire-en-2019\/#primaryimage"},"image":{"@id":"https:\/\/www.uqac.ca\/uqactualites\/2019\/04\/29\/les-finissants-du-baccalaureat-en-enseignement-secondaire-proposent-levenement-vitrine-sur-lenseignement-secondaire-en-2019\/#primaryimage"},"thumbnailUrl":"https:\/\/www.uqac.ca\/uqactualites\/wp-content\/uploads\/2019\/04\/DSC_6875-scaled.jpg","datePublished":"2019-04-29T18:03:32+00:00","dateModified":"2019-04-29T18:03:32+00:00","author":{"@id":"https:\/\/www.uqac.ca\/uqactualites\/#\/schema\/person\/366c45a0c4f0e677b41b4af5886e2018"},"breadcrumb":{"@id":"https:\/\/www.uqac.ca\/uqactualites\/2019\/04\/29\/les-finissants-du-baccalaureat-en-enseignement-secondaire-proposent-levenement-vitrine-sur-lenseignement-secondaire-en-2019\/#breadcrumb"},"inLanguage":"fr-CA","potentialAction":[{"@type":"ReadAction","target":["https:\/\/www.uqac.ca\/uqactualites\/2019\/04\/29\/les-finissants-du-baccalaureat-en-enseignement-secondaire-proposent-levenement-vitrine-sur-lenseignement-secondaire-en-2019\/"]}]},{"@type":"ImageObject","inLanguage":"fr-CA","@id":"https:\/\/www.uqac.ca\/uqactualites\/2019\/04\/29\/les-finissants-du-baccalaureat-en-enseignement-secondaire-proposent-levenement-vitrine-sur-lenseignement-secondaire-en-2019\/#primaryimage","url":"https:\/\/www.uqac.ca\/uqactualites\/wp-content\/uploads\/2019\/04\/DSC_6875-scaled.jpg","contentUrl":"https:\/\/www.uqac.ca\/uqactualites\/wp-content\/uploads\/2019\/04\/DSC_6875-scaled.jpg","width":2560,"height":1246},{"@type":"BreadcrumbList","@id":"https:\/\/www.uqac.ca\/uqactualites\/2019\/04\/29\/les-finissants-du-baccalaureat-en-enseignement-secondaire-proposent-levenement-vitrine-sur-lenseignement-secondaire-en-2019\/#breadcrumb","itemListElement":[{"@type":"ListItem","position":1,"name":"Home","item":"https:\/\/www.uqac.ca\/uqactualites\/"},{"@type":"ListItem","position":2,"name":"Les finissants du BES proposent l&rsquo;\u00e9v\u00e9nement \u00ab Vitrine sur l\u2019enseignement secondaire en 2019 \u00bb"}]},{"@type":"WebSite","@id":"https:\/\/www.uqac.ca\/uqactualites\/#website","url":"https:\/\/www.uqac.ca\/uqactualites\/","name":"UQACtualit\u00e9s","description":"Le portail des nouvelles de l&#039;UQAC","potentialAction":[{"@type":"SearchAction","target":{"@type":"EntryPoint","urlTemplate":"https:\/\/www.uqac.ca\/uqactualites\/?s={search_term_string}"},"query-input":{"@type":"PropertyValueSpecification","valueRequired":true,"valueName":"search_term_string"}}],"inLanguage":"fr-CA"},{"@type":"Person","@id":"https:\/\/www.uqac.ca\/uqactualites\/#\/schema\/person\/366c45a0c4f0e677b41b4af5886e2018","name":"Service des communications et des relations publiques","image":{"@type":"ImageObject","inLanguage":"fr-CA","@id":"https:\/\/www.uqac.ca\/uqactualites\/#\/schema\/person\/image\/","url":"https:\/\/secure.gravatar.com\/avatar\/20fbbda8a292f59f2d3461a5b999c00b?s=96&d=mm&r=g","contentUrl":"https:\/\/secure.gravatar.com\/avatar\/20fbbda8a292f59f2d3461a5b999c00b?s=96&d=mm&r=g","caption":"Service des communications et des relations publiques"},"url":"https:\/\/www.uqac.ca\/uqactualites\/author\/bap\/"}]}},"_links":{"self":[{"href":"https:\/\/www.uqac.ca\/uqactualites\/wp-json\/wp\/v2\/posts\/36209"}],"collection":[{"href":"https:\/\/www.uqac.ca\/uqactualites\/wp-json\/wp\/v2\/posts"}],"about":[{"href":"https:\/\/www.uqac.ca\/uqactualites\/wp-json\/wp\/v2\/types\/post"}],"author":[{"embeddable":true,"href":"https:\/\/www.uqac.ca\/uqactualites\/wp-json\/wp\/v2\/users\/5"}],"replies":[{"embeddable":true,"href":"https:\/\/www.uqac.ca\/uqactualites\/wp-json\/wp\/v2\/comments?post=36209"}],"version-history":[{"count":0,"href":"https:\/\/www.uqac.ca\/uqactualites\/wp-json\/wp\/v2\/posts\/36209\/revisions"}],"wp:featuredmedia":[{"embeddable":true,"href":"https:\/\/www.uqac.ca\/uqactualites\/wp-json\/wp\/v2\/media\/36210"}],"wp:attachment":[{"href":"https:\/\/www.uqac.ca\/uqactualites\/wp-json\/wp\/v2\/media?parent=36209"}],"wp:term":[{"taxonomy":"category","embeddable":true,"href":"https:\/\/www.uqac.ca\/uqactualites\/wp-json\/wp\/v2\/categories?post=36209"},{"taxonomy":"post_tag","embeddable":true,"href":"https:\/\/www.uqac.ca\/uqactualites\/wp-json\/wp\/v2\/tags?post=36209"}],"curies":[{"name":"wp","href":"https:\/\/api.w.org\/{rel}","templated":true}]}}