{"id":36217,"date":"2019-04-30T09:51:28","date_gmt":"2019-04-30T13:51:28","guid":{"rendered":"https:\/\/www.uqac.ca\/?p=36217"},"modified":"2019-04-30T09:51:28","modified_gmt":"2019-04-30T13:51:28","slug":"nomination-de-monsieur-andre-tremblay-a-la-presidence-du-conseil-dadministration","status":"publish","type":"post","link":"https:\/\/www.uqac.ca\/uqactualites\/2019\/04\/30\/nomination-de-monsieur-andre-tremblay-a-la-presidence-du-conseil-dadministration\/","title":{"rendered":"Nomination de ma\u00eetre Andr\u00e9 Tremblay \u00e0 la pr\u00e9sidence du conseil d\u2019administration de la FUQAC"},"content":{"rendered":"<p>Les membres du conseil d\u2019administration de la Fondation de l\u2019Universit\u00e9 du Qu\u00e9bec \u00e0 Chicoutimi sont heureux d\u2019annoncer la nomination de M<sup>e<\/sup> Andr\u00e9 Tremblay \u00e0 titre de pr\u00e9sident du CA, et ce, depuis le 29 mars 2019.<\/p>\n<p>Dipl\u00f4m\u00e9 en droit de l\u2019Universit\u00e9 Laval en 1978, M<sup>e<\/sup> Andr\u00e9 Tremblay a pratiqu\u00e9 pendant 25 ans \u00e0 titre d\u2019avocat sp\u00e9cialis\u00e9 en droit du travail et en droit administratif. En 2004, il acc\u00e8de \u00e0 la direction de Produits forestiers Saguenay inc., une entreprise regroupant quatre scieries dans sa r\u00e9gion natale du Saguenay et au sein de laquelle il \u0153uvrera jusqu\u2019en 2010. De 2011 \u00e0 septembre 2017, il a occup\u00e9 le poste de pr\u00e9sident-directeur g\u00e9n\u00e9ral et porte-parole du Conseil de l\u2019industrie foresti\u00e8re du Qu\u00e9bec. Depuis avril 2018, M<sup>e<\/sup> Tremblay agit \u00e0 titre d\u2019avocat-conseil chez Cain Lamarre, au bureau de Saguenay.<\/p>\n<p>Il est membre de la Fondation depuis le 30 avril 2014 et il succ\u00e8de \u00e0 M<sup>e<\/sup> Guy Wells qui fut pr\u00e9sident durant les 15\u00a0derni\u00e8res ann\u00e9es.<\/p>\n<p>La Fondation de l\u2019Universit\u00e9 du Qu\u00e9bec \u00e0 Chicoutimi, depuis maintenant pr\u00e8s de 50 ans, fait la promotion de la pers\u00e9v\u00e9rance et de l\u2019excellence en mati\u00e8re d\u2019\u00e9ducation en offrant aux \u00e9tudiants et aux professeurs-chercheurs de l\u2019UQAC des bourses d\u2019\u00e9tudes et des subventions \u00e0 la recherche. Au cours de ces ann\u00e9es, elle a remis plus de 20\u00a0M$.<\/p>\n","protected":false},"excerpt":{"rendered":"<p>Les membres du conseil d\u2019administration de la Fondation de l\u2019Universit\u00e9 du Qu\u00e9bec \u00e0 Chicoutimi sont heureux d\u2019annoncer la nomination de Me Andr\u00e9 Tremblay \u00e0 titre de pr\u00e9sident du CA, et ce, depuis le 29 mars 2019. Dipl\u00f4m\u00e9 en droit de l\u2019Universit\u00e9 Laval en 1978, Me Andr\u00e9 Tremblay a pratiqu\u00e9 pendant 25 ans \u00e0 titre d\u2019avocat [&hellip;]<\/p>\n","protected":false},"author":5,"featured_media":36220,"comment_status":"open","ping_status":"open","sticky":false,"template":"","format":"standard","meta":{"footnotes":""},"categories":[15],"tags":[279,411,284,49,53],"yoast_head":"<!-- This site is optimized with the Yoast SEO plugin v24.2 - https:\/\/yoast.com\/wordpress\/plugins\/seo\/ -->\r\n<title>Nomination de ma\u00eetre Andr\u00e9 Tremblay \u00e0 la pr\u00e9sidence du conseil d\u2019administration de la FUQAC - UQACtualit\u00e9s<\/title>\r\n<meta name=\"robots\" content=\"index, follow, max-snippet:-1, max-image-preview:large, max-video-preview:-1\" \/>\r\n<link rel=\"canonical\" href=\"https:\/\/www.uqac.ca\/uqactualites\/2019\/04\/30\/nomination-de-monsieur-andre-tremblay-a-la-presidence-du-conseil-dadministration\/\" \/>\r\n<meta property=\"og:locale\" content=\"fr_CA\" \/>\r\n<meta property=\"og:type\" content=\"article\" \/>\r\n<meta property=\"og:title\" content=\"Nomination de ma\u00eetre Andr\u00e9 Tremblay \u00e0 la pr\u00e9sidence du conseil d\u2019administration de la FUQAC - UQACtualit\u00e9s\" \/>\r\n<meta property=\"og:description\" content=\"Les membres du conseil d\u2019administration de la Fondation de l\u2019Universit\u00e9 du Qu\u00e9bec \u00e0 Chicoutimi sont heureux d\u2019annoncer la nomination de Me Andr\u00e9 Tremblay \u00e0 titre de pr\u00e9sident du CA, et ce, depuis le 29 mars 2019. Dipl\u00f4m\u00e9 en droit de l\u2019Universit\u00e9 Laval en 1978, Me Andr\u00e9 Tremblay a pratiqu\u00e9 pendant 25 ans \u00e0 titre d\u2019avocat [&hellip;]\" \/>\r\n<meta property=\"og:url\" content=\"https:\/\/www.uqac.ca\/uqactualites\/2019\/04\/30\/nomination-de-monsieur-andre-tremblay-a-la-presidence-du-conseil-dadministration\/\" \/>\r\n<meta property=\"og:site_name\" content=\"UQACtualit\u00e9s\" \/>\r\n<meta property=\"article:published_time\" content=\"2019-04-30T13:51:28+00:00\" \/>\r\n<meta property=\"og:image\" content=\"https:\/\/www.uqac.ca\/uqactualites\/wp-content\/uploads\/2019\/04\/andretremblay002.jpg\" \/>\r\n\t<meta property=\"og:image:width\" content=\"1134\" \/>\r\n\t<meta property=\"og:image:height\" content=\"640\" \/>\r\n\t<meta property=\"og:image:type\" content=\"image\/jpeg\" \/>\r\n<meta name=\"author\" content=\"Service des communications et des relations publiques\" \/>\r\n<meta name=\"twitter:card\" content=\"summary_large_image\" \/>\r\n<meta name=\"twitter:label1\" content=\"\u00c9crit par\" \/>\n\t<meta name=\"twitter:data1\" content=\"Service des communications et des relations publiques\" \/>\n\t<meta name=\"twitter:label2\" content=\"Estimation du temps de lecture\" \/>\n\t<meta name=\"twitter:data2\" content=\"1 minute\" \/>\r\n<script type=\"application\/ld+json\" class=\"yoast-schema-graph\">{\"@context\":\"https:\/\/schema.org\",\"@graph\":[{\"@type\":\"WebPage\",\"@id\":\"https:\/\/www.uqac.ca\/uqactualites\/2019\/04\/30\/nomination-de-monsieur-andre-tremblay-a-la-presidence-du-conseil-dadministration\/\",\"url\":\"https:\/\/www.uqac.ca\/uqactualites\/2019\/04\/30\/nomination-de-monsieur-andre-tremblay-a-la-presidence-du-conseil-dadministration\/\",\"name\":\"Nomination de ma\u00eetre Andr\u00e9 Tremblay \u00e0 la pr\u00e9sidence du conseil d\u2019administration de la FUQAC - UQACtualit\u00e9s\",\"isPartOf\":{\"@id\":\"https:\/\/www.uqac.ca\/uqactualites\/#website\"},\"primaryImageOfPage\":{\"@id\":\"https:\/\/www.uqac.ca\/uqactualites\/2019\/04\/30\/nomination-de-monsieur-andre-tremblay-a-la-presidence-du-conseil-dadministration\/#primaryimage\"},\"image\":{\"@id\":\"https:\/\/www.uqac.ca\/uqactualites\/2019\/04\/30\/nomination-de-monsieur-andre-tremblay-a-la-presidence-du-conseil-dadministration\/#primaryimage\"},\"thumbnailUrl\":\"https:\/\/www.uqac.ca\/uqactualites\/wp-content\/uploads\/2019\/04\/andretremblay002.jpg\",\"datePublished\":\"2019-04-30T13:51:28+00:00\",\"dateModified\":\"2019-04-30T13:51:28+00:00\",\"author\":{\"@id\":\"https:\/\/www.uqac.ca\/uqactualites\/#\/schema\/person\/366c45a0c4f0e677b41b4af5886e2018\"},\"breadcrumb\":{\"@id\":\"https:\/\/www.uqac.ca\/uqactualites\/2019\/04\/30\/nomination-de-monsieur-andre-tremblay-a-la-presidence-du-conseil-dadministration\/#breadcrumb\"},\"inLanguage\":\"fr-CA\",\"potentialAction\":[{\"@type\":\"ReadAction\",\"target\":[\"https:\/\/www.uqac.ca\/uqactualites\/2019\/04\/30\/nomination-de-monsieur-andre-tremblay-a-la-presidence-du-conseil-dadministration\/\"]}]},{\"@type\":\"ImageObject\",\"inLanguage\":\"fr-CA\",\"@id\":\"https:\/\/www.uqac.ca\/uqactualites\/2019\/04\/30\/nomination-de-monsieur-andre-tremblay-a-la-presidence-du-conseil-dadministration\/#primaryimage\",\"url\":\"https:\/\/www.uqac.ca\/uqactualites\/wp-content\/uploads\/2019\/04\/andretremblay002.jpg\",\"contentUrl\":\"https:\/\/www.uqac.ca\/uqactualites\/wp-content\/uploads\/2019\/04\/andretremblay002.jpg\",\"width\":1134,\"height\":640},{\"@type\":\"BreadcrumbList\",\"@id\":\"https:\/\/www.uqac.ca\/uqactualites\/2019\/04\/30\/nomination-de-monsieur-andre-tremblay-a-la-presidence-du-conseil-dadministration\/#breadcrumb\",\"itemListElement\":[{\"@type\":\"ListItem\",\"position\":1,\"name\":\"Home\",\"item\":\"https:\/\/www.uqac.ca\/uqactualites\/\"},{\"@type\":\"ListItem\",\"position\":2,\"name\":\"Nomination de ma\u00eetre Andr\u00e9 Tremblay \u00e0 la pr\u00e9sidence du conseil d\u2019administration de la FUQAC\"}]},{\"@type\":\"WebSite\",\"@id\":\"https:\/\/www.uqac.ca\/uqactualites\/#website\",\"url\":\"https:\/\/www.uqac.ca\/uqactualites\/\",\"name\":\"UQACtualit\u00e9s\",\"description\":\"Le portail des nouvelles de l&#039;UQAC\",\"potentialAction\":[{\"@type\":\"SearchAction\",\"target\":{\"@type\":\"EntryPoint\",\"urlTemplate\":\"https:\/\/www.uqac.ca\/uqactualites\/?s={search_term_string}\"},\"query-input\":{\"@type\":\"PropertyValueSpecification\",\"valueRequired\":true,\"valueName\":\"search_term_string\"}}],\"inLanguage\":\"fr-CA\"},{\"@type\":\"Person\",\"@id\":\"https:\/\/www.uqac.ca\/uqactualites\/#\/schema\/person\/366c45a0c4f0e677b41b4af5886e2018\",\"name\":\"Service des communications et des relations publiques\",\"image\":{\"@type\":\"ImageObject\",\"inLanguage\":\"fr-CA\",\"@id\":\"https:\/\/www.uqac.ca\/uqactualites\/#\/schema\/person\/image\/\",\"url\":\"https:\/\/secure.gravatar.com\/avatar\/20fbbda8a292f59f2d3461a5b999c00b?s=96&d=mm&r=g\",\"contentUrl\":\"https:\/\/secure.gravatar.com\/avatar\/20fbbda8a292f59f2d3461a5b999c00b?s=96&d=mm&r=g\",\"caption\":\"Service des communications et des relations publiques\"},\"url\":\"https:\/\/www.uqac.ca\/uqactualites\/author\/bap\/\"}]}<\/script>\r\n<!-- \/ Yoast SEO plugin. -->","yoast_head_json":{"title":"Nomination de ma\u00eetre Andr\u00e9 Tremblay \u00e0 la pr\u00e9sidence du conseil d\u2019administration de la FUQAC - UQACtualit\u00e9s","robots":{"index":"index","follow":"follow","max-snippet":"max-snippet:-1","max-image-preview":"max-image-preview:large","max-video-preview":"max-video-preview:-1"},"canonical":"https:\/\/www.uqac.ca\/uqactualites\/2019\/04\/30\/nomination-de-monsieur-andre-tremblay-a-la-presidence-du-conseil-dadministration\/","og_locale":"fr_CA","og_type":"article","og_title":"Nomination de ma\u00eetre Andr\u00e9 Tremblay \u00e0 la pr\u00e9sidence du conseil d\u2019administration de la FUQAC - UQACtualit\u00e9s","og_description":"Les membres du conseil d\u2019administration de la Fondation de l\u2019Universit\u00e9 du Qu\u00e9bec \u00e0 Chicoutimi sont heureux d\u2019annoncer la nomination de Me Andr\u00e9 Tremblay \u00e0 titre de pr\u00e9sident du CA, et ce, depuis le 29 mars 2019. Dipl\u00f4m\u00e9 en droit de l\u2019Universit\u00e9 Laval en 1978, Me Andr\u00e9 Tremblay a pratiqu\u00e9 pendant 25 ans \u00e0 titre d\u2019avocat [&hellip;]","og_url":"https:\/\/www.uqac.ca\/uqactualites\/2019\/04\/30\/nomination-de-monsieur-andre-tremblay-a-la-presidence-du-conseil-dadministration\/","og_site_name":"UQACtualit\u00e9s","article_published_time":"2019-04-30T13:51:28+00:00","og_image":[{"width":1134,"height":640,"url":"https:\/\/www.uqac.ca\/uqactualites\/wp-content\/uploads\/2019\/04\/andretremblay002.jpg","type":"image\/jpeg"}],"author":"Service des communications et des relations publiques","twitter_card":"summary_large_image","twitter_misc":{"\u00c9crit par":"Service des communications et des relations publiques","Estimation du temps de lecture":"1 minute"},"schema":{"@context":"https:\/\/schema.org","@graph":[{"@type":"WebPage","@id":"https:\/\/www.uqac.ca\/uqactualites\/2019\/04\/30\/nomination-de-monsieur-andre-tremblay-a-la-presidence-du-conseil-dadministration\/","url":"https:\/\/www.uqac.ca\/uqactualites\/2019\/04\/30\/nomination-de-monsieur-andre-tremblay-a-la-presidence-du-conseil-dadministration\/","name":"Nomination de ma\u00eetre Andr\u00e9 Tremblay \u00e0 la pr\u00e9sidence du conseil d\u2019administration de la FUQAC - UQACtualit\u00e9s","isPartOf":{"@id":"https:\/\/www.uqac.ca\/uqactualites\/#website"},"primaryImageOfPage":{"@id":"https:\/\/www.uqac.ca\/uqactualites\/2019\/04\/30\/nomination-de-monsieur-andre-tremblay-a-la-presidence-du-conseil-dadministration\/#primaryimage"},"image":{"@id":"https:\/\/www.uqac.ca\/uqactualites\/2019\/04\/30\/nomination-de-monsieur-andre-tremblay-a-la-presidence-du-conseil-dadministration\/#primaryimage"},"thumbnailUrl":"https:\/\/www.uqac.ca\/uqactualites\/wp-content\/uploads\/2019\/04\/andretremblay002.jpg","datePublished":"2019-04-30T13:51:28+00:00","dateModified":"2019-04-30T13:51:28+00:00","author":{"@id":"https:\/\/www.uqac.ca\/uqactualites\/#\/schema\/person\/366c45a0c4f0e677b41b4af5886e2018"},"breadcrumb":{"@id":"https:\/\/www.uqac.ca\/uqactualites\/2019\/04\/30\/nomination-de-monsieur-andre-tremblay-a-la-presidence-du-conseil-dadministration\/#breadcrumb"},"inLanguage":"fr-CA","potentialAction":[{"@type":"ReadAction","target":["https:\/\/www.uqac.ca\/uqactualites\/2019\/04\/30\/nomination-de-monsieur-andre-tremblay-a-la-presidence-du-conseil-dadministration\/"]}]},{"@type":"ImageObject","inLanguage":"fr-CA","@id":"https:\/\/www.uqac.ca\/uqactualites\/2019\/04\/30\/nomination-de-monsieur-andre-tremblay-a-la-presidence-du-conseil-dadministration\/#primaryimage","url":"https:\/\/www.uqac.ca\/uqactualites\/wp-content\/uploads\/2019\/04\/andretremblay002.jpg","contentUrl":"https:\/\/www.uqac.ca\/uqactualites\/wp-content\/uploads\/2019\/04\/andretremblay002.jpg","width":1134,"height":640},{"@type":"BreadcrumbList","@id":"https:\/\/www.uqac.ca\/uqactualites\/2019\/04\/30\/nomination-de-monsieur-andre-tremblay-a-la-presidence-du-conseil-dadministration\/#breadcrumb","itemListElement":[{"@type":"ListItem","position":1,"name":"Home","item":"https:\/\/www.uqac.ca\/uqactualites\/"},{"@type":"ListItem","position":2,"name":"Nomination de ma\u00eetre Andr\u00e9 Tremblay \u00e0 la pr\u00e9sidence du conseil d\u2019administration de la FUQAC"}]},{"@type":"WebSite","@id":"https:\/\/www.uqac.ca\/uqactualites\/#website","url":"https:\/\/www.uqac.ca\/uqactualites\/","name":"UQACtualit\u00e9s","description":"Le portail des nouvelles de l&#039;UQAC","potentialAction":[{"@type":"SearchAction","target":{"@type":"EntryPoint","urlTemplate":"https:\/\/www.uqac.ca\/uqactualites\/?s={search_term_string}"},"query-input":{"@type":"PropertyValueSpecification","valueRequired":true,"valueName":"search_term_string"}}],"inLanguage":"fr-CA"},{"@type":"Person","@id":"https:\/\/www.uqac.ca\/uqactualites\/#\/schema\/person\/366c45a0c4f0e677b41b4af5886e2018","name":"Service des communications et des relations publiques","image":{"@type":"ImageObject","inLanguage":"fr-CA","@id":"https:\/\/www.uqac.ca\/uqactualites\/#\/schema\/person\/image\/","url":"https:\/\/secure.gravatar.com\/avatar\/20fbbda8a292f59f2d3461a5b999c00b?s=96&d=mm&r=g","contentUrl":"https:\/\/secure.gravatar.com\/avatar\/20fbbda8a292f59f2d3461a5b999c00b?s=96&d=mm&r=g","caption":"Service des communications et des relations publiques"},"url":"https:\/\/www.uqac.ca\/uqactualites\/author\/bap\/"}]}},"_links":{"self":[{"href":"https:\/\/www.uqac.ca\/uqactualites\/wp-json\/wp\/v2\/posts\/36217"}],"collection":[{"href":"https:\/\/www.uqac.ca\/uqactualites\/wp-json\/wp\/v2\/posts"}],"about":[{"href":"https:\/\/www.uqac.ca\/uqactualites\/wp-json\/wp\/v2\/types\/post"}],"author":[{"embeddable":true,"href":"https:\/\/www.uqac.ca\/uqactualites\/wp-json\/wp\/v2\/users\/5"}],"replies":[{"embeddable":true,"href":"https:\/\/www.uqac.ca\/uqactualites\/wp-json\/wp\/v2\/comments?post=36217"}],"version-history":[{"count":0,"href":"https:\/\/www.uqac.ca\/uqactualites\/wp-json\/wp\/v2\/posts\/36217\/revisions"}],"wp:featuredmedia":[{"embeddable":true,"href":"https:\/\/www.uqac.ca\/uqactualites\/wp-json\/wp\/v2\/media\/36220"}],"wp:attachment":[{"href":"https:\/\/www.uqac.ca\/uqactualites\/wp-json\/wp\/v2\/media?parent=36217"}],"wp:term":[{"taxonomy":"category","embeddable":true,"href":"https:\/\/www.uqac.ca\/uqactualites\/wp-json\/wp\/v2\/categories?post=36217"},{"taxonomy":"post_tag","embeddable":true,"href":"https:\/\/www.uqac.ca\/uqactualites\/wp-json\/wp\/v2\/tags?post=36217"}],"curies":[{"name":"wp","href":"https:\/\/api.w.org\/{rel}","templated":true}]}}