{"id":36233,"date":"2019-05-03T16:15:26","date_gmt":"2019-05-03T20:15:26","guid":{"rendered":"https:\/\/www.uqac.ca\/?p=36233"},"modified":"2019-05-03T16:15:26","modified_gmt":"2019-05-03T20:15:26","slug":"175-chercheurs-reunis-a-luqac-pour-le-colloque-annuel-du-centre-detude-de-la-foret","status":"publish","type":"post","link":"https:\/\/www.uqac.ca\/uqactualites\/2019\/05\/03\/175-chercheurs-reunis-a-luqac-pour-le-colloque-annuel-du-centre-detude-de-la-foret\/","title":{"rendered":"175 chercheurs r\u00e9unis \u00e0 l\u2019UQAC pour le colloque annuel du Centre d\u2019\u00e9tude de\u00a0la for\u00eat"},"content":{"rendered":"<p>L\u2019UQAC \u00e9tait l&rsquo;h\u00f4te du 1<sup>er<\/sup> au 3 mai 2019 du <a href=\"http:\/\/www.cef-cfr.ca\/index.php?n=Colloque.Colloque2019\">13e colloque du Centre d&rsquo;\u00e9tudes de la for\u00eat<\/a>. 175 participants, chercheurs et \u00e9tudiants, ont pu profiter de toute une programmation scientifique allant de conf\u00e9rences, tables rondes et ateliers de formation qui s\u2019est tenue sur trois jours pour une premi\u00e8re fois dans la r\u00e9gion.<\/p>\n<p>Pour apporter une couleur particuli\u00e8re \u00e0 l\u2019\u00e9v\u00e9nement, on proposait aux congressistes de participer \u00e0 une excursion pour d\u00e9couvrir le Saguenay \u00e0 travers la recherche en milieu naturel. Ils ont donc pu faire l\u2019observation d\u2019oiseau aux battures \u00e0 Saint-Fulgence, visiter le Parc national des Monts-Valin, le Parc \u00e0 r\u00e9sidus miniers de la mine Niobec et la bleueti\u00e8re de Saint-Honor\u00e9.<\/p>\n<p>Enfin, une exposition tout \u00e0 fait originale \u00e9tait aussi \u00e0 l\u2019horaire. Il s\u2019agissait d\u2019une \u0153uvre auditive et visuelle centr\u00e9e autour d\u2019un ensemble de symphonies obtenues suite \u00e0 la retranscription musicale de la croissance de plus de 700 arbres composant une vingtaine de for\u00eats anciennes bor\u00e9ales. \u00a0Bas\u00e9e sur les r\u00e9sultats de recherche de Maxence Martin, \u00e9tudiant au doctorat en biologie.<\/p>\n<p><strong>\u00c0 propos du Centre d\u2019\u00e9tude de la for\u00eat<br \/>\n<\/strong>Le <a href=\"http:\/\/www.cef-cfr.ca\/\">Centre d\u2019\u00e9tude de la for\u00eat<\/a> regroupe l\u2019expertise scientifique de 72 chercheurs provenant de 11 universit\u00e9s qu\u00e9b\u00e9coises (Concordia, McGill, UQAC, UQAM, UQAT, UQO, UQAR, Universit\u00e9 de Montr\u00e9al, Universit\u00e9 de Sherbrooke, Universit\u00e9 Laval et TELUQ). Ces chercheurs \u0153uvrent dans les domaines de la biologie, de l\u2019\u00e9cologie et de l\u2019am\u00e9nagement forestier. Au Qu\u00e9bec, le Centre d\u2019\u00e9tude de la for\u00eat est unique, car c\u2019est le seul regroupement \u00e0 avoir pour mission centrale la formation avanc\u00e9e et la recherche sur la for\u00eat.<\/p>\n<p>&nbsp;<\/p>\n<div id='gallery-1' class='gallery galleryid-36233 gallery-columns-3 gallery-size-medium'><figure class='gallery-item'>\n\t\t\t<div class='gallery-icon landscape'>\n\t\t\t\t<a href='https:\/\/www.uqac.ca\/uqactualites\/p1060904-copie\/'><img loading=\"lazy\" decoding=\"async\" width=\"300\" height=\"225\" src=\"https:\/\/www.uqac.ca\/uqactualites\/wp-content\/uploads\/2019\/05\/P1060904-copie-300x225.jpg\" class=\"attachment-medium size-medium\" alt=\"\" aria-describedby=\"gallery-1-36241\" srcset=\"https:\/\/www.uqac.ca\/uqactualites\/wp-content\/uploads\/2019\/05\/P1060904-copie-300x225.jpg 300w, https:\/\/www.uqac.ca\/uqactualites\/wp-content\/uploads\/2019\/05\/P1060904-copie-1024x768.jpg 1024w, https:\/\/www.uqac.ca\/uqactualites\/wp-content\/uploads\/2019\/05\/P1060904-copie-768x576.jpg 768w, https:\/\/www.uqac.ca\/uqactualites\/wp-content\/uploads\/2019\/05\/P1060904-copie-1536x1152.jpg 1536w, https:\/\/www.uqac.ca\/uqactualites\/wp-content\/uploads\/2019\/05\/P1060904-copie-2048x1536.jpg 2048w\" sizes=\"(max-width: 300px) 100vw, 300px\" \/><\/a>\n\t\t\t<\/div>\n\t\t\t\t<figcaption class='wp-caption-text gallery-caption' id='gallery-1-36241'>\n\t\t\t\tColloque CEF 2019\n\t\t\t\t<\/figcaption><\/figure><figure class='gallery-item'>\n\t\t\t<div class='gallery-icon landscape'>\n\t\t\t\t<a href='https:\/\/www.uqac.ca\/uqactualites\/p1060686-copie\/'><img loading=\"lazy\" decoding=\"async\" width=\"300\" height=\"225\" src=\"https:\/\/www.uqac.ca\/uqactualites\/wp-content\/uploads\/2019\/05\/P1060686-copie-300x225.jpg\" class=\"attachment-medium size-medium\" alt=\"\" aria-describedby=\"gallery-1-36238\" srcset=\"https:\/\/www.uqac.ca\/uqactualites\/wp-content\/uploads\/2019\/05\/P1060686-copie-300x225.jpg 300w, https:\/\/www.uqac.ca\/uqactualites\/wp-content\/uploads\/2019\/05\/P1060686-copie-1024x768.jpg 1024w, https:\/\/www.uqac.ca\/uqactualites\/wp-content\/uploads\/2019\/05\/P1060686-copie-768x576.jpg 768w, https:\/\/www.uqac.ca\/uqactualites\/wp-content\/uploads\/2019\/05\/P1060686-copie-1536x1152.jpg 1536w, https:\/\/www.uqac.ca\/uqactualites\/wp-content\/uploads\/2019\/05\/P1060686-copie-2048x1536.jpg 2048w\" sizes=\"(max-width: 300px) 100vw, 300px\" \/><\/a>\n\t\t\t<\/div>\n\t\t\t\t<figcaption class='wp-caption-text gallery-caption' id='gallery-1-36238'>\n\t\t\t\tColloque CEF 2019\n\t\t\t\t<\/figcaption><\/figure><figure class='gallery-item'>\n\t\t\t<div class='gallery-icon landscape'>\n\t\t\t\t<a href='https:\/\/www.uqac.ca\/uqactualites\/p1060687-copie\/'><img loading=\"lazy\" decoding=\"async\" width=\"300\" height=\"225\" src=\"https:\/\/www.uqac.ca\/uqactualites\/wp-content\/uploads\/2019\/05\/P1060687-copie-300x225.jpg\" class=\"attachment-medium size-medium\" alt=\"\" aria-describedby=\"gallery-1-36239\" srcset=\"https:\/\/www.uqac.ca\/uqactualites\/wp-content\/uploads\/2019\/05\/P1060687-copie-300x225.jpg 300w, https:\/\/www.uqac.ca\/uqactualites\/wp-content\/uploads\/2019\/05\/P1060687-copie-1024x768.jpg 1024w, https:\/\/www.uqac.ca\/uqactualites\/wp-content\/uploads\/2019\/05\/P1060687-copie-768x576.jpg 768w, https:\/\/www.uqac.ca\/uqactualites\/wp-content\/uploads\/2019\/05\/P1060687-copie-1536x1152.jpg 1536w, https:\/\/www.uqac.ca\/uqactualites\/wp-content\/uploads\/2019\/05\/P1060687-copie-2048x1536.jpg 2048w\" sizes=\"(max-width: 300px) 100vw, 300px\" \/><\/a>\n\t\t\t<\/div>\n\t\t\t\t<figcaption class='wp-caption-text gallery-caption' id='gallery-1-36239'>\n\t\t\t\tColloque CEF 2019\n\t\t\t\t<\/figcaption><\/figure><figure class='gallery-item'>\n\t\t\t<div class='gallery-icon landscape'>\n\t\t\t\t<a href='https:\/\/www.uqac.ca\/uqactualites\/p1070080-copie\/'><img loading=\"lazy\" decoding=\"async\" width=\"300\" height=\"225\" src=\"https:\/\/www.uqac.ca\/uqactualites\/wp-content\/uploads\/2019\/05\/P1070080-copie-300x225.jpg\" class=\"attachment-medium size-medium\" alt=\"\" aria-describedby=\"gallery-1-36242\" srcset=\"https:\/\/www.uqac.ca\/uqactualites\/wp-content\/uploads\/2019\/05\/P1070080-copie-300x225.jpg 300w, https:\/\/www.uqac.ca\/uqactualites\/wp-content\/uploads\/2019\/05\/P1070080-copie-1024x768.jpg 1024w, https:\/\/www.uqac.ca\/uqactualites\/wp-content\/uploads\/2019\/05\/P1070080-copie-768x576.jpg 768w, https:\/\/www.uqac.ca\/uqactualites\/wp-content\/uploads\/2019\/05\/P1070080-copie-1536x1152.jpg 1536w, https:\/\/www.uqac.ca\/uqactualites\/wp-content\/uploads\/2019\/05\/P1070080-copie-2048x1536.jpg 2048w\" sizes=\"(max-width: 300px) 100vw, 300px\" \/><\/a>\n\t\t\t<\/div>\n\t\t\t\t<figcaption class='wp-caption-text gallery-caption' id='gallery-1-36242'>\n\t\t\t\tColloque CEF 2019\n\t\t\t\t<\/figcaption><\/figure><figure class='gallery-item'>\n\t\t\t<div class='gallery-icon landscape'>\n\t\t\t\t<a href='https:\/\/www.uqac.ca\/uqactualites\/p1060678-copie\/'><img loading=\"lazy\" decoding=\"async\" width=\"300\" height=\"225\" src=\"https:\/\/www.uqac.ca\/uqactualites\/wp-content\/uploads\/2019\/05\/P1060678-copie-300x225.jpg\" class=\"attachment-medium size-medium\" alt=\"\" aria-describedby=\"gallery-1-36237\" srcset=\"https:\/\/www.uqac.ca\/uqactualites\/wp-content\/uploads\/2019\/05\/P1060678-copie-300x225.jpg 300w, https:\/\/www.uqac.ca\/uqactualites\/wp-content\/uploads\/2019\/05\/P1060678-copie-1024x768.jpg 1024w, https:\/\/www.uqac.ca\/uqactualites\/wp-content\/uploads\/2019\/05\/P1060678-copie-768x576.jpg 768w, https:\/\/www.uqac.ca\/uqactualites\/wp-content\/uploads\/2019\/05\/P1060678-copie-1536x1152.jpg 1536w, https:\/\/www.uqac.ca\/uqactualites\/wp-content\/uploads\/2019\/05\/P1060678-copie-2048x1536.jpg 2048w\" sizes=\"(max-width: 300px) 100vw, 300px\" \/><\/a>\n\t\t\t<\/div>\n\t\t\t\t<figcaption class='wp-caption-text gallery-caption' id='gallery-1-36237'>\n\t\t\t\tColloque CEF 2019\n\t\t\t\t<\/figcaption><\/figure><figure class='gallery-item'>\n\t\t\t<div class='gallery-icon landscape'>\n\t\t\t\t<a href='https:\/\/www.uqac.ca\/uqactualites\/p1060689-copie\/'><img loading=\"lazy\" decoding=\"async\" width=\"300\" height=\"225\" src=\"https:\/\/www.uqac.ca\/uqactualites\/wp-content\/uploads\/2019\/05\/P1060689-copie-300x225.jpg\" class=\"attachment-medium size-medium\" alt=\"\" aria-describedby=\"gallery-1-36240\" srcset=\"https:\/\/www.uqac.ca\/uqactualites\/wp-content\/uploads\/2019\/05\/P1060689-copie-300x225.jpg 300w, https:\/\/www.uqac.ca\/uqactualites\/wp-content\/uploads\/2019\/05\/P1060689-copie-1024x768.jpg 1024w, https:\/\/www.uqac.ca\/uqactualites\/wp-content\/uploads\/2019\/05\/P1060689-copie-768x576.jpg 768w, https:\/\/www.uqac.ca\/uqactualites\/wp-content\/uploads\/2019\/05\/P1060689-copie-1536x1152.jpg 1536w, https:\/\/www.uqac.ca\/uqactualites\/wp-content\/uploads\/2019\/05\/P1060689-copie-2048x1536.jpg 2048w\" sizes=\"(max-width: 300px) 100vw, 300px\" \/><\/a>\n\t\t\t<\/div>\n\t\t\t\t<figcaption class='wp-caption-text gallery-caption' id='gallery-1-36240'>\n\t\t\t\tColloque CEF 2019\n\t\t\t\t<\/figcaption><\/figure>\n\t\t<\/div>\n\n","protected":false},"excerpt":{"rendered":"<p>L\u2019UQAC \u00e9tait l&rsquo;h\u00f4te du 1er au 3 mai 2019 du 13e colloque du Centre d&rsquo;\u00e9tudes de la for\u00eat. 175 participants, chercheurs et \u00e9tudiants, ont pu profiter de toute une programmation scientifique allant de conf\u00e9rences, tables rondes et ateliers de formation qui s\u2019est tenue sur trois jours pour une premi\u00e8re fois dans la r\u00e9gion. Pour apporter [&hellip;]<\/p>\n","protected":false},"author":5,"featured_media":36234,"comment_status":"open","ping_status":"open","sticky":false,"template":"","format":"standard","meta":{"footnotes":""},"categories":[2],"tags":[3],"yoast_head":"<!-- This site is optimized with the Yoast SEO plugin v24.2 - https:\/\/yoast.com\/wordpress\/plugins\/seo\/ -->\r\n<title>175 chercheurs r\u00e9unis \u00e0 l\u2019UQAC pour le colloque annuel du Centre d\u2019\u00e9tude de\u00a0la for\u00eat - UQACtualit\u00e9s<\/title>\r\n<meta name=\"robots\" content=\"index, follow, max-snippet:-1, max-image-preview:large, max-video-preview:-1\" \/>\r\n<link rel=\"canonical\" href=\"https:\/\/www.uqac.ca\/uqactualites\/2019\/05\/03\/175-chercheurs-reunis-a-luqac-pour-le-colloque-annuel-du-centre-detude-de-la-foret\/\" \/>\r\n<meta property=\"og:locale\" content=\"fr_CA\" \/>\r\n<meta property=\"og:type\" content=\"article\" \/>\r\n<meta property=\"og:title\" content=\"175 chercheurs r\u00e9unis \u00e0 l\u2019UQAC pour le colloque annuel du Centre d\u2019\u00e9tude de\u00a0la for\u00eat - UQACtualit\u00e9s\" \/>\r\n<meta property=\"og:description\" content=\"L\u2019UQAC \u00e9tait l&rsquo;h\u00f4te du 1er au 3 mai 2019 du 13e colloque du Centre d&rsquo;\u00e9tudes de la for\u00eat. 175 participants, chercheurs et \u00e9tudiants, ont pu profiter de toute une programmation scientifique allant de conf\u00e9rences, tables rondes et ateliers de formation qui s\u2019est tenue sur trois jours pour une premi\u00e8re fois dans la r\u00e9gion. Pour apporter [&hellip;]\" \/>\r\n<meta property=\"og:url\" content=\"https:\/\/www.uqac.ca\/uqactualites\/2019\/05\/03\/175-chercheurs-reunis-a-luqac-pour-le-colloque-annuel-du-centre-detude-de-la-foret\/\" \/>\r\n<meta property=\"og:site_name\" content=\"UQACtualit\u00e9s\" \/>\r\n<meta property=\"article:published_time\" content=\"2019-05-03T20:15:26+00:00\" \/>\r\n<meta property=\"og:image\" content=\"https:\/\/www.uqac.ca\/uqactualites\/wp-content\/uploads\/2019\/05\/DSC_7240-scaled.jpg\" \/>\r\n\t<meta property=\"og:image:width\" content=\"2560\" \/>\r\n\t<meta property=\"og:image:height\" content=\"1241\" \/>\r\n\t<meta property=\"og:image:type\" content=\"image\/jpeg\" \/>\r\n<meta name=\"author\" content=\"Service des communications et des relations publiques\" \/>\r\n<meta name=\"twitter:card\" content=\"summary_large_image\" \/>\r\n<meta name=\"twitter:label1\" content=\"\u00c9crit par\" \/>\n\t<meta name=\"twitter:data1\" content=\"Service des communications et des relations publiques\" \/>\n\t<meta name=\"twitter:label2\" content=\"Estimation du temps de lecture\" \/>\n\t<meta name=\"twitter:data2\" content=\"1 minute\" \/>\r\n<script type=\"application\/ld+json\" class=\"yoast-schema-graph\">{\"@context\":\"https:\/\/schema.org\",\"@graph\":[{\"@type\":\"WebPage\",\"@id\":\"https:\/\/www.uqac.ca\/uqactualites\/2019\/05\/03\/175-chercheurs-reunis-a-luqac-pour-le-colloque-annuel-du-centre-detude-de-la-foret\/\",\"url\":\"https:\/\/www.uqac.ca\/uqactualites\/2019\/05\/03\/175-chercheurs-reunis-a-luqac-pour-le-colloque-annuel-du-centre-detude-de-la-foret\/\",\"name\":\"175 chercheurs r\u00e9unis \u00e0 l\u2019UQAC pour le colloque annuel du Centre d\u2019\u00e9tude de\u00a0la for\u00eat - UQACtualit\u00e9s\",\"isPartOf\":{\"@id\":\"https:\/\/www.uqac.ca\/uqactualites\/#website\"},\"primaryImageOfPage\":{\"@id\":\"https:\/\/www.uqac.ca\/uqactualites\/2019\/05\/03\/175-chercheurs-reunis-a-luqac-pour-le-colloque-annuel-du-centre-detude-de-la-foret\/#primaryimage\"},\"image\":{\"@id\":\"https:\/\/www.uqac.ca\/uqactualites\/2019\/05\/03\/175-chercheurs-reunis-a-luqac-pour-le-colloque-annuel-du-centre-detude-de-la-foret\/#primaryimage\"},\"thumbnailUrl\":\"https:\/\/www.uqac.ca\/uqactualites\/wp-content\/uploads\/2019\/05\/DSC_7240-scaled.jpg\",\"datePublished\":\"2019-05-03T20:15:26+00:00\",\"dateModified\":\"2019-05-03T20:15:26+00:00\",\"author\":{\"@id\":\"https:\/\/www.uqac.ca\/uqactualites\/#\/schema\/person\/366c45a0c4f0e677b41b4af5886e2018\"},\"breadcrumb\":{\"@id\":\"https:\/\/www.uqac.ca\/uqactualites\/2019\/05\/03\/175-chercheurs-reunis-a-luqac-pour-le-colloque-annuel-du-centre-detude-de-la-foret\/#breadcrumb\"},\"inLanguage\":\"fr-CA\",\"potentialAction\":[{\"@type\":\"ReadAction\",\"target\":[\"https:\/\/www.uqac.ca\/uqactualites\/2019\/05\/03\/175-chercheurs-reunis-a-luqac-pour-le-colloque-annuel-du-centre-detude-de-la-foret\/\"]}]},{\"@type\":\"ImageObject\",\"inLanguage\":\"fr-CA\",\"@id\":\"https:\/\/www.uqac.ca\/uqactualites\/2019\/05\/03\/175-chercheurs-reunis-a-luqac-pour-le-colloque-annuel-du-centre-detude-de-la-foret\/#primaryimage\",\"url\":\"https:\/\/www.uqac.ca\/uqactualites\/wp-content\/uploads\/2019\/05\/DSC_7240-scaled.jpg\",\"contentUrl\":\"https:\/\/www.uqac.ca\/uqactualites\/wp-content\/uploads\/2019\/05\/DSC_7240-scaled.jpg\",\"width\":2560,\"height\":1241},{\"@type\":\"BreadcrumbList\",\"@id\":\"https:\/\/www.uqac.ca\/uqactualites\/2019\/05\/03\/175-chercheurs-reunis-a-luqac-pour-le-colloque-annuel-du-centre-detude-de-la-foret\/#breadcrumb\",\"itemListElement\":[{\"@type\":\"ListItem\",\"position\":1,\"name\":\"Home\",\"item\":\"https:\/\/www.uqac.ca\/uqactualites\/\"},{\"@type\":\"ListItem\",\"position\":2,\"name\":\"175 chercheurs r\u00e9unis \u00e0 l\u2019UQAC pour le colloque annuel du Centre d\u2019\u00e9tude de\u00a0la for\u00eat\"}]},{\"@type\":\"WebSite\",\"@id\":\"https:\/\/www.uqac.ca\/uqactualites\/#website\",\"url\":\"https:\/\/www.uqac.ca\/uqactualites\/\",\"name\":\"UQACtualit\u00e9s\",\"description\":\"Le portail des nouvelles de l&#039;UQAC\",\"potentialAction\":[{\"@type\":\"SearchAction\",\"target\":{\"@type\":\"EntryPoint\",\"urlTemplate\":\"https:\/\/www.uqac.ca\/uqactualites\/?s={search_term_string}\"},\"query-input\":{\"@type\":\"PropertyValueSpecification\",\"valueRequired\":true,\"valueName\":\"search_term_string\"}}],\"inLanguage\":\"fr-CA\"},{\"@type\":\"Person\",\"@id\":\"https:\/\/www.uqac.ca\/uqactualites\/#\/schema\/person\/366c45a0c4f0e677b41b4af5886e2018\",\"name\":\"Service des communications et des relations publiques\",\"image\":{\"@type\":\"ImageObject\",\"inLanguage\":\"fr-CA\",\"@id\":\"https:\/\/www.uqac.ca\/uqactualites\/#\/schema\/person\/image\/\",\"url\":\"https:\/\/secure.gravatar.com\/avatar\/20fbbda8a292f59f2d3461a5b999c00b?s=96&d=mm&r=g\",\"contentUrl\":\"https:\/\/secure.gravatar.com\/avatar\/20fbbda8a292f59f2d3461a5b999c00b?s=96&d=mm&r=g\",\"caption\":\"Service des communications et des relations publiques\"},\"url\":\"https:\/\/www.uqac.ca\/uqactualites\/author\/bap\/\"}]}<\/script>\r\n<!-- \/ Yoast SEO plugin. -->","yoast_head_json":{"title":"175 chercheurs r\u00e9unis \u00e0 l\u2019UQAC pour le colloque annuel du Centre d\u2019\u00e9tude de\u00a0la for\u00eat - UQACtualit\u00e9s","robots":{"index":"index","follow":"follow","max-snippet":"max-snippet:-1","max-image-preview":"max-image-preview:large","max-video-preview":"max-video-preview:-1"},"canonical":"https:\/\/www.uqac.ca\/uqactualites\/2019\/05\/03\/175-chercheurs-reunis-a-luqac-pour-le-colloque-annuel-du-centre-detude-de-la-foret\/","og_locale":"fr_CA","og_type":"article","og_title":"175 chercheurs r\u00e9unis \u00e0 l\u2019UQAC pour le colloque annuel du Centre d\u2019\u00e9tude de\u00a0la for\u00eat - UQACtualit\u00e9s","og_description":"L\u2019UQAC \u00e9tait l&rsquo;h\u00f4te du 1er au 3 mai 2019 du 13e colloque du Centre d&rsquo;\u00e9tudes de la for\u00eat. 175 participants, chercheurs et \u00e9tudiants, ont pu profiter de toute une programmation scientifique allant de conf\u00e9rences, tables rondes et ateliers de formation qui s\u2019est tenue sur trois jours pour une premi\u00e8re fois dans la r\u00e9gion. Pour apporter [&hellip;]","og_url":"https:\/\/www.uqac.ca\/uqactualites\/2019\/05\/03\/175-chercheurs-reunis-a-luqac-pour-le-colloque-annuel-du-centre-detude-de-la-foret\/","og_site_name":"UQACtualit\u00e9s","article_published_time":"2019-05-03T20:15:26+00:00","og_image":[{"width":2560,"height":1241,"url":"https:\/\/www.uqac.ca\/uqactualites\/wp-content\/uploads\/2019\/05\/DSC_7240-scaled.jpg","type":"image\/jpeg"}],"author":"Service des communications et des relations publiques","twitter_card":"summary_large_image","twitter_misc":{"\u00c9crit par":"Service des communications et des relations publiques","Estimation du temps de lecture":"1 minute"},"schema":{"@context":"https:\/\/schema.org","@graph":[{"@type":"WebPage","@id":"https:\/\/www.uqac.ca\/uqactualites\/2019\/05\/03\/175-chercheurs-reunis-a-luqac-pour-le-colloque-annuel-du-centre-detude-de-la-foret\/","url":"https:\/\/www.uqac.ca\/uqactualites\/2019\/05\/03\/175-chercheurs-reunis-a-luqac-pour-le-colloque-annuel-du-centre-detude-de-la-foret\/","name":"175 chercheurs r\u00e9unis \u00e0 l\u2019UQAC pour le colloque annuel du Centre d\u2019\u00e9tude de\u00a0la for\u00eat - UQACtualit\u00e9s","isPartOf":{"@id":"https:\/\/www.uqac.ca\/uqactualites\/#website"},"primaryImageOfPage":{"@id":"https:\/\/www.uqac.ca\/uqactualites\/2019\/05\/03\/175-chercheurs-reunis-a-luqac-pour-le-colloque-annuel-du-centre-detude-de-la-foret\/#primaryimage"},"image":{"@id":"https:\/\/www.uqac.ca\/uqactualites\/2019\/05\/03\/175-chercheurs-reunis-a-luqac-pour-le-colloque-annuel-du-centre-detude-de-la-foret\/#primaryimage"},"thumbnailUrl":"https:\/\/www.uqac.ca\/uqactualites\/wp-content\/uploads\/2019\/05\/DSC_7240-scaled.jpg","datePublished":"2019-05-03T20:15:26+00:00","dateModified":"2019-05-03T20:15:26+00:00","author":{"@id":"https:\/\/www.uqac.ca\/uqactualites\/#\/schema\/person\/366c45a0c4f0e677b41b4af5886e2018"},"breadcrumb":{"@id":"https:\/\/www.uqac.ca\/uqactualites\/2019\/05\/03\/175-chercheurs-reunis-a-luqac-pour-le-colloque-annuel-du-centre-detude-de-la-foret\/#breadcrumb"},"inLanguage":"fr-CA","potentialAction":[{"@type":"ReadAction","target":["https:\/\/www.uqac.ca\/uqactualites\/2019\/05\/03\/175-chercheurs-reunis-a-luqac-pour-le-colloque-annuel-du-centre-detude-de-la-foret\/"]}]},{"@type":"ImageObject","inLanguage":"fr-CA","@id":"https:\/\/www.uqac.ca\/uqactualites\/2019\/05\/03\/175-chercheurs-reunis-a-luqac-pour-le-colloque-annuel-du-centre-detude-de-la-foret\/#primaryimage","url":"https:\/\/www.uqac.ca\/uqactualites\/wp-content\/uploads\/2019\/05\/DSC_7240-scaled.jpg","contentUrl":"https:\/\/www.uqac.ca\/uqactualites\/wp-content\/uploads\/2019\/05\/DSC_7240-scaled.jpg","width":2560,"height":1241},{"@type":"BreadcrumbList","@id":"https:\/\/www.uqac.ca\/uqactualites\/2019\/05\/03\/175-chercheurs-reunis-a-luqac-pour-le-colloque-annuel-du-centre-detude-de-la-foret\/#breadcrumb","itemListElement":[{"@type":"ListItem","position":1,"name":"Home","item":"https:\/\/www.uqac.ca\/uqactualites\/"},{"@type":"ListItem","position":2,"name":"175 chercheurs r\u00e9unis \u00e0 l\u2019UQAC pour le colloque annuel du Centre d\u2019\u00e9tude de\u00a0la for\u00eat"}]},{"@type":"WebSite","@id":"https:\/\/www.uqac.ca\/uqactualites\/#website","url":"https:\/\/www.uqac.ca\/uqactualites\/","name":"UQACtualit\u00e9s","description":"Le portail des nouvelles de l&#039;UQAC","potentialAction":[{"@type":"SearchAction","target":{"@type":"EntryPoint","urlTemplate":"https:\/\/www.uqac.ca\/uqactualites\/?s={search_term_string}"},"query-input":{"@type":"PropertyValueSpecification","valueRequired":true,"valueName":"search_term_string"}}],"inLanguage":"fr-CA"},{"@type":"Person","@id":"https:\/\/www.uqac.ca\/uqactualites\/#\/schema\/person\/366c45a0c4f0e677b41b4af5886e2018","name":"Service des communications et des relations publiques","image":{"@type":"ImageObject","inLanguage":"fr-CA","@id":"https:\/\/www.uqac.ca\/uqactualites\/#\/schema\/person\/image\/","url":"https:\/\/secure.gravatar.com\/avatar\/20fbbda8a292f59f2d3461a5b999c00b?s=96&d=mm&r=g","contentUrl":"https:\/\/secure.gravatar.com\/avatar\/20fbbda8a292f59f2d3461a5b999c00b?s=96&d=mm&r=g","caption":"Service des communications et des relations publiques"},"url":"https:\/\/www.uqac.ca\/uqactualites\/author\/bap\/"}]}},"_links":{"self":[{"href":"https:\/\/www.uqac.ca\/uqactualites\/wp-json\/wp\/v2\/posts\/36233"}],"collection":[{"href":"https:\/\/www.uqac.ca\/uqactualites\/wp-json\/wp\/v2\/posts"}],"about":[{"href":"https:\/\/www.uqac.ca\/uqactualites\/wp-json\/wp\/v2\/types\/post"}],"author":[{"embeddable":true,"href":"https:\/\/www.uqac.ca\/uqactualites\/wp-json\/wp\/v2\/users\/5"}],"replies":[{"embeddable":true,"href":"https:\/\/www.uqac.ca\/uqactualites\/wp-json\/wp\/v2\/comments?post=36233"}],"version-history":[{"count":0,"href":"https:\/\/www.uqac.ca\/uqactualites\/wp-json\/wp\/v2\/posts\/36233\/revisions"}],"wp:featuredmedia":[{"embeddable":true,"href":"https:\/\/www.uqac.ca\/uqactualites\/wp-json\/wp\/v2\/media\/36234"}],"wp:attachment":[{"href":"https:\/\/www.uqac.ca\/uqactualites\/wp-json\/wp\/v2\/media?parent=36233"}],"wp:term":[{"taxonomy":"category","embeddable":true,"href":"https:\/\/www.uqac.ca\/uqactualites\/wp-json\/wp\/v2\/categories?post=36233"},{"taxonomy":"post_tag","embeddable":true,"href":"https:\/\/www.uqac.ca\/uqactualites\/wp-json\/wp\/v2\/tags?post=36233"}],"curies":[{"name":"wp","href":"https:\/\/api.w.org\/{rel}","templated":true}]}}