{"id":36244,"date":"2019-05-03T16:14:42","date_gmt":"2019-05-03T20:14:42","guid":{"rendered":"https:\/\/www.uqac.ca\/?p=36244"},"modified":"2019-05-03T16:14:42","modified_gmt":"2019-05-03T20:14:42","slug":"les-aines-au-coeur-du-13e-colloque-en-sciences-infirmieres","status":"publish","type":"post","link":"https:\/\/www.uqac.ca\/uqactualites\/2019\/05\/03\/les-aines-au-coeur-du-13e-colloque-en-sciences-infirmieres\/","title":{"rendered":"Les a\u00een\u00e9s au c\u0153ur du 13e colloque en sciences infirmi\u00e8res"},"content":{"rendered":"<p>Le 13<sup>e<\/sup> <a href=\"http:\/\/colloques.uqac.ca\/scinf\/\">colloque annuel en sciences infirmi\u00e8res<\/a> de l\u2019UQAC s\u2019est tenu le 1<sup>er<\/sup> mai dernier sous le th\u00e8me \u00ab Cultivons l\u2019excellence dans les soins aux a\u00een\u00e9s \u00bb<\/p>\n<p>300 participants, en majorit\u00e9 des infirmi\u00e8res et des infirmiers dipl\u00f4m\u00e9s, des \u00e9tudiants en soins infirmiers et des gestionnaires du r\u00e9seau des \u00e9tablissements de soins et d&rsquo;enseignement publics et priv\u00e9s de sant\u00e9 du Saguenay\u2013Lac-Saint-Jean, du Nord du Qu\u00e9bec et de la C\u00f4te-Nord. Effectivement, une vingtaine de participants ont pris part au colloque \u00e0 distance \u00e0 Baie-Comeau, Sept-\u00celes, Chibougamau, Chapais, Lebel-sur-Qu\u00e9villon et Matagami.<\/p>\n<p>Cette ann\u00e9e, pour la premi\u00e8re fois depuis sa cr\u00e9ation en 2007, le colloque \u00e9tait enti\u00e8rement consacr\u00e9 \u00e0 une client\u00e8le sp\u00e9cifique, les personnes \u00e2g\u00e9es. Les trois conf\u00e9rences principales ainsi que la majorit\u00e9 des ateliers abordaient donc ce th\u00e8me sous divers aspects.<\/p>\n<p>Le 14<sup>e<\/sup> colloque en sciences infirmi\u00e8res de l\u2019UQAC se tiendra le 29 avril 2020.<\/p>\n<p><strong>PHOTO<\/strong><br \/>\nLe comit\u00e9 organisateur du 13e colloque en sciences infirmi\u00e8res: Carole Dionne, UQAC, pr\u00e9sidente, comit\u00e9 organisateur, Isabelle Dufour, UQAC, copr\u00e9sidente, comit\u00e9 scientifique, Marie Tremblay, UQAC, copr\u00e9sidente, comit\u00e9 scientifique, Samuel B\u00e9rub\u00e9, \u00e9tudiant, UQAC, C\u00e9nia Campeau, CESAM, V\u00e9ronique Tremblay, \u00e9tudiante UQAC, Yvan Roy, consultant, Annie Tremblay, CIUSSS Saguenay\u2013Lac-Saint-Jean.<\/p>\n","protected":false},"excerpt":{"rendered":"<p>Le 13e colloque annuel en sciences infirmi\u00e8res de l\u2019UQAC s\u2019est tenu le 1er mai dernier sous le th\u00e8me \u00ab Cultivons l\u2019excellence dans les soins aux a\u00een\u00e9s \u00bb 300 participants, en majorit\u00e9 des infirmi\u00e8res et des infirmiers dipl\u00f4m\u00e9s, des \u00e9tudiants en soins infirmiers et des gestionnaires du r\u00e9seau des \u00e9tablissements de soins et d&rsquo;enseignement publics et [&hellip;]<\/p>\n","protected":false},"author":5,"featured_media":36245,"comment_status":"open","ping_status":"open","sticky":false,"template":"","format":"standard","meta":{"footnotes":""},"categories":[2],"tags":[23],"yoast_head":"<!-- This site is optimized with the Yoast SEO plugin v24.2 - https:\/\/yoast.com\/wordpress\/plugins\/seo\/ -->\r\n<title>Les a\u00een\u00e9s au c\u0153ur du 13e colloque en sciences infirmi\u00e8res - UQACtualit\u00e9s<\/title>\r\n<meta name=\"robots\" content=\"index, follow, max-snippet:-1, max-image-preview:large, max-video-preview:-1\" \/>\r\n<link rel=\"canonical\" href=\"https:\/\/www.uqac.ca\/uqactualites\/2019\/05\/03\/les-aines-au-coeur-du-13e-colloque-en-sciences-infirmieres\/\" \/>\r\n<meta property=\"og:locale\" content=\"fr_CA\" \/>\r\n<meta property=\"og:type\" content=\"article\" \/>\r\n<meta property=\"og:title\" content=\"Les a\u00een\u00e9s au c\u0153ur du 13e colloque en sciences infirmi\u00e8res - UQACtualit\u00e9s\" \/>\r\n<meta property=\"og:description\" content=\"Le 13e colloque annuel en sciences infirmi\u00e8res de l\u2019UQAC s\u2019est tenu le 1er mai dernier sous le th\u00e8me \u00ab Cultivons l\u2019excellence dans les soins aux a\u00een\u00e9s \u00bb 300 participants, en majorit\u00e9 des infirmi\u00e8res et des infirmiers dipl\u00f4m\u00e9s, des \u00e9tudiants en soins infirmiers et des gestionnaires du r\u00e9seau des \u00e9tablissements de soins et d&rsquo;enseignement publics et [&hellip;]\" \/>\r\n<meta property=\"og:url\" content=\"https:\/\/www.uqac.ca\/uqactualites\/2019\/05\/03\/les-aines-au-coeur-du-13e-colloque-en-sciences-infirmieres\/\" \/>\r\n<meta property=\"og:site_name\" content=\"UQACtualit\u00e9s\" \/>\r\n<meta property=\"article:published_time\" content=\"2019-05-03T20:14:42+00:00\" \/>\r\n<meta property=\"og:image\" content=\"https:\/\/www.uqac.ca\/uqactualites\/wp-content\/uploads\/2019\/05\/COLLOQUE-SC-INFIRMIERES-scaled.jpg\" \/>\r\n\t<meta property=\"og:image:width\" content=\"2560\" \/>\r\n\t<meta property=\"og:image:height\" content=\"1920\" \/>\r\n\t<meta property=\"og:image:type\" content=\"image\/jpeg\" \/>\r\n<meta name=\"author\" content=\"Service des communications et des relations publiques\" \/>\r\n<meta name=\"twitter:card\" content=\"summary_large_image\" \/>\r\n<meta name=\"twitter:label1\" content=\"\u00c9crit par\" \/>\n\t<meta name=\"twitter:data1\" content=\"Service des communications et des relations publiques\" \/>\n\t<meta name=\"twitter:label2\" content=\"Estimation du temps de lecture\" \/>\n\t<meta name=\"twitter:data2\" content=\"1 minute\" \/>\r\n<script type=\"application\/ld+json\" class=\"yoast-schema-graph\">{\"@context\":\"https:\/\/schema.org\",\"@graph\":[{\"@type\":\"WebPage\",\"@id\":\"https:\/\/www.uqac.ca\/uqactualites\/2019\/05\/03\/les-aines-au-coeur-du-13e-colloque-en-sciences-infirmieres\/\",\"url\":\"https:\/\/www.uqac.ca\/uqactualites\/2019\/05\/03\/les-aines-au-coeur-du-13e-colloque-en-sciences-infirmieres\/\",\"name\":\"Les a\u00een\u00e9s au c\u0153ur du 13e colloque en sciences infirmi\u00e8res - UQACtualit\u00e9s\",\"isPartOf\":{\"@id\":\"https:\/\/www.uqac.ca\/uqactualites\/#website\"},\"primaryImageOfPage\":{\"@id\":\"https:\/\/www.uqac.ca\/uqactualites\/2019\/05\/03\/les-aines-au-coeur-du-13e-colloque-en-sciences-infirmieres\/#primaryimage\"},\"image\":{\"@id\":\"https:\/\/www.uqac.ca\/uqactualites\/2019\/05\/03\/les-aines-au-coeur-du-13e-colloque-en-sciences-infirmieres\/#primaryimage\"},\"thumbnailUrl\":\"https:\/\/www.uqac.ca\/uqactualites\/wp-content\/uploads\/2019\/05\/COLLOQUE-SC-INFIRMIERES-scaled.jpg\",\"datePublished\":\"2019-05-03T20:14:42+00:00\",\"dateModified\":\"2019-05-03T20:14:42+00:00\",\"author\":{\"@id\":\"https:\/\/www.uqac.ca\/uqactualites\/#\/schema\/person\/366c45a0c4f0e677b41b4af5886e2018\"},\"breadcrumb\":{\"@id\":\"https:\/\/www.uqac.ca\/uqactualites\/2019\/05\/03\/les-aines-au-coeur-du-13e-colloque-en-sciences-infirmieres\/#breadcrumb\"},\"inLanguage\":\"fr-CA\",\"potentialAction\":[{\"@type\":\"ReadAction\",\"target\":[\"https:\/\/www.uqac.ca\/uqactualites\/2019\/05\/03\/les-aines-au-coeur-du-13e-colloque-en-sciences-infirmieres\/\"]}]},{\"@type\":\"ImageObject\",\"inLanguage\":\"fr-CA\",\"@id\":\"https:\/\/www.uqac.ca\/uqactualites\/2019\/05\/03\/les-aines-au-coeur-du-13e-colloque-en-sciences-infirmieres\/#primaryimage\",\"url\":\"https:\/\/www.uqac.ca\/uqactualites\/wp-content\/uploads\/2019\/05\/COLLOQUE-SC-INFIRMIERES-scaled.jpg\",\"contentUrl\":\"https:\/\/www.uqac.ca\/uqactualites\/wp-content\/uploads\/2019\/05\/COLLOQUE-SC-INFIRMIERES-scaled.jpg\",\"width\":2560,\"height\":1920},{\"@type\":\"BreadcrumbList\",\"@id\":\"https:\/\/www.uqac.ca\/uqactualites\/2019\/05\/03\/les-aines-au-coeur-du-13e-colloque-en-sciences-infirmieres\/#breadcrumb\",\"itemListElement\":[{\"@type\":\"ListItem\",\"position\":1,\"name\":\"Home\",\"item\":\"https:\/\/www.uqac.ca\/uqactualites\/\"},{\"@type\":\"ListItem\",\"position\":2,\"name\":\"Les a\u00een\u00e9s au c\u0153ur du 13e colloque en sciences infirmi\u00e8res\"}]},{\"@type\":\"WebSite\",\"@id\":\"https:\/\/www.uqac.ca\/uqactualites\/#website\",\"url\":\"https:\/\/www.uqac.ca\/uqactualites\/\",\"name\":\"UQACtualit\u00e9s\",\"description\":\"Le portail des nouvelles de l&#039;UQAC\",\"potentialAction\":[{\"@type\":\"SearchAction\",\"target\":{\"@type\":\"EntryPoint\",\"urlTemplate\":\"https:\/\/www.uqac.ca\/uqactualites\/?s={search_term_string}\"},\"query-input\":{\"@type\":\"PropertyValueSpecification\",\"valueRequired\":true,\"valueName\":\"search_term_string\"}}],\"inLanguage\":\"fr-CA\"},{\"@type\":\"Person\",\"@id\":\"https:\/\/www.uqac.ca\/uqactualites\/#\/schema\/person\/366c45a0c4f0e677b41b4af5886e2018\",\"name\":\"Service des communications et des relations publiques\",\"image\":{\"@type\":\"ImageObject\",\"inLanguage\":\"fr-CA\",\"@id\":\"https:\/\/www.uqac.ca\/uqactualites\/#\/schema\/person\/image\/\",\"url\":\"https:\/\/secure.gravatar.com\/avatar\/20fbbda8a292f59f2d3461a5b999c00b?s=96&d=mm&r=g\",\"contentUrl\":\"https:\/\/secure.gravatar.com\/avatar\/20fbbda8a292f59f2d3461a5b999c00b?s=96&d=mm&r=g\",\"caption\":\"Service des communications et des relations publiques\"},\"url\":\"https:\/\/www.uqac.ca\/uqactualites\/author\/bap\/\"}]}<\/script>\r\n<!-- \/ Yoast SEO plugin. -->","yoast_head_json":{"title":"Les a\u00een\u00e9s au c\u0153ur du 13e colloque en sciences infirmi\u00e8res - UQACtualit\u00e9s","robots":{"index":"index","follow":"follow","max-snippet":"max-snippet:-1","max-image-preview":"max-image-preview:large","max-video-preview":"max-video-preview:-1"},"canonical":"https:\/\/www.uqac.ca\/uqactualites\/2019\/05\/03\/les-aines-au-coeur-du-13e-colloque-en-sciences-infirmieres\/","og_locale":"fr_CA","og_type":"article","og_title":"Les a\u00een\u00e9s au c\u0153ur du 13e colloque en sciences infirmi\u00e8res - UQACtualit\u00e9s","og_description":"Le 13e colloque annuel en sciences infirmi\u00e8res de l\u2019UQAC s\u2019est tenu le 1er mai dernier sous le th\u00e8me \u00ab Cultivons l\u2019excellence dans les soins aux a\u00een\u00e9s \u00bb 300 participants, en majorit\u00e9 des infirmi\u00e8res et des infirmiers dipl\u00f4m\u00e9s, des \u00e9tudiants en soins infirmiers et des gestionnaires du r\u00e9seau des \u00e9tablissements de soins et d&rsquo;enseignement publics et [&hellip;]","og_url":"https:\/\/www.uqac.ca\/uqactualites\/2019\/05\/03\/les-aines-au-coeur-du-13e-colloque-en-sciences-infirmieres\/","og_site_name":"UQACtualit\u00e9s","article_published_time":"2019-05-03T20:14:42+00:00","og_image":[{"width":2560,"height":1920,"url":"https:\/\/www.uqac.ca\/uqactualites\/wp-content\/uploads\/2019\/05\/COLLOQUE-SC-INFIRMIERES-scaled.jpg","type":"image\/jpeg"}],"author":"Service des communications et des relations publiques","twitter_card":"summary_large_image","twitter_misc":{"\u00c9crit par":"Service des communications et des relations publiques","Estimation du temps de lecture":"1 minute"},"schema":{"@context":"https:\/\/schema.org","@graph":[{"@type":"WebPage","@id":"https:\/\/www.uqac.ca\/uqactualites\/2019\/05\/03\/les-aines-au-coeur-du-13e-colloque-en-sciences-infirmieres\/","url":"https:\/\/www.uqac.ca\/uqactualites\/2019\/05\/03\/les-aines-au-coeur-du-13e-colloque-en-sciences-infirmieres\/","name":"Les a\u00een\u00e9s au c\u0153ur du 13e colloque en sciences infirmi\u00e8res - UQACtualit\u00e9s","isPartOf":{"@id":"https:\/\/www.uqac.ca\/uqactualites\/#website"},"primaryImageOfPage":{"@id":"https:\/\/www.uqac.ca\/uqactualites\/2019\/05\/03\/les-aines-au-coeur-du-13e-colloque-en-sciences-infirmieres\/#primaryimage"},"image":{"@id":"https:\/\/www.uqac.ca\/uqactualites\/2019\/05\/03\/les-aines-au-coeur-du-13e-colloque-en-sciences-infirmieres\/#primaryimage"},"thumbnailUrl":"https:\/\/www.uqac.ca\/uqactualites\/wp-content\/uploads\/2019\/05\/COLLOQUE-SC-INFIRMIERES-scaled.jpg","datePublished":"2019-05-03T20:14:42+00:00","dateModified":"2019-05-03T20:14:42+00:00","author":{"@id":"https:\/\/www.uqac.ca\/uqactualites\/#\/schema\/person\/366c45a0c4f0e677b41b4af5886e2018"},"breadcrumb":{"@id":"https:\/\/www.uqac.ca\/uqactualites\/2019\/05\/03\/les-aines-au-coeur-du-13e-colloque-en-sciences-infirmieres\/#breadcrumb"},"inLanguage":"fr-CA","potentialAction":[{"@type":"ReadAction","target":["https:\/\/www.uqac.ca\/uqactualites\/2019\/05\/03\/les-aines-au-coeur-du-13e-colloque-en-sciences-infirmieres\/"]}]},{"@type":"ImageObject","inLanguage":"fr-CA","@id":"https:\/\/www.uqac.ca\/uqactualites\/2019\/05\/03\/les-aines-au-coeur-du-13e-colloque-en-sciences-infirmieres\/#primaryimage","url":"https:\/\/www.uqac.ca\/uqactualites\/wp-content\/uploads\/2019\/05\/COLLOQUE-SC-INFIRMIERES-scaled.jpg","contentUrl":"https:\/\/www.uqac.ca\/uqactualites\/wp-content\/uploads\/2019\/05\/COLLOQUE-SC-INFIRMIERES-scaled.jpg","width":2560,"height":1920},{"@type":"BreadcrumbList","@id":"https:\/\/www.uqac.ca\/uqactualites\/2019\/05\/03\/les-aines-au-coeur-du-13e-colloque-en-sciences-infirmieres\/#breadcrumb","itemListElement":[{"@type":"ListItem","position":1,"name":"Home","item":"https:\/\/www.uqac.ca\/uqactualites\/"},{"@type":"ListItem","position":2,"name":"Les a\u00een\u00e9s au c\u0153ur du 13e colloque en sciences infirmi\u00e8res"}]},{"@type":"WebSite","@id":"https:\/\/www.uqac.ca\/uqactualites\/#website","url":"https:\/\/www.uqac.ca\/uqactualites\/","name":"UQACtualit\u00e9s","description":"Le portail des nouvelles de l&#039;UQAC","potentialAction":[{"@type":"SearchAction","target":{"@type":"EntryPoint","urlTemplate":"https:\/\/www.uqac.ca\/uqactualites\/?s={search_term_string}"},"query-input":{"@type":"PropertyValueSpecification","valueRequired":true,"valueName":"search_term_string"}}],"inLanguage":"fr-CA"},{"@type":"Person","@id":"https:\/\/www.uqac.ca\/uqactualites\/#\/schema\/person\/366c45a0c4f0e677b41b4af5886e2018","name":"Service des communications et des relations publiques","image":{"@type":"ImageObject","inLanguage":"fr-CA","@id":"https:\/\/www.uqac.ca\/uqactualites\/#\/schema\/person\/image\/","url":"https:\/\/secure.gravatar.com\/avatar\/20fbbda8a292f59f2d3461a5b999c00b?s=96&d=mm&r=g","contentUrl":"https:\/\/secure.gravatar.com\/avatar\/20fbbda8a292f59f2d3461a5b999c00b?s=96&d=mm&r=g","caption":"Service des communications et des relations publiques"},"url":"https:\/\/www.uqac.ca\/uqactualites\/author\/bap\/"}]}},"_links":{"self":[{"href":"https:\/\/www.uqac.ca\/uqactualites\/wp-json\/wp\/v2\/posts\/36244"}],"collection":[{"href":"https:\/\/www.uqac.ca\/uqactualites\/wp-json\/wp\/v2\/posts"}],"about":[{"href":"https:\/\/www.uqac.ca\/uqactualites\/wp-json\/wp\/v2\/types\/post"}],"author":[{"embeddable":true,"href":"https:\/\/www.uqac.ca\/uqactualites\/wp-json\/wp\/v2\/users\/5"}],"replies":[{"embeddable":true,"href":"https:\/\/www.uqac.ca\/uqactualites\/wp-json\/wp\/v2\/comments?post=36244"}],"version-history":[{"count":0,"href":"https:\/\/www.uqac.ca\/uqactualites\/wp-json\/wp\/v2\/posts\/36244\/revisions"}],"wp:featuredmedia":[{"embeddable":true,"href":"https:\/\/www.uqac.ca\/uqactualites\/wp-json\/wp\/v2\/media\/36245"}],"wp:attachment":[{"href":"https:\/\/www.uqac.ca\/uqactualites\/wp-json\/wp\/v2\/media?parent=36244"}],"wp:term":[{"taxonomy":"category","embeddable":true,"href":"https:\/\/www.uqac.ca\/uqactualites\/wp-json\/wp\/v2\/categories?post=36244"},{"taxonomy":"post_tag","embeddable":true,"href":"https:\/\/www.uqac.ca\/uqactualites\/wp-json\/wp\/v2\/tags?post=36244"}],"curies":[{"name":"wp","href":"https:\/\/api.w.org\/{rel}","templated":true}]}}