{"id":36294,"date":"2019-05-13T09:30:05","date_gmt":"2019-05-13T13:30:05","guid":{"rendered":"https:\/\/www.uqac.ca\/?p=36294"},"modified":"2019-05-13T09:30:05","modified_gmt":"2019-05-13T13:30:05","slug":"luqac-finaliste-a-la-preuve-par-limage","status":"publish","type":"post","link":"https:\/\/www.uqac.ca\/uqactualites\/2019\/05\/13\/luqac-finaliste-a-la-preuve-par-limage\/","title":{"rendered":"L&rsquo;UQAC\u00a0FINALISTE \u00c0 &laquo;LA PREUVE PAR l\u2019IMAGE&raquo;!"},"content":{"rendered":"<p>&nbsp;<\/p>\n<p>Depuis plusieurs ann\u00e9es, l\u2019association francophone pour le savoir (ACFAS) et le CNRS proposent un concours qui met en vedette des images issues de la recherche scientifique\u00a0: la preuve par l\u2019image. L\u2019objectif du concours est de promouvoir la recherche d\u2019ici et de susciter le d\u00e9sir du savoir scientifique du public gr\u00e2ce aux images qui r\u00e9sultent des travaux scientifiques des participants.<\/p>\n<p>&nbsp;<\/p>\n<p>L\u2019\u00e9tudiante \u00e0 la ma\u00eetrise en ressources renouvelables \u00e0 l\u2019UQAC, Janie Lavoie, supervis\u00e9e par Hubert Morin et Miguel Montoro Girona, a \u00e9t\u00e9 s\u00e9lectionn\u00e9e pour faire partie des 20 finalistes au concours \u00ab\u2009La Preuve par l\u2019image\u2009\u00bb avec sa photographie intitul\u00e9e \u00ab\u2009Vol au-dessus d\u2019un nid de tordeuse\u2009\u00bb. Cette derni\u00e8re d\u00e9montre les dommages occasionn\u00e9s par la tordeuse des bourgeons de l\u2019\u00e9pinette lors de son passage.<\/p>\n<p>&nbsp;<\/p>\n<p>Pour donner plus de visibilit\u00e9 \u00e0 la recherche en foresterie de l&rsquo;UQAC\u00a0et pour courir la chance de gagner des prix de participations\u00a0:<\/p>\n<p><span style=\"font-family: 'Calibri',sans-serif; color: black;\"><a href=\"https:\/\/ici.radio-canada.ca\/concours\/la_preuve_par_l_image\/2019\/?fbclid=IwAR0QKvLBZu9JroIT0MjqlsLBP2TeHPNeUmKXMV53Zh7Uo64gsWP_vwng3NI\" target=\"_blank\" rel=\"noopener\">https:\/\/ici.radio-canada.ca\/concours\/la_preuve_par_l_image\/2019\/?fbclid=IwAR0QKvLBZu9JroIT0MjqlsLBP2TeHPNeUmKXMV53Zh7Uo64gsWP_vwng3NI<\/a><\/span><\/p>\n<p>&nbsp;<\/p>\n<p>Votez en grand nombre pour Janie (photo # 20)<\/p>\n<p>&nbsp;<\/p>\n","protected":false},"excerpt":{"rendered":"<p>&nbsp; Depuis plusieurs ann\u00e9es, l\u2019association francophone pour le savoir (ACFAS) et le CNRS proposent un concours qui met en vedette des images issues de la recherche scientifique\u00a0: la preuve par l\u2019image. L\u2019objectif du concours est de promouvoir la recherche d\u2019ici et de susciter le d\u00e9sir du savoir scientifique du public gr\u00e2ce aux images qui r\u00e9sultent [&hellip;]<\/p>\n","protected":false},"author":5,"featured_media":36295,"comment_status":"open","ping_status":"open","sticky":false,"template":"","format":"standard","meta":{"footnotes":""},"categories":[2],"tags":[67,3,419,420,297,421],"yoast_head":"<!-- This site is optimized with the Yoast SEO plugin v24.2 - https:\/\/yoast.com\/wordpress\/plugins\/seo\/ -->\r\n<title>L&#039;UQAC\u00a0FINALISTE \u00c0 &quot;LA PREUVE PAR l\u2019IMAGE&quot;! - UQACtualit\u00e9s<\/title>\r\n<meta name=\"robots\" content=\"index, follow, max-snippet:-1, max-image-preview:large, max-video-preview:-1\" \/>\r\n<link rel=\"canonical\" href=\"https:\/\/www.uqac.ca\/uqactualites\/2019\/05\/13\/luqac-finaliste-a-la-preuve-par-limage\/\" \/>\r\n<meta property=\"og:locale\" content=\"fr_CA\" \/>\r\n<meta property=\"og:type\" content=\"article\" \/>\r\n<meta property=\"og:title\" content=\"L&#039;UQAC\u00a0FINALISTE \u00c0 &quot;LA PREUVE PAR l\u2019IMAGE&quot;! - UQACtualit\u00e9s\" \/>\r\n<meta property=\"og:description\" content=\"&nbsp; Depuis plusieurs ann\u00e9es, l\u2019association francophone pour le savoir (ACFAS) et le CNRS proposent un concours qui met en vedette des images issues de la recherche scientifique\u00a0: la preuve par l\u2019image. L\u2019objectif du concours est de promouvoir la recherche d\u2019ici et de susciter le d\u00e9sir du savoir scientifique du public gr\u00e2ce aux images qui r\u00e9sultent [&hellip;]\" \/>\r\n<meta property=\"og:url\" content=\"https:\/\/www.uqac.ca\/uqactualites\/2019\/05\/13\/luqac-finaliste-a-la-preuve-par-limage\/\" \/>\r\n<meta property=\"og:site_name\" content=\"UQACtualit\u00e9s\" \/>\r\n<meta property=\"article:published_time\" content=\"2019-05-13T13:30:05+00:00\" \/>\r\n<meta property=\"og:image\" content=\"https:\/\/www.uqac.ca\/uqactualites\/wp-content\/uploads\/2019\/05\/preuveparlimage.png\" \/>\r\n\t<meta property=\"og:image:width\" content=\"1000\" \/>\r\n\t<meta property=\"og:image:height\" content=\"655\" \/>\r\n\t<meta property=\"og:image:type\" content=\"image\/png\" \/>\r\n<meta name=\"author\" content=\"Service des communications et des relations publiques\" \/>\r\n<meta name=\"twitter:card\" content=\"summary_large_image\" \/>\r\n<meta name=\"twitter:label1\" content=\"\u00c9crit par\" \/>\n\t<meta name=\"twitter:data1\" content=\"Service des communications et des relations publiques\" \/>\n\t<meta name=\"twitter:label2\" content=\"Estimation du temps de lecture\" \/>\n\t<meta name=\"twitter:data2\" content=\"1 minute\" \/>\r\n<script type=\"application\/ld+json\" class=\"yoast-schema-graph\">{\"@context\":\"https:\/\/schema.org\",\"@graph\":[{\"@type\":\"WebPage\",\"@id\":\"https:\/\/www.uqac.ca\/uqactualites\/2019\/05\/13\/luqac-finaliste-a-la-preuve-par-limage\/\",\"url\":\"https:\/\/www.uqac.ca\/uqactualites\/2019\/05\/13\/luqac-finaliste-a-la-preuve-par-limage\/\",\"name\":\"L'UQAC\u00a0FINALISTE \u00c0 \\\"LA PREUVE PAR l\u2019IMAGE\\\"! - UQACtualit\u00e9s\",\"isPartOf\":{\"@id\":\"https:\/\/www.uqac.ca\/uqactualites\/#website\"},\"primaryImageOfPage\":{\"@id\":\"https:\/\/www.uqac.ca\/uqactualites\/2019\/05\/13\/luqac-finaliste-a-la-preuve-par-limage\/#primaryimage\"},\"image\":{\"@id\":\"https:\/\/www.uqac.ca\/uqactualites\/2019\/05\/13\/luqac-finaliste-a-la-preuve-par-limage\/#primaryimage\"},\"thumbnailUrl\":\"https:\/\/www.uqac.ca\/uqactualites\/wp-content\/uploads\/2019\/05\/preuveparlimage.png\",\"datePublished\":\"2019-05-13T13:30:05+00:00\",\"dateModified\":\"2019-05-13T13:30:05+00:00\",\"author\":{\"@id\":\"https:\/\/www.uqac.ca\/uqactualites\/#\/schema\/person\/366c45a0c4f0e677b41b4af5886e2018\"},\"breadcrumb\":{\"@id\":\"https:\/\/www.uqac.ca\/uqactualites\/2019\/05\/13\/luqac-finaliste-a-la-preuve-par-limage\/#breadcrumb\"},\"inLanguage\":\"fr-CA\",\"potentialAction\":[{\"@type\":\"ReadAction\",\"target\":[\"https:\/\/www.uqac.ca\/uqactualites\/2019\/05\/13\/luqac-finaliste-a-la-preuve-par-limage\/\"]}]},{\"@type\":\"ImageObject\",\"inLanguage\":\"fr-CA\",\"@id\":\"https:\/\/www.uqac.ca\/uqactualites\/2019\/05\/13\/luqac-finaliste-a-la-preuve-par-limage\/#primaryimage\",\"url\":\"https:\/\/www.uqac.ca\/uqactualites\/wp-content\/uploads\/2019\/05\/preuveparlimage.png\",\"contentUrl\":\"https:\/\/www.uqac.ca\/uqactualites\/wp-content\/uploads\/2019\/05\/preuveparlimage.png\",\"width\":1000,\"height\":655},{\"@type\":\"BreadcrumbList\",\"@id\":\"https:\/\/www.uqac.ca\/uqactualites\/2019\/05\/13\/luqac-finaliste-a-la-preuve-par-limage\/#breadcrumb\",\"itemListElement\":[{\"@type\":\"ListItem\",\"position\":1,\"name\":\"Home\",\"item\":\"https:\/\/www.uqac.ca\/uqactualites\/\"},{\"@type\":\"ListItem\",\"position\":2,\"name\":\"L&rsquo;UQAC\u00a0FINALISTE \u00c0 &laquo;LA PREUVE PAR l\u2019IMAGE&raquo;!\"}]},{\"@type\":\"WebSite\",\"@id\":\"https:\/\/www.uqac.ca\/uqactualites\/#website\",\"url\":\"https:\/\/www.uqac.ca\/uqactualites\/\",\"name\":\"UQACtualit\u00e9s\",\"description\":\"Le portail des nouvelles de l&#039;UQAC\",\"potentialAction\":[{\"@type\":\"SearchAction\",\"target\":{\"@type\":\"EntryPoint\",\"urlTemplate\":\"https:\/\/www.uqac.ca\/uqactualites\/?s={search_term_string}\"},\"query-input\":{\"@type\":\"PropertyValueSpecification\",\"valueRequired\":true,\"valueName\":\"search_term_string\"}}],\"inLanguage\":\"fr-CA\"},{\"@type\":\"Person\",\"@id\":\"https:\/\/www.uqac.ca\/uqactualites\/#\/schema\/person\/366c45a0c4f0e677b41b4af5886e2018\",\"name\":\"Service des communications et des relations publiques\",\"image\":{\"@type\":\"ImageObject\",\"inLanguage\":\"fr-CA\",\"@id\":\"https:\/\/www.uqac.ca\/uqactualites\/#\/schema\/person\/image\/\",\"url\":\"https:\/\/secure.gravatar.com\/avatar\/20fbbda8a292f59f2d3461a5b999c00b?s=96&d=mm&r=g\",\"contentUrl\":\"https:\/\/secure.gravatar.com\/avatar\/20fbbda8a292f59f2d3461a5b999c00b?s=96&d=mm&r=g\",\"caption\":\"Service des communications et des relations publiques\"},\"url\":\"https:\/\/www.uqac.ca\/uqactualites\/author\/bap\/\"}]}<\/script>\r\n<!-- \/ Yoast SEO plugin. -->","yoast_head_json":{"title":"L'UQAC\u00a0FINALISTE \u00c0 \"LA PREUVE PAR l\u2019IMAGE\"! - UQACtualit\u00e9s","robots":{"index":"index","follow":"follow","max-snippet":"max-snippet:-1","max-image-preview":"max-image-preview:large","max-video-preview":"max-video-preview:-1"},"canonical":"https:\/\/www.uqac.ca\/uqactualites\/2019\/05\/13\/luqac-finaliste-a-la-preuve-par-limage\/","og_locale":"fr_CA","og_type":"article","og_title":"L'UQAC\u00a0FINALISTE \u00c0 \"LA PREUVE PAR l\u2019IMAGE\"! - UQACtualit\u00e9s","og_description":"&nbsp; Depuis plusieurs ann\u00e9es, l\u2019association francophone pour le savoir (ACFAS) et le CNRS proposent un concours qui met en vedette des images issues de la recherche scientifique\u00a0: la preuve par l\u2019image. L\u2019objectif du concours est de promouvoir la recherche d\u2019ici et de susciter le d\u00e9sir du savoir scientifique du public gr\u00e2ce aux images qui r\u00e9sultent [&hellip;]","og_url":"https:\/\/www.uqac.ca\/uqactualites\/2019\/05\/13\/luqac-finaliste-a-la-preuve-par-limage\/","og_site_name":"UQACtualit\u00e9s","article_published_time":"2019-05-13T13:30:05+00:00","og_image":[{"width":1000,"height":655,"url":"https:\/\/www.uqac.ca\/uqactualites\/wp-content\/uploads\/2019\/05\/preuveparlimage.png","type":"image\/png"}],"author":"Service des communications et des relations publiques","twitter_card":"summary_large_image","twitter_misc":{"\u00c9crit par":"Service des communications et des relations publiques","Estimation du temps de lecture":"1 minute"},"schema":{"@context":"https:\/\/schema.org","@graph":[{"@type":"WebPage","@id":"https:\/\/www.uqac.ca\/uqactualites\/2019\/05\/13\/luqac-finaliste-a-la-preuve-par-limage\/","url":"https:\/\/www.uqac.ca\/uqactualites\/2019\/05\/13\/luqac-finaliste-a-la-preuve-par-limage\/","name":"L'UQAC\u00a0FINALISTE \u00c0 \"LA PREUVE PAR l\u2019IMAGE\"! - UQACtualit\u00e9s","isPartOf":{"@id":"https:\/\/www.uqac.ca\/uqactualites\/#website"},"primaryImageOfPage":{"@id":"https:\/\/www.uqac.ca\/uqactualites\/2019\/05\/13\/luqac-finaliste-a-la-preuve-par-limage\/#primaryimage"},"image":{"@id":"https:\/\/www.uqac.ca\/uqactualites\/2019\/05\/13\/luqac-finaliste-a-la-preuve-par-limage\/#primaryimage"},"thumbnailUrl":"https:\/\/www.uqac.ca\/uqactualites\/wp-content\/uploads\/2019\/05\/preuveparlimage.png","datePublished":"2019-05-13T13:30:05+00:00","dateModified":"2019-05-13T13:30:05+00:00","author":{"@id":"https:\/\/www.uqac.ca\/uqactualites\/#\/schema\/person\/366c45a0c4f0e677b41b4af5886e2018"},"breadcrumb":{"@id":"https:\/\/www.uqac.ca\/uqactualites\/2019\/05\/13\/luqac-finaliste-a-la-preuve-par-limage\/#breadcrumb"},"inLanguage":"fr-CA","potentialAction":[{"@type":"ReadAction","target":["https:\/\/www.uqac.ca\/uqactualites\/2019\/05\/13\/luqac-finaliste-a-la-preuve-par-limage\/"]}]},{"@type":"ImageObject","inLanguage":"fr-CA","@id":"https:\/\/www.uqac.ca\/uqactualites\/2019\/05\/13\/luqac-finaliste-a-la-preuve-par-limage\/#primaryimage","url":"https:\/\/www.uqac.ca\/uqactualites\/wp-content\/uploads\/2019\/05\/preuveparlimage.png","contentUrl":"https:\/\/www.uqac.ca\/uqactualites\/wp-content\/uploads\/2019\/05\/preuveparlimage.png","width":1000,"height":655},{"@type":"BreadcrumbList","@id":"https:\/\/www.uqac.ca\/uqactualites\/2019\/05\/13\/luqac-finaliste-a-la-preuve-par-limage\/#breadcrumb","itemListElement":[{"@type":"ListItem","position":1,"name":"Home","item":"https:\/\/www.uqac.ca\/uqactualites\/"},{"@type":"ListItem","position":2,"name":"L&rsquo;UQAC\u00a0FINALISTE \u00c0 &laquo;LA PREUVE PAR l\u2019IMAGE&raquo;!"}]},{"@type":"WebSite","@id":"https:\/\/www.uqac.ca\/uqactualites\/#website","url":"https:\/\/www.uqac.ca\/uqactualites\/","name":"UQACtualit\u00e9s","description":"Le portail des nouvelles de l&#039;UQAC","potentialAction":[{"@type":"SearchAction","target":{"@type":"EntryPoint","urlTemplate":"https:\/\/www.uqac.ca\/uqactualites\/?s={search_term_string}"},"query-input":{"@type":"PropertyValueSpecification","valueRequired":true,"valueName":"search_term_string"}}],"inLanguage":"fr-CA"},{"@type":"Person","@id":"https:\/\/www.uqac.ca\/uqactualites\/#\/schema\/person\/366c45a0c4f0e677b41b4af5886e2018","name":"Service des communications et des relations publiques","image":{"@type":"ImageObject","inLanguage":"fr-CA","@id":"https:\/\/www.uqac.ca\/uqactualites\/#\/schema\/person\/image\/","url":"https:\/\/secure.gravatar.com\/avatar\/20fbbda8a292f59f2d3461a5b999c00b?s=96&d=mm&r=g","contentUrl":"https:\/\/secure.gravatar.com\/avatar\/20fbbda8a292f59f2d3461a5b999c00b?s=96&d=mm&r=g","caption":"Service des communications et des relations publiques"},"url":"https:\/\/www.uqac.ca\/uqactualites\/author\/bap\/"}]}},"_links":{"self":[{"href":"https:\/\/www.uqac.ca\/uqactualites\/wp-json\/wp\/v2\/posts\/36294"}],"collection":[{"href":"https:\/\/www.uqac.ca\/uqactualites\/wp-json\/wp\/v2\/posts"}],"about":[{"href":"https:\/\/www.uqac.ca\/uqactualites\/wp-json\/wp\/v2\/types\/post"}],"author":[{"embeddable":true,"href":"https:\/\/www.uqac.ca\/uqactualites\/wp-json\/wp\/v2\/users\/5"}],"replies":[{"embeddable":true,"href":"https:\/\/www.uqac.ca\/uqactualites\/wp-json\/wp\/v2\/comments?post=36294"}],"version-history":[{"count":0,"href":"https:\/\/www.uqac.ca\/uqactualites\/wp-json\/wp\/v2\/posts\/36294\/revisions"}],"wp:featuredmedia":[{"embeddable":true,"href":"https:\/\/www.uqac.ca\/uqactualites\/wp-json\/wp\/v2\/media\/36295"}],"wp:attachment":[{"href":"https:\/\/www.uqac.ca\/uqactualites\/wp-json\/wp\/v2\/media?parent=36294"}],"wp:term":[{"taxonomy":"category","embeddable":true,"href":"https:\/\/www.uqac.ca\/uqactualites\/wp-json\/wp\/v2\/categories?post=36294"},{"taxonomy":"post_tag","embeddable":true,"href":"https:\/\/www.uqac.ca\/uqactualites\/wp-json\/wp\/v2\/tags?post=36294"}],"curies":[{"name":"wp","href":"https:\/\/api.w.org\/{rel}","templated":true}]}}