{"id":36325,"date":"2019-05-17T14:39:28","date_gmt":"2019-05-17T18:39:28","guid":{"rendered":"https:\/\/www.uqac.ca\/?p=36325"},"modified":"2019-05-17T14:39:28","modified_gmt":"2019-05-17T18:39:28","slug":"une-presence-remarquee-de-lequipe-de-hockey-des-employes-de-luqac-a-trois-rivieres","status":"publish","type":"post","link":"https:\/\/www.uqac.ca\/uqactualites\/2019\/05\/17\/une-presence-remarquee-de-lequipe-de-hockey-des-employes-de-luqac-a-trois-rivieres\/","title":{"rendered":"Une pr\u00e9sence remarqu\u00e9e de l\u2019\u00e9quipe de hockey des employ\u00e9s de l\u2019UQAC \u00e0 Trois-Rivi\u00e8res"},"content":{"rendered":"<p>L\u2019\u00e9quipe de hockey des employ\u00e9s de l\u2019UQAC a particip\u00e9 au <em>Tournoi annuel de hockey des employ\u00e9s d\u2019universit\u00e9 et de c\u00e9gep<\/em> qui se tenait \u00e0 Trois-Rivi\u00e8res les 10 et 11 mai dernier.<\/p>\n<p>Cette ann\u00e9e, la participation de l\u2019\u00e9quipe s\u2019est faite sous le signe du 50<sup>e<\/sup> anniversaire de l\u2019UQAC. Lors du discours protocolaire, il a \u00e9t\u00e9 soulign\u00e9 que l\u2019\u00e9quipe de hockey des employ\u00e9s est l\u2019une des plus vieilles traditions de notre jeune institution qui c\u00e9l\u00e8bre ses 50 ans. L\u2019UQAC est l\u2019une des \u00e9quipes fondatrices de ce tournoi et y participe tous les ans depuis plus de 30 ans gr\u00e2ce au support assidu de l\u2019Universit\u00e9.<\/p>\n<p>F\u00e9licitations \u00e0 tous les membres de l\u2019\u00e9quipe qui ont repr\u00e9sent\u00e9 l\u2019UQAC avec beaucoup de fiert\u00e9 lors de cette \u00e9dition 2019.<\/p>\n<p>Dans l\u2019ordre habituel\u00a0:<\/p>\n<p>Debout\u00a0: Fran\u00e7ois C\u00f4t\u00e9 (SAE), Maxime Par\u00e9 (DSF), Pascal Sirois (DSF), Dany Savard (DSA), Jean-S\u00e9bastien Girard (STI), Dick Michaud (SIE), Stevens Bergeron (SIE), Martin Corneau (DSE), \u00c9ric Gagnon (SIE), Maxime Boivin (DSHS), Patrice S\u00e9guin (SAE)<\/p>\n<p>\u00c0 genoux\u00a0: Serge Couture (DSS), Mathieu Blackburn (SIE), Pierre-Luc Dessureault (DSF), St\u00e9phan Tremblay (SIE)<\/p>\n<p>&nbsp;<\/p>\n<p>&nbsp;<\/p>\n<p>&nbsp;<\/p>\n","protected":false},"excerpt":{"rendered":"<p>L\u2019\u00e9quipe de hockey des employ\u00e9s de l\u2019UQAC a particip\u00e9 au Tournoi annuel de hockey des employ\u00e9s d\u2019universit\u00e9 et de c\u00e9gep qui se tenait \u00e0 Trois-Rivi\u00e8res les 10 et 11 mai dernier. Cette ann\u00e9e, la participation de l\u2019\u00e9quipe s\u2019est faite sous le signe du 50e anniversaire de l\u2019UQAC. Lors du discours protocolaire, il a \u00e9t\u00e9 soulign\u00e9 [&hellip;]<\/p>\n","protected":false},"author":5,"featured_media":36328,"comment_status":"open","ping_status":"open","sticky":false,"template":"","format":"standard","meta":{"footnotes":""},"categories":[2],"tags":[56,57,428],"yoast_head":"<!-- This site is optimized with the Yoast SEO plugin v24.2 - https:\/\/yoast.com\/wordpress\/plugins\/seo\/ -->\r\n<title>Une pr\u00e9sence remarqu\u00e9e de l\u2019\u00e9quipe de hockey des employ\u00e9s de l\u2019UQAC \u00e0 Trois-Rivi\u00e8res - UQACtualit\u00e9s<\/title>\r\n<meta name=\"robots\" content=\"index, follow, max-snippet:-1, max-image-preview:large, max-video-preview:-1\" \/>\r\n<link rel=\"canonical\" href=\"https:\/\/www.uqac.ca\/uqactualites\/2019\/05\/17\/une-presence-remarquee-de-lequipe-de-hockey-des-employes-de-luqac-a-trois-rivieres\/\" \/>\r\n<meta property=\"og:locale\" content=\"fr_CA\" \/>\r\n<meta property=\"og:type\" content=\"article\" \/>\r\n<meta property=\"og:title\" content=\"Une pr\u00e9sence remarqu\u00e9e de l\u2019\u00e9quipe de hockey des employ\u00e9s de l\u2019UQAC \u00e0 Trois-Rivi\u00e8res - UQACtualit\u00e9s\" \/>\r\n<meta property=\"og:description\" content=\"L\u2019\u00e9quipe de hockey des employ\u00e9s de l\u2019UQAC a particip\u00e9 au Tournoi annuel de hockey des employ\u00e9s d\u2019universit\u00e9 et de c\u00e9gep qui se tenait \u00e0 Trois-Rivi\u00e8res les 10 et 11 mai dernier. Cette ann\u00e9e, la participation de l\u2019\u00e9quipe s\u2019est faite sous le signe du 50e anniversaire de l\u2019UQAC. Lors du discours protocolaire, il a \u00e9t\u00e9 soulign\u00e9 [&hellip;]\" \/>\r\n<meta property=\"og:url\" content=\"https:\/\/www.uqac.ca\/uqactualites\/2019\/05\/17\/une-presence-remarquee-de-lequipe-de-hockey-des-employes-de-luqac-a-trois-rivieres\/\" \/>\r\n<meta property=\"og:site_name\" content=\"UQACtualit\u00e9s\" \/>\r\n<meta property=\"article:published_time\" content=\"2019-05-17T18:39:28+00:00\" \/>\r\n<meta property=\"og:image\" content=\"https:\/\/www.uqac.ca\/uqactualites\/wp-content\/uploads\/2019\/05\/Equipe-Hockey-UQAC-Tournoi-T-R-2019-recadree.jpg\" \/>\r\n\t<meta property=\"og:image:width\" content=\"1200\" \/>\r\n\t<meta property=\"og:image:height\" content=\"800\" \/>\r\n\t<meta property=\"og:image:type\" content=\"image\/jpeg\" \/>\r\n<meta name=\"author\" content=\"Service des communications et des relations publiques\" \/>\r\n<meta name=\"twitter:card\" content=\"summary_large_image\" \/>\r\n<meta name=\"twitter:label1\" content=\"\u00c9crit par\" \/>\n\t<meta name=\"twitter:data1\" content=\"Service des communications et des relations publiques\" \/>\n\t<meta name=\"twitter:label2\" content=\"Estimation du temps de lecture\" \/>\n\t<meta name=\"twitter:data2\" content=\"1 minute\" \/>\r\n<script type=\"application\/ld+json\" class=\"yoast-schema-graph\">{\"@context\":\"https:\/\/schema.org\",\"@graph\":[{\"@type\":\"WebPage\",\"@id\":\"https:\/\/www.uqac.ca\/uqactualites\/2019\/05\/17\/une-presence-remarquee-de-lequipe-de-hockey-des-employes-de-luqac-a-trois-rivieres\/\",\"url\":\"https:\/\/www.uqac.ca\/uqactualites\/2019\/05\/17\/une-presence-remarquee-de-lequipe-de-hockey-des-employes-de-luqac-a-trois-rivieres\/\",\"name\":\"Une pr\u00e9sence remarqu\u00e9e de l\u2019\u00e9quipe de hockey des employ\u00e9s de l\u2019UQAC \u00e0 Trois-Rivi\u00e8res - UQACtualit\u00e9s\",\"isPartOf\":{\"@id\":\"https:\/\/www.uqac.ca\/uqactualites\/#website\"},\"primaryImageOfPage\":{\"@id\":\"https:\/\/www.uqac.ca\/uqactualites\/2019\/05\/17\/une-presence-remarquee-de-lequipe-de-hockey-des-employes-de-luqac-a-trois-rivieres\/#primaryimage\"},\"image\":{\"@id\":\"https:\/\/www.uqac.ca\/uqactualites\/2019\/05\/17\/une-presence-remarquee-de-lequipe-de-hockey-des-employes-de-luqac-a-trois-rivieres\/#primaryimage\"},\"thumbnailUrl\":\"https:\/\/www.uqac.ca\/uqactualites\/wp-content\/uploads\/2019\/05\/Equipe-Hockey-UQAC-Tournoi-T-R-2019-recadree.jpg\",\"datePublished\":\"2019-05-17T18:39:28+00:00\",\"dateModified\":\"2019-05-17T18:39:28+00:00\",\"author\":{\"@id\":\"https:\/\/www.uqac.ca\/uqactualites\/#\/schema\/person\/366c45a0c4f0e677b41b4af5886e2018\"},\"breadcrumb\":{\"@id\":\"https:\/\/www.uqac.ca\/uqactualites\/2019\/05\/17\/une-presence-remarquee-de-lequipe-de-hockey-des-employes-de-luqac-a-trois-rivieres\/#breadcrumb\"},\"inLanguage\":\"fr-CA\",\"potentialAction\":[{\"@type\":\"ReadAction\",\"target\":[\"https:\/\/www.uqac.ca\/uqactualites\/2019\/05\/17\/une-presence-remarquee-de-lequipe-de-hockey-des-employes-de-luqac-a-trois-rivieres\/\"]}]},{\"@type\":\"ImageObject\",\"inLanguage\":\"fr-CA\",\"@id\":\"https:\/\/www.uqac.ca\/uqactualites\/2019\/05\/17\/une-presence-remarquee-de-lequipe-de-hockey-des-employes-de-luqac-a-trois-rivieres\/#primaryimage\",\"url\":\"https:\/\/www.uqac.ca\/uqactualites\/wp-content\/uploads\/2019\/05\/Equipe-Hockey-UQAC-Tournoi-T-R-2019-recadree.jpg\",\"contentUrl\":\"https:\/\/www.uqac.ca\/uqactualites\/wp-content\/uploads\/2019\/05\/Equipe-Hockey-UQAC-Tournoi-T-R-2019-recadree.jpg\",\"width\":1200,\"height\":800},{\"@type\":\"BreadcrumbList\",\"@id\":\"https:\/\/www.uqac.ca\/uqactualites\/2019\/05\/17\/une-presence-remarquee-de-lequipe-de-hockey-des-employes-de-luqac-a-trois-rivieres\/#breadcrumb\",\"itemListElement\":[{\"@type\":\"ListItem\",\"position\":1,\"name\":\"Home\",\"item\":\"https:\/\/www.uqac.ca\/uqactualites\/\"},{\"@type\":\"ListItem\",\"position\":2,\"name\":\"Une pr\u00e9sence remarqu\u00e9e de l\u2019\u00e9quipe de hockey des employ\u00e9s de l\u2019UQAC \u00e0 Trois-Rivi\u00e8res\"}]},{\"@type\":\"WebSite\",\"@id\":\"https:\/\/www.uqac.ca\/uqactualites\/#website\",\"url\":\"https:\/\/www.uqac.ca\/uqactualites\/\",\"name\":\"UQACtualit\u00e9s\",\"description\":\"Le portail des nouvelles de l&#039;UQAC\",\"potentialAction\":[{\"@type\":\"SearchAction\",\"target\":{\"@type\":\"EntryPoint\",\"urlTemplate\":\"https:\/\/www.uqac.ca\/uqactualites\/?s={search_term_string}\"},\"query-input\":{\"@type\":\"PropertyValueSpecification\",\"valueRequired\":true,\"valueName\":\"search_term_string\"}}],\"inLanguage\":\"fr-CA\"},{\"@type\":\"Person\",\"@id\":\"https:\/\/www.uqac.ca\/uqactualites\/#\/schema\/person\/366c45a0c4f0e677b41b4af5886e2018\",\"name\":\"Service des communications et des relations publiques\",\"image\":{\"@type\":\"ImageObject\",\"inLanguage\":\"fr-CA\",\"@id\":\"https:\/\/www.uqac.ca\/uqactualites\/#\/schema\/person\/image\/\",\"url\":\"https:\/\/secure.gravatar.com\/avatar\/20fbbda8a292f59f2d3461a5b999c00b?s=96&d=mm&r=g\",\"contentUrl\":\"https:\/\/secure.gravatar.com\/avatar\/20fbbda8a292f59f2d3461a5b999c00b?s=96&d=mm&r=g\",\"caption\":\"Service des communications et des relations publiques\"},\"url\":\"https:\/\/www.uqac.ca\/uqactualites\/author\/bap\/\"}]}<\/script>\r\n<!-- \/ Yoast SEO plugin. -->","yoast_head_json":{"title":"Une pr\u00e9sence remarqu\u00e9e de l\u2019\u00e9quipe de hockey des employ\u00e9s de l\u2019UQAC \u00e0 Trois-Rivi\u00e8res - UQACtualit\u00e9s","robots":{"index":"index","follow":"follow","max-snippet":"max-snippet:-1","max-image-preview":"max-image-preview:large","max-video-preview":"max-video-preview:-1"},"canonical":"https:\/\/www.uqac.ca\/uqactualites\/2019\/05\/17\/une-presence-remarquee-de-lequipe-de-hockey-des-employes-de-luqac-a-trois-rivieres\/","og_locale":"fr_CA","og_type":"article","og_title":"Une pr\u00e9sence remarqu\u00e9e de l\u2019\u00e9quipe de hockey des employ\u00e9s de l\u2019UQAC \u00e0 Trois-Rivi\u00e8res - UQACtualit\u00e9s","og_description":"L\u2019\u00e9quipe de hockey des employ\u00e9s de l\u2019UQAC a particip\u00e9 au Tournoi annuel de hockey des employ\u00e9s d\u2019universit\u00e9 et de c\u00e9gep qui se tenait \u00e0 Trois-Rivi\u00e8res les 10 et 11 mai dernier. Cette ann\u00e9e, la participation de l\u2019\u00e9quipe s\u2019est faite sous le signe du 50e anniversaire de l\u2019UQAC. Lors du discours protocolaire, il a \u00e9t\u00e9 soulign\u00e9 [&hellip;]","og_url":"https:\/\/www.uqac.ca\/uqactualites\/2019\/05\/17\/une-presence-remarquee-de-lequipe-de-hockey-des-employes-de-luqac-a-trois-rivieres\/","og_site_name":"UQACtualit\u00e9s","article_published_time":"2019-05-17T18:39:28+00:00","og_image":[{"width":1200,"height":800,"url":"https:\/\/www.uqac.ca\/uqactualites\/wp-content\/uploads\/2019\/05\/Equipe-Hockey-UQAC-Tournoi-T-R-2019-recadree.jpg","type":"image\/jpeg"}],"author":"Service des communications et des relations publiques","twitter_card":"summary_large_image","twitter_misc":{"\u00c9crit par":"Service des communications et des relations publiques","Estimation du temps de lecture":"1 minute"},"schema":{"@context":"https:\/\/schema.org","@graph":[{"@type":"WebPage","@id":"https:\/\/www.uqac.ca\/uqactualites\/2019\/05\/17\/une-presence-remarquee-de-lequipe-de-hockey-des-employes-de-luqac-a-trois-rivieres\/","url":"https:\/\/www.uqac.ca\/uqactualites\/2019\/05\/17\/une-presence-remarquee-de-lequipe-de-hockey-des-employes-de-luqac-a-trois-rivieres\/","name":"Une pr\u00e9sence remarqu\u00e9e de l\u2019\u00e9quipe de hockey des employ\u00e9s de l\u2019UQAC \u00e0 Trois-Rivi\u00e8res - UQACtualit\u00e9s","isPartOf":{"@id":"https:\/\/www.uqac.ca\/uqactualites\/#website"},"primaryImageOfPage":{"@id":"https:\/\/www.uqac.ca\/uqactualites\/2019\/05\/17\/une-presence-remarquee-de-lequipe-de-hockey-des-employes-de-luqac-a-trois-rivieres\/#primaryimage"},"image":{"@id":"https:\/\/www.uqac.ca\/uqactualites\/2019\/05\/17\/une-presence-remarquee-de-lequipe-de-hockey-des-employes-de-luqac-a-trois-rivieres\/#primaryimage"},"thumbnailUrl":"https:\/\/www.uqac.ca\/uqactualites\/wp-content\/uploads\/2019\/05\/Equipe-Hockey-UQAC-Tournoi-T-R-2019-recadree.jpg","datePublished":"2019-05-17T18:39:28+00:00","dateModified":"2019-05-17T18:39:28+00:00","author":{"@id":"https:\/\/www.uqac.ca\/uqactualites\/#\/schema\/person\/366c45a0c4f0e677b41b4af5886e2018"},"breadcrumb":{"@id":"https:\/\/www.uqac.ca\/uqactualites\/2019\/05\/17\/une-presence-remarquee-de-lequipe-de-hockey-des-employes-de-luqac-a-trois-rivieres\/#breadcrumb"},"inLanguage":"fr-CA","potentialAction":[{"@type":"ReadAction","target":["https:\/\/www.uqac.ca\/uqactualites\/2019\/05\/17\/une-presence-remarquee-de-lequipe-de-hockey-des-employes-de-luqac-a-trois-rivieres\/"]}]},{"@type":"ImageObject","inLanguage":"fr-CA","@id":"https:\/\/www.uqac.ca\/uqactualites\/2019\/05\/17\/une-presence-remarquee-de-lequipe-de-hockey-des-employes-de-luqac-a-trois-rivieres\/#primaryimage","url":"https:\/\/www.uqac.ca\/uqactualites\/wp-content\/uploads\/2019\/05\/Equipe-Hockey-UQAC-Tournoi-T-R-2019-recadree.jpg","contentUrl":"https:\/\/www.uqac.ca\/uqactualites\/wp-content\/uploads\/2019\/05\/Equipe-Hockey-UQAC-Tournoi-T-R-2019-recadree.jpg","width":1200,"height":800},{"@type":"BreadcrumbList","@id":"https:\/\/www.uqac.ca\/uqactualites\/2019\/05\/17\/une-presence-remarquee-de-lequipe-de-hockey-des-employes-de-luqac-a-trois-rivieres\/#breadcrumb","itemListElement":[{"@type":"ListItem","position":1,"name":"Home","item":"https:\/\/www.uqac.ca\/uqactualites\/"},{"@type":"ListItem","position":2,"name":"Une pr\u00e9sence remarqu\u00e9e de l\u2019\u00e9quipe de hockey des employ\u00e9s de l\u2019UQAC \u00e0 Trois-Rivi\u00e8res"}]},{"@type":"WebSite","@id":"https:\/\/www.uqac.ca\/uqactualites\/#website","url":"https:\/\/www.uqac.ca\/uqactualites\/","name":"UQACtualit\u00e9s","description":"Le portail des nouvelles de l&#039;UQAC","potentialAction":[{"@type":"SearchAction","target":{"@type":"EntryPoint","urlTemplate":"https:\/\/www.uqac.ca\/uqactualites\/?s={search_term_string}"},"query-input":{"@type":"PropertyValueSpecification","valueRequired":true,"valueName":"search_term_string"}}],"inLanguage":"fr-CA"},{"@type":"Person","@id":"https:\/\/www.uqac.ca\/uqactualites\/#\/schema\/person\/366c45a0c4f0e677b41b4af5886e2018","name":"Service des communications et des relations publiques","image":{"@type":"ImageObject","inLanguage":"fr-CA","@id":"https:\/\/www.uqac.ca\/uqactualites\/#\/schema\/person\/image\/","url":"https:\/\/secure.gravatar.com\/avatar\/20fbbda8a292f59f2d3461a5b999c00b?s=96&d=mm&r=g","contentUrl":"https:\/\/secure.gravatar.com\/avatar\/20fbbda8a292f59f2d3461a5b999c00b?s=96&d=mm&r=g","caption":"Service des communications et des relations publiques"},"url":"https:\/\/www.uqac.ca\/uqactualites\/author\/bap\/"}]}},"_links":{"self":[{"href":"https:\/\/www.uqac.ca\/uqactualites\/wp-json\/wp\/v2\/posts\/36325"}],"collection":[{"href":"https:\/\/www.uqac.ca\/uqactualites\/wp-json\/wp\/v2\/posts"}],"about":[{"href":"https:\/\/www.uqac.ca\/uqactualites\/wp-json\/wp\/v2\/types\/post"}],"author":[{"embeddable":true,"href":"https:\/\/www.uqac.ca\/uqactualites\/wp-json\/wp\/v2\/users\/5"}],"replies":[{"embeddable":true,"href":"https:\/\/www.uqac.ca\/uqactualites\/wp-json\/wp\/v2\/comments?post=36325"}],"version-history":[{"count":0,"href":"https:\/\/www.uqac.ca\/uqactualites\/wp-json\/wp\/v2\/posts\/36325\/revisions"}],"wp:featuredmedia":[{"embeddable":true,"href":"https:\/\/www.uqac.ca\/uqactualites\/wp-json\/wp\/v2\/media\/36328"}],"wp:attachment":[{"href":"https:\/\/www.uqac.ca\/uqactualites\/wp-json\/wp\/v2\/media?parent=36325"}],"wp:term":[{"taxonomy":"category","embeddable":true,"href":"https:\/\/www.uqac.ca\/uqactualites\/wp-json\/wp\/v2\/categories?post=36325"},{"taxonomy":"post_tag","embeddable":true,"href":"https:\/\/www.uqac.ca\/uqactualites\/wp-json\/wp\/v2\/tags?post=36325"}],"curies":[{"name":"wp","href":"https:\/\/api.w.org\/{rel}","templated":true}]}}