{"id":36357,"date":"2019-05-23T15:19:11","date_gmt":"2019-05-23T19:19:11","guid":{"rendered":"https:\/\/www.uqac.ca\/?p=36357"},"modified":"2019-05-23T15:19:11","modified_gmt":"2019-05-23T19:19:11","slug":"luqac-accueille-pres-de-350-nouveaux-etudiants","status":"publish","type":"post","link":"https:\/\/www.uqac.ca\/uqactualites\/2019\/05\/23\/luqac-accueille-pres-de-350-nouveaux-etudiants\/","title":{"rendered":"L\u2019UQAC accueille pr\u00e8s de 350 nouveaux \u00e9tudiants"},"content":{"rendered":"<p>Le vendredi 17 mai dernier, l\u2019UQAC a accueilli pr\u00e8s de 350 nouveaux admis au trimestre d\u2019automne 2019 lors de la Journ\u00e9e d\u2019accueil et d\u2019inscription. En plus d\u2019effectuer leur choix de cours et de rencontrer les responsables de programmes, les \u00e9tudiants ont pu profiter de leur passage \u00e0 l\u2019UQAC pour visiter le campus et d\u00e9couvrir les services offerts aux \u00e9tudiants.<\/p>\n<p>Encore une fois cette ann\u00e9e, l\u2019atelier \u00ab\u00a0\u00c0 quoi s\u2019attendre \u00e0 l\u2019universit\u00e9\u00a0\u00bb \u00e9tait au programme de la journ\u00e9e. \u00c0 cette occasion, Marc-Antoine Roussel, \u00e9tudiant en <a href=\"https:\/\/www.uqac.ca\/programme\/1601-maitrise-en-sciences-cliniques-et-biomedicales\/\">sciences cliniques et biom\u00e9dicales<\/a>, et Julien Walter, professeur en g\u00e9ologie, ont pr\u00e9sent\u00e9 leur parcours aux nouveaux \u00e9tudiants de l\u2019UQAC.<\/p>\n<p>Pour tout savoir ce qui les attend, les nouveaux inscrits sont invit\u00e9s \u00e0 visiter le site\u00a0<a href=\"http:\/\/www.uqac.ca\/123go?fbclid=IwAR0c-aezM4HGjbYgKGOFkBTvir7VH9fDacOoMr1ZmZ_aL47bxPuGJwXBPZQ\" target=\"_blank\" rel=\"noopener nofollow\" data-ft=\"{&quot;tn&quot;:&quot;-U&quot;}\" data-lynx-mode=\"async\" data-lynx-uri=\"https:\/\/l.facebook.com\/l.php?u=http%3A%2F%2Fwww.uqac.ca%2F123go%3Ffbclid%3DIwAR0c-aezM4HGjbYgKGOFkBTvir7VH9fDacOoMr1ZmZ_aL47bxPuGJwXBPZQ&amp;h=AT0Ocq9IBp9tAEthHuwx64x6wQhiwDIWkSmyww2wwpUBTLjVytkf1I6f7iPMOACo7M2f9hraQItvcbFLuqWS3uIiBfOotjEdgk8SCEbDlLnvx91lcaHjdUBOTqaqpgg74YGLwvNUXsLcj7OVIQFYfNGFVfOvxZM71jvo71hDkXYk4Xz9qrdQOFu5SDA7rbOMrwx-OXTycQdxqdFGugUUPZcYnrsWZu5gqi28JJIMrIhFasxXMZMT0J7nuHJa822pRXZ8BAAnspg8c_NhGS2FQdtwOal29ZFitipUO8Y1JzUAPSMsj0omY2Qtw_L6Wsmb7utmUoAGOOtAV5RkqU8XR_vx2C3BSRjY7DzvEi_HM6aqoun-YNI0zXsiJ_MldU1JJuf7TclbHGxd7LZdm-0qIODinwoRlOuC_XG_iG1pmMYfyizPQfqH85oQUtl9ojgnNZnhcXY0Hz-RhSWJYqXxcLinx_KAEA4CJztvpHHQa3cZHKPfyKN-ZYJkicP61g4FhdN6Y7cNoypV0f5La7vU2MbFmbFzHp_1mTVu8wGt_h_XHe_GAN7zU9lvTj2arUCl-7-sOPXgZ3JXGf9S8xsOd3Yn_yhW70UMtrnqFBNpkwb_p8P51YJLH18eDMfH2tEanVKpwJo\">www.uqac.ca\/123go<\/a>!<\/p>\n<p>Jean-Simon B\u00e9langer de Saint-F\u00e9licien, nouvellement inscrit au <a href=\"https:\/\/www.uqac.ca\/programme\/7208-bac-ens-education-physique-et-a-la-sante\/\">baccalaur\u00e9at en enseignement de l\u2019\u00e9ducation physique et \u00e0 la sant\u00e9<\/a> de l\u2019UQAC, s\u2019est m\u00e9rit\u00e9 la bourse\u00a0couvrant les droits de scolarit\u00e9 pour une premi\u00e8re ann\u00e9e d\u2019\u00e9tudes \u00e0 temps complet ou \u00e0 temps partiel. Ce prix a \u00e9t\u00e9 tir\u00e9 parmi les \u00e9tudiants s\u2019\u00e9tant inscrits avant et\u00a0lors de la journ\u00e9e d\u2019accueil et d\u2019inscription.<\/p>\n<p><strong>PHOTO<\/strong><br \/>\nL&rsquo;\u00e9quipe responsable de l\u2019activit\u00e9\u00a0: Marc-Antoine Tremblay, agent de recrutement, Fran\u00e7ois C\u00f4t\u00e9, conseiller d&rsquo;orientation, Patrice S\u00e9guin, animateur d&rsquo;activit\u00e9s \u00e9tudiantes, Caroline Gagnon, charg\u00e9e de gestion (recrutement et promotion des programmes), Eve Simard, conseill\u00e8re en soutien aux \u00e9tudiants en situation de handicap, et Caroline Belley, commis aux services \u00e0 la vie \u00e9tudiante.<\/p>\n","protected":false},"excerpt":{"rendered":"<p>Le vendredi 17 mai dernier, l\u2019UQAC a accueilli pr\u00e8s de 350 nouveaux admis au trimestre d\u2019automne 2019 lors de la Journ\u00e9e d\u2019accueil et d\u2019inscription. En plus d\u2019effectuer leur choix de cours et de rencontrer les responsables de programmes, les \u00e9tudiants ont pu profiter de leur passage \u00e0 l\u2019UQAC pour visiter le campus et d\u00e9couvrir les [&hellip;]<\/p>\n","protected":false},"author":5,"featured_media":36358,"comment_status":"open","ping_status":"open","sticky":false,"template":"","format":"standard","meta":{"footnotes":""},"categories":[2],"tags":[],"yoast_head":"<!-- This site is optimized with the Yoast SEO plugin v24.2 - https:\/\/yoast.com\/wordpress\/plugins\/seo\/ -->\r\n<title>L\u2019UQAC accueille pr\u00e8s de 350 nouveaux \u00e9tudiants - UQACtualit\u00e9s<\/title>\r\n<meta name=\"robots\" content=\"index, follow, max-snippet:-1, max-image-preview:large, max-video-preview:-1\" \/>\r\n<link rel=\"canonical\" href=\"https:\/\/www.uqac.ca\/uqactualites\/2019\/05\/23\/luqac-accueille-pres-de-350-nouveaux-etudiants\/\" \/>\r\n<meta property=\"og:locale\" content=\"fr_CA\" \/>\r\n<meta property=\"og:type\" content=\"article\" \/>\r\n<meta property=\"og:title\" content=\"L\u2019UQAC accueille pr\u00e8s de 350 nouveaux \u00e9tudiants - UQACtualit\u00e9s\" \/>\r\n<meta property=\"og:description\" content=\"Le vendredi 17 mai dernier, l\u2019UQAC a accueilli pr\u00e8s de 350 nouveaux admis au trimestre d\u2019automne 2019 lors de la Journ\u00e9e d\u2019accueil et d\u2019inscription. En plus d\u2019effectuer leur choix de cours et de rencontrer les responsables de programmes, les \u00e9tudiants ont pu profiter de leur passage \u00e0 l\u2019UQAC pour visiter le campus et d\u00e9couvrir les [&hellip;]\" \/>\r\n<meta property=\"og:url\" content=\"https:\/\/www.uqac.ca\/uqactualites\/2019\/05\/23\/luqac-accueille-pres-de-350-nouveaux-etudiants\/\" \/>\r\n<meta property=\"og:site_name\" content=\"UQACtualit\u00e9s\" \/>\r\n<meta property=\"article:published_time\" content=\"2019-05-23T19:19:11+00:00\" \/>\r\n<meta property=\"og:image\" content=\"https:\/\/www.uqac.ca\/uqactualites\/wp-content\/uploads\/2019\/05\/accueil-nouveaux-admis-uqac-scaled.jpg\" \/>\r\n\t<meta property=\"og:image:width\" content=\"2560\" \/>\r\n\t<meta property=\"og:image:height\" content=\"1707\" \/>\r\n\t<meta property=\"og:image:type\" content=\"image\/jpeg\" \/>\r\n<meta name=\"author\" content=\"Service des communications et des relations publiques\" \/>\r\n<meta name=\"twitter:card\" content=\"summary_large_image\" \/>\r\n<meta name=\"twitter:label1\" content=\"\u00c9crit par\" \/>\n\t<meta name=\"twitter:data1\" content=\"Service des communications et des relations publiques\" \/>\n\t<meta name=\"twitter:label2\" content=\"Estimation du temps de lecture\" \/>\n\t<meta name=\"twitter:data2\" content=\"1 minute\" \/>\r\n<script type=\"application\/ld+json\" class=\"yoast-schema-graph\">{\"@context\":\"https:\/\/schema.org\",\"@graph\":[{\"@type\":\"WebPage\",\"@id\":\"https:\/\/www.uqac.ca\/uqactualites\/2019\/05\/23\/luqac-accueille-pres-de-350-nouveaux-etudiants\/\",\"url\":\"https:\/\/www.uqac.ca\/uqactualites\/2019\/05\/23\/luqac-accueille-pres-de-350-nouveaux-etudiants\/\",\"name\":\"L\u2019UQAC accueille pr\u00e8s de 350 nouveaux \u00e9tudiants - UQACtualit\u00e9s\",\"isPartOf\":{\"@id\":\"https:\/\/www.uqac.ca\/uqactualites\/#website\"},\"primaryImageOfPage\":{\"@id\":\"https:\/\/www.uqac.ca\/uqactualites\/2019\/05\/23\/luqac-accueille-pres-de-350-nouveaux-etudiants\/#primaryimage\"},\"image\":{\"@id\":\"https:\/\/www.uqac.ca\/uqactualites\/2019\/05\/23\/luqac-accueille-pres-de-350-nouveaux-etudiants\/#primaryimage\"},\"thumbnailUrl\":\"https:\/\/www.uqac.ca\/uqactualites\/wp-content\/uploads\/2019\/05\/accueil-nouveaux-admis-uqac-scaled.jpg\",\"datePublished\":\"2019-05-23T19:19:11+00:00\",\"dateModified\":\"2019-05-23T19:19:11+00:00\",\"author\":{\"@id\":\"https:\/\/www.uqac.ca\/uqactualites\/#\/schema\/person\/366c45a0c4f0e677b41b4af5886e2018\"},\"breadcrumb\":{\"@id\":\"https:\/\/www.uqac.ca\/uqactualites\/2019\/05\/23\/luqac-accueille-pres-de-350-nouveaux-etudiants\/#breadcrumb\"},\"inLanguage\":\"fr-CA\",\"potentialAction\":[{\"@type\":\"ReadAction\",\"target\":[\"https:\/\/www.uqac.ca\/uqactualites\/2019\/05\/23\/luqac-accueille-pres-de-350-nouveaux-etudiants\/\"]}]},{\"@type\":\"ImageObject\",\"inLanguage\":\"fr-CA\",\"@id\":\"https:\/\/www.uqac.ca\/uqactualites\/2019\/05\/23\/luqac-accueille-pres-de-350-nouveaux-etudiants\/#primaryimage\",\"url\":\"https:\/\/www.uqac.ca\/uqactualites\/wp-content\/uploads\/2019\/05\/accueil-nouveaux-admis-uqac-scaled.jpg\",\"contentUrl\":\"https:\/\/www.uqac.ca\/uqactualites\/wp-content\/uploads\/2019\/05\/accueil-nouveaux-admis-uqac-scaled.jpg\",\"width\":2560,\"height\":1707},{\"@type\":\"BreadcrumbList\",\"@id\":\"https:\/\/www.uqac.ca\/uqactualites\/2019\/05\/23\/luqac-accueille-pres-de-350-nouveaux-etudiants\/#breadcrumb\",\"itemListElement\":[{\"@type\":\"ListItem\",\"position\":1,\"name\":\"Home\",\"item\":\"https:\/\/www.uqac.ca\/uqactualites\/\"},{\"@type\":\"ListItem\",\"position\":2,\"name\":\"L\u2019UQAC accueille pr\u00e8s de 350 nouveaux \u00e9tudiants\"}]},{\"@type\":\"WebSite\",\"@id\":\"https:\/\/www.uqac.ca\/uqactualites\/#website\",\"url\":\"https:\/\/www.uqac.ca\/uqactualites\/\",\"name\":\"UQACtualit\u00e9s\",\"description\":\"Le portail des nouvelles de l&#039;UQAC\",\"potentialAction\":[{\"@type\":\"SearchAction\",\"target\":{\"@type\":\"EntryPoint\",\"urlTemplate\":\"https:\/\/www.uqac.ca\/uqactualites\/?s={search_term_string}\"},\"query-input\":{\"@type\":\"PropertyValueSpecification\",\"valueRequired\":true,\"valueName\":\"search_term_string\"}}],\"inLanguage\":\"fr-CA\"},{\"@type\":\"Person\",\"@id\":\"https:\/\/www.uqac.ca\/uqactualites\/#\/schema\/person\/366c45a0c4f0e677b41b4af5886e2018\",\"name\":\"Service des communications et des relations publiques\",\"image\":{\"@type\":\"ImageObject\",\"inLanguage\":\"fr-CA\",\"@id\":\"https:\/\/www.uqac.ca\/uqactualites\/#\/schema\/person\/image\/\",\"url\":\"https:\/\/secure.gravatar.com\/avatar\/20fbbda8a292f59f2d3461a5b999c00b?s=96&d=mm&r=g\",\"contentUrl\":\"https:\/\/secure.gravatar.com\/avatar\/20fbbda8a292f59f2d3461a5b999c00b?s=96&d=mm&r=g\",\"caption\":\"Service des communications et des relations publiques\"},\"url\":\"https:\/\/www.uqac.ca\/uqactualites\/author\/bap\/\"}]}<\/script>\r\n<!-- \/ Yoast SEO plugin. -->","yoast_head_json":{"title":"L\u2019UQAC accueille pr\u00e8s de 350 nouveaux \u00e9tudiants - UQACtualit\u00e9s","robots":{"index":"index","follow":"follow","max-snippet":"max-snippet:-1","max-image-preview":"max-image-preview:large","max-video-preview":"max-video-preview:-1"},"canonical":"https:\/\/www.uqac.ca\/uqactualites\/2019\/05\/23\/luqac-accueille-pres-de-350-nouveaux-etudiants\/","og_locale":"fr_CA","og_type":"article","og_title":"L\u2019UQAC accueille pr\u00e8s de 350 nouveaux \u00e9tudiants - UQACtualit\u00e9s","og_description":"Le vendredi 17 mai dernier, l\u2019UQAC a accueilli pr\u00e8s de 350 nouveaux admis au trimestre d\u2019automne 2019 lors de la Journ\u00e9e d\u2019accueil et d\u2019inscription. En plus d\u2019effectuer leur choix de cours et de rencontrer les responsables de programmes, les \u00e9tudiants ont pu profiter de leur passage \u00e0 l\u2019UQAC pour visiter le campus et d\u00e9couvrir les [&hellip;]","og_url":"https:\/\/www.uqac.ca\/uqactualites\/2019\/05\/23\/luqac-accueille-pres-de-350-nouveaux-etudiants\/","og_site_name":"UQACtualit\u00e9s","article_published_time":"2019-05-23T19:19:11+00:00","og_image":[{"width":2560,"height":1707,"url":"https:\/\/www.uqac.ca\/uqactualites\/wp-content\/uploads\/2019\/05\/accueil-nouveaux-admis-uqac-scaled.jpg","type":"image\/jpeg"}],"author":"Service des communications et des relations publiques","twitter_card":"summary_large_image","twitter_misc":{"\u00c9crit par":"Service des communications et des relations publiques","Estimation du temps de lecture":"1 minute"},"schema":{"@context":"https:\/\/schema.org","@graph":[{"@type":"WebPage","@id":"https:\/\/www.uqac.ca\/uqactualites\/2019\/05\/23\/luqac-accueille-pres-de-350-nouveaux-etudiants\/","url":"https:\/\/www.uqac.ca\/uqactualites\/2019\/05\/23\/luqac-accueille-pres-de-350-nouveaux-etudiants\/","name":"L\u2019UQAC accueille pr\u00e8s de 350 nouveaux \u00e9tudiants - UQACtualit\u00e9s","isPartOf":{"@id":"https:\/\/www.uqac.ca\/uqactualites\/#website"},"primaryImageOfPage":{"@id":"https:\/\/www.uqac.ca\/uqactualites\/2019\/05\/23\/luqac-accueille-pres-de-350-nouveaux-etudiants\/#primaryimage"},"image":{"@id":"https:\/\/www.uqac.ca\/uqactualites\/2019\/05\/23\/luqac-accueille-pres-de-350-nouveaux-etudiants\/#primaryimage"},"thumbnailUrl":"https:\/\/www.uqac.ca\/uqactualites\/wp-content\/uploads\/2019\/05\/accueil-nouveaux-admis-uqac-scaled.jpg","datePublished":"2019-05-23T19:19:11+00:00","dateModified":"2019-05-23T19:19:11+00:00","author":{"@id":"https:\/\/www.uqac.ca\/uqactualites\/#\/schema\/person\/366c45a0c4f0e677b41b4af5886e2018"},"breadcrumb":{"@id":"https:\/\/www.uqac.ca\/uqactualites\/2019\/05\/23\/luqac-accueille-pres-de-350-nouveaux-etudiants\/#breadcrumb"},"inLanguage":"fr-CA","potentialAction":[{"@type":"ReadAction","target":["https:\/\/www.uqac.ca\/uqactualites\/2019\/05\/23\/luqac-accueille-pres-de-350-nouveaux-etudiants\/"]}]},{"@type":"ImageObject","inLanguage":"fr-CA","@id":"https:\/\/www.uqac.ca\/uqactualites\/2019\/05\/23\/luqac-accueille-pres-de-350-nouveaux-etudiants\/#primaryimage","url":"https:\/\/www.uqac.ca\/uqactualites\/wp-content\/uploads\/2019\/05\/accueil-nouveaux-admis-uqac-scaled.jpg","contentUrl":"https:\/\/www.uqac.ca\/uqactualites\/wp-content\/uploads\/2019\/05\/accueil-nouveaux-admis-uqac-scaled.jpg","width":2560,"height":1707},{"@type":"BreadcrumbList","@id":"https:\/\/www.uqac.ca\/uqactualites\/2019\/05\/23\/luqac-accueille-pres-de-350-nouveaux-etudiants\/#breadcrumb","itemListElement":[{"@type":"ListItem","position":1,"name":"Home","item":"https:\/\/www.uqac.ca\/uqactualites\/"},{"@type":"ListItem","position":2,"name":"L\u2019UQAC accueille pr\u00e8s de 350 nouveaux \u00e9tudiants"}]},{"@type":"WebSite","@id":"https:\/\/www.uqac.ca\/uqactualites\/#website","url":"https:\/\/www.uqac.ca\/uqactualites\/","name":"UQACtualit\u00e9s","description":"Le portail des nouvelles de l&#039;UQAC","potentialAction":[{"@type":"SearchAction","target":{"@type":"EntryPoint","urlTemplate":"https:\/\/www.uqac.ca\/uqactualites\/?s={search_term_string}"},"query-input":{"@type":"PropertyValueSpecification","valueRequired":true,"valueName":"search_term_string"}}],"inLanguage":"fr-CA"},{"@type":"Person","@id":"https:\/\/www.uqac.ca\/uqactualites\/#\/schema\/person\/366c45a0c4f0e677b41b4af5886e2018","name":"Service des communications et des relations publiques","image":{"@type":"ImageObject","inLanguage":"fr-CA","@id":"https:\/\/www.uqac.ca\/uqactualites\/#\/schema\/person\/image\/","url":"https:\/\/secure.gravatar.com\/avatar\/20fbbda8a292f59f2d3461a5b999c00b?s=96&d=mm&r=g","contentUrl":"https:\/\/secure.gravatar.com\/avatar\/20fbbda8a292f59f2d3461a5b999c00b?s=96&d=mm&r=g","caption":"Service des communications et des relations publiques"},"url":"https:\/\/www.uqac.ca\/uqactualites\/author\/bap\/"}]}},"_links":{"self":[{"href":"https:\/\/www.uqac.ca\/uqactualites\/wp-json\/wp\/v2\/posts\/36357"}],"collection":[{"href":"https:\/\/www.uqac.ca\/uqactualites\/wp-json\/wp\/v2\/posts"}],"about":[{"href":"https:\/\/www.uqac.ca\/uqactualites\/wp-json\/wp\/v2\/types\/post"}],"author":[{"embeddable":true,"href":"https:\/\/www.uqac.ca\/uqactualites\/wp-json\/wp\/v2\/users\/5"}],"replies":[{"embeddable":true,"href":"https:\/\/www.uqac.ca\/uqactualites\/wp-json\/wp\/v2\/comments?post=36357"}],"version-history":[{"count":0,"href":"https:\/\/www.uqac.ca\/uqactualites\/wp-json\/wp\/v2\/posts\/36357\/revisions"}],"wp:featuredmedia":[{"embeddable":true,"href":"https:\/\/www.uqac.ca\/uqactualites\/wp-json\/wp\/v2\/media\/36358"}],"wp:attachment":[{"href":"https:\/\/www.uqac.ca\/uqactualites\/wp-json\/wp\/v2\/media?parent=36357"}],"wp:term":[{"taxonomy":"category","embeddable":true,"href":"https:\/\/www.uqac.ca\/uqactualites\/wp-json\/wp\/v2\/categories?post=36357"},{"taxonomy":"post_tag","embeddable":true,"href":"https:\/\/www.uqac.ca\/uqactualites\/wp-json\/wp\/v2\/tags?post=36357"}],"curies":[{"name":"wp","href":"https:\/\/api.w.org\/{rel}","templated":true}]}}