{"id":36545,"date":"2019-06-19T08:46:48","date_gmt":"2019-06-19T12:46:48","guid":{"rendered":"https:\/\/www.uqac.ca\/?p=36545"},"modified":"2025-05-21T11:28:35","modified_gmt":"2025-05-21T15:28:35","slug":"le-centre-detudes-de-luqac-a-sept-iles-celebre-ses-finissants","status":"publish","type":"post","link":"https:\/\/www.uqac.ca\/uqactualites\/2019\/06\/19\/le-centre-detudes-de-luqac-a-sept-iles-celebre-ses-finissants\/","title":{"rendered":"Le Centre d&rsquo;\u00e9tudes de l&rsquo;UQAC \u00e0 Sept-\u00celes c\u00e9l\u00e8bre ses finissants"},"content":{"rendered":"<p>Le 6 juin dernier, le Centre d&rsquo;\u00e9tudes de l&rsquo;UQAC \u00e0\u00a0Sept-\u00celes a r\u00e9uni ses finissants afin de c\u00e9l\u00e9brer leur r\u00e9ussite.<\/p>\n<h4><em><strong>85 FINISSANTS \/14 PROGRAMMES D&rsquo;\u00c9TUDES<\/strong><\/em><\/h4>\n<p>Plusieurs personnes s&rsquo;\u00e9taient d\u00e9plac\u00e9es pour cette F\u00eate des finissants 2019, organis\u00e9e par l\u2019\u00e9quipe du Centre d\u2019\u00e9tudes de l&rsquo;endroit.<\/p>\n<p>Des invit\u00e9s du Centre des Premi\u00e8res Nations Nikanite \u00e9taient pr\u00e9sents pour souligner la r\u00e9ussite des \u00e9tudiants du Certificat en intervention et en pr\u00e9vention des d\u00e9pendances chez les jeunes des Premi\u00e8res Nations. \u00c0 souligner \u00e9galement, la pr\u00e9sence du professeur Dominic Bizot, directeur de l&rsquo;Unit\u00e9 d&rsquo;enseignement en travail social de l&rsquo;UQAC qui s&rsquo;\u00e9tait d\u00e9plac\u00e9 pour l&rsquo;\u00e9v\u00e9nement.<\/p>\n<p><strong><em>BRAVO POUR VOTRE SUCC\u00c8S<\/em><\/strong><\/p>\n<p>&nbsp;<\/p>\n<p>cr\u00e9dit photo:<\/p>\n<p>Emilie Caron-Wart<\/p>\n<p>&nbsp;<\/p>\n<p>&nbsp;<\/p>\n<p><img loading=\"lazy\" decoding=\"async\" class=\"alignright size-medium wp-image-36550\" src=\"https:\/\/www.uqac.ca\/wp-content\/uploads\/2019\/06\/uqac21-300x200.jpg\" alt=\"\" width=\"300\" height=\"200\" srcset=\"https:\/\/www.uqac.ca\/uqactualites\/wp-content\/uploads\/2019\/06\/uqac21-300x200.jpg 300w, https:\/\/www.uqac.ca\/uqactualites\/wp-content\/uploads\/2019\/06\/uqac21-1024x683.jpg 1024w, https:\/\/www.uqac.ca\/uqactualites\/wp-content\/uploads\/2019\/06\/uqac21-768x512.jpg 768w, https:\/\/www.uqac.ca\/uqactualites\/wp-content\/uploads\/2019\/06\/uqac21-1536x1024.jpg 1536w, https:\/\/www.uqac.ca\/uqactualites\/wp-content\/uploads\/2019\/06\/uqac21-2048x1365.jpg 2048w\" sizes=\"(max-width: 300px) 100vw, 300px\" \/> <img loading=\"lazy\" decoding=\"async\" class=\"alignright size-medium wp-image-36551\" src=\"https:\/\/www.uqac.ca\/wp-content\/uploads\/2019\/06\/uqac49-300x200.jpg\" alt=\"\" width=\"300\" height=\"200\" srcset=\"https:\/\/www.uqac.ca\/uqactualites\/wp-content\/uploads\/2019\/06\/uqac49-300x200.jpg 300w, https:\/\/www.uqac.ca\/uqactualites\/wp-content\/uploads\/2019\/06\/uqac49-1024x683.jpg 1024w, https:\/\/www.uqac.ca\/uqactualites\/wp-content\/uploads\/2019\/06\/uqac49-768x512.jpg 768w, https:\/\/www.uqac.ca\/uqactualites\/wp-content\/uploads\/2019\/06\/uqac49-1536x1024.jpg 1536w, https:\/\/www.uqac.ca\/uqactualites\/wp-content\/uploads\/2019\/06\/uqac49-2048x1365.jpg 2048w\" sizes=\"(max-width: 300px) 100vw, 300px\" \/> <img loading=\"lazy\" decoding=\"async\" class=\"alignright size-medium wp-image-36552\" src=\"https:\/\/www.uqac.ca\/wp-content\/uploads\/2019\/06\/uqac58-300x200.jpg\" alt=\"\" width=\"300\" height=\"200\" srcset=\"https:\/\/www.uqac.ca\/uqactualites\/wp-content\/uploads\/2019\/06\/uqac58-300x200.jpg 300w, https:\/\/www.uqac.ca\/uqactualites\/wp-content\/uploads\/2019\/06\/uqac58-1024x683.jpg 1024w, https:\/\/www.uqac.ca\/uqactualites\/wp-content\/uploads\/2019\/06\/uqac58-768x512.jpg 768w, https:\/\/www.uqac.ca\/uqactualites\/wp-content\/uploads\/2019\/06\/uqac58-1536x1024.jpg 1536w, https:\/\/www.uqac.ca\/uqactualites\/wp-content\/uploads\/2019\/06\/uqac58-2048x1365.jpg 2048w\" sizes=\"(max-width: 300px) 100vw, 300px\" \/> <img loading=\"lazy\" decoding=\"async\" class=\"alignright size-medium wp-image-36553\" src=\"https:\/\/www.uqac.ca\/wp-content\/uploads\/2019\/06\/uqac73-300x200.jpg\" alt=\"\" width=\"300\" height=\"200\" srcset=\"https:\/\/www.uqac.ca\/uqactualites\/wp-content\/uploads\/2019\/06\/uqac73-300x200.jpg 300w, https:\/\/www.uqac.ca\/uqactualites\/wp-content\/uploads\/2019\/06\/uqac73-1024x683.jpg 1024w, https:\/\/www.uqac.ca\/uqactualites\/wp-content\/uploads\/2019\/06\/uqac73-768x512.jpg 768w, https:\/\/www.uqac.ca\/uqactualites\/wp-content\/uploads\/2019\/06\/uqac73-1536x1024.jpg 1536w, https:\/\/www.uqac.ca\/uqactualites\/wp-content\/uploads\/2019\/06\/uqac73-2048x1365.jpg 2048w\" sizes=\"(max-width: 300px) 100vw, 300px\" \/><\/p>\n<p>&nbsp;<\/p>\n<p>&nbsp;<\/p>\n<p>&nbsp;<\/p>\n<p>&nbsp;<\/p>\n<p><strong>\u00a0<\/strong><\/p>\n<p><strong>\u00a0<\/strong><\/p>\n","protected":false},"excerpt":{"rendered":"<p>Le 6 juin dernier, le Centre d&rsquo;\u00e9tudes de l&rsquo;UQAC \u00e0\u00a0Sept-\u00celes a r\u00e9uni ses finissants afin de c\u00e9l\u00e9brer leur r\u00e9ussite. 85 FINISSANTS \/14 PROGRAMMES D&rsquo;\u00c9TUDES Plusieurs personnes s&rsquo;\u00e9taient d\u00e9plac\u00e9es pour cette F\u00eate des finissants 2019, organis\u00e9e par l\u2019\u00e9quipe du Centre d\u2019\u00e9tudes de l&rsquo;endroit. Des invit\u00e9s du Centre des Premi\u00e8res Nations Nikanite \u00e9taient pr\u00e9sents pour souligner la [&hellip;]<\/p>\n","protected":false},"author":5,"featured_media":36547,"comment_status":"open","ping_status":"open","sticky":false,"template":"","format":"standard","meta":{"footnotes":""},"categories":[2],"tags":[443,444,151,210,106],"yoast_head":"<!-- This site is optimized with the Yoast SEO plugin v24.2 - https:\/\/yoast.com\/wordpress\/plugins\/seo\/ -->\r\n<title>Le Centre d&#039;\u00e9tudes de l&#039;UQAC \u00e0 Sept-\u00celes c\u00e9l\u00e8bre ses finissants - UQACtualit\u00e9s<\/title>\r\n<meta name=\"robots\" content=\"index, follow, max-snippet:-1, max-image-preview:large, max-video-preview:-1\" \/>\r\n<link rel=\"canonical\" href=\"https:\/\/www.uqac.ca\/uqactualites\/2019\/06\/19\/le-centre-detudes-de-luqac-a-sept-iles-celebre-ses-finissants\/\" \/>\r\n<meta property=\"og:locale\" content=\"fr_CA\" \/>\r\n<meta property=\"og:type\" content=\"article\" \/>\r\n<meta property=\"og:title\" content=\"Le Centre d&#039;\u00e9tudes de l&#039;UQAC \u00e0 Sept-\u00celes c\u00e9l\u00e8bre ses finissants - UQACtualit\u00e9s\" \/>\r\n<meta property=\"og:description\" content=\"Le 6 juin dernier, le Centre d&rsquo;\u00e9tudes de l&rsquo;UQAC \u00e0\u00a0Sept-\u00celes a r\u00e9uni ses finissants afin de c\u00e9l\u00e9brer leur r\u00e9ussite. 85 FINISSANTS \/14 PROGRAMMES D&rsquo;\u00c9TUDES Plusieurs personnes s&rsquo;\u00e9taient d\u00e9plac\u00e9es pour cette F\u00eate des finissants 2019, organis\u00e9e par l\u2019\u00e9quipe du Centre d\u2019\u00e9tudes de l&rsquo;endroit. Des invit\u00e9s du Centre des Premi\u00e8res Nations Nikanite \u00e9taient pr\u00e9sents pour souligner la [&hellip;]\" \/>\r\n<meta property=\"og:url\" content=\"https:\/\/www.uqac.ca\/uqactualites\/2019\/06\/19\/le-centre-detudes-de-luqac-a-sept-iles-celebre-ses-finissants\/\" \/>\r\n<meta property=\"og:site_name\" content=\"UQACtualit\u00e9s\" \/>\r\n<meta property=\"article:published_time\" content=\"2019-06-19T12:46:48+00:00\" \/>\r\n<meta property=\"article:modified_time\" content=\"2025-05-21T15:28:35+00:00\" \/>\r\n<meta property=\"og:image\" content=\"https:\/\/www.uqac.ca\/uqactualites\/wp-content\/uploads\/2019\/06\/uqad19-scaled.jpg\" \/>\r\n\t<meta property=\"og:image:width\" content=\"2560\" \/>\r\n\t<meta property=\"og:image:height\" content=\"1706\" \/>\r\n\t<meta property=\"og:image:type\" content=\"image\/jpeg\" \/>\r\n<meta name=\"author\" content=\"Service des communications et des relations publiques\" \/>\r\n<meta name=\"twitter:card\" content=\"summary_large_image\" \/>\r\n<meta name=\"twitter:label1\" content=\"\u00c9crit par\" \/>\n\t<meta name=\"twitter:data1\" content=\"Service des communications et des relations publiques\" \/>\n\t<meta name=\"twitter:label2\" content=\"Estimation du temps de lecture\" \/>\n\t<meta name=\"twitter:data2\" content=\"2 minutes\" \/>\r\n<script type=\"application\/ld+json\" class=\"yoast-schema-graph\">{\"@context\":\"https:\/\/schema.org\",\"@graph\":[{\"@type\":\"WebPage\",\"@id\":\"https:\/\/www.uqac.ca\/uqactualites\/2019\/06\/19\/le-centre-detudes-de-luqac-a-sept-iles-celebre-ses-finissants\/\",\"url\":\"https:\/\/www.uqac.ca\/uqactualites\/2019\/06\/19\/le-centre-detudes-de-luqac-a-sept-iles-celebre-ses-finissants\/\",\"name\":\"Le Centre d'\u00e9tudes de l'UQAC \u00e0 Sept-\u00celes c\u00e9l\u00e8bre ses finissants - UQACtualit\u00e9s\",\"isPartOf\":{\"@id\":\"https:\/\/www.uqac.ca\/uqactualites\/#website\"},\"primaryImageOfPage\":{\"@id\":\"https:\/\/www.uqac.ca\/uqactualites\/2019\/06\/19\/le-centre-detudes-de-luqac-a-sept-iles-celebre-ses-finissants\/#primaryimage\"},\"image\":{\"@id\":\"https:\/\/www.uqac.ca\/uqactualites\/2019\/06\/19\/le-centre-detudes-de-luqac-a-sept-iles-celebre-ses-finissants\/#primaryimage\"},\"thumbnailUrl\":\"https:\/\/www.uqac.ca\/uqactualites\/wp-content\/uploads\/2019\/06\/uqad19-scaled.jpg\",\"datePublished\":\"2019-06-19T12:46:48+00:00\",\"dateModified\":\"2025-05-21T15:28:35+00:00\",\"author\":{\"@id\":\"https:\/\/www.uqac.ca\/uqactualites\/#\/schema\/person\/366c45a0c4f0e677b41b4af5886e2018\"},\"breadcrumb\":{\"@id\":\"https:\/\/www.uqac.ca\/uqactualites\/2019\/06\/19\/le-centre-detudes-de-luqac-a-sept-iles-celebre-ses-finissants\/#breadcrumb\"},\"inLanguage\":\"fr-CA\",\"potentialAction\":[{\"@type\":\"ReadAction\",\"target\":[\"https:\/\/www.uqac.ca\/uqactualites\/2019\/06\/19\/le-centre-detudes-de-luqac-a-sept-iles-celebre-ses-finissants\/\"]}]},{\"@type\":\"ImageObject\",\"inLanguage\":\"fr-CA\",\"@id\":\"https:\/\/www.uqac.ca\/uqactualites\/2019\/06\/19\/le-centre-detudes-de-luqac-a-sept-iles-celebre-ses-finissants\/#primaryimage\",\"url\":\"https:\/\/www.uqac.ca\/uqactualites\/wp-content\/uploads\/2019\/06\/uqad19-scaled.jpg\",\"contentUrl\":\"https:\/\/www.uqac.ca\/uqactualites\/wp-content\/uploads\/2019\/06\/uqad19-scaled.jpg\",\"width\":2560,\"height\":1706},{\"@type\":\"BreadcrumbList\",\"@id\":\"https:\/\/www.uqac.ca\/uqactualites\/2019\/06\/19\/le-centre-detudes-de-luqac-a-sept-iles-celebre-ses-finissants\/#breadcrumb\",\"itemListElement\":[{\"@type\":\"ListItem\",\"position\":1,\"name\":\"Home\",\"item\":\"https:\/\/www.uqac.ca\/uqactualites\/\"},{\"@type\":\"ListItem\",\"position\":2,\"name\":\"Le Centre d&rsquo;\u00e9tudes de l&rsquo;UQAC \u00e0 Sept-\u00celes c\u00e9l\u00e8bre ses finissants\"}]},{\"@type\":\"WebSite\",\"@id\":\"https:\/\/www.uqac.ca\/uqactualites\/#website\",\"url\":\"https:\/\/www.uqac.ca\/uqactualites\/\",\"name\":\"UQACtualit\u00e9s\",\"description\":\"Le portail des nouvelles de l&#039;UQAC\",\"potentialAction\":[{\"@type\":\"SearchAction\",\"target\":{\"@type\":\"EntryPoint\",\"urlTemplate\":\"https:\/\/www.uqac.ca\/uqactualites\/?s={search_term_string}\"},\"query-input\":{\"@type\":\"PropertyValueSpecification\",\"valueRequired\":true,\"valueName\":\"search_term_string\"}}],\"inLanguage\":\"fr-CA\"},{\"@type\":\"Person\",\"@id\":\"https:\/\/www.uqac.ca\/uqactualites\/#\/schema\/person\/366c45a0c4f0e677b41b4af5886e2018\",\"name\":\"Service des communications et des relations publiques\",\"image\":{\"@type\":\"ImageObject\",\"inLanguage\":\"fr-CA\",\"@id\":\"https:\/\/www.uqac.ca\/uqactualites\/#\/schema\/person\/image\/\",\"url\":\"https:\/\/secure.gravatar.com\/avatar\/20fbbda8a292f59f2d3461a5b999c00b?s=96&d=mm&r=g\",\"contentUrl\":\"https:\/\/secure.gravatar.com\/avatar\/20fbbda8a292f59f2d3461a5b999c00b?s=96&d=mm&r=g\",\"caption\":\"Service des communications et des relations publiques\"},\"url\":\"https:\/\/www.uqac.ca\/uqactualites\/author\/bap\/\"}]}<\/script>\r\n<!-- \/ Yoast SEO plugin. -->","yoast_head_json":{"title":"Le Centre d'\u00e9tudes de l'UQAC \u00e0 Sept-\u00celes c\u00e9l\u00e8bre ses finissants - UQACtualit\u00e9s","robots":{"index":"index","follow":"follow","max-snippet":"max-snippet:-1","max-image-preview":"max-image-preview:large","max-video-preview":"max-video-preview:-1"},"canonical":"https:\/\/www.uqac.ca\/uqactualites\/2019\/06\/19\/le-centre-detudes-de-luqac-a-sept-iles-celebre-ses-finissants\/","og_locale":"fr_CA","og_type":"article","og_title":"Le Centre d'\u00e9tudes de l'UQAC \u00e0 Sept-\u00celes c\u00e9l\u00e8bre ses finissants - UQACtualit\u00e9s","og_description":"Le 6 juin dernier, le Centre d&rsquo;\u00e9tudes de l&rsquo;UQAC \u00e0\u00a0Sept-\u00celes a r\u00e9uni ses finissants afin de c\u00e9l\u00e9brer leur r\u00e9ussite. 85 FINISSANTS \/14 PROGRAMMES D&rsquo;\u00c9TUDES Plusieurs personnes s&rsquo;\u00e9taient d\u00e9plac\u00e9es pour cette F\u00eate des finissants 2019, organis\u00e9e par l\u2019\u00e9quipe du Centre d\u2019\u00e9tudes de l&rsquo;endroit. Des invit\u00e9s du Centre des Premi\u00e8res Nations Nikanite \u00e9taient pr\u00e9sents pour souligner la [&hellip;]","og_url":"https:\/\/www.uqac.ca\/uqactualites\/2019\/06\/19\/le-centre-detudes-de-luqac-a-sept-iles-celebre-ses-finissants\/","og_site_name":"UQACtualit\u00e9s","article_published_time":"2019-06-19T12:46:48+00:00","article_modified_time":"2025-05-21T15:28:35+00:00","og_image":[{"width":2560,"height":1706,"url":"https:\/\/www.uqac.ca\/uqactualites\/wp-content\/uploads\/2019\/06\/uqad19-scaled.jpg","type":"image\/jpeg"}],"author":"Service des communications et des relations publiques","twitter_card":"summary_large_image","twitter_misc":{"\u00c9crit par":"Service des communications et des relations publiques","Estimation du temps de lecture":"2 minutes"},"schema":{"@context":"https:\/\/schema.org","@graph":[{"@type":"WebPage","@id":"https:\/\/www.uqac.ca\/uqactualites\/2019\/06\/19\/le-centre-detudes-de-luqac-a-sept-iles-celebre-ses-finissants\/","url":"https:\/\/www.uqac.ca\/uqactualites\/2019\/06\/19\/le-centre-detudes-de-luqac-a-sept-iles-celebre-ses-finissants\/","name":"Le Centre d'\u00e9tudes de l'UQAC \u00e0 Sept-\u00celes c\u00e9l\u00e8bre ses finissants - UQACtualit\u00e9s","isPartOf":{"@id":"https:\/\/www.uqac.ca\/uqactualites\/#website"},"primaryImageOfPage":{"@id":"https:\/\/www.uqac.ca\/uqactualites\/2019\/06\/19\/le-centre-detudes-de-luqac-a-sept-iles-celebre-ses-finissants\/#primaryimage"},"image":{"@id":"https:\/\/www.uqac.ca\/uqactualites\/2019\/06\/19\/le-centre-detudes-de-luqac-a-sept-iles-celebre-ses-finissants\/#primaryimage"},"thumbnailUrl":"https:\/\/www.uqac.ca\/uqactualites\/wp-content\/uploads\/2019\/06\/uqad19-scaled.jpg","datePublished":"2019-06-19T12:46:48+00:00","dateModified":"2025-05-21T15:28:35+00:00","author":{"@id":"https:\/\/www.uqac.ca\/uqactualites\/#\/schema\/person\/366c45a0c4f0e677b41b4af5886e2018"},"breadcrumb":{"@id":"https:\/\/www.uqac.ca\/uqactualites\/2019\/06\/19\/le-centre-detudes-de-luqac-a-sept-iles-celebre-ses-finissants\/#breadcrumb"},"inLanguage":"fr-CA","potentialAction":[{"@type":"ReadAction","target":["https:\/\/www.uqac.ca\/uqactualites\/2019\/06\/19\/le-centre-detudes-de-luqac-a-sept-iles-celebre-ses-finissants\/"]}]},{"@type":"ImageObject","inLanguage":"fr-CA","@id":"https:\/\/www.uqac.ca\/uqactualites\/2019\/06\/19\/le-centre-detudes-de-luqac-a-sept-iles-celebre-ses-finissants\/#primaryimage","url":"https:\/\/www.uqac.ca\/uqactualites\/wp-content\/uploads\/2019\/06\/uqad19-scaled.jpg","contentUrl":"https:\/\/www.uqac.ca\/uqactualites\/wp-content\/uploads\/2019\/06\/uqad19-scaled.jpg","width":2560,"height":1706},{"@type":"BreadcrumbList","@id":"https:\/\/www.uqac.ca\/uqactualites\/2019\/06\/19\/le-centre-detudes-de-luqac-a-sept-iles-celebre-ses-finissants\/#breadcrumb","itemListElement":[{"@type":"ListItem","position":1,"name":"Home","item":"https:\/\/www.uqac.ca\/uqactualites\/"},{"@type":"ListItem","position":2,"name":"Le Centre d&rsquo;\u00e9tudes de l&rsquo;UQAC \u00e0 Sept-\u00celes c\u00e9l\u00e8bre ses finissants"}]},{"@type":"WebSite","@id":"https:\/\/www.uqac.ca\/uqactualites\/#website","url":"https:\/\/www.uqac.ca\/uqactualites\/","name":"UQACtualit\u00e9s","description":"Le portail des nouvelles de l&#039;UQAC","potentialAction":[{"@type":"SearchAction","target":{"@type":"EntryPoint","urlTemplate":"https:\/\/www.uqac.ca\/uqactualites\/?s={search_term_string}"},"query-input":{"@type":"PropertyValueSpecification","valueRequired":true,"valueName":"search_term_string"}}],"inLanguage":"fr-CA"},{"@type":"Person","@id":"https:\/\/www.uqac.ca\/uqactualites\/#\/schema\/person\/366c45a0c4f0e677b41b4af5886e2018","name":"Service des communications et des relations publiques","image":{"@type":"ImageObject","inLanguage":"fr-CA","@id":"https:\/\/www.uqac.ca\/uqactualites\/#\/schema\/person\/image\/","url":"https:\/\/secure.gravatar.com\/avatar\/20fbbda8a292f59f2d3461a5b999c00b?s=96&d=mm&r=g","contentUrl":"https:\/\/secure.gravatar.com\/avatar\/20fbbda8a292f59f2d3461a5b999c00b?s=96&d=mm&r=g","caption":"Service des communications et des relations publiques"},"url":"https:\/\/www.uqac.ca\/uqactualites\/author\/bap\/"}]}},"_links":{"self":[{"href":"https:\/\/www.uqac.ca\/uqactualites\/wp-json\/wp\/v2\/posts\/36545"}],"collection":[{"href":"https:\/\/www.uqac.ca\/uqactualites\/wp-json\/wp\/v2\/posts"}],"about":[{"href":"https:\/\/www.uqac.ca\/uqactualites\/wp-json\/wp\/v2\/types\/post"}],"author":[{"embeddable":true,"href":"https:\/\/www.uqac.ca\/uqactualites\/wp-json\/wp\/v2\/users\/5"}],"replies":[{"embeddable":true,"href":"https:\/\/www.uqac.ca\/uqactualites\/wp-json\/wp\/v2\/comments?post=36545"}],"version-history":[{"count":1,"href":"https:\/\/www.uqac.ca\/uqactualites\/wp-json\/wp\/v2\/posts\/36545\/revisions"}],"predecessor-version":[{"id":50783,"href":"https:\/\/www.uqac.ca\/uqactualites\/wp-json\/wp\/v2\/posts\/36545\/revisions\/50783"}],"wp:featuredmedia":[{"embeddable":true,"href":"https:\/\/www.uqac.ca\/uqactualites\/wp-json\/wp\/v2\/media\/36547"}],"wp:attachment":[{"href":"https:\/\/www.uqac.ca\/uqactualites\/wp-json\/wp\/v2\/media?parent=36545"}],"wp:term":[{"taxonomy":"category","embeddable":true,"href":"https:\/\/www.uqac.ca\/uqactualites\/wp-json\/wp\/v2\/categories?post=36545"},{"taxonomy":"post_tag","embeddable":true,"href":"https:\/\/www.uqac.ca\/uqactualites\/wp-json\/wp\/v2\/tags?post=36545"}],"curies":[{"name":"wp","href":"https:\/\/api.w.org\/{rel}","templated":true}]}}