{"id":36562,"date":"2019-06-19T10:45:22","date_gmt":"2019-06-19T14:45:22","guid":{"rendered":"https:\/\/www.uqac.ca\/?p=36562"},"modified":"2024-03-05T14:09:41","modified_gmt":"2024-03-05T19:09:41","slug":"la-pratique-du-travail-social-en-sante-mentale-un-nouvel-ouvrage-dirige-par-christiane-bergeron-leclerc","status":"publish","type":"post","link":"https:\/\/www.uqac.ca\/uqactualites\/2019\/06\/19\/la-pratique-du-travail-social-en-sante-mentale-un-nouvel-ouvrage-dirige-par-christiane-bergeron-leclerc\/","title":{"rendered":"&laquo;La pratique du travail social en sant\u00e9 mentale&raquo;, un nouvel ouvrage dirig\u00e9 par Christiane Bergeron-Leclerc"},"content":{"rendered":"<p>Le 12 juin dernier, est paru aux Presses de l\u2019Universit\u00e9 du Qu\u00e9bec, l\u2019ouvrage \u00ab<a href=\"https:\/\/www.puq.ca\/catalogue\/livres\/pratique-travail-social-sante-mentale-3166.html\">\u00a0la pratique du travail social en sant\u00e9 mentale<\/a>\u00a0\u00bb. Cet ouvrage dirig\u00e9 par Christiane Bergeron-Leclerc, professeure en travail social \u00e0 l&rsquo;UQAC, en collaboration avec des professeures de l\u2019Universit\u00e9 du Qu\u00e9bec \u00e0 Rimouski et de l\u2019Universit\u00e9 Laval est le premier livre francophone sur la question.\u00a0 S\u2019adressant tant aux \u00e9tudiants en formation qu\u2019aux travailleurs sociaux en exercice, il vise \u00e0 fournir des rep\u00e8res pour bien apprendre, comprendre et s\u2019engager dans ce champ d\u2019action du travail social d\u00e9sormais multiforme. Le livre est disponible en trois formats.<\/p>\n<p>Toutes nos f\u00e9liciations<\/p>\n","protected":false},"excerpt":{"rendered":"<p>Le 12 juin dernier, est paru aux Presses de l\u2019Universit\u00e9 du Qu\u00e9bec, l\u2019ouvrage \u00ab\u00a0la pratique du travail social en sant\u00e9 mentale\u00a0\u00bb. Cet ouvrage dirig\u00e9 par Christiane Bergeron-Leclerc, professeure en travail social \u00e0 l&rsquo;UQAC, en collaboration avec des professeures de l\u2019Universit\u00e9 du Qu\u00e9bec \u00e0 Rimouski et de l\u2019Universit\u00e9 Laval est le premier livre francophone sur la [&hellip;]<\/p>\n","protected":false},"author":5,"featured_media":36566,"comment_status":"open","ping_status":"open","sticky":false,"template":"","format":"standard","meta":{"footnotes":""},"categories":[2],"tags":[252,445,169],"yoast_head":"<!-- This site is optimized with the Yoast SEO plugin v24.2 - https:\/\/yoast.com\/wordpress\/plugins\/seo\/ -->\r\n<title>&quot;La pratique du travail social en sant\u00e9 mentale&quot;, un nouvel ouvrage dirig\u00e9 par Christiane Bergeron-Leclerc - UQACtualit\u00e9s<\/title>\r\n<meta name=\"robots\" content=\"index, follow, max-snippet:-1, max-image-preview:large, max-video-preview:-1\" \/>\r\n<link rel=\"canonical\" href=\"https:\/\/www.uqac.ca\/uqactualites\/2019\/06\/19\/la-pratique-du-travail-social-en-sante-mentale-un-nouvel-ouvrage-dirige-par-christiane-bergeron-leclerc\/\" \/>\r\n<meta property=\"og:locale\" content=\"fr_CA\" \/>\r\n<meta property=\"og:type\" content=\"article\" \/>\r\n<meta property=\"og:title\" content=\"&quot;La pratique du travail social en sant\u00e9 mentale&quot;, un nouvel ouvrage dirig\u00e9 par Christiane Bergeron-Leclerc - UQACtualit\u00e9s\" \/>\r\n<meta property=\"og:description\" content=\"Le 12 juin dernier, est paru aux Presses de l\u2019Universit\u00e9 du Qu\u00e9bec, l\u2019ouvrage \u00ab\u00a0la pratique du travail social en sant\u00e9 mentale\u00a0\u00bb. Cet ouvrage dirig\u00e9 par Christiane Bergeron-Leclerc, professeure en travail social \u00e0 l&rsquo;UQAC, en collaboration avec des professeures de l\u2019Universit\u00e9 du Qu\u00e9bec \u00e0 Rimouski et de l\u2019Universit\u00e9 Laval est le premier livre francophone sur la [&hellip;]\" \/>\r\n<meta property=\"og:url\" content=\"https:\/\/www.uqac.ca\/uqactualites\/2019\/06\/19\/la-pratique-du-travail-social-en-sante-mentale-un-nouvel-ouvrage-dirige-par-christiane-bergeron-leclerc\/\" \/>\r\n<meta property=\"og:site_name\" content=\"UQACtualit\u00e9s\" \/>\r\n<meta property=\"article:published_time\" content=\"2019-06-19T14:45:22+00:00\" \/>\r\n<meta property=\"article:modified_time\" content=\"2024-03-05T19:09:41+00:00\" \/>\r\n<meta property=\"og:image\" content=\"https:\/\/www.uqac.ca\/uqactualites\/wp-content\/uploads\/2019\/06\/Photo-CBL-836x1024.jpg\" \/>\r\n\t<meta property=\"og:image:width\" content=\"836\" \/>\r\n\t<meta property=\"og:image:height\" content=\"1024\" \/>\r\n\t<meta property=\"og:image:type\" content=\"image\/jpeg\" \/>\r\n<meta name=\"author\" content=\"Service des communications et des relations publiques\" \/>\r\n<meta name=\"twitter:card\" content=\"summary_large_image\" \/>\r\n<meta name=\"twitter:label1\" content=\"\u00c9crit par\" \/>\n\t<meta name=\"twitter:data1\" content=\"Service des communications et des relations publiques\" \/>\n\t<meta name=\"twitter:label2\" content=\"Estimation du temps de lecture\" \/>\n\t<meta name=\"twitter:data2\" content=\"1 minute\" \/>\r\n<script type=\"application\/ld+json\" class=\"yoast-schema-graph\">{\"@context\":\"https:\/\/schema.org\",\"@graph\":[{\"@type\":\"WebPage\",\"@id\":\"https:\/\/www.uqac.ca\/uqactualites\/2019\/06\/19\/la-pratique-du-travail-social-en-sante-mentale-un-nouvel-ouvrage-dirige-par-christiane-bergeron-leclerc\/\",\"url\":\"https:\/\/www.uqac.ca\/uqactualites\/2019\/06\/19\/la-pratique-du-travail-social-en-sante-mentale-un-nouvel-ouvrage-dirige-par-christiane-bergeron-leclerc\/\",\"name\":\"\\\"La pratique du travail social en sant\u00e9 mentale\\\", un nouvel ouvrage dirig\u00e9 par Christiane Bergeron-Leclerc - UQACtualit\u00e9s\",\"isPartOf\":{\"@id\":\"https:\/\/www.uqac.ca\/uqactualites\/#website\"},\"primaryImageOfPage\":{\"@id\":\"https:\/\/www.uqac.ca\/uqactualites\/2019\/06\/19\/la-pratique-du-travail-social-en-sante-mentale-un-nouvel-ouvrage-dirige-par-christiane-bergeron-leclerc\/#primaryimage\"},\"image\":{\"@id\":\"https:\/\/www.uqac.ca\/uqactualites\/2019\/06\/19\/la-pratique-du-travail-social-en-sante-mentale-un-nouvel-ouvrage-dirige-par-christiane-bergeron-leclerc\/#primaryimage\"},\"thumbnailUrl\":\"https:\/\/www.uqac.ca\/uqactualites\/wp-content\/uploads\/2019\/06\/Photo-CBL.jpg\",\"datePublished\":\"2019-06-19T14:45:22+00:00\",\"dateModified\":\"2024-03-05T19:09:41+00:00\",\"author\":{\"@id\":\"https:\/\/www.uqac.ca\/uqactualites\/#\/schema\/person\/366c45a0c4f0e677b41b4af5886e2018\"},\"breadcrumb\":{\"@id\":\"https:\/\/www.uqac.ca\/uqactualites\/2019\/06\/19\/la-pratique-du-travail-social-en-sante-mentale-un-nouvel-ouvrage-dirige-par-christiane-bergeron-leclerc\/#breadcrumb\"},\"inLanguage\":\"fr-CA\",\"potentialAction\":[{\"@type\":\"ReadAction\",\"target\":[\"https:\/\/www.uqac.ca\/uqactualites\/2019\/06\/19\/la-pratique-du-travail-social-en-sante-mentale-un-nouvel-ouvrage-dirige-par-christiane-bergeron-leclerc\/\"]}]},{\"@type\":\"ImageObject\",\"inLanguage\":\"fr-CA\",\"@id\":\"https:\/\/www.uqac.ca\/uqactualites\/2019\/06\/19\/la-pratique-du-travail-social-en-sante-mentale-un-nouvel-ouvrage-dirige-par-christiane-bergeron-leclerc\/#primaryimage\",\"url\":\"https:\/\/www.uqac.ca\/uqactualites\/wp-content\/uploads\/2019\/06\/Photo-CBL.jpg\",\"contentUrl\":\"https:\/\/www.uqac.ca\/uqactualites\/wp-content\/uploads\/2019\/06\/Photo-CBL.jpg\",\"width\":2053,\"height\":2516,\"caption\":\"cr\u00e9dit photo: Denis Blackburn\"},{\"@type\":\"BreadcrumbList\",\"@id\":\"https:\/\/www.uqac.ca\/uqactualites\/2019\/06\/19\/la-pratique-du-travail-social-en-sante-mentale-un-nouvel-ouvrage-dirige-par-christiane-bergeron-leclerc\/#breadcrumb\",\"itemListElement\":[{\"@type\":\"ListItem\",\"position\":1,\"name\":\"Home\",\"item\":\"https:\/\/www.uqac.ca\/uqactualites\/\"},{\"@type\":\"ListItem\",\"position\":2,\"name\":\"&laquo;La pratique du travail social en sant\u00e9 mentale&raquo;, un nouvel ouvrage dirig\u00e9 par Christiane Bergeron-Leclerc\"}]},{\"@type\":\"WebSite\",\"@id\":\"https:\/\/www.uqac.ca\/uqactualites\/#website\",\"url\":\"https:\/\/www.uqac.ca\/uqactualites\/\",\"name\":\"UQACtualit\u00e9s\",\"description\":\"Le portail des nouvelles de l&#039;UQAC\",\"potentialAction\":[{\"@type\":\"SearchAction\",\"target\":{\"@type\":\"EntryPoint\",\"urlTemplate\":\"https:\/\/www.uqac.ca\/uqactualites\/?s={search_term_string}\"},\"query-input\":{\"@type\":\"PropertyValueSpecification\",\"valueRequired\":true,\"valueName\":\"search_term_string\"}}],\"inLanguage\":\"fr-CA\"},{\"@type\":\"Person\",\"@id\":\"https:\/\/www.uqac.ca\/uqactualites\/#\/schema\/person\/366c45a0c4f0e677b41b4af5886e2018\",\"name\":\"Service des communications et des relations publiques\",\"image\":{\"@type\":\"ImageObject\",\"inLanguage\":\"fr-CA\",\"@id\":\"https:\/\/www.uqac.ca\/uqactualites\/#\/schema\/person\/image\/\",\"url\":\"https:\/\/secure.gravatar.com\/avatar\/20fbbda8a292f59f2d3461a5b999c00b?s=96&d=mm&r=g\",\"contentUrl\":\"https:\/\/secure.gravatar.com\/avatar\/20fbbda8a292f59f2d3461a5b999c00b?s=96&d=mm&r=g\",\"caption\":\"Service des communications et des relations publiques\"},\"url\":\"https:\/\/www.uqac.ca\/uqactualites\/author\/bap\/\"}]}<\/script>\r\n<!-- \/ Yoast SEO plugin. -->","yoast_head_json":{"title":"\"La pratique du travail social en sant\u00e9 mentale\", un nouvel ouvrage dirig\u00e9 par Christiane Bergeron-Leclerc - UQACtualit\u00e9s","robots":{"index":"index","follow":"follow","max-snippet":"max-snippet:-1","max-image-preview":"max-image-preview:large","max-video-preview":"max-video-preview:-1"},"canonical":"https:\/\/www.uqac.ca\/uqactualites\/2019\/06\/19\/la-pratique-du-travail-social-en-sante-mentale-un-nouvel-ouvrage-dirige-par-christiane-bergeron-leclerc\/","og_locale":"fr_CA","og_type":"article","og_title":"\"La pratique du travail social en sant\u00e9 mentale\", un nouvel ouvrage dirig\u00e9 par Christiane Bergeron-Leclerc - UQACtualit\u00e9s","og_description":"Le 12 juin dernier, est paru aux Presses de l\u2019Universit\u00e9 du Qu\u00e9bec, l\u2019ouvrage \u00ab\u00a0la pratique du travail social en sant\u00e9 mentale\u00a0\u00bb. Cet ouvrage dirig\u00e9 par Christiane Bergeron-Leclerc, professeure en travail social \u00e0 l&rsquo;UQAC, en collaboration avec des professeures de l\u2019Universit\u00e9 du Qu\u00e9bec \u00e0 Rimouski et de l\u2019Universit\u00e9 Laval est le premier livre francophone sur la [&hellip;]","og_url":"https:\/\/www.uqac.ca\/uqactualites\/2019\/06\/19\/la-pratique-du-travail-social-en-sante-mentale-un-nouvel-ouvrage-dirige-par-christiane-bergeron-leclerc\/","og_site_name":"UQACtualit\u00e9s","article_published_time":"2019-06-19T14:45:22+00:00","article_modified_time":"2024-03-05T19:09:41+00:00","og_image":[{"width":836,"height":1024,"url":"https:\/\/www.uqac.ca\/uqactualites\/wp-content\/uploads\/2019\/06\/Photo-CBL-836x1024.jpg","type":"image\/jpeg"}],"author":"Service des communications et des relations publiques","twitter_card":"summary_large_image","twitter_misc":{"\u00c9crit par":"Service des communications et des relations publiques","Estimation du temps de lecture":"1 minute"},"schema":{"@context":"https:\/\/schema.org","@graph":[{"@type":"WebPage","@id":"https:\/\/www.uqac.ca\/uqactualites\/2019\/06\/19\/la-pratique-du-travail-social-en-sante-mentale-un-nouvel-ouvrage-dirige-par-christiane-bergeron-leclerc\/","url":"https:\/\/www.uqac.ca\/uqactualites\/2019\/06\/19\/la-pratique-du-travail-social-en-sante-mentale-un-nouvel-ouvrage-dirige-par-christiane-bergeron-leclerc\/","name":"\"La pratique du travail social en sant\u00e9 mentale\", un nouvel ouvrage dirig\u00e9 par Christiane Bergeron-Leclerc - UQACtualit\u00e9s","isPartOf":{"@id":"https:\/\/www.uqac.ca\/uqactualites\/#website"},"primaryImageOfPage":{"@id":"https:\/\/www.uqac.ca\/uqactualites\/2019\/06\/19\/la-pratique-du-travail-social-en-sante-mentale-un-nouvel-ouvrage-dirige-par-christiane-bergeron-leclerc\/#primaryimage"},"image":{"@id":"https:\/\/www.uqac.ca\/uqactualites\/2019\/06\/19\/la-pratique-du-travail-social-en-sante-mentale-un-nouvel-ouvrage-dirige-par-christiane-bergeron-leclerc\/#primaryimage"},"thumbnailUrl":"https:\/\/www.uqac.ca\/uqactualites\/wp-content\/uploads\/2019\/06\/Photo-CBL.jpg","datePublished":"2019-06-19T14:45:22+00:00","dateModified":"2024-03-05T19:09:41+00:00","author":{"@id":"https:\/\/www.uqac.ca\/uqactualites\/#\/schema\/person\/366c45a0c4f0e677b41b4af5886e2018"},"breadcrumb":{"@id":"https:\/\/www.uqac.ca\/uqactualites\/2019\/06\/19\/la-pratique-du-travail-social-en-sante-mentale-un-nouvel-ouvrage-dirige-par-christiane-bergeron-leclerc\/#breadcrumb"},"inLanguage":"fr-CA","potentialAction":[{"@type":"ReadAction","target":["https:\/\/www.uqac.ca\/uqactualites\/2019\/06\/19\/la-pratique-du-travail-social-en-sante-mentale-un-nouvel-ouvrage-dirige-par-christiane-bergeron-leclerc\/"]}]},{"@type":"ImageObject","inLanguage":"fr-CA","@id":"https:\/\/www.uqac.ca\/uqactualites\/2019\/06\/19\/la-pratique-du-travail-social-en-sante-mentale-un-nouvel-ouvrage-dirige-par-christiane-bergeron-leclerc\/#primaryimage","url":"https:\/\/www.uqac.ca\/uqactualites\/wp-content\/uploads\/2019\/06\/Photo-CBL.jpg","contentUrl":"https:\/\/www.uqac.ca\/uqactualites\/wp-content\/uploads\/2019\/06\/Photo-CBL.jpg","width":2053,"height":2516,"caption":"cr\u00e9dit photo: Denis Blackburn"},{"@type":"BreadcrumbList","@id":"https:\/\/www.uqac.ca\/uqactualites\/2019\/06\/19\/la-pratique-du-travail-social-en-sante-mentale-un-nouvel-ouvrage-dirige-par-christiane-bergeron-leclerc\/#breadcrumb","itemListElement":[{"@type":"ListItem","position":1,"name":"Home","item":"https:\/\/www.uqac.ca\/uqactualites\/"},{"@type":"ListItem","position":2,"name":"&laquo;La pratique du travail social en sant\u00e9 mentale&raquo;, un nouvel ouvrage dirig\u00e9 par Christiane Bergeron-Leclerc"}]},{"@type":"WebSite","@id":"https:\/\/www.uqac.ca\/uqactualites\/#website","url":"https:\/\/www.uqac.ca\/uqactualites\/","name":"UQACtualit\u00e9s","description":"Le portail des nouvelles de l&#039;UQAC","potentialAction":[{"@type":"SearchAction","target":{"@type":"EntryPoint","urlTemplate":"https:\/\/www.uqac.ca\/uqactualites\/?s={search_term_string}"},"query-input":{"@type":"PropertyValueSpecification","valueRequired":true,"valueName":"search_term_string"}}],"inLanguage":"fr-CA"},{"@type":"Person","@id":"https:\/\/www.uqac.ca\/uqactualites\/#\/schema\/person\/366c45a0c4f0e677b41b4af5886e2018","name":"Service des communications et des relations publiques","image":{"@type":"ImageObject","inLanguage":"fr-CA","@id":"https:\/\/www.uqac.ca\/uqactualites\/#\/schema\/person\/image\/","url":"https:\/\/secure.gravatar.com\/avatar\/20fbbda8a292f59f2d3461a5b999c00b?s=96&d=mm&r=g","contentUrl":"https:\/\/secure.gravatar.com\/avatar\/20fbbda8a292f59f2d3461a5b999c00b?s=96&d=mm&r=g","caption":"Service des communications et des relations publiques"},"url":"https:\/\/www.uqac.ca\/uqactualites\/author\/bap\/"}]}},"_links":{"self":[{"href":"https:\/\/www.uqac.ca\/uqactualites\/wp-json\/wp\/v2\/posts\/36562"}],"collection":[{"href":"https:\/\/www.uqac.ca\/uqactualites\/wp-json\/wp\/v2\/posts"}],"about":[{"href":"https:\/\/www.uqac.ca\/uqactualites\/wp-json\/wp\/v2\/types\/post"}],"author":[{"embeddable":true,"href":"https:\/\/www.uqac.ca\/uqactualites\/wp-json\/wp\/v2\/users\/5"}],"replies":[{"embeddable":true,"href":"https:\/\/www.uqac.ca\/uqactualites\/wp-json\/wp\/v2\/comments?post=36562"}],"version-history":[{"count":1,"href":"https:\/\/www.uqac.ca\/uqactualites\/wp-json\/wp\/v2\/posts\/36562\/revisions"}],"predecessor-version":[{"id":46292,"href":"https:\/\/www.uqac.ca\/uqactualites\/wp-json\/wp\/v2\/posts\/36562\/revisions\/46292"}],"wp:featuredmedia":[{"embeddable":true,"href":"https:\/\/www.uqac.ca\/uqactualites\/wp-json\/wp\/v2\/media\/36566"}],"wp:attachment":[{"href":"https:\/\/www.uqac.ca\/uqactualites\/wp-json\/wp\/v2\/media?parent=36562"}],"wp:term":[{"taxonomy":"category","embeddable":true,"href":"https:\/\/www.uqac.ca\/uqactualites\/wp-json\/wp\/v2\/categories?post=36562"},{"taxonomy":"post_tag","embeddable":true,"href":"https:\/\/www.uqac.ca\/uqactualites\/wp-json\/wp\/v2\/tags?post=36562"}],"curies":[{"name":"wp","href":"https:\/\/api.w.org\/{rel}","templated":true}]}}