{"id":36573,"date":"2019-06-19T10:44:30","date_gmt":"2019-06-19T14:44:30","guid":{"rendered":"https:\/\/www.uqac.ca\/?p=36573"},"modified":"2019-06-19T10:44:30","modified_gmt":"2019-06-19T14:44:30","slug":"luqac-decerne-les-medailles-du-gouverneur-general-du-canada","status":"publish","type":"post","link":"https:\/\/www.uqac.ca\/uqactualites\/2019\/06\/19\/luqac-decerne-les-medailles-du-gouverneur-general-du-canada\/","title":{"rendered":"L\u2019UQAC d\u00e9cerne les m\u00e9dailles du Gouverneur g\u00e9n\u00e9ral du Canada"},"content":{"rendered":"<p>Julie-Pascale Labrecque-Foy, \u00e9tudiante au <a href=\"https:\/\/www.uqac.ca\/programme\/7705-baccalaureat-en-biologie\/\">baccalaur\u00e9at en biologie<\/a>, et Andr\u00e9anne Gagn\u00e9, \u00e9tudiante au <a href=\"https:\/\/www.uqac.ca\/programme\/3666-doctorat-en-education\/\">doctorat en \u00e9ducation<\/a>, se sont vu d\u00e9cerner les m\u00e9dailles d\u2019argent et d\u2019or du Gouverneur g\u00e9n\u00e9ral du Canada lors d\u2019une c\u00e9r\u00e9monie qui s\u2019est tenue en pr\u00e9sence de leurs professeurs au Salon Andr\u00e9 Desgagn\u00e9 le 17 juin dernier.<\/p>\n<p>La s\u00e9lection des candidats \u00e0 ce prestigieux titre est le fruit d\u2019un rigoureux processus de s\u00e9lection qui s\u2019inscrit dans le cadre de la quatri\u00e8me \u00e9dition du Tableau d\u2019honneur de l\u2019UQAC compos\u00e9 pour l\u2019ann\u00e9e 2017-2018 de 42 \u00e9tudiants au premier cycle et aux cycles sup\u00e9rieurs s\u2019\u00e9tant d\u00e9marqu\u00e9s par l\u2019excellence de leur dossier acad\u00e9mique.<\/p>\n<p>10 de ces candidats ont \u00e9t\u00e9 pr\u00e9s\u00e9lectionn\u00e9s \u00e0 la suite du d\u00e9p\u00f4t du formulaire et re\u00e7us en entrevue pour le prestigieux concours des m\u00e9dailles d\u2019argent et d\u2019or du Gouverneur g\u00e9n\u00e9ral du Canada.<\/p>\n<p>\u00c0 l\u2019issue du processus de s\u00e9lection, les finalistes ont \u00e9t\u00e9 \u00e9valu\u00e9s sur plusieurs crit\u00e8res en plus de l\u2019excellence de leurs r\u00e9sultats, mentionnons entre autres la qualit\u00e9 de leurs habilet\u00e9s de communication et l\u2019exercice d\u2019une pens\u00e9e critique selon leur champ d\u2019expertise. Pour les candidats aux cycles sup\u00e9rieurs, l\u2019ampleur et qualit\u00e9 de l\u2019implication dans le milieu scientifique ainsi que la contribution des travaux de recherche \u00e0 la soci\u00e9t\u00e9 ont aussi \u00e9t\u00e9 consid\u00e9r\u00e9es.<\/p>\n<p>Les m\u00e9dailles du Gouverneur g\u00e9n\u00e9ral du Canada repr\u00e9sentent la plus haute distinction acad\u00e9mique que des \u00e9tudiants puissent recevoir dans une universit\u00e9 canadienne.<\/p>\n<p><strong>PHOTO<\/strong><br \/>\nR\u00e9al Daigneault, vice-recteur \u00e0 l&rsquo;enseignement, \u00e0 la recherche et \u00e0 la cr\u00e9ation, en compagnie de\u00a0Julie-Pascale Labrecque-Foy et d&rsquo;Andr\u00e9anne Gagn\u00e9.<\/p>\n<figure id=\"attachment_36580\" aria-describedby=\"caption-attachment-36580\" style=\"width: 300px\" class=\"wp-caption alignright\"><img loading=\"lazy\" decoding=\"async\" class=\"wp-image-36580 size-medium\" src=\"https:\/\/www.uqac.ca\/wp-content\/uploads\/2019\/06\/DSC_7683-300x199.jpg\" alt=\"\" width=\"300\" height=\"199\" srcset=\"https:\/\/www.uqac.ca\/uqactualites\/wp-content\/uploads\/2019\/06\/DSC_7683-300x199.jpg 300w, https:\/\/www.uqac.ca\/uqactualites\/wp-content\/uploads\/2019\/06\/DSC_7683-1024x680.jpg 1024w, https:\/\/www.uqac.ca\/uqactualites\/wp-content\/uploads\/2019\/06\/DSC_7683-768x510.jpg 768w, https:\/\/www.uqac.ca\/uqactualites\/wp-content\/uploads\/2019\/06\/DSC_7683-1536x1020.jpg 1536w, https:\/\/www.uqac.ca\/uqactualites\/wp-content\/uploads\/2019\/06\/DSC_7683-2048x1360.jpg 2048w\" sizes=\"(max-width: 300px) 100vw, 300px\" \/><figcaption id=\"caption-attachment-36580\" class=\"wp-caption-text\">Andr\u00e9anne Gagn\u00e9, m\u00e9daill\u00e9e, et Sandra Coulombe, professeure au D\u00e9partement des sciences de l&rsquo;\u00e9ducation<\/figcaption><\/figure>\n<figure id=\"attachment_36578\" aria-describedby=\"caption-attachment-36578\" style=\"width: 300px\" class=\"wp-caption alignleft\"><img loading=\"lazy\" decoding=\"async\" class=\"wp-image-36578 size-medium\" src=\"https:\/\/www.uqac.ca\/wp-content\/uploads\/2019\/06\/84725CF8-03A9-4050-AC9C-2E5349CE3770-300x225.jpeg\" alt=\"\" width=\"300\" height=\"225\" srcset=\"https:\/\/www.uqac.ca\/uqactualites\/wp-content\/uploads\/2019\/06\/84725CF8-03A9-4050-AC9C-2E5349CE3770-300x225.jpeg 300w, https:\/\/www.uqac.ca\/uqactualites\/wp-content\/uploads\/2019\/06\/84725CF8-03A9-4050-AC9C-2E5349CE3770-1024x768.jpeg 1024w, https:\/\/www.uqac.ca\/uqactualites\/wp-content\/uploads\/2019\/06\/84725CF8-03A9-4050-AC9C-2E5349CE3770-768x576.jpeg 768w, https:\/\/www.uqac.ca\/uqactualites\/wp-content\/uploads\/2019\/06\/84725CF8-03A9-4050-AC9C-2E5349CE3770-1536x1152.jpeg 1536w, https:\/\/www.uqac.ca\/uqactualites\/wp-content\/uploads\/2019\/06\/84725CF8-03A9-4050-AC9C-2E5349CE3770-2048x1536.jpeg 2048w\" sizes=\"(max-width: 300px) 100vw, 300px\" \/><figcaption id=\"caption-attachment-36578\" class=\"wp-caption-text\">Jacques Ibarzabal, professeur et directeur par int\u00e9rim du D\u00e9partement des sciences fondamentales, et Julie-Pascale Labrecque-Foy, m\u00e9daill\u00e9e<\/figcaption><\/figure>\n","protected":false},"excerpt":{"rendered":"<p>Julie-Pascale Labrecque-Foy, \u00e9tudiante au baccalaur\u00e9at en biologie, et Andr\u00e9anne Gagn\u00e9, \u00e9tudiante au doctorat en \u00e9ducation, se sont vu d\u00e9cerner les m\u00e9dailles d\u2019argent et d\u2019or du Gouverneur g\u00e9n\u00e9ral du Canada lors d\u2019une c\u00e9r\u00e9monie qui s\u2019est tenue en pr\u00e9sence de leurs professeurs au Salon Andr\u00e9 Desgagn\u00e9 le 17 juin dernier. La s\u00e9lection des candidats \u00e0 ce prestigieux [&hellip;]<\/p>\n","protected":false},"author":5,"featured_media":36574,"comment_status":"open","ping_status":"open","sticky":false,"template":"","format":"standard","meta":{"footnotes":""},"categories":[2],"tags":[5,3],"yoast_head":"<!-- This site is optimized with the Yoast SEO plugin v24.2 - https:\/\/yoast.com\/wordpress\/plugins\/seo\/ -->\r\n<title>L\u2019UQAC d\u00e9cerne les m\u00e9dailles du Gouverneur g\u00e9n\u00e9ral du Canada - UQACtualit\u00e9s<\/title>\r\n<meta name=\"robots\" content=\"index, follow, max-snippet:-1, max-image-preview:large, max-video-preview:-1\" \/>\r\n<link rel=\"canonical\" href=\"https:\/\/www.uqac.ca\/uqactualites\/2019\/06\/19\/luqac-decerne-les-medailles-du-gouverneur-general-du-canada\/\" \/>\r\n<meta property=\"og:locale\" content=\"fr_CA\" \/>\r\n<meta property=\"og:type\" content=\"article\" \/>\r\n<meta property=\"og:title\" content=\"L\u2019UQAC d\u00e9cerne les m\u00e9dailles du Gouverneur g\u00e9n\u00e9ral du Canada - UQACtualit\u00e9s\" \/>\r\n<meta property=\"og:description\" content=\"Julie-Pascale Labrecque-Foy, \u00e9tudiante au baccalaur\u00e9at en biologie, et Andr\u00e9anne Gagn\u00e9, \u00e9tudiante au doctorat en \u00e9ducation, se sont vu d\u00e9cerner les m\u00e9dailles d\u2019argent et d\u2019or du Gouverneur g\u00e9n\u00e9ral du Canada lors d\u2019une c\u00e9r\u00e9monie qui s\u2019est tenue en pr\u00e9sence de leurs professeurs au Salon Andr\u00e9 Desgagn\u00e9 le 17 juin dernier. La s\u00e9lection des candidats \u00e0 ce prestigieux [&hellip;]\" \/>\r\n<meta property=\"og:url\" content=\"https:\/\/www.uqac.ca\/uqactualites\/2019\/06\/19\/luqac-decerne-les-medailles-du-gouverneur-general-du-canada\/\" \/>\r\n<meta property=\"og:site_name\" content=\"UQACtualit\u00e9s\" \/>\r\n<meta property=\"article:published_time\" content=\"2019-06-19T14:44:30+00:00\" \/>\r\n<meta property=\"og:image\" content=\"https:\/\/www.uqac.ca\/uqactualites\/wp-content\/uploads\/2019\/06\/DSC_7689-scaled.jpg\" \/>\r\n\t<meta property=\"og:image:width\" content=\"2560\" \/>\r\n\t<meta property=\"og:image:height\" content=\"1700\" \/>\r\n\t<meta property=\"og:image:type\" content=\"image\/jpeg\" \/>\r\n<meta name=\"author\" content=\"Service des communications et des relations publiques\" \/>\r\n<meta name=\"twitter:card\" content=\"summary_large_image\" \/>\r\n<meta name=\"twitter:label1\" content=\"\u00c9crit par\" \/>\n\t<meta name=\"twitter:data1\" content=\"Service des communications et des relations publiques\" \/>\n\t<meta name=\"twitter:label2\" content=\"Estimation du temps de lecture\" \/>\n\t<meta name=\"twitter:data2\" content=\"2 minutes\" \/>\r\n<script type=\"application\/ld+json\" class=\"yoast-schema-graph\">{\"@context\":\"https:\/\/schema.org\",\"@graph\":[{\"@type\":\"WebPage\",\"@id\":\"https:\/\/www.uqac.ca\/uqactualites\/2019\/06\/19\/luqac-decerne-les-medailles-du-gouverneur-general-du-canada\/\",\"url\":\"https:\/\/www.uqac.ca\/uqactualites\/2019\/06\/19\/luqac-decerne-les-medailles-du-gouverneur-general-du-canada\/\",\"name\":\"L\u2019UQAC d\u00e9cerne les m\u00e9dailles du Gouverneur g\u00e9n\u00e9ral du Canada - UQACtualit\u00e9s\",\"isPartOf\":{\"@id\":\"https:\/\/www.uqac.ca\/uqactualites\/#website\"},\"primaryImageOfPage\":{\"@id\":\"https:\/\/www.uqac.ca\/uqactualites\/2019\/06\/19\/luqac-decerne-les-medailles-du-gouverneur-general-du-canada\/#primaryimage\"},\"image\":{\"@id\":\"https:\/\/www.uqac.ca\/uqactualites\/2019\/06\/19\/luqac-decerne-les-medailles-du-gouverneur-general-du-canada\/#primaryimage\"},\"thumbnailUrl\":\"https:\/\/www.uqac.ca\/uqactualites\/wp-content\/uploads\/2019\/06\/DSC_7689-scaled.jpg\",\"datePublished\":\"2019-06-19T14:44:30+00:00\",\"dateModified\":\"2019-06-19T14:44:30+00:00\",\"author\":{\"@id\":\"https:\/\/www.uqac.ca\/uqactualites\/#\/schema\/person\/366c45a0c4f0e677b41b4af5886e2018\"},\"breadcrumb\":{\"@id\":\"https:\/\/www.uqac.ca\/uqactualites\/2019\/06\/19\/luqac-decerne-les-medailles-du-gouverneur-general-du-canada\/#breadcrumb\"},\"inLanguage\":\"fr-CA\",\"potentialAction\":[{\"@type\":\"ReadAction\",\"target\":[\"https:\/\/www.uqac.ca\/uqactualites\/2019\/06\/19\/luqac-decerne-les-medailles-du-gouverneur-general-du-canada\/\"]}]},{\"@type\":\"ImageObject\",\"inLanguage\":\"fr-CA\",\"@id\":\"https:\/\/www.uqac.ca\/uqactualites\/2019\/06\/19\/luqac-decerne-les-medailles-du-gouverneur-general-du-canada\/#primaryimage\",\"url\":\"https:\/\/www.uqac.ca\/uqactualites\/wp-content\/uploads\/2019\/06\/DSC_7689-scaled.jpg\",\"contentUrl\":\"https:\/\/www.uqac.ca\/uqactualites\/wp-content\/uploads\/2019\/06\/DSC_7689-scaled.jpg\",\"width\":2560,\"height\":1700},{\"@type\":\"BreadcrumbList\",\"@id\":\"https:\/\/www.uqac.ca\/uqactualites\/2019\/06\/19\/luqac-decerne-les-medailles-du-gouverneur-general-du-canada\/#breadcrumb\",\"itemListElement\":[{\"@type\":\"ListItem\",\"position\":1,\"name\":\"Home\",\"item\":\"https:\/\/www.uqac.ca\/uqactualites\/\"},{\"@type\":\"ListItem\",\"position\":2,\"name\":\"L\u2019UQAC d\u00e9cerne les m\u00e9dailles du Gouverneur g\u00e9n\u00e9ral du Canada\"}]},{\"@type\":\"WebSite\",\"@id\":\"https:\/\/www.uqac.ca\/uqactualites\/#website\",\"url\":\"https:\/\/www.uqac.ca\/uqactualites\/\",\"name\":\"UQACtualit\u00e9s\",\"description\":\"Le portail des nouvelles de l&#039;UQAC\",\"potentialAction\":[{\"@type\":\"SearchAction\",\"target\":{\"@type\":\"EntryPoint\",\"urlTemplate\":\"https:\/\/www.uqac.ca\/uqactualites\/?s={search_term_string}\"},\"query-input\":{\"@type\":\"PropertyValueSpecification\",\"valueRequired\":true,\"valueName\":\"search_term_string\"}}],\"inLanguage\":\"fr-CA\"},{\"@type\":\"Person\",\"@id\":\"https:\/\/www.uqac.ca\/uqactualites\/#\/schema\/person\/366c45a0c4f0e677b41b4af5886e2018\",\"name\":\"Service des communications et des relations publiques\",\"image\":{\"@type\":\"ImageObject\",\"inLanguage\":\"fr-CA\",\"@id\":\"https:\/\/www.uqac.ca\/uqactualites\/#\/schema\/person\/image\/\",\"url\":\"https:\/\/secure.gravatar.com\/avatar\/20fbbda8a292f59f2d3461a5b999c00b?s=96&d=mm&r=g\",\"contentUrl\":\"https:\/\/secure.gravatar.com\/avatar\/20fbbda8a292f59f2d3461a5b999c00b?s=96&d=mm&r=g\",\"caption\":\"Service des communications et des relations publiques\"},\"url\":\"https:\/\/www.uqac.ca\/uqactualites\/author\/bap\/\"}]}<\/script>\r\n<!-- \/ Yoast SEO plugin. -->","yoast_head_json":{"title":"L\u2019UQAC d\u00e9cerne les m\u00e9dailles du Gouverneur g\u00e9n\u00e9ral du Canada - UQACtualit\u00e9s","robots":{"index":"index","follow":"follow","max-snippet":"max-snippet:-1","max-image-preview":"max-image-preview:large","max-video-preview":"max-video-preview:-1"},"canonical":"https:\/\/www.uqac.ca\/uqactualites\/2019\/06\/19\/luqac-decerne-les-medailles-du-gouverneur-general-du-canada\/","og_locale":"fr_CA","og_type":"article","og_title":"L\u2019UQAC d\u00e9cerne les m\u00e9dailles du Gouverneur g\u00e9n\u00e9ral du Canada - UQACtualit\u00e9s","og_description":"Julie-Pascale Labrecque-Foy, \u00e9tudiante au baccalaur\u00e9at en biologie, et Andr\u00e9anne Gagn\u00e9, \u00e9tudiante au doctorat en \u00e9ducation, se sont vu d\u00e9cerner les m\u00e9dailles d\u2019argent et d\u2019or du Gouverneur g\u00e9n\u00e9ral du Canada lors d\u2019une c\u00e9r\u00e9monie qui s\u2019est tenue en pr\u00e9sence de leurs professeurs au Salon Andr\u00e9 Desgagn\u00e9 le 17 juin dernier. La s\u00e9lection des candidats \u00e0 ce prestigieux [&hellip;]","og_url":"https:\/\/www.uqac.ca\/uqactualites\/2019\/06\/19\/luqac-decerne-les-medailles-du-gouverneur-general-du-canada\/","og_site_name":"UQACtualit\u00e9s","article_published_time":"2019-06-19T14:44:30+00:00","og_image":[{"width":2560,"height":1700,"url":"https:\/\/www.uqac.ca\/uqactualites\/wp-content\/uploads\/2019\/06\/DSC_7689-scaled.jpg","type":"image\/jpeg"}],"author":"Service des communications et des relations publiques","twitter_card":"summary_large_image","twitter_misc":{"\u00c9crit par":"Service des communications et des relations publiques","Estimation du temps de lecture":"2 minutes"},"schema":{"@context":"https:\/\/schema.org","@graph":[{"@type":"WebPage","@id":"https:\/\/www.uqac.ca\/uqactualites\/2019\/06\/19\/luqac-decerne-les-medailles-du-gouverneur-general-du-canada\/","url":"https:\/\/www.uqac.ca\/uqactualites\/2019\/06\/19\/luqac-decerne-les-medailles-du-gouverneur-general-du-canada\/","name":"L\u2019UQAC d\u00e9cerne les m\u00e9dailles du Gouverneur g\u00e9n\u00e9ral du Canada - UQACtualit\u00e9s","isPartOf":{"@id":"https:\/\/www.uqac.ca\/uqactualites\/#website"},"primaryImageOfPage":{"@id":"https:\/\/www.uqac.ca\/uqactualites\/2019\/06\/19\/luqac-decerne-les-medailles-du-gouverneur-general-du-canada\/#primaryimage"},"image":{"@id":"https:\/\/www.uqac.ca\/uqactualites\/2019\/06\/19\/luqac-decerne-les-medailles-du-gouverneur-general-du-canada\/#primaryimage"},"thumbnailUrl":"https:\/\/www.uqac.ca\/uqactualites\/wp-content\/uploads\/2019\/06\/DSC_7689-scaled.jpg","datePublished":"2019-06-19T14:44:30+00:00","dateModified":"2019-06-19T14:44:30+00:00","author":{"@id":"https:\/\/www.uqac.ca\/uqactualites\/#\/schema\/person\/366c45a0c4f0e677b41b4af5886e2018"},"breadcrumb":{"@id":"https:\/\/www.uqac.ca\/uqactualites\/2019\/06\/19\/luqac-decerne-les-medailles-du-gouverneur-general-du-canada\/#breadcrumb"},"inLanguage":"fr-CA","potentialAction":[{"@type":"ReadAction","target":["https:\/\/www.uqac.ca\/uqactualites\/2019\/06\/19\/luqac-decerne-les-medailles-du-gouverneur-general-du-canada\/"]}]},{"@type":"ImageObject","inLanguage":"fr-CA","@id":"https:\/\/www.uqac.ca\/uqactualites\/2019\/06\/19\/luqac-decerne-les-medailles-du-gouverneur-general-du-canada\/#primaryimage","url":"https:\/\/www.uqac.ca\/uqactualites\/wp-content\/uploads\/2019\/06\/DSC_7689-scaled.jpg","contentUrl":"https:\/\/www.uqac.ca\/uqactualites\/wp-content\/uploads\/2019\/06\/DSC_7689-scaled.jpg","width":2560,"height":1700},{"@type":"BreadcrumbList","@id":"https:\/\/www.uqac.ca\/uqactualites\/2019\/06\/19\/luqac-decerne-les-medailles-du-gouverneur-general-du-canada\/#breadcrumb","itemListElement":[{"@type":"ListItem","position":1,"name":"Home","item":"https:\/\/www.uqac.ca\/uqactualites\/"},{"@type":"ListItem","position":2,"name":"L\u2019UQAC d\u00e9cerne les m\u00e9dailles du Gouverneur g\u00e9n\u00e9ral du Canada"}]},{"@type":"WebSite","@id":"https:\/\/www.uqac.ca\/uqactualites\/#website","url":"https:\/\/www.uqac.ca\/uqactualites\/","name":"UQACtualit\u00e9s","description":"Le portail des nouvelles de l&#039;UQAC","potentialAction":[{"@type":"SearchAction","target":{"@type":"EntryPoint","urlTemplate":"https:\/\/www.uqac.ca\/uqactualites\/?s={search_term_string}"},"query-input":{"@type":"PropertyValueSpecification","valueRequired":true,"valueName":"search_term_string"}}],"inLanguage":"fr-CA"},{"@type":"Person","@id":"https:\/\/www.uqac.ca\/uqactualites\/#\/schema\/person\/366c45a0c4f0e677b41b4af5886e2018","name":"Service des communications et des relations publiques","image":{"@type":"ImageObject","inLanguage":"fr-CA","@id":"https:\/\/www.uqac.ca\/uqactualites\/#\/schema\/person\/image\/","url":"https:\/\/secure.gravatar.com\/avatar\/20fbbda8a292f59f2d3461a5b999c00b?s=96&d=mm&r=g","contentUrl":"https:\/\/secure.gravatar.com\/avatar\/20fbbda8a292f59f2d3461a5b999c00b?s=96&d=mm&r=g","caption":"Service des communications et des relations publiques"},"url":"https:\/\/www.uqac.ca\/uqactualites\/author\/bap\/"}]}},"_links":{"self":[{"href":"https:\/\/www.uqac.ca\/uqactualites\/wp-json\/wp\/v2\/posts\/36573"}],"collection":[{"href":"https:\/\/www.uqac.ca\/uqactualites\/wp-json\/wp\/v2\/posts"}],"about":[{"href":"https:\/\/www.uqac.ca\/uqactualites\/wp-json\/wp\/v2\/types\/post"}],"author":[{"embeddable":true,"href":"https:\/\/www.uqac.ca\/uqactualites\/wp-json\/wp\/v2\/users\/5"}],"replies":[{"embeddable":true,"href":"https:\/\/www.uqac.ca\/uqactualites\/wp-json\/wp\/v2\/comments?post=36573"}],"version-history":[{"count":0,"href":"https:\/\/www.uqac.ca\/uqactualites\/wp-json\/wp\/v2\/posts\/36573\/revisions"}],"wp:featuredmedia":[{"embeddable":true,"href":"https:\/\/www.uqac.ca\/uqactualites\/wp-json\/wp\/v2\/media\/36574"}],"wp:attachment":[{"href":"https:\/\/www.uqac.ca\/uqactualites\/wp-json\/wp\/v2\/media?parent=36573"}],"wp:term":[{"taxonomy":"category","embeddable":true,"href":"https:\/\/www.uqac.ca\/uqactualites\/wp-json\/wp\/v2\/categories?post=36573"},{"taxonomy":"post_tag","embeddable":true,"href":"https:\/\/www.uqac.ca\/uqactualites\/wp-json\/wp\/v2\/tags?post=36573"}],"curies":[{"name":"wp","href":"https:\/\/api.w.org\/{rel}","templated":true}]}}