{"id":36587,"date":"2019-06-26T11:03:24","date_gmt":"2019-06-26T15:03:24","guid":{"rendered":"https:\/\/www.uqac.ca\/?p=36587"},"modified":"2019-06-26T11:03:24","modified_gmt":"2019-06-26T15:03:24","slug":"les-plus-recents-financements-de-recherche-octroyes-a-nos-professeurs","status":"publish","type":"post","link":"https:\/\/www.uqac.ca\/uqactualites\/2019\/06\/26\/les-plus-recents-financements-de-recherche-octroyes-a-nos-professeurs\/","title":{"rendered":"Les plus r\u00e9cents financements de recherche octroy\u00e9s \u00e0 nos professeurs"},"content":{"rendered":"<p>Derni\u00e8rement, plusieurs de nos professeurs se sont vu octroyer des financements pour leurs travaux de recherche :<\/p>\n<p><strong>Julie Bouchard, professeure<\/strong><br \/>\n<strong>D\u00e9partement des sciences de la sant\u00e9<\/strong><br \/>\nFinancement de 7 600 $ provenant du Programme de soutien \u00e0 la recherche et \u00e0 la cr\u00e9ation, dans le cadre du volet A pour le projet intitul\u00e9 : \u00ab Adaptation du programme OTAGO \u00e0 une client\u00e8le \u00e2g\u00e9e avec atteinte cognitives: consid\u00e9rations su fonctionnement psychologique et cognitif \u00bb.<\/p>\n<p><strong>X.-Grant Chen, professeur<br \/>\n<\/strong><strong>D\u00e9partement des sciences appliqu\u00e9es<br \/>\n<\/strong>Financement de 46\u00a0990\u00a0$ provenant FRQNT, dans le cadre du programme Projet de recherche en partenariat sur la production de l\u2019aluminium pour le projet intitul\u00e9\u00a0: \u00ab\u00a0Augmentation de la productivit\u00e9 de la coul\u00e9e semi-continue des alliages de corroyage \u00bb en partenariat avec le professeur Daniel Larouche (chercheur principal) de l\u2019Universit\u00e9 Laval.<\/p>\n<p><strong>Gelareh Momen, professeure<br \/>\n<\/strong><strong>D\u00e9partement des sciences appliqu\u00e9es<br \/>\n<\/strong>Financement de 80\u00a0000\u00a0$ provenant de MITACS, dans le cadre du programme Acc\u00e9l\u00e9ration pour le projet intitul\u00e9 : \u00ab D\u00e9veloppement de rev\u00eatements permettant de r\u00e9duire l\u2019adh\u00e9sion et l\u2019accumulation de glace aux structures portuaires en acier \u00bb en partenariat avec l\u2019Institut Nordique de Recherche en Environnement et en Sant\u00e9 au Travail (INREST).<\/p>\n<p><strong>St\u00e9phane Allaire, professeur<br \/>\n<\/strong><strong>D\u00e9partement des sciences de l\u2019\u00e9ducation<br \/>\n<\/strong>Financement de 86\u00a0940\u00a0$ provenant du FRQsc, dans le cadre du programme Soutien aux \u00e9quipes de recherche pour le projet intitul\u00e9 : \u00ab\u00a0Le partenariat recherche-pratique en \u00e9ducation\u00a0\u00bb.<\/p>\n<p><strong>Lucie Mathieu, professeure<br \/>\n<\/strong><strong>D\u00e9partement des sciences appliqu\u00e9es<br \/>\n<\/strong>Financement de 126\u00a0200\u00a0$ provenant du FRQNT, dans le cadre du programme \u00c9tablissement de la rel\u00e8ve professorale pour le projet intitul\u00e9 : \u00ab\u00a0Processus magmatiques et min\u00e9ralisation vanadif\u00e8re \u00e0 Chibougamau : vers un nouveau mod\u00e8le m\u00e9tallog\u00e9nique\u00a0\u00bb.<\/p>\n<p><strong>Sarah Dare, professeure<br \/>\n<\/strong><strong>D\u00e9partement des sciences appliqu\u00e9es<br \/>\n<\/strong>Financement de 125\u00a0303\u00a0$ provenant du FRQNT, dans le cadre du programme \u00c9tablissement de la rel\u00e8ve professorale pour le projet intitul\u00e9 : \u00ab\u00a0Variation g\u00e9ochimique des gisements d&rsquo;oxyde-apatite magmatiques et des suites anorthositiques associ\u00e9es de la r\u00e9gion du Saguenay-Lac-Saint-Jean, Qu\u00e9bec: Contributions de la chimie min\u00e9rale et implications pour l&rsquo;\u00e9volution tectonique de la partie centrale de la Province de Greville.\u00a0\u00bb<\/p>\n","protected":false},"excerpt":{"rendered":"<p>Derni\u00e8rement, plusieurs de nos professeurs se sont vu octroyer des financements pour leurs travaux de recherche : Julie Bouchard, professeure D\u00e9partement des sciences de la sant\u00e9 Financement de 7 600 $ provenant du Programme de soutien \u00e0 la recherche et \u00e0 la cr\u00e9ation, dans le cadre du volet A pour le projet intitul\u00e9 : \u00ab [&hellip;]<\/p>\n","protected":false},"author":5,"featured_media":32584,"comment_status":"open","ping_status":"open","sticky":false,"template":"","format":"standard","meta":{"footnotes":""},"categories":[2],"tags":[21,5,23],"yoast_head":"<!-- This site is optimized with the Yoast SEO plugin v24.2 - https:\/\/yoast.com\/wordpress\/plugins\/seo\/ -->\r\n<title>Les plus r\u00e9cents financements de recherche octroy\u00e9s \u00e0 nos professeurs - UQACtualit\u00e9s<\/title>\r\n<meta name=\"robots\" content=\"index, follow, max-snippet:-1, max-image-preview:large, max-video-preview:-1\" \/>\r\n<link rel=\"canonical\" href=\"https:\/\/www.uqac.ca\/uqactualites\/2019\/06\/26\/les-plus-recents-financements-de-recherche-octroyes-a-nos-professeurs\/\" \/>\r\n<meta property=\"og:locale\" content=\"fr_CA\" \/>\r\n<meta property=\"og:type\" content=\"article\" \/>\r\n<meta property=\"og:title\" content=\"Les plus r\u00e9cents financements de recherche octroy\u00e9s \u00e0 nos professeurs - UQACtualit\u00e9s\" \/>\r\n<meta property=\"og:description\" content=\"Derni\u00e8rement, plusieurs de nos professeurs se sont vu octroyer des financements pour leurs travaux de recherche : Julie Bouchard, professeure D\u00e9partement des sciences de la sant\u00e9 Financement de 7 600 $ provenant du Programme de soutien \u00e0 la recherche et \u00e0 la cr\u00e9ation, dans le cadre du volet A pour le projet intitul\u00e9 : \u00ab [&hellip;]\" \/>\r\n<meta property=\"og:url\" content=\"https:\/\/www.uqac.ca\/uqactualites\/2019\/06\/26\/les-plus-recents-financements-de-recherche-octroyes-a-nos-professeurs\/\" \/>\r\n<meta property=\"og:site_name\" content=\"UQACtualit\u00e9s\" \/>\r\n<meta property=\"article:published_time\" content=\"2019-06-26T15:03:24+00:00\" \/>\r\n<meta property=\"og:image\" content=\"https:\/\/www.uqac.ca\/uqactualites\/wp-content\/uploads\/2016\/10\/UQAC-Web-\u00a9Guylain-Doyle-e1591878663142.jpg\" \/>\r\n\t<meta property=\"og:image:width\" content=\"364\" \/>\r\n\t<meta property=\"og:image:height\" content=\"234\" \/>\r\n\t<meta property=\"og:image:type\" content=\"image\/jpeg\" \/>\r\n<meta name=\"author\" content=\"Service des communications et des relations publiques\" \/>\r\n<meta name=\"twitter:card\" content=\"summary_large_image\" \/>\r\n<meta name=\"twitter:label1\" content=\"\u00c9crit par\" \/>\n\t<meta name=\"twitter:data1\" content=\"Service des communications et des relations publiques\" \/>\n\t<meta name=\"twitter:label2\" content=\"Estimation du temps de lecture\" \/>\n\t<meta name=\"twitter:data2\" content=\"2 minutes\" \/>\r\n<script type=\"application\/ld+json\" class=\"yoast-schema-graph\">{\"@context\":\"https:\/\/schema.org\",\"@graph\":[{\"@type\":\"WebPage\",\"@id\":\"https:\/\/www.uqac.ca\/uqactualites\/2019\/06\/26\/les-plus-recents-financements-de-recherche-octroyes-a-nos-professeurs\/\",\"url\":\"https:\/\/www.uqac.ca\/uqactualites\/2019\/06\/26\/les-plus-recents-financements-de-recherche-octroyes-a-nos-professeurs\/\",\"name\":\"Les plus r\u00e9cents financements de recherche octroy\u00e9s \u00e0 nos professeurs - UQACtualit\u00e9s\",\"isPartOf\":{\"@id\":\"https:\/\/www.uqac.ca\/uqactualites\/#website\"},\"primaryImageOfPage\":{\"@id\":\"https:\/\/www.uqac.ca\/uqactualites\/2019\/06\/26\/les-plus-recents-financements-de-recherche-octroyes-a-nos-professeurs\/#primaryimage\"},\"image\":{\"@id\":\"https:\/\/www.uqac.ca\/uqactualites\/2019\/06\/26\/les-plus-recents-financements-de-recherche-octroyes-a-nos-professeurs\/#primaryimage\"},\"thumbnailUrl\":\"https:\/\/www.uqac.ca\/uqactualites\/wp-content\/uploads\/2016\/10\/UQAC-Web-\u00a9Guylain-Doyle-e1591878663142.jpg\",\"datePublished\":\"2019-06-26T15:03:24+00:00\",\"dateModified\":\"2019-06-26T15:03:24+00:00\",\"author\":{\"@id\":\"https:\/\/www.uqac.ca\/uqactualites\/#\/schema\/person\/366c45a0c4f0e677b41b4af5886e2018\"},\"breadcrumb\":{\"@id\":\"https:\/\/www.uqac.ca\/uqactualites\/2019\/06\/26\/les-plus-recents-financements-de-recherche-octroyes-a-nos-professeurs\/#breadcrumb\"},\"inLanguage\":\"fr-CA\",\"potentialAction\":[{\"@type\":\"ReadAction\",\"target\":[\"https:\/\/www.uqac.ca\/uqactualites\/2019\/06\/26\/les-plus-recents-financements-de-recherche-octroyes-a-nos-professeurs\/\"]}]},{\"@type\":\"ImageObject\",\"inLanguage\":\"fr-CA\",\"@id\":\"https:\/\/www.uqac.ca\/uqactualites\/2019\/06\/26\/les-plus-recents-financements-de-recherche-octroyes-a-nos-professeurs\/#primaryimage\",\"url\":\"https:\/\/www.uqac.ca\/uqactualites\/wp-content\/uploads\/2016\/10\/UQAC-Web-\u00a9Guylain-Doyle-e1591878663142.jpg\",\"contentUrl\":\"https:\/\/www.uqac.ca\/uqactualites\/wp-content\/uploads\/2016\/10\/UQAC-Web-\u00a9Guylain-Doyle-e1591878663142.jpg\",\"width\":364,\"height\":234},{\"@type\":\"BreadcrumbList\",\"@id\":\"https:\/\/www.uqac.ca\/uqactualites\/2019\/06\/26\/les-plus-recents-financements-de-recherche-octroyes-a-nos-professeurs\/#breadcrumb\",\"itemListElement\":[{\"@type\":\"ListItem\",\"position\":1,\"name\":\"Home\",\"item\":\"https:\/\/www.uqac.ca\/uqactualites\/\"},{\"@type\":\"ListItem\",\"position\":2,\"name\":\"Les plus r\u00e9cents financements de recherche octroy\u00e9s \u00e0 nos professeurs\"}]},{\"@type\":\"WebSite\",\"@id\":\"https:\/\/www.uqac.ca\/uqactualites\/#website\",\"url\":\"https:\/\/www.uqac.ca\/uqactualites\/\",\"name\":\"UQACtualit\u00e9s\",\"description\":\"Le portail des nouvelles de l&#039;UQAC\",\"potentialAction\":[{\"@type\":\"SearchAction\",\"target\":{\"@type\":\"EntryPoint\",\"urlTemplate\":\"https:\/\/www.uqac.ca\/uqactualites\/?s={search_term_string}\"},\"query-input\":{\"@type\":\"PropertyValueSpecification\",\"valueRequired\":true,\"valueName\":\"search_term_string\"}}],\"inLanguage\":\"fr-CA\"},{\"@type\":\"Person\",\"@id\":\"https:\/\/www.uqac.ca\/uqactualites\/#\/schema\/person\/366c45a0c4f0e677b41b4af5886e2018\",\"name\":\"Service des communications et des relations publiques\",\"image\":{\"@type\":\"ImageObject\",\"inLanguage\":\"fr-CA\",\"@id\":\"https:\/\/www.uqac.ca\/uqactualites\/#\/schema\/person\/image\/\",\"url\":\"https:\/\/secure.gravatar.com\/avatar\/20fbbda8a292f59f2d3461a5b999c00b?s=96&d=mm&r=g\",\"contentUrl\":\"https:\/\/secure.gravatar.com\/avatar\/20fbbda8a292f59f2d3461a5b999c00b?s=96&d=mm&r=g\",\"caption\":\"Service des communications et des relations publiques\"},\"url\":\"https:\/\/www.uqac.ca\/uqactualites\/author\/bap\/\"}]}<\/script>\r\n<!-- \/ Yoast SEO plugin. -->","yoast_head_json":{"title":"Les plus r\u00e9cents financements de recherche octroy\u00e9s \u00e0 nos professeurs - UQACtualit\u00e9s","robots":{"index":"index","follow":"follow","max-snippet":"max-snippet:-1","max-image-preview":"max-image-preview:large","max-video-preview":"max-video-preview:-1"},"canonical":"https:\/\/www.uqac.ca\/uqactualites\/2019\/06\/26\/les-plus-recents-financements-de-recherche-octroyes-a-nos-professeurs\/","og_locale":"fr_CA","og_type":"article","og_title":"Les plus r\u00e9cents financements de recherche octroy\u00e9s \u00e0 nos professeurs - UQACtualit\u00e9s","og_description":"Derni\u00e8rement, plusieurs de nos professeurs se sont vu octroyer des financements pour leurs travaux de recherche : Julie Bouchard, professeure D\u00e9partement des sciences de la sant\u00e9 Financement de 7 600 $ provenant du Programme de soutien \u00e0 la recherche et \u00e0 la cr\u00e9ation, dans le cadre du volet A pour le projet intitul\u00e9 : \u00ab [&hellip;]","og_url":"https:\/\/www.uqac.ca\/uqactualites\/2019\/06\/26\/les-plus-recents-financements-de-recherche-octroyes-a-nos-professeurs\/","og_site_name":"UQACtualit\u00e9s","article_published_time":"2019-06-26T15:03:24+00:00","og_image":[{"width":364,"height":234,"url":"https:\/\/www.uqac.ca\/uqactualites\/wp-content\/uploads\/2016\/10\/UQAC-Web-\u00a9Guylain-Doyle-e1591878663142.jpg","type":"image\/jpeg"}],"author":"Service des communications et des relations publiques","twitter_card":"summary_large_image","twitter_misc":{"\u00c9crit par":"Service des communications et des relations publiques","Estimation du temps de lecture":"2 minutes"},"schema":{"@context":"https:\/\/schema.org","@graph":[{"@type":"WebPage","@id":"https:\/\/www.uqac.ca\/uqactualites\/2019\/06\/26\/les-plus-recents-financements-de-recherche-octroyes-a-nos-professeurs\/","url":"https:\/\/www.uqac.ca\/uqactualites\/2019\/06\/26\/les-plus-recents-financements-de-recherche-octroyes-a-nos-professeurs\/","name":"Les plus r\u00e9cents financements de recherche octroy\u00e9s \u00e0 nos professeurs - UQACtualit\u00e9s","isPartOf":{"@id":"https:\/\/www.uqac.ca\/uqactualites\/#website"},"primaryImageOfPage":{"@id":"https:\/\/www.uqac.ca\/uqactualites\/2019\/06\/26\/les-plus-recents-financements-de-recherche-octroyes-a-nos-professeurs\/#primaryimage"},"image":{"@id":"https:\/\/www.uqac.ca\/uqactualites\/2019\/06\/26\/les-plus-recents-financements-de-recherche-octroyes-a-nos-professeurs\/#primaryimage"},"thumbnailUrl":"https:\/\/www.uqac.ca\/uqactualites\/wp-content\/uploads\/2016\/10\/UQAC-Web-\u00a9Guylain-Doyle-e1591878663142.jpg","datePublished":"2019-06-26T15:03:24+00:00","dateModified":"2019-06-26T15:03:24+00:00","author":{"@id":"https:\/\/www.uqac.ca\/uqactualites\/#\/schema\/person\/366c45a0c4f0e677b41b4af5886e2018"},"breadcrumb":{"@id":"https:\/\/www.uqac.ca\/uqactualites\/2019\/06\/26\/les-plus-recents-financements-de-recherche-octroyes-a-nos-professeurs\/#breadcrumb"},"inLanguage":"fr-CA","potentialAction":[{"@type":"ReadAction","target":["https:\/\/www.uqac.ca\/uqactualites\/2019\/06\/26\/les-plus-recents-financements-de-recherche-octroyes-a-nos-professeurs\/"]}]},{"@type":"ImageObject","inLanguage":"fr-CA","@id":"https:\/\/www.uqac.ca\/uqactualites\/2019\/06\/26\/les-plus-recents-financements-de-recherche-octroyes-a-nos-professeurs\/#primaryimage","url":"https:\/\/www.uqac.ca\/uqactualites\/wp-content\/uploads\/2016\/10\/UQAC-Web-\u00a9Guylain-Doyle-e1591878663142.jpg","contentUrl":"https:\/\/www.uqac.ca\/uqactualites\/wp-content\/uploads\/2016\/10\/UQAC-Web-\u00a9Guylain-Doyle-e1591878663142.jpg","width":364,"height":234},{"@type":"BreadcrumbList","@id":"https:\/\/www.uqac.ca\/uqactualites\/2019\/06\/26\/les-plus-recents-financements-de-recherche-octroyes-a-nos-professeurs\/#breadcrumb","itemListElement":[{"@type":"ListItem","position":1,"name":"Home","item":"https:\/\/www.uqac.ca\/uqactualites\/"},{"@type":"ListItem","position":2,"name":"Les plus r\u00e9cents financements de recherche octroy\u00e9s \u00e0 nos professeurs"}]},{"@type":"WebSite","@id":"https:\/\/www.uqac.ca\/uqactualites\/#website","url":"https:\/\/www.uqac.ca\/uqactualites\/","name":"UQACtualit\u00e9s","description":"Le portail des nouvelles de l&#039;UQAC","potentialAction":[{"@type":"SearchAction","target":{"@type":"EntryPoint","urlTemplate":"https:\/\/www.uqac.ca\/uqactualites\/?s={search_term_string}"},"query-input":{"@type":"PropertyValueSpecification","valueRequired":true,"valueName":"search_term_string"}}],"inLanguage":"fr-CA"},{"@type":"Person","@id":"https:\/\/www.uqac.ca\/uqactualites\/#\/schema\/person\/366c45a0c4f0e677b41b4af5886e2018","name":"Service des communications et des relations publiques","image":{"@type":"ImageObject","inLanguage":"fr-CA","@id":"https:\/\/www.uqac.ca\/uqactualites\/#\/schema\/person\/image\/","url":"https:\/\/secure.gravatar.com\/avatar\/20fbbda8a292f59f2d3461a5b999c00b?s=96&d=mm&r=g","contentUrl":"https:\/\/secure.gravatar.com\/avatar\/20fbbda8a292f59f2d3461a5b999c00b?s=96&d=mm&r=g","caption":"Service des communications et des relations publiques"},"url":"https:\/\/www.uqac.ca\/uqactualites\/author\/bap\/"}]}},"_links":{"self":[{"href":"https:\/\/www.uqac.ca\/uqactualites\/wp-json\/wp\/v2\/posts\/36587"}],"collection":[{"href":"https:\/\/www.uqac.ca\/uqactualites\/wp-json\/wp\/v2\/posts"}],"about":[{"href":"https:\/\/www.uqac.ca\/uqactualites\/wp-json\/wp\/v2\/types\/post"}],"author":[{"embeddable":true,"href":"https:\/\/www.uqac.ca\/uqactualites\/wp-json\/wp\/v2\/users\/5"}],"replies":[{"embeddable":true,"href":"https:\/\/www.uqac.ca\/uqactualites\/wp-json\/wp\/v2\/comments?post=36587"}],"version-history":[{"count":0,"href":"https:\/\/www.uqac.ca\/uqactualites\/wp-json\/wp\/v2\/posts\/36587\/revisions"}],"wp:featuredmedia":[{"embeddable":true,"href":"https:\/\/www.uqac.ca\/uqactualites\/wp-json\/wp\/v2\/media\/32584"}],"wp:attachment":[{"href":"https:\/\/www.uqac.ca\/uqactualites\/wp-json\/wp\/v2\/media?parent=36587"}],"wp:term":[{"taxonomy":"category","embeddable":true,"href":"https:\/\/www.uqac.ca\/uqactualites\/wp-json\/wp\/v2\/categories?post=36587"},{"taxonomy":"post_tag","embeddable":true,"href":"https:\/\/www.uqac.ca\/uqactualites\/wp-json\/wp\/v2\/tags?post=36587"}],"curies":[{"name":"wp","href":"https:\/\/api.w.org\/{rel}","templated":true}]}}